{"id":116125,"date":"2025-10-10T17:25:00","date_gmt":"2025-10-10T20:25:00","guid":{"rendered":"https:\/\/www.correiobraziliense.com.br\/cbradar\/?p=116125"},"modified":"2025-10-10T07:18:50","modified_gmt":"2025-10-10T10:18:50","slug":"5-alimentos-que-ajudam-a-reduzir-o-risco-de-declinio-cognitivo-apos-os-55-anos","status":"publish","type":"post","link":"https:\/\/www.correiobraziliense.com.br\/cbradar\/5-alimentos-que-ajudam-a-reduzir-o-risco-de-declinio-cognitivo-apos-os-55-anos\/","title":{"rendered":"5 alimentos que ajudam a reduzir o risco de decl\u00ednio cognitivo ap\u00f3s os 55 anos"},"content":{"rendered":"\n<p>Ap\u00f3s os 55 anos, o c\u00e9rebro demanda cuidados especiais assim como o restante do nosso corpo. A boa not\u00edcia \u00e9 que alguns <strong>alimentos deliciosos<\/strong> podem ser aliados na prote\u00e7\u00e3o contra o decl\u00ednio cognitivo. <a href=\"https:\/\/www.eatingwell.com\/foods-reduce-risk-cognitive-decline-after-55-11822443\" target=\"_blank\" rel=\"noreferrer noopener\">Estudos destacam certos alimentos que oferecem nutrientes-chaves<\/a>, ajudando a manter mem\u00f3ria e foco.<\/p>\n\n\n\n<ul class=\"wp-block-list\">\n<li>Peixes gordurosos s\u00e3o ricos em \u00e1cidos graxos \u00f4mega-3, essenciais para a sa\u00fade cerebral.<\/li>\n\n\n\n<li>Mirtilos cont\u00eam flavonoides que reduzem a inflama\u00e7\u00e3o e suportam fun\u00e7\u00f5es cognitivas.<\/li>\n\n\n\n<li>Nozes s\u00e3o fontes de antioxidantes que combatem o estresse oxidativo.<\/li>\n<\/ul>\n\n\n\n<h2 class=\"wp-block-heading\">Por que peixes gordurosos s\u00e3o considerados comida para o c\u00e9rebro?<\/h2>\n\n\n\n<p><strong>Peixes como salm\u00e3o e sardinha<\/strong> s\u00e3o ricos em \u00e1cidos graxos \u00f4mega-3, principalmente o DHA, fundamental para a sa\u00fade cerebral. Estudos associam esses \u00e1cidos graxos a melhorias na mem\u00f3ria, aprendizado e sa\u00fade cerebral.<\/p>\n\n\n\n<p>Adicionar uma ou duas por\u00e7\u00f5es desses peixes \u00e0s suas refei\u00e7\u00f5es semanais \u00e9 uma maneira saborosa de manter sua mente afiada.<\/p>\n\n\n\n<h2 class=\"wp-block-heading\">Mirtilos podem realmente melhorar a sa\u00fade do seu c\u00e9rebro?<\/h2>\n\n\n\n<p>Os <strong>mirtilos s\u00e3o carregados de antioxidantes<\/strong> que cruzam a barreira hematoencef\u00e1lica, diminuindo a inflama\u00e7\u00e3o e melhorando fatores de suporte \u00e0 mem\u00f3ria. Mirtilos selvagens, em especial, possuem maior concentra\u00e7\u00e3o de antocianinas e antioxidantes.<\/p>\n\n\n\n<figure class=\"wp-block-image size-large\"><img decoding=\"async\" width=\"1024\" height=\"576\" src=\"https:\/\/www.correiobraziliense.com.br\/cbradar\/wp-content\/uploads\/2025\/10\/Mirtilo_1759951252228-1024x576.jpg\" alt=\"5 alimentos que ajudam a reduzir o risco de decl\u00ednio cognitivo ap\u00f3s os 55 anos, segundo especialistas\" class=\"wp-image-116140\" srcset=\"https:\/\/www.correiobraziliense.com.br\/cbradar\/wp-content\/uploads\/2025\/10\/Mirtilo_1759951252228-1024x576.jpg 1024w, https:\/\/www.correiobraziliense.com.br\/cbradar\/wp-content\/uploads\/2025\/10\/Mirtilo_1759951252228-300x169.jpg 300w, https:\/\/www.correiobraziliense.com.br\/cbradar\/wp-content\/uploads\/2025\/10\/Mirtilo_1759951252228-768x432.jpg 768w, https:\/\/www.correiobraziliense.com.br\/cbradar\/wp-content\/uploads\/2025\/10\/Mirtilo_1759951252228-750x422.jpg 750w, https:\/\/www.correiobraziliense.com.br\/cbradar\/wp-content\/uploads\/2025\/10\/Mirtilo_1759951252228-1140x641.jpg 1140w, https:\/\/www.correiobraziliense.com.br\/cbradar\/wp-content\/uploads\/2025\/10\/Mirtilo_1759951252228.jpg 1280w\" sizes=\"(max-width: 1024px) 100vw, 1024px\" \/><figcaption class=\"wp-element-caption\">Mirtilo\nCr\u00e9ditos: depositphotos.com \/ blinow61<\/figcaption><\/figure>\n\n\n\n<h2 class=\"wp-block-heading\">O que faz dos ovos uma pot\u00eancia nutricional para o c\u00e9rebro?<\/h2>\n\n\n\n<p>Ricos em <strong>colina<\/strong>, os ovos s\u00e3o cruciais para o humor e mem\u00f3ria. Al\u00e9m disso, novas pesquisas sugerem uma associa\u00e7\u00e3o entre o consumo de ovos e um risco reduzido de Alzheimer.<\/p>\n\n\n\n<h2 class=\"wp-block-heading\">Nozes: pequenas, mas poderosas<\/h2>\n\n\n\n<p>Com uma forma que lembra o c\u00e9rebro, as <strong>nozes<\/strong> s\u00e3o \u00fanicas entre as oleaginosas, contendo \u00e1cidos graxos \u00f4mega-3 de origem vegetal. Estas cont\u00eam nutrientes essenciais que combatem o estresse oxidativo e a inflama\u00e7\u00e3o.<\/p>\n\n\n\n<h2 class=\"wp-block-heading\">Por que vegetais verdes escuros s\u00e3o essenciais?<\/h2>\n\n\n\n<p>Vegetais como espinafre e couve cont\u00eam vitamina K e lute\u00edna, nutrientes que suprimem o decl\u00ednio cognitivo. A vitamina K participa da forma\u00e7\u00e3o de esfinfol\u00edpides, mantendo a estrutura e fun\u00e7\u00e3o das c\u00e9lulas cerebrais.<\/p>\n\n\n\n<p>Resultante de estudos, uma dieta rica em vegetais verdes est\u00e1 ligada a melhores fun\u00e7\u00f5es cerebrais, especialmente em tarefas de mem\u00f3ria imediata e retardada.<\/p>\n\n\n\n<h2 class=\"wp-block-heading\">Dieta saud\u00e1vel e estilos de vida para proteger seu c\u00e9rebro<\/h2>\n\n\n\n<p>Proteger a sa\u00fade cognitiva \u00e9 um objetivo alcan\u00e7\u00e1vel gra\u00e7as \u00e0 dieta. Alimentos como peixes gordurosos, mirtilos selvagens, ovos, nozes e vegetais verdes fornecem nutrientes essenciais para combater a inflama\u00e7\u00e3o e suportar fun\u00e7\u00f5es cerebrais.<\/p>\n\n\n\n<ul class=\"wp-block-list\">\n<li>A combina\u00e7\u00e3o de dieta com exerc\u00edcios f\u00edsicos regulares eleva a defesa contra o decl\u00ednio cognitivo.<\/li>\n\n\n\n<li>Desafios mentais e conex\u00e3o social s\u00e3o igualmente importantes.<\/li>\n\n\n\n<li>Escolhas diet\u00e9ticas pr\u00f3-ativas ajudam a manter a mente afiada por muitos anos.<\/li>\n<\/ul>\n","protected":false},"excerpt":{"rendered":"<p>Proteja seu c\u00e9rebro ap\u00f3s os 55 anos com estes 5 alimentos poderosos, melhorando mem\u00f3ria e foco com escolhas nutricionais simples e deliciosas.<\/p>\n","protected":false},"author":3,"featured_media":116139,"comment_status":"open","ping_status":"open","sticky":false,"template":"","format":"standard","meta":{"_yoast_wpseo_focuskw":"alimentos reduzem risco decl\u00ednio cognitivo","_yoast_wpseo_title":"%%title%%","_yoast_wpseo_metadesc":"Proteja seu c\u00e9rebro ap\u00f3s os 55 anos com estes 5 alimentos poderosos, melhorando mem\u00f3ria e foco com escolhas nutricionais simples e deliciosas.","jnews-multi-image_gallery":[],"jnews_single_post":{"format":"standard"},"jnews_primary_category":[],"jnews_social_meta":[],"jnews_override_counter":[],"footnotes":""},"categories":[112],"post_tag":[1423,1318],"class_list":["post-116125","post","type-post","status-publish","format-standard","has-post-thumbnail","hentry","category-curiosidades","tag-alimentos","tag-saude-2"],"yoast_head":"<!-- This site is optimized with the Yoast SEO plugin v24.6 - https:\/\/yoast.com\/wordpress\/plugins\/seo\/ -->\n<title>5 alimentos que ajudam a reduzir o risco de decl\u00ednio cognitivo ap\u00f3s os 55 anos<\/title>\n<meta name=\"description\" content=\"Proteja seu c\u00e9rebro ap\u00f3s os 55 anos com estes 5 alimentos poderosos, melhorando mem\u00f3ria e foco com escolhas nutricionais simples e deliciosas.\" \/>\n<meta name=\"robots\" content=\"index, follow, max-snippet:-1, max-image-preview:large, max-video-preview:-1\" \/>\n<link rel=\"canonical\" href=\"https:\/\/www.correiobraziliense.com.br\/cbradar\/5-alimentos-que-ajudam-a-reduzir-o-risco-de-declinio-cognitivo-apos-os-55-anos\/\" \/>\n<meta property=\"og:locale\" content=\"pt_BR\" \/>\n<meta property=\"og:type\" content=\"article\" \/>\n<meta property=\"og:title\" content=\"5 alimentos que ajudam a reduzir o risco de decl\u00ednio cognitivo ap\u00f3s os 55 anos\" \/>\n<meta property=\"og:description\" content=\"Proteja seu c\u00e9rebro ap\u00f3s os 55 anos com estes 5 alimentos poderosos, melhorando mem\u00f3ria e foco com escolhas nutricionais simples e deliciosas.\" \/>\n<meta property=\"og:url\" content=\"https:\/\/www.correiobraziliense.com.br\/cbradar\/5-alimentos-que-ajudam-a-reduzir-o-risco-de-declinio-cognitivo-apos-os-55-anos\/\" \/>\n<meta property=\"og:site_name\" content=\"Correio Braziliense - Radar\" \/>\n<meta property=\"article:published_time\" content=\"2025-10-10T20:25:00+00:00\" \/>\n<meta property=\"og:image\" content=\"https:\/\/www.correiobraziliense.com.br\/cbradar\/wp-content\/uploads\/2025\/10\/Peixes_1759951226050.jpg\" \/>\n\t<meta property=\"og:image:width\" content=\"1280\" \/>\n\t<meta property=\"og:image:height\" content=\"720\" \/>\n\t<meta property=\"og:image:type\" content=\"image\/jpeg\" \/>\n<meta name=\"author\" content=\"Larissa Carvalho\" \/>\n<meta name=\"twitter:card\" content=\"summary_large_image\" \/>\n<meta name=\"twitter:label1\" content=\"Escrito por\" \/>\n\t<meta name=\"twitter:data1\" content=\"Larissa Carvalho\" \/>\n\t<meta name=\"twitter:label2\" content=\"Est. tempo de leitura\" \/>\n\t<meta name=\"twitter:data2\" content=\"3 minutos\" \/>\n<!-- \/ Yoast SEO plugin. -->","yoast_head_json":{"title":"5 alimentos que ajudam a reduzir o risco de decl\u00ednio cognitivo ap\u00f3s os 55 anos","description":"Proteja seu c\u00e9rebro ap\u00f3s os 55 anos com estes 5 alimentos poderosos, melhorando mem\u00f3ria e foco com escolhas nutricionais simples e deliciosas.","robots":{"index":"index","follow":"follow","max-snippet":"max-snippet:-1","max-image-preview":"max-image-preview:large","max-video-preview":"max-video-preview:-1"},"canonical":"https:\/\/www.correiobraziliense.com.br\/cbradar\/5-alimentos-que-ajudam-a-reduzir-o-risco-de-declinio-cognitivo-apos-os-55-anos\/","og_locale":"pt_BR","og_type":"article","og_title":"5 alimentos que ajudam a reduzir o risco de decl\u00ednio cognitivo ap\u00f3s os 55 anos","og_description":"Proteja seu c\u00e9rebro ap\u00f3s os 55 anos com estes 5 alimentos poderosos, melhorando mem\u00f3ria e foco com escolhas nutricionais simples e deliciosas.","og_url":"https:\/\/www.correiobraziliense.com.br\/cbradar\/5-alimentos-que-ajudam-a-reduzir-o-risco-de-declinio-cognitivo-apos-os-55-anos\/","og_site_name":"Correio Braziliense - Radar","article_published_time":"2025-10-10T20:25:00+00:00","og_image":[{"width":1280,"height":720,"url":"https:\/\/www.correiobraziliense.com.br\/cbradar\/wp-content\/uploads\/2025\/10\/Peixes_1759951226050.jpg","type":"image\/jpeg"}],"author":"Larissa Carvalho","twitter_card":"summary_large_image","twitter_misc":{"Escrito por":"Larissa Carvalho","Est. tempo de leitura":"3 minutos"},"schema":{"@context":"https:\/\/schema.org","@graph":[{"@type":"WebPage","@id":"https:\/\/www.correiobraziliense.com.br\/cbradar\/5-alimentos-que-ajudam-a-reduzir-o-risco-de-declinio-cognitivo-apos-os-55-anos\/","url":"https:\/\/www.correiobraziliense.com.br\/cbradar\/5-alimentos-que-ajudam-a-reduzir-o-risco-de-declinio-cognitivo-apos-os-55-anos\/","name":"5 alimentos que ajudam a reduzir o risco de decl\u00ednio cognitivo ap\u00f3s os 55 anos","isPartOf":{"@id":"https:\/\/www.correiobraziliense.com.br\/cbradar\/#website"},"primaryImageOfPage":{"@id":"https:\/\/www.correiobraziliense.com.br\/cbradar\/5-alimentos-que-ajudam-a-reduzir-o-risco-de-declinio-cognitivo-apos-os-55-anos\/#primaryimage"},"image":{"@id":"https:\/\/www.correiobraziliense.com.br\/cbradar\/5-alimentos-que-ajudam-a-reduzir-o-risco-de-declinio-cognitivo-apos-os-55-anos\/#primaryimage"},"thumbnailUrl":"https:\/\/www.correiobraziliense.com.br\/cbradar\/wp-content\/uploads\/2025\/10\/Peixes_1759951226050.jpg","datePublished":"2025-10-10T20:25:00+00:00","author":{"@id":"https:\/\/www.correiobraziliense.com.br\/cbradar\/#\/schema\/person\/58422787644df994b53a19d3e56c1513"},"description":"Proteja seu c\u00e9rebro ap\u00f3s os 55 anos com estes 5 alimentos poderosos, melhorando mem\u00f3ria e foco com escolhas nutricionais simples e deliciosas.","breadcrumb":{"@id":"https:\/\/www.correiobraziliense.com.br\/cbradar\/5-alimentos-que-ajudam-a-reduzir-o-risco-de-declinio-cognitivo-apos-os-55-anos\/#breadcrumb"},"inLanguage":"pt-BR","potentialAction":[{"@type":"ReadAction","target":["https:\/\/www.correiobraziliense.com.br\/cbradar\/5-alimentos-que-ajudam-a-reduzir-o-risco-de-declinio-cognitivo-apos-os-55-anos\/"]}]},{"@type":"ImageObject","inLanguage":"pt-BR","@id":"https:\/\/www.correiobraziliense.com.br\/cbradar\/5-alimentos-que-ajudam-a-reduzir-o-risco-de-declinio-cognitivo-apos-os-55-anos\/#primaryimage","url":"https:\/\/www.correiobraziliense.com.br\/cbradar\/wp-content\/uploads\/2025\/10\/Peixes_1759951226050.jpg","contentUrl":"https:\/\/www.correiobraziliense.com.br\/cbradar\/wp-content\/uploads\/2025\/10\/Peixes_1759951226050.jpg","width":1280,"height":720,"caption":"Peixes Cr\u00e9ditos: depositphotos.com \/ VadimVasenin"},{"@type":"BreadcrumbList","@id":"https:\/\/www.correiobraziliense.com.br\/cbradar\/5-alimentos-que-ajudam-a-reduzir-o-risco-de-declinio-cognitivo-apos-os-55-anos\/#breadcrumb","itemListElement":[{"@type":"ListItem","position":1,"name":"In\u00edcio","item":"https:\/\/www.correiobraziliense.com.br\/cbradar\/"},{"@type":"ListItem","position":2,"name":"5 alimentos que ajudam a reduzir o risco de decl\u00ednio cognitivo ap\u00f3s os 55 anos"}]},{"@type":"WebSite","@id":"https:\/\/www.correiobraziliense.com.br\/cbradar\/#website","url":"https:\/\/www.correiobraziliense.com.br\/cbradar\/","name":"Correio Braziliense - Radar","description":"Acompanhe as \u00faltimas not\u00edcias e fique bem informado sobre tudo o que acontece no Brasil e no mundo.","potentialAction":[{"@type":"SearchAction","target":{"@type":"EntryPoint","urlTemplate":"https:\/\/www.correiobraziliense.com.br\/cbradar\/?s={search_term_string}"},"query-input":{"@type":"PropertyValueSpecification","valueRequired":true,"valueName":"search_term_string"}}],"inLanguage":"pt-BR"},{"@type":"Person","@id":"https:\/\/www.correiobraziliense.com.br\/cbradar\/#\/schema\/person\/58422787644df994b53a19d3e56c1513","name":"Larissa Carvalho","image":{"@type":"ImageObject","inLanguage":"pt-BR","@id":"https:\/\/www.correiobraziliense.com.br\/cbradar\/#\/schema\/person\/image\/","url":"https:\/\/secure.gravatar.com\/avatar\/fe4f91a0de32b52a838d0d612abdc1aa?s=96&d=mm&r=g","contentUrl":"https:\/\/secure.gravatar.com\/avatar\/fe4f91a0de32b52a838d0d612abdc1aa?s=96&d=mm&r=g","caption":"Larissa Carvalho"},"url":"https:\/\/www.correiobraziliense.com.br\/cbradar\/author\/larissamyth\/"}]}},"_links":{"self":[{"href":"https:\/\/www.correiobraziliense.com.br\/cbradar\/wp-json\/wp\/v2\/posts\/116125","targetHints":{"allow":["GET"]}}],"collection":[{"href":"https:\/\/www.correiobraziliense.com.br\/cbradar\/wp-json\/wp\/v2\/posts"}],"about":[{"href":"https:\/\/www.correiobraziliense.com.br\/cbradar\/wp-json\/wp\/v2\/types\/post"}],"author":[{"embeddable":true,"href":"https:\/\/www.correiobraziliense.com.br\/cbradar\/wp-json\/wp\/v2\/users\/3"}],"replies":[{"embeddable":true,"href":"https:\/\/www.correiobraziliense.com.br\/cbradar\/wp-json\/wp\/v2\/comments?post=116125"}],"version-history":[{"count":4,"href":"https:\/\/www.correiobraziliense.com.br\/cbradar\/wp-json\/wp\/v2\/posts\/116125\/revisions"}],"predecessor-version":[{"id":116917,"href":"https:\/\/www.correiobraziliense.com.br\/cbradar\/wp-json\/wp\/v2\/posts\/116125\/revisions\/116917"}],"wp:featuredmedia":[{"embeddable":true,"href":"https:\/\/www.correiobraziliense.com.br\/cbradar\/wp-json\/wp\/v2\/media\/116139"}],"wp:attachment":[{"href":"https:\/\/www.correiobraziliense.com.br\/cbradar\/wp-json\/wp\/v2\/media?parent=116125"}],"wp:term":[{"taxonomy":"category","embeddable":true,"href":"https:\/\/www.correiobraziliense.com.br\/cbradar\/wp-json\/wp\/v2\/categories?post=116125"},{"taxonomy":"post_tag","embeddable":true,"href":"https:\/\/www.correiobraziliense.com.br\/cbradar\/wp-json\/wp\/v2\/post_tag?post=116125"}],"curies":[{"name":"wp","href":"https:\/\/api.w.org\/{rel}","templated":true}]}}