{"id":11622,"date":"2025-03-13T22:50:00","date_gmt":"2025-03-14T01:50:00","guid":{"rendered":"https:\/\/www.correiobraziliense.com.br\/cbradar\/?p=11622"},"modified":"2025-03-11T21:25:36","modified_gmt":"2025-03-12T00:25:36","slug":"conheca-a-cidade-onde-o-ceu-nunca-fica-escuro","status":"publish","type":"post","link":"https:\/\/www.correiobraziliense.com.br\/cbradar\/conheca-a-cidade-onde-o-ceu-nunca-fica-escuro\/","title":{"rendered":"Conhe\u00e7a a cidade onde o c\u00e9u nunca fica escuro"},"content":{"rendered":"\n<p>Em grande parte do mundo, o p\u00f4r do sol marca o in\u00edcio da noite, trazendo escurid\u00e3o e descanso. Mas existe um lugar onde isso n\u00e3o acontece \u2013 em <strong>Murmansk, na R\u00fassia<\/strong>, o sol se recusa a desaparecer completamente por <strong>quase dois meses seguidos<\/strong>.<\/p>\n\n\n\n<p>Esse fen\u00f4meno, conhecido como <strong>Noites Brancas<\/strong>, mant\u00e9m o c\u00e9u iluminado mesmo durante a madrugada, criando um ambiente surreal onde o rel\u00f3gio perde o sentido. Mas por que isso acontece? E como os moradores lidam com uma cidade onde a noite nunca cai?<\/p>\n\n\n\n<h2 class=\"wp-block-heading\"><strong>O que s\u00e3o as Noites Brancas?<\/strong><\/h2>\n\n\n\n<p>Murmansk est\u00e1 localizada <strong>dentro do C\u00edrculo Polar \u00c1rtico<\/strong>, onde o sol se comporta de maneira muito diferente ao longo do ano. Durante o ver\u00e3o, o fen\u00f4meno das <strong>Noites Brancas<\/strong> ocorre porque:<\/p>\n\n\n\n<ul class=\"wp-block-list\">\n<li>A inclina\u00e7\u00e3o da Terra faz com que o sol <strong>nunca se ponha completamente<\/strong> por semanas.<\/li>\n\n\n\n<li>Mesmo quando o sol cruza o horizonte, <strong>o c\u00e9u permanece iluminado<\/strong>, sem escurid\u00e3o total.<\/li>\n\n\n\n<li>Entre maio e julho, a cidade <strong>vive sob luz constante 24 horas por dia<\/strong>.<\/li>\n<\/ul>\n\n\n\n<p>O contr\u00e1rio tamb\u00e9m acontece no inverno, quando <strong>Murmansk enfrenta a Noite Polar<\/strong>, um per\u00edodo de escurid\u00e3o quase total que dura mais de um m\u00eas.<\/p>\n\n\n\n<figure class=\"wp-block-image size-large\"><img decoding=\"async\" width=\"1024\" height=\"576\" src=\"https:\/\/www.correiobraziliense.com.br\/cbradar\/wp-content\/uploads\/2025\/03\/Murmansk_1741738934275-1024x576.jpg\" alt=\"Conhe\u00e7a a cidade onde o c\u00e9u nunca fica escuro\" class=\"wp-image-11625\" srcset=\"https:\/\/www.correiobraziliense.com.br\/cbradar\/wp-content\/uploads\/2025\/03\/Murmansk_1741738934275-1024x576.jpg 1024w, https:\/\/www.correiobraziliense.com.br\/cbradar\/wp-content\/uploads\/2025\/03\/Murmansk_1741738934275-300x169.jpg 300w, https:\/\/www.correiobraziliense.com.br\/cbradar\/wp-content\/uploads\/2025\/03\/Murmansk_1741738934275-768x432.jpg 768w, https:\/\/www.correiobraziliense.com.br\/cbradar\/wp-content\/uploads\/2025\/03\/Murmansk_1741738934275-750x422.jpg 750w, https:\/\/www.correiobraziliense.com.br\/cbradar\/wp-content\/uploads\/2025\/03\/Murmansk_1741738934275-1140x641.jpg 1140w, https:\/\/www.correiobraziliense.com.br\/cbradar\/wp-content\/uploads\/2025\/03\/Murmansk_1741738934275.jpg 1280w\" sizes=\"(max-width: 1024px) 100vw, 1024px\" \/><figcaption class=\"wp-element-caption\">Murmansk. Cr\u00e9ditos: depositphotos.com \/ potatushkina.gmail.com<\/figcaption><\/figure>\n\n\n\n<h2 class=\"wp-block-heading\"><strong>Como \u00e9 viver em Murmansk durante as Noites Brancas?<\/strong><\/h2>\n\n\n\n<p>Para os moradores, esse fen\u00f4meno afeta a rotina de v\u00e1rias formas:<\/p>\n\n\n\n<ul class=\"wp-block-list\">\n<li><strong>Dificuldade para dormir<\/strong> \u2013 Como nunca escurece de verdade, muitas pessoas precisam de cortinas blackout para conseguir descansar.<\/li>\n\n\n\n<li><strong>Sensa\u00e7\u00e3o de energia constante<\/strong> \u2013 Com o c\u00e9u sempre claro, o corpo pode demorar a sentir cansa\u00e7o.<\/li>\n\n\n\n<li><strong>Atividades ao ar livre durante a madrugada<\/strong> \u2013 No ver\u00e3o, \u00e9 comum ver pessoas passeando, praticando esportes ou indo a caf\u00e9s em hor\u00e1rios incomuns.<\/li>\n\n\n\n<li><strong>O rel\u00f3gio se torna irrelevante<\/strong> \u2013 Como n\u00e3o h\u00e1 noite, \u00e9 f\u00e1cil perder a no\u00e7\u00e3o do tempo e esquecer que j\u00e1 passou da meia-noite.<\/li>\n\n\n\n<li><strong>Turismo intenso<\/strong> \u2013 As Noites Brancas atraem visitantes de todo o mundo, interessados em experimentar esse fen\u00f4meno \u00fanico.<\/li>\n<\/ul>\n\n\n\n<h2 class=\"wp-block-heading\"><strong>Curiosidades sobre Murmansk e as Noites Brancas<\/strong><\/h2>\n\n\n\n<ul class=\"wp-block-list\">\n<li><strong>A maior cidade do mundo dentro do C\u00edrculo Polar \u00c1rtico<\/strong> \u2013 Murmansk tem cerca de 280 mil habitantes.<\/li>\n\n\n\n<li><strong>O fen\u00f4meno tamb\u00e9m ocorre em outras cidades do norte<\/strong>, como S\u00e3o Petersburgo e Troms\u00f8, mas \u00e9 mais intenso em Murmansk.<\/li>\n\n\n\n<li><strong>No inverno, acontece o oposto<\/strong> \u2013 A Noite Polar faz com que a cidade passe semanas sem ver o sol.<\/li>\n\n\n\n<li><strong>O corpo humano demora a se adaptar<\/strong> \u2013 Muitas pessoas enfrentam ins\u00f4nia e mudan\u00e7as no metabolismo.<\/li>\n\n\n\n<li><strong>\u00c9 um dos melhores lugares para ver a Aurora Boreal no inverno<\/strong> \u2013 Quando n\u00e3o h\u00e1 Noites Brancas, o c\u00e9u da cidade se ilumina com as luzes do norte.<\/li>\n<\/ul>\n\n\n\n<h2 class=\"wp-block-heading\"><strong>Como as Noites Brancas afetam a vida das pessoas?<\/strong><\/h2>\n\n\n\n<p>Embora o fen\u00f4meno seja fascinante, ele tamb\u00e9m pode ser desafiador. A falta de escurid\u00e3o pode causar <strong>desorienta\u00e7\u00e3o e dist\u00farbios no sono<\/strong>, fazendo com que algumas pessoas se sintam cansadas, mesmo com a energia aparente do ambiente.<\/p>\n\n\n\n<p>No entanto, muitos moradores consideram as Noites Brancas <strong>uma das \u00e9pocas mais m\u00e1gicas do ano<\/strong>, aproveitando a oportunidade para fazer atividades ao ar livre e aproveitar o ver\u00e3o curto do \u00c1rtico.<\/p>\n\n\n\n<p>Murmansk prova que a noite n\u00e3o \u00e9 uma regra \u2013 e que o c\u00e9u pode continuar iluminado, independentemente das horas no rel\u00f3gio.<\/p>\n","protected":false},"excerpt":{"rendered":"<p>Existe uma cidade onde o c\u00e9u nunca escurece durante o ver\u00e3o, e o sol permanece vis\u00edvel mesmo \u00e0 meia-noite. Descubra os mist\u00e9rios desse local.<\/p>\n","protected":false},"author":3,"featured_media":11624,"comment_status":"open","ping_status":"open","sticky":false,"template":"","format":"standard","meta":{"_yoast_wpseo_focuskw":"cidade c\u00e9u escuro","_yoast_wpseo_title":"%%title%%","_yoast_wpseo_metadesc":"Existe uma cidade onde o c\u00e9u nunca escurece durante o ver\u00e3o, e o sol permanece vis\u00edvel mesmo \u00e0 meia-noite. Descubra os mist\u00e9rios desse local.","jnews-multi-image_gallery":[],"jnews_single_post":{"format":"standard"},"jnews_primary_category":[],"jnews_social_meta":[],"jnews_override_counter":[],"footnotes":""},"categories":[108],"post_tag":[109],"class_list":["post-11622","post","type-post","status-publish","format-standard","has-post-thumbnail","hentry","category-cidades","tag-cidades"],"yoast_head":"<!-- This site is optimized with the Yoast SEO plugin v24.6 - https:\/\/yoast.com\/wordpress\/plugins\/seo\/ -->\n<title>Conhe\u00e7a a cidade onde o c\u00e9u nunca fica escuro<\/title>\n<meta name=\"description\" content=\"Existe uma cidade onde o c\u00e9u nunca escurece durante o ver\u00e3o, e o sol permanece vis\u00edvel mesmo \u00e0 meia-noite. Descubra os mist\u00e9rios desse local.\" \/>\n<meta name=\"robots\" content=\"index, follow, max-snippet:-1, max-image-preview:large, max-video-preview:-1\" \/>\n<link rel=\"canonical\" href=\"https:\/\/www.correiobraziliense.com.br\/cbradar\/conheca-a-cidade-onde-o-ceu-nunca-fica-escuro\/\" \/>\n<meta property=\"og:locale\" content=\"pt_BR\" \/>\n<meta property=\"og:type\" content=\"article\" \/>\n<meta property=\"og:title\" content=\"Conhe\u00e7a a cidade onde o c\u00e9u nunca fica escuro\" \/>\n<meta property=\"og:description\" content=\"Existe uma cidade onde o c\u00e9u nunca escurece durante o ver\u00e3o, e o sol permanece vis\u00edvel mesmo \u00e0 meia-noite. Descubra os mist\u00e9rios desse local.\" \/>\n<meta property=\"og:url\" content=\"https:\/\/www.correiobraziliense.com.br\/cbradar\/conheca-a-cidade-onde-o-ceu-nunca-fica-escuro\/\" \/>\n<meta property=\"og:site_name\" content=\"Correio Braziliense - Radar\" \/>\n<meta property=\"article:published_time\" content=\"2025-03-14T01:50:00+00:00\" \/>\n<meta property=\"og:image\" content=\"https:\/\/www.correiobraziliense.com.br\/cbradar\/wp-content\/uploads\/2025\/03\/Murmansk_1741738892643.jpg\" \/>\n\t<meta property=\"og:image:width\" content=\"1280\" \/>\n\t<meta property=\"og:image:height\" content=\"720\" \/>\n\t<meta property=\"og:image:type\" content=\"image\/jpeg\" \/>\n<meta name=\"author\" content=\"Larissa Carvalho\" \/>\n<meta name=\"twitter:card\" content=\"summary_large_image\" \/>\n<meta name=\"twitter:label1\" content=\"Escrito por\" \/>\n\t<meta name=\"twitter:data1\" content=\"Larissa Carvalho\" \/>\n\t<meta name=\"twitter:label2\" content=\"Est. tempo de leitura\" \/>\n\t<meta name=\"twitter:data2\" content=\"4 minutos\" \/>\n<!-- \/ Yoast SEO plugin. -->","yoast_head_json":{"title":"Conhe\u00e7a a cidade onde o c\u00e9u nunca fica escuro","description":"Existe uma cidade onde o c\u00e9u nunca escurece durante o ver\u00e3o, e o sol permanece vis\u00edvel mesmo \u00e0 meia-noite. Descubra os mist\u00e9rios desse local.","robots":{"index":"index","follow":"follow","max-snippet":"max-snippet:-1","max-image-preview":"max-image-preview:large","max-video-preview":"max-video-preview:-1"},"canonical":"https:\/\/www.correiobraziliense.com.br\/cbradar\/conheca-a-cidade-onde-o-ceu-nunca-fica-escuro\/","og_locale":"pt_BR","og_type":"article","og_title":"Conhe\u00e7a a cidade onde o c\u00e9u nunca fica escuro","og_description":"Existe uma cidade onde o c\u00e9u nunca escurece durante o ver\u00e3o, e o sol permanece vis\u00edvel mesmo \u00e0 meia-noite. Descubra os mist\u00e9rios desse local.","og_url":"https:\/\/www.correiobraziliense.com.br\/cbradar\/conheca-a-cidade-onde-o-ceu-nunca-fica-escuro\/","og_site_name":"Correio Braziliense - Radar","article_published_time":"2025-03-14T01:50:00+00:00","og_image":[{"width":1280,"height":720,"url":"https:\/\/www.correiobraziliense.com.br\/cbradar\/wp-content\/uploads\/2025\/03\/Murmansk_1741738892643.jpg","type":"image\/jpeg"}],"author":"Larissa Carvalho","twitter_card":"summary_large_image","twitter_misc":{"Escrito por":"Larissa Carvalho","Est. tempo de leitura":"4 minutos"},"schema":{"@context":"https:\/\/schema.org","@graph":[{"@type":"WebPage","@id":"https:\/\/www.correiobraziliense.com.br\/cbradar\/conheca-a-cidade-onde-o-ceu-nunca-fica-escuro\/","url":"https:\/\/www.correiobraziliense.com.br\/cbradar\/conheca-a-cidade-onde-o-ceu-nunca-fica-escuro\/","name":"Conhe\u00e7a a cidade onde o c\u00e9u nunca fica escuro","isPartOf":{"@id":"https:\/\/www.correiobraziliense.com.br\/cbradar\/#website"},"primaryImageOfPage":{"@id":"https:\/\/www.correiobraziliense.com.br\/cbradar\/conheca-a-cidade-onde-o-ceu-nunca-fica-escuro\/#primaryimage"},"image":{"@id":"https:\/\/www.correiobraziliense.com.br\/cbradar\/conheca-a-cidade-onde-o-ceu-nunca-fica-escuro\/#primaryimage"},"thumbnailUrl":"https:\/\/www.correiobraziliense.com.br\/cbradar\/wp-content\/uploads\/2025\/03\/Murmansk_1741738892643.jpg","datePublished":"2025-03-14T01:50:00+00:00","author":{"@id":"https:\/\/www.correiobraziliense.com.br\/cbradar\/#\/schema\/person\/58422787644df994b53a19d3e56c1513"},"description":"Existe uma cidade onde o c\u00e9u nunca escurece durante o ver\u00e3o, e o sol permanece vis\u00edvel mesmo \u00e0 meia-noite. Descubra os mist\u00e9rios desse local.","breadcrumb":{"@id":"https:\/\/www.correiobraziliense.com.br\/cbradar\/conheca-a-cidade-onde-o-ceu-nunca-fica-escuro\/#breadcrumb"},"inLanguage":"pt-BR","potentialAction":[{"@type":"ReadAction","target":["https:\/\/www.correiobraziliense.com.br\/cbradar\/conheca-a-cidade-onde-o-ceu-nunca-fica-escuro\/"]}]},{"@type":"ImageObject","inLanguage":"pt-BR","@id":"https:\/\/www.correiobraziliense.com.br\/cbradar\/conheca-a-cidade-onde-o-ceu-nunca-fica-escuro\/#primaryimage","url":"https:\/\/www.correiobraziliense.com.br\/cbradar\/wp-content\/uploads\/2025\/03\/Murmansk_1741738892643.jpg","contentUrl":"https:\/\/www.correiobraziliense.com.br\/cbradar\/wp-content\/uploads\/2025\/03\/Murmansk_1741738892643.jpg","width":1280,"height":720,"caption":"Murmansk. Cr\u00e9ditos: depositphotos.com \/ mongsmartmong@hotmail.com"},{"@type":"BreadcrumbList","@id":"https:\/\/www.correiobraziliense.com.br\/cbradar\/conheca-a-cidade-onde-o-ceu-nunca-fica-escuro\/#breadcrumb","itemListElement":[{"@type":"ListItem","position":1,"name":"In\u00edcio","item":"https:\/\/www.correiobraziliense.com.br\/cbradar\/"},{"@type":"ListItem","position":2,"name":"Conhe\u00e7a a cidade onde o c\u00e9u nunca fica escuro"}]},{"@type":"WebSite","@id":"https:\/\/www.correiobraziliense.com.br\/cbradar\/#website","url":"https:\/\/www.correiobraziliense.com.br\/cbradar\/","name":"Correio Braziliense - Radar","description":"Acompanhe as \u00faltimas not\u00edcias e fique bem informado sobre tudo o que acontece no Brasil e no mundo.","potentialAction":[{"@type":"SearchAction","target":{"@type":"EntryPoint","urlTemplate":"https:\/\/www.correiobraziliense.com.br\/cbradar\/?s={search_term_string}"},"query-input":{"@type":"PropertyValueSpecification","valueRequired":true,"valueName":"search_term_string"}}],"inLanguage":"pt-BR"},{"@type":"Person","@id":"https:\/\/www.correiobraziliense.com.br\/cbradar\/#\/schema\/person\/58422787644df994b53a19d3e56c1513","name":"Larissa Carvalho","image":{"@type":"ImageObject","inLanguage":"pt-BR","@id":"https:\/\/www.correiobraziliense.com.br\/cbradar\/#\/schema\/person\/image\/","url":"https:\/\/secure.gravatar.com\/avatar\/fe4f91a0de32b52a838d0d612abdc1aa?s=96&d=mm&r=g","contentUrl":"https:\/\/secure.gravatar.com\/avatar\/fe4f91a0de32b52a838d0d612abdc1aa?s=96&d=mm&r=g","caption":"Larissa Carvalho"},"url":"https:\/\/www.correiobraziliense.com.br\/cbradar\/author\/larissamyth\/"}]}},"_links":{"self":[{"href":"https:\/\/www.correiobraziliense.com.br\/cbradar\/wp-json\/wp\/v2\/posts\/11622","targetHints":{"allow":["GET"]}}],"collection":[{"href":"https:\/\/www.correiobraziliense.com.br\/cbradar\/wp-json\/wp\/v2\/posts"}],"about":[{"href":"https:\/\/www.correiobraziliense.com.br\/cbradar\/wp-json\/wp\/v2\/types\/post"}],"author":[{"embeddable":true,"href":"https:\/\/www.correiobraziliense.com.br\/cbradar\/wp-json\/wp\/v2\/users\/3"}],"replies":[{"embeddable":true,"href":"https:\/\/www.correiobraziliense.com.br\/cbradar\/wp-json\/wp\/v2\/comments?post=11622"}],"version-history":[{"count":1,"href":"https:\/\/www.correiobraziliense.com.br\/cbradar\/wp-json\/wp\/v2\/posts\/11622\/revisions"}],"predecessor-version":[{"id":11626,"href":"https:\/\/www.correiobraziliense.com.br\/cbradar\/wp-json\/wp\/v2\/posts\/11622\/revisions\/11626"}],"wp:featuredmedia":[{"embeddable":true,"href":"https:\/\/www.correiobraziliense.com.br\/cbradar\/wp-json\/wp\/v2\/media\/11624"}],"wp:attachment":[{"href":"https:\/\/www.correiobraziliense.com.br\/cbradar\/wp-json\/wp\/v2\/media?parent=11622"}],"wp:term":[{"taxonomy":"category","embeddable":true,"href":"https:\/\/www.correiobraziliense.com.br\/cbradar\/wp-json\/wp\/v2\/categories?post=11622"},{"taxonomy":"post_tag","embeddable":true,"href":"https:\/\/www.correiobraziliense.com.br\/cbradar\/wp-json\/wp\/v2\/post_tag?post=11622"}],"curies":[{"name":"wp","href":"https:\/\/api.w.org\/{rel}","templated":true}]}}