{"id":116297,"date":"2025-10-10T11:55:00","date_gmt":"2025-10-10T14:55:00","guid":{"rendered":"https:\/\/www.correiobraziliense.com.br\/cbradar\/?p=116297"},"modified":"2025-10-09T07:18:04","modified_gmt":"2025-10-09T10:18:04","slug":"essas-15-frases-mostram-que-alguem-so-pensa-em-si-mesmo","status":"publish","type":"post","link":"https:\/\/www.correiobraziliense.com.br\/cbradar\/essas-15-frases-mostram-que-alguem-so-pensa-em-si-mesmo\/","title":{"rendered":"Essas 15 frases mostram que algu\u00e9m s\u00f3 pensa em si mesmo"},"content":{"rendered":"\n<p>Frases simples podem esconder mensagens poderosas, especialmente quando usadas no dia a dia. Compreender como algumas express\u00f5es revelam <strong>comportamentos ego\u00edstas<\/strong> pode ajudar a proteger suas rela\u00e7\u00f5es.<\/p>\n\n\n\n<ul class=\"wp-block-list\">\n<li>Descubra como frases comuns podem impactar negativamente.<\/li>\n\n\n\n<li>Entenda a import\u00e2ncia de reconhecer padr\u00f5es de comunica\u00e7\u00e3o ego\u00edstas.<\/li>\n\n\n\n<li>Veja dicas para proteger sua sa\u00fade mental e emocional.<\/li>\n<\/ul>\n\n\n\n<h2 class=\"wp-block-heading\">O que \u00e9 comunica\u00e7\u00e3o ego\u00edsta?<\/h2>\n\n\n\n<p><strong>Comunica\u00e7\u00e3o ego\u00edsta<\/strong> envolve priorizar as pr\u00f3prias necessidades e minimizar as preocupa\u00e7\u00f5es alheias. Express\u00f5es cotidianas podem demonstrar falta de empatia e considera\u00e7\u00e3o.<\/p>\n\n\n\n<h2 class=\"wp-block-heading\">Por que importa identificar essas frases?<\/h2>\n\n\n\n<p>Reconhecer estas express\u00f5es \u00e9 essencial para manter rela\u00e7\u00f5es saud\u00e1veis. Elas podem indicar que algu\u00e9m est\u00e1 colocando suas necessidades \u00e0 frente das rela\u00e7\u00f5es, o que pode ser prejudicial. Al\u00e9m disso, identificar rapidamente esses padr\u00f5es favorece tomadas de decis\u00e3o mais assertivas para evitar o desgaste emocional.<\/p>\n\n\n\n<h2 class=\"wp-block-heading\">Frases comuns que indicam comportamento ego\u00edsta<\/h2>\n\n\n\n<p>Nem sempre \u00e9 \u00f3bvio quando algu\u00e9m est\u00e1 sendo ego\u00edsta na comunica\u00e7\u00e3o. Confira algumas frases frequentemente usadas:<\/p>\n\n\n\n<ul class=\"wp-block-list\">\n<li>&#8220;E eu?&#8221; &#8211; Foca a aten\u00e7\u00e3o em si mesmo, ignorando a situa\u00e7\u00e3o do outro.<\/li>\n\n\n\n<li>&#8220;Voc\u00ea me deve.&#8221; &#8211; Transforma a rela\u00e7\u00e3o em uma troca constante de favores.<\/li>\n\n\n\n<li>&#8220;Eu n\u00e3o tenho tempo para isso.&#8221; &#8211; Minimizando as prioridades dos outros.<\/li>\n<\/ul>\n\n\n\n<figure class=\"wp-block-image size-large\"><img decoding=\"async\" width=\"1024\" height=\"576\" src=\"https:\/\/www.correiobraziliense.com.br\/cbradar\/wp-content\/uploads\/2025\/10\/pessoas-discutindo_1760005060702-1024x576.jpg\" alt=\"Essas 15 frases mostram que algu\u00e9m s\u00f3 pensa em si mesmo\" class=\"wp-image-116300\" srcset=\"https:\/\/www.correiobraziliense.com.br\/cbradar\/wp-content\/uploads\/2025\/10\/pessoas-discutindo_1760005060702-1024x576.jpg 1024w, https:\/\/www.correiobraziliense.com.br\/cbradar\/wp-content\/uploads\/2025\/10\/pessoas-discutindo_1760005060702-300x169.jpg 300w, https:\/\/www.correiobraziliense.com.br\/cbradar\/wp-content\/uploads\/2025\/10\/pessoas-discutindo_1760005060702-768x432.jpg 768w, https:\/\/www.correiobraziliense.com.br\/cbradar\/wp-content\/uploads\/2025\/10\/pessoas-discutindo_1760005060702-750x422.jpg 750w, https:\/\/www.correiobraziliense.com.br\/cbradar\/wp-content\/uploads\/2025\/10\/pessoas-discutindo_1760005060702-1140x641.jpg 1140w, https:\/\/www.correiobraziliense.com.br\/cbradar\/wp-content\/uploads\/2025\/10\/pessoas-discutindo_1760005060702.jpg 1280w\" sizes=\"(max-width: 1024px) 100vw, 1024px\" \/><figcaption class=\"wp-element-caption\">pessoas discutindo. Cr\u00e9ditos: depositphotos.com \/ AndrewLozovyi<\/figcaption><\/figure>\n\n\n\n<h2 class=\"wp-block-heading\">Como proteger-se dessas din\u00e2micas?<\/h2>\n\n\n\n<p>\u00c9 importante estabelecer limites quando confrontado com <strong>comunica\u00e7\u00f5es ego\u00edstas<\/strong>. Expresse suas necessidades claramente e, se necess\u00e1rio, pondere a continua\u00e7\u00e3o da rela\u00e7\u00e3o. Buscar apoio de amigos, familiares ou de um profissional pode ser \u00fatil para fortalecer sua autonomia e bem-estar emocional nessas situa\u00e7\u00f5es.<\/p>\n\n\n\n<h2 class=\"wp-block-heading\">Reflex\u00e3o e crescimento pessoal<\/h2>\n\n\n\n<p>Desenvolver a <strong>sensibilidade<\/strong> para identificar e refletir sobre essas frases pode melhorar suas rela\u00e7\u00f5es interpessoais. Busque sempre uma comunica\u00e7\u00e3o mais saud\u00e1vel e emp\u00e1tica. Fazer autoavalia\u00e7\u00f5es frequentes contribui para evitar que voc\u00ea mesmo perpetue padr\u00f5es ego\u00edstas sem perceber.<\/p>\n\n\n\n<h2 class=\"wp-block-heading\">Transforme suas rela\u00e7\u00f5es atrav\u00e9s da comunica\u00e7\u00e3o positiva<\/h2>\n\n\n\n<ul class=\"wp-block-list\">\n<li>Identifique e evite usar frases que desvalorizem os sentimentos alheios.<\/li>\n\n\n\n<li>Desenvolva empatia para fortalecer suas conex\u00f5es emocionais.<\/li>\n\n\n\n<li>Priorize uma comunica\u00e7\u00e3o clara e respeitosa em todos os momentos.<\/li>\n<\/ul>\n","protected":false},"excerpt":{"rendered":"<p>Ego\u00edsmo disfar\u00e7ado: Descubra os sinais de comunica\u00e7\u00e3o que podem envenenar suas rela\u00e7\u00f5es e proteja sua sa\u00fade mental com dicas essenciais.<\/p>\n","protected":false},"author":3,"featured_media":116299,"comment_status":"open","ping_status":"open","sticky":false,"template":"","format":"standard","meta":{"_yoast_wpseo_focuskw":"frases algu\u00e9m s\u00f3 pensa em si mesmo","_yoast_wpseo_title":"%%title%%","_yoast_wpseo_metadesc":"Ego\u00edsmo disfar\u00e7ado: Descubra os sinais de comunica\u00e7\u00e3o que podem envenenar suas rela\u00e7\u00f5es e proteja sua sa\u00fade mental com dicas essenciais.","jnews-multi-image_gallery":[],"jnews_single_post":{"format":"standard"},"jnews_primary_category":[],"jnews_social_meta":[],"jnews_override_counter":[],"footnotes":""},"categories":[112],"tags":[144,404],"class_list":["post-116297","post","type-post","status-publish","format-standard","has-post-thumbnail","hentry","category-curiosidades","tag-curiosidades","tag-psicologia"],"yoast_head":"<!-- This site is optimized with the Yoast SEO plugin v24.6 - https:\/\/yoast.com\/wordpress\/plugins\/seo\/ -->\n<title>Essas 15 frases mostram que algu\u00e9m s\u00f3 pensa em si mesmo<\/title>\n<meta name=\"description\" content=\"Ego\u00edsmo disfar\u00e7ado: Descubra os sinais de comunica\u00e7\u00e3o que podem envenenar suas rela\u00e7\u00f5es e proteja sua sa\u00fade mental com dicas essenciais.\" \/>\n<meta name=\"robots\" content=\"index, follow, max-snippet:-1, max-image-preview:large, max-video-preview:-1\" \/>\n<link rel=\"canonical\" href=\"https:\/\/www.correiobraziliense.com.br\/cbradar\/essas-15-frases-mostram-que-alguem-so-pensa-em-si-mesmo\/\" \/>\n<meta property=\"og:locale\" content=\"pt_BR\" \/>\n<meta property=\"og:type\" content=\"article\" \/>\n<meta property=\"og:title\" content=\"Essas 15 frases mostram que algu\u00e9m s\u00f3 pensa em si mesmo\" \/>\n<meta property=\"og:description\" content=\"Ego\u00edsmo disfar\u00e7ado: Descubra os sinais de comunica\u00e7\u00e3o que podem envenenar suas rela\u00e7\u00f5es e proteja sua sa\u00fade mental com dicas essenciais.\" \/>\n<meta property=\"og:url\" content=\"https:\/\/www.correiobraziliense.com.br\/cbradar\/essas-15-frases-mostram-que-alguem-so-pensa-em-si-mesmo\/\" \/>\n<meta property=\"og:site_name\" content=\"Correio Braziliense - Radar\" \/>\n<meta property=\"article:published_time\" content=\"2025-10-10T14:55:00+00:00\" \/>\n<meta property=\"og:image\" content=\"https:\/\/www.correiobraziliense.com.br\/cbradar\/wp-content\/uploads\/2025\/10\/pessoas-discutindo_1760004984742.jpg\" \/>\n\t<meta property=\"og:image:width\" content=\"1280\" \/>\n\t<meta property=\"og:image:height\" content=\"720\" \/>\n\t<meta property=\"og:image:type\" content=\"image\/jpeg\" \/>\n<meta name=\"author\" content=\"Larissa Carvalho\" \/>\n<meta name=\"twitter:card\" content=\"summary_large_image\" \/>\n<meta name=\"twitter:label1\" content=\"Escrito por\" \/>\n\t<meta name=\"twitter:data1\" content=\"Larissa Carvalho\" \/>\n\t<meta name=\"twitter:label2\" content=\"Est. tempo de leitura\" \/>\n\t<meta name=\"twitter:data2\" content=\"3 minutos\" \/>\n<!-- \/ Yoast SEO plugin. -->","yoast_head_json":{"title":"Essas 15 frases mostram que algu\u00e9m s\u00f3 pensa em si mesmo","description":"Ego\u00edsmo disfar\u00e7ado: Descubra os sinais de comunica\u00e7\u00e3o que podem envenenar suas rela\u00e7\u00f5es e proteja sua sa\u00fade mental com dicas essenciais.","robots":{"index":"index","follow":"follow","max-snippet":"max-snippet:-1","max-image-preview":"max-image-preview:large","max-video-preview":"max-video-preview:-1"},"canonical":"https:\/\/www.correiobraziliense.com.br\/cbradar\/essas-15-frases-mostram-que-alguem-so-pensa-em-si-mesmo\/","og_locale":"pt_BR","og_type":"article","og_title":"Essas 15 frases mostram que algu\u00e9m s\u00f3 pensa em si mesmo","og_description":"Ego\u00edsmo disfar\u00e7ado: Descubra os sinais de comunica\u00e7\u00e3o que podem envenenar suas rela\u00e7\u00f5es e proteja sua sa\u00fade mental com dicas essenciais.","og_url":"https:\/\/www.correiobraziliense.com.br\/cbradar\/essas-15-frases-mostram-que-alguem-so-pensa-em-si-mesmo\/","og_site_name":"Correio Braziliense - Radar","article_published_time":"2025-10-10T14:55:00+00:00","og_image":[{"width":1280,"height":720,"url":"https:\/\/www.correiobraziliense.com.br\/cbradar\/wp-content\/uploads\/2025\/10\/pessoas-discutindo_1760004984742.jpg","type":"image\/jpeg"}],"author":"Larissa Carvalho","twitter_card":"summary_large_image","twitter_misc":{"Escrito por":"Larissa Carvalho","Est. tempo de leitura":"3 minutos"},"schema":{"@context":"https:\/\/schema.org","@graph":[{"@type":"WebPage","@id":"https:\/\/www.correiobraziliense.com.br\/cbradar\/essas-15-frases-mostram-que-alguem-so-pensa-em-si-mesmo\/","url":"https:\/\/www.correiobraziliense.com.br\/cbradar\/essas-15-frases-mostram-que-alguem-so-pensa-em-si-mesmo\/","name":"Essas 15 frases mostram que algu\u00e9m s\u00f3 pensa em si mesmo","isPartOf":{"@id":"https:\/\/www.correiobraziliense.com.br\/cbradar\/#website"},"primaryImageOfPage":{"@id":"https:\/\/www.correiobraziliense.com.br\/cbradar\/essas-15-frases-mostram-que-alguem-so-pensa-em-si-mesmo\/#primaryimage"},"image":{"@id":"https:\/\/www.correiobraziliense.com.br\/cbradar\/essas-15-frases-mostram-que-alguem-so-pensa-em-si-mesmo\/#primaryimage"},"thumbnailUrl":"https:\/\/www.correiobraziliense.com.br\/cbradar\/wp-content\/uploads\/2025\/10\/pessoas-discutindo_1760004984742.jpg","datePublished":"2025-10-10T14:55:00+00:00","author":{"@id":"https:\/\/www.correiobraziliense.com.br\/cbradar\/#\/schema\/person\/58422787644df994b53a19d3e56c1513"},"description":"Ego\u00edsmo disfar\u00e7ado: Descubra os sinais de comunica\u00e7\u00e3o que podem envenenar suas rela\u00e7\u00f5es e proteja sua sa\u00fade mental com dicas essenciais.","breadcrumb":{"@id":"https:\/\/www.correiobraziliense.com.br\/cbradar\/essas-15-frases-mostram-que-alguem-so-pensa-em-si-mesmo\/#breadcrumb"},"inLanguage":"pt-BR","potentialAction":[{"@type":"ReadAction","target":["https:\/\/www.correiobraziliense.com.br\/cbradar\/essas-15-frases-mostram-que-alguem-so-pensa-em-si-mesmo\/"]}]},{"@type":"ImageObject","inLanguage":"pt-BR","@id":"https:\/\/www.correiobraziliense.com.br\/cbradar\/essas-15-frases-mostram-que-alguem-so-pensa-em-si-mesmo\/#primaryimage","url":"https:\/\/www.correiobraziliense.com.br\/cbradar\/wp-content\/uploads\/2025\/10\/pessoas-discutindo_1760004984742.jpg","contentUrl":"https:\/\/www.correiobraziliense.com.br\/cbradar\/wp-content\/uploads\/2025\/10\/pessoas-discutindo_1760004984742.jpg","width":1280,"height":720,"caption":"pessoas discutindo. Cr\u00e9ditos: depositphotos.com \/ Milkos"},{"@type":"BreadcrumbList","@id":"https:\/\/www.correiobraziliense.com.br\/cbradar\/essas-15-frases-mostram-que-alguem-so-pensa-em-si-mesmo\/#breadcrumb","itemListElement":[{"@type":"ListItem","position":1,"name":"In\u00edcio","item":"https:\/\/www.correiobraziliense.com.br\/cbradar\/"},{"@type":"ListItem","position":2,"name":"Essas 15 frases mostram que algu\u00e9m s\u00f3 pensa em si mesmo"}]},{"@type":"WebSite","@id":"https:\/\/www.correiobraziliense.com.br\/cbradar\/#website","url":"https:\/\/www.correiobraziliense.com.br\/cbradar\/","name":"Correio Braziliense - Radar","description":"Acompanhe as \u00faltimas not\u00edcias e fique bem informado sobre tudo o que acontece no Brasil e no mundo.","potentialAction":[{"@type":"SearchAction","target":{"@type":"EntryPoint","urlTemplate":"https:\/\/www.correiobraziliense.com.br\/cbradar\/?s={search_term_string}"},"query-input":{"@type":"PropertyValueSpecification","valueRequired":true,"valueName":"search_term_string"}}],"inLanguage":"pt-BR"},{"@type":"Person","@id":"https:\/\/www.correiobraziliense.com.br\/cbradar\/#\/schema\/person\/58422787644df994b53a19d3e56c1513","name":"Larissa Carvalho","image":{"@type":"ImageObject","inLanguage":"pt-BR","@id":"https:\/\/www.correiobraziliense.com.br\/cbradar\/#\/schema\/person\/image\/","url":"https:\/\/secure.gravatar.com\/avatar\/fe4f91a0de32b52a838d0d612abdc1aa?s=96&d=mm&r=g","contentUrl":"https:\/\/secure.gravatar.com\/avatar\/fe4f91a0de32b52a838d0d612abdc1aa?s=96&d=mm&r=g","caption":"Larissa Carvalho"},"url":"https:\/\/www.correiobraziliense.com.br\/cbradar\/author\/larissamyth\/"}]}},"_links":{"self":[{"href":"https:\/\/www.correiobraziliense.com.br\/cbradar\/wp-json\/wp\/v2\/posts\/116297","targetHints":{"allow":["GET"]}}],"collection":[{"href":"https:\/\/www.correiobraziliense.com.br\/cbradar\/wp-json\/wp\/v2\/posts"}],"about":[{"href":"https:\/\/www.correiobraziliense.com.br\/cbradar\/wp-json\/wp\/v2\/types\/post"}],"author":[{"embeddable":true,"href":"https:\/\/www.correiobraziliense.com.br\/cbradar\/wp-json\/wp\/v2\/users\/3"}],"replies":[{"embeddable":true,"href":"https:\/\/www.correiobraziliense.com.br\/cbradar\/wp-json\/wp\/v2\/comments?post=116297"}],"version-history":[{"count":2,"href":"https:\/\/www.correiobraziliense.com.br\/cbradar\/wp-json\/wp\/v2\/posts\/116297\/revisions"}],"predecessor-version":[{"id":116301,"href":"https:\/\/www.correiobraziliense.com.br\/cbradar\/wp-json\/wp\/v2\/posts\/116297\/revisions\/116301"}],"wp:featuredmedia":[{"embeddable":true,"href":"https:\/\/www.correiobraziliense.com.br\/cbradar\/wp-json\/wp\/v2\/media\/116299"}],"wp:attachment":[{"href":"https:\/\/www.correiobraziliense.com.br\/cbradar\/wp-json\/wp\/v2\/media?parent=116297"}],"wp:term":[{"taxonomy":"category","embeddable":true,"href":"https:\/\/www.correiobraziliense.com.br\/cbradar\/wp-json\/wp\/v2\/categories?post=116297"},{"taxonomy":"post_tag","embeddable":true,"href":"https:\/\/www.correiobraziliense.com.br\/cbradar\/wp-json\/wp\/v2\/tags?post=116297"}],"curies":[{"name":"wp","href":"https:\/\/api.w.org\/{rel}","templated":true}]}}