{"id":116374,"date":"2025-10-10T18:05:00","date_gmt":"2025-10-10T21:05:00","guid":{"rendered":"https:\/\/www.correiobraziliense.com.br\/cbradar\/?p=116374"},"modified":"2025-10-09T13:43:04","modified_gmt":"2025-10-09T16:43:04","slug":"os-destinos-mais-autenticos-do-brasil-para-amantes-de-cafe-e-cachaca","status":"publish","type":"post","link":"https:\/\/www.correiobraziliense.com.br\/cbradar\/os-destinos-mais-autenticos-do-brasil-para-amantes-de-cafe-e-cachaca\/","title":{"rendered":"Os destinos mais aut\u00eanticos do Brasil para amantes de caf\u00e9 e cacha\u00e7a"},"content":{"rendered":"\n<p>Explorar o <strong>Brasil<\/strong> \u00e9 descobrir uma riqueza de <strong>sabores <\/strong>e <strong>tradi\u00e7\u00f5es <\/strong>que se refletem em suas <strong>bebidas locais<\/strong>. Para os aficionados por cacha\u00e7a artesanal e caf\u00e9s especiais, o pa\u00eds oferece uma diversidade de destinos encantadores. Esta jornada \u00e9 uma oportunidade de mergulhar na <strong>cultura <\/strong>e <strong>hist\u00f3ria <\/strong>por tr\u00e1s desses produtos aut\u00eanticos. A seguir, conhe\u00e7a lugares imperd\u00edveis para desfrutar dessas experi\u00eancias.<\/p>\n\n\n\n<ul class=\"wp-block-list\">\n<li><strong>Ouro Preto<\/strong>, <strong>Minas Gerais<\/strong>: refer\u00eancia em cacha\u00e7as artesanais com tradi\u00e7\u00f5es centen\u00e1rias.<\/li>\n\n\n\n<li><strong>S\u00e3o Louren\u00e7o<\/strong>, Minas Gerais: conhecida por caf\u00e9s especiais de alta qualidade.<\/li>\n\n\n\n<li><strong>Paraty<\/strong>, <strong>Rio de Janeiro<\/strong>: um destino tradicional para a produ\u00e7\u00e3o de cacha\u00e7a.<\/li>\n<\/ul>\n\n\n\n<h2 class=\"wp-block-heading\">Ouro Preto \u00e9 mesmo a capital da cacha\u00e7a artesanal?<\/h2>\n\n\n\n<p>No cora\u00e7\u00e3o de Minas Gerais, <strong>Ouro Preto<\/strong> destaca-se como um dos polos mais significativos na produ\u00e7\u00e3o de cacha\u00e7a artesanal no Brasil. Visitantes podem desfrutar de passeios por alambiques hist\u00f3ricos, onde o processo produtivo \u00e9 guiado pelas t\u00e9cnicas passadas de gera\u00e7\u00e3o em gera\u00e7\u00e3o. Cada garrafa conta uma hist\u00f3ria, marcada pelo sabor \u00fanico e aut\u00eantico da cana-de-a\u00e7\u00facar local.<\/p>\n\n\n\n<p>Al\u00e9m disso, <strong>a cidade oferece festivais e feiras anuais dedicadas \u00e0 bebida<\/strong>, atraindo turistas de todas as partes do mundo. Para os interessados, \u00e9 poss\u00edvel participar de degusta\u00e7\u00f5es orientadas por especialistas, que ensinam a identificar nuances de sabor e aroma em cada r\u00f3tulo. Um evento de destaque \u00e9 o Festival da Cacha\u00e7a de Ouro Preto, que ocorre tradicionalmente em agosto e celebra a pluralidade de produtores locais.<\/p>\n\n\n<div class=\"wp-block-image\">\n<figure class=\"aligncenter size-large\"><img decoding=\"async\" width=\"1024\" height=\"576\" src=\"https:\/\/www.correiobraziliense.com.br\/cbradar\/wp-content\/uploads\/2025\/07\/Paraty_1752595956723-1024x576.jpg\" alt=\"Lugares no Brasil que viraram cen\u00e1rio de filmes e s\u00e9ries famosos\" class=\"wp-image-70497\" srcset=\"https:\/\/www.correiobraziliense.com.br\/cbradar\/wp-content\/uploads\/2025\/07\/Paraty_1752595956723-1024x576.jpg 1024w, https:\/\/www.correiobraziliense.com.br\/cbradar\/wp-content\/uploads\/2025\/07\/Paraty_1752595956723-300x169.jpg 300w, https:\/\/www.correiobraziliense.com.br\/cbradar\/wp-content\/uploads\/2025\/07\/Paraty_1752595956723-768x432.jpg 768w, https:\/\/www.correiobraziliense.com.br\/cbradar\/wp-content\/uploads\/2025\/07\/Paraty_1752595956723-750x422.jpg 750w, https:\/\/www.correiobraziliense.com.br\/cbradar\/wp-content\/uploads\/2025\/07\/Paraty_1752595956723-1140x641.jpg 1140w, https:\/\/www.correiobraziliense.com.br\/cbradar\/wp-content\/uploads\/2025\/07\/Paraty_1752595956723.jpg 1280w\" sizes=\"(max-width: 1024px) 100vw, 1024px\" \/><figcaption class=\"wp-element-caption\">Paraty &#8211; Cr\u00e9ditos: depositphotos.com \/ dabldy<\/figcaption><\/figure><\/div>\n\n\n<h2 class=\"wp-block-heading\">O que torna os caf\u00e9s de S\u00e3o Louren\u00e7o \u00fanicos?<\/h2>\n\n\n\n<p><strong>S\u00e3o Louren\u00e7o<\/strong>, tamb\u00e9m localizada em <strong>Minas Gerais, \u00e9 outro destino cobi\u00e7ado por aqueles que buscam caf\u00e9s especiais<\/strong>. A regi\u00e3o, favorecida pelo clima e altitude, se destaca pela produ\u00e7\u00e3o de gr\u00e3os de alt\u00edssima qualidade. Aqui, o cultivo do caf\u00e9 segue t\u00e9cnicas sustent\u00e1veis que respeitam o meio ambiente, garantindo um produto final saboroso e com responsabilidade ambiental.<\/p>\n\n\n\n<p>Os visitantes podem conhecer as fazendas cafeeiras, participar de tours e degustar variedades exclusivas, acompanhados por especialistas que elucidam o processo do gr\u00e3o \u00e0 x\u00edcara. Este contato direto com os produtores oferece uma nova perspectiva sobre o <strong>esfor\u00e7o <\/strong>e a <strong>paix\u00e3o <\/strong>que envolvem o cultivo de caf\u00e9s especiais. <strong>S\u00e3o Louren\u00e7o<\/strong> tamb\u00e9m promove o <strong>Festival Nacional do Caf\u00e9 Especial<\/strong>, um dos eventos mais esperados do calend\u00e1rio anual da cidade, reunindo <strong>baristas<\/strong>, produtores e entusiastas do caf\u00e9.<\/p>\n\n\n\n<h2 class=\"wp-block-heading\">Como Paraty mant\u00e9m viva a tradi\u00e7\u00e3o da cacha\u00e7a?<\/h2>\n\n\n\n<p>A charmosa <strong>Paraty<\/strong>, situada no estado do <strong>Rio de Janeiro<\/strong>, \u00e9 famosa n\u00e3o apenas por seus cen\u00e1rios pitorescos, mas tamb\u00e9m por sua tradi\u00e7\u00e3o na produ\u00e7\u00e3o de cacha\u00e7a. A regi\u00e3o abriga muitos alambiques familiares, que abrem suas portas ao turismo, mostrando as etapas de fabrica\u00e7\u00e3o e permitindo entender o delicado equil\u00edbrio entre tradi\u00e7\u00e3o e inova\u00e7\u00e3o na produ\u00e7\u00e3o artesanal.<\/p>\n\n\n\n<p>Cada visita a Paraty \u00e9 uma oportunidade de provar diferentes tipos de cacha\u00e7a, incluindo algumas variedades envelhecidas em barris de madeira, que proporcionam sabores complexos e profundos. <strong>A cidade celebra essa bebida em eventos e festivais anuais<\/strong>, como o <strong>Festival da Pinga de Paraty<\/strong>, onde visitantes podem mergulhar completamente na cultura local.<\/p>\n\n\n\n<p>Leia tamb\u00e9m: <a href=\"https:\/\/www.correiobraziliense.com.br\/cbradar\/cidade-goiana-de-industria-forte-se-destaca-com-oportunidades-de-emprego\/\" target=\"_blank\" rel=\"noreferrer noopener\">Cidade goiana de ind\u00fastria forte se destaca com oportunidades de emprego<\/a><\/p>\n\n\n\n<h2 class=\"wp-block-heading\">Por que explorar a cultura e os sabores desses destinos?<\/h2>\n\n\n\n<ul class=\"wp-block-list\">\n<li><strong>Descoberta e Aprendizado:<\/strong> cada destino oferece experi\u00eancias \u00fanicas de aprendizado sobre a produ\u00e7\u00e3o artesanal.<\/li>\n\n\n\n<li><strong>Envolvimento Cultural:<\/strong> festivais e visitas promovem um imersivo contato com as tradi\u00e7\u00f5es locais.<\/li>\n\n\n\n<li><strong>Conex\u00e3o Sustent\u00e1vel:<\/strong> os rituais de produ\u00e7\u00e3o respeitam o meio ambiente, impulsionando o turismo respons\u00e1vel.<\/li>\n<\/ul>\n\n\n\n<p>Os destinos explorados oferecem mais do que simples degusta\u00e7\u00f5es. Eles promovem uma conex\u00e3o \u00edntima com a cultura brasileira, contando hist\u00f3rias de paix\u00e3o e cuidado atrav\u00e9s de cada gole e se permitindo vivenciar essa tradi\u00e7\u00e3o de formas aut\u00eanticas e significativas.<\/p>\n","protected":false},"excerpt":{"rendered":"<p>Explorar o Brasil \u00e9 descobrir uma riqueza de sabores e tradi\u00e7\u00f5es que se refletem em suas bebidas locais. Para os aficionados por cacha\u00e7a artesanal e caf\u00e9s especiais, o pa\u00eds oferece uma diversidade de destinos encantadores. Esta jornada \u00e9 uma oportunidade de mergulhar na cultura e hist\u00f3ria por tr\u00e1s desses produtos aut\u00eanticos. A seguir, conhe\u00e7a lugares [&hellip;]<\/p>\n","protected":false},"author":9,"featured_media":60341,"comment_status":"open","ping_status":"open","sticky":false,"template":"","format":"standard","meta":{"_yoast_wpseo_focuskw":"Ouro Preto","_yoast_wpseo_title":"%%title%% %%page%%","_yoast_wpseo_metadesc":"Explore Ouro Preto, Paraty e S\u00e3o Louren\u00e7o para descobrir cacha\u00e7a artesanal e caf\u00e9s especiais, mergulhando na cultura e sabores brasileiros.","jnews-multi-image_gallery":[],"jnews_single_post":{"format":"standard"},"jnews_primary_category":[],"jnews_social_meta":[],"jnews_override_counter":[],"footnotes":""},"categories":[112,111],"post_tag":[8536,8534,8535,315],"class_list":["post-116374","post","type-post","status-publish","format-standard","has-post-thumbnail","hentry","category-curiosidades","category-turismo","tag-bebidas-artesanais","tag-cachaca","tag-cafes-especiais","tag-turismo"],"yoast_head":"<!-- This site is optimized with the Yoast SEO plugin v24.6 - https:\/\/yoast.com\/wordpress\/plugins\/seo\/ -->\n<title>Os destinos mais aut\u00eanticos do Brasil para amantes de caf\u00e9 e cacha\u00e7a<\/title>\n<meta name=\"description\" content=\"Explore Ouro Preto, Paraty e S\u00e3o Louren\u00e7o para descobrir cacha\u00e7a artesanal e caf\u00e9s especiais, mergulhando na cultura e sabores brasileiros.\" \/>\n<meta name=\"robots\" content=\"index, follow, max-snippet:-1, max-image-preview:large, max-video-preview:-1\" \/>\n<link rel=\"canonical\" href=\"https:\/\/www.correiobraziliense.com.br\/cbradar\/os-destinos-mais-autenticos-do-brasil-para-amantes-de-cafe-e-cachaca\/\" \/>\n<meta property=\"og:locale\" content=\"pt_BR\" \/>\n<meta property=\"og:type\" content=\"article\" \/>\n<meta property=\"og:title\" content=\"Os destinos mais aut\u00eanticos do Brasil para amantes de caf\u00e9 e cacha\u00e7a\" \/>\n<meta property=\"og:description\" content=\"Explore Ouro Preto, Paraty e S\u00e3o Louren\u00e7o para descobrir cacha\u00e7a artesanal e caf\u00e9s especiais, mergulhando na cultura e sabores brasileiros.\" \/>\n<meta property=\"og:url\" content=\"https:\/\/www.correiobraziliense.com.br\/cbradar\/os-destinos-mais-autenticos-do-brasil-para-amantes-de-cafe-e-cachaca\/\" \/>\n<meta property=\"og:site_name\" content=\"Correio Braziliense - Radar\" \/>\n<meta property=\"article:published_time\" content=\"2025-10-10T21:05:00+00:00\" \/>\n<meta property=\"og:image\" content=\"https:\/\/www.correiobraziliense.com.br\/cbradar\/wp-content\/uploads\/2025\/06\/Ouro-Preto-em-Minas-Gerais_1751051511375.jpg\" \/>\n\t<meta property=\"og:image:width\" content=\"1280\" \/>\n\t<meta property=\"og:image:height\" content=\"720\" \/>\n\t<meta property=\"og:image:type\" content=\"image\/jpeg\" \/>\n<meta name=\"author\" content=\"Daniely Cardoso\" \/>\n<meta name=\"twitter:card\" content=\"summary_large_image\" \/>\n<meta name=\"twitter:label1\" content=\"Escrito por\" \/>\n\t<meta name=\"twitter:data1\" content=\"Daniely Cardoso\" \/>\n\t<meta name=\"twitter:label2\" content=\"Est. tempo de leitura\" \/>\n\t<meta name=\"twitter:data2\" content=\"4 minutos\" \/>\n<!-- \/ Yoast SEO plugin. -->","yoast_head_json":{"title":"Os destinos mais aut\u00eanticos do Brasil para amantes de caf\u00e9 e cacha\u00e7a","description":"Explore Ouro Preto, Paraty e S\u00e3o Louren\u00e7o para descobrir cacha\u00e7a artesanal e caf\u00e9s especiais, mergulhando na cultura e sabores brasileiros.","robots":{"index":"index","follow":"follow","max-snippet":"max-snippet:-1","max-image-preview":"max-image-preview:large","max-video-preview":"max-video-preview:-1"},"canonical":"https:\/\/www.correiobraziliense.com.br\/cbradar\/os-destinos-mais-autenticos-do-brasil-para-amantes-de-cafe-e-cachaca\/","og_locale":"pt_BR","og_type":"article","og_title":"Os destinos mais aut\u00eanticos do Brasil para amantes de caf\u00e9 e cacha\u00e7a","og_description":"Explore Ouro Preto, Paraty e S\u00e3o Louren\u00e7o para descobrir cacha\u00e7a artesanal e caf\u00e9s especiais, mergulhando na cultura e sabores brasileiros.","og_url":"https:\/\/www.correiobraziliense.com.br\/cbradar\/os-destinos-mais-autenticos-do-brasil-para-amantes-de-cafe-e-cachaca\/","og_site_name":"Correio Braziliense - Radar","article_published_time":"2025-10-10T21:05:00+00:00","og_image":[{"width":1280,"height":720,"url":"https:\/\/www.correiobraziliense.com.br\/cbradar\/wp-content\/uploads\/2025\/06\/Ouro-Preto-em-Minas-Gerais_1751051511375.jpg","type":"image\/jpeg"}],"author":"Daniely Cardoso","twitter_card":"summary_large_image","twitter_misc":{"Escrito por":"Daniely Cardoso","Est. tempo de leitura":"4 minutos"},"schema":{"@context":"https:\/\/schema.org","@graph":[{"@type":"WebPage","@id":"https:\/\/www.correiobraziliense.com.br\/cbradar\/os-destinos-mais-autenticos-do-brasil-para-amantes-de-cafe-e-cachaca\/","url":"https:\/\/www.correiobraziliense.com.br\/cbradar\/os-destinos-mais-autenticos-do-brasil-para-amantes-de-cafe-e-cachaca\/","name":"Os destinos mais aut\u00eanticos do Brasil para amantes de caf\u00e9 e cacha\u00e7a","isPartOf":{"@id":"https:\/\/www.correiobraziliense.com.br\/cbradar\/#website"},"primaryImageOfPage":{"@id":"https:\/\/www.correiobraziliense.com.br\/cbradar\/os-destinos-mais-autenticos-do-brasil-para-amantes-de-cafe-e-cachaca\/#primaryimage"},"image":{"@id":"https:\/\/www.correiobraziliense.com.br\/cbradar\/os-destinos-mais-autenticos-do-brasil-para-amantes-de-cafe-e-cachaca\/#primaryimage"},"thumbnailUrl":"https:\/\/www.correiobraziliense.com.br\/cbradar\/wp-content\/uploads\/2025\/06\/Ouro-Preto-em-Minas-Gerais_1751051511375.jpg","datePublished":"2025-10-10T21:05:00+00:00","author":{"@id":"https:\/\/www.correiobraziliense.com.br\/cbradar\/#\/schema\/person\/7356666e12ec0ee53f348ee5db227032"},"description":"Explore Ouro Preto, Paraty e S\u00e3o Louren\u00e7o para descobrir cacha\u00e7a artesanal e caf\u00e9s especiais, mergulhando na cultura e sabores brasileiros.","breadcrumb":{"@id":"https:\/\/www.correiobraziliense.com.br\/cbradar\/os-destinos-mais-autenticos-do-brasil-para-amantes-de-cafe-e-cachaca\/#breadcrumb"},"inLanguage":"pt-BR","potentialAction":[{"@type":"ReadAction","target":["https:\/\/www.correiobraziliense.com.br\/cbradar\/os-destinos-mais-autenticos-do-brasil-para-amantes-de-cafe-e-cachaca\/"]}]},{"@type":"ImageObject","inLanguage":"pt-BR","@id":"https:\/\/www.correiobraziliense.com.br\/cbradar\/os-destinos-mais-autenticos-do-brasil-para-amantes-de-cafe-e-cachaca\/#primaryimage","url":"https:\/\/www.correiobraziliense.com.br\/cbradar\/wp-content\/uploads\/2025\/06\/Ouro-Preto-em-Minas-Gerais_1751051511375.jpg","contentUrl":"https:\/\/www.correiobraziliense.com.br\/cbradar\/wp-content\/uploads\/2025\/06\/Ouro-Preto-em-Minas-Gerais_1751051511375.jpg","width":1280,"height":720,"caption":"Ouro Preto, MG - Cr\u00e9ditos: depositphotos.com \/ cesarvr"},{"@type":"BreadcrumbList","@id":"https:\/\/www.correiobraziliense.com.br\/cbradar\/os-destinos-mais-autenticos-do-brasil-para-amantes-de-cafe-e-cachaca\/#breadcrumb","itemListElement":[{"@type":"ListItem","position":1,"name":"In\u00edcio","item":"https:\/\/www.correiobraziliense.com.br\/cbradar\/"},{"@type":"ListItem","position":2,"name":"Os destinos mais aut\u00eanticos do Brasil para amantes de caf\u00e9 e cacha\u00e7a"}]},{"@type":"WebSite","@id":"https:\/\/www.correiobraziliense.com.br\/cbradar\/#website","url":"https:\/\/www.correiobraziliense.com.br\/cbradar\/","name":"Correio Braziliense - Radar","description":"Acompanhe as \u00faltimas not\u00edcias e fique bem informado sobre tudo o que acontece no Brasil e no mundo.","potentialAction":[{"@type":"SearchAction","target":{"@type":"EntryPoint","urlTemplate":"https:\/\/www.correiobraziliense.com.br\/cbradar\/?s={search_term_string}"},"query-input":{"@type":"PropertyValueSpecification","valueRequired":true,"valueName":"search_term_string"}}],"inLanguage":"pt-BR"},{"@type":"Person","@id":"https:\/\/www.correiobraziliense.com.br\/cbradar\/#\/schema\/person\/7356666e12ec0ee53f348ee5db227032","name":"Daniely Cardoso","image":{"@type":"ImageObject","inLanguage":"pt-BR","@id":"https:\/\/www.correiobraziliense.com.br\/cbradar\/#\/schema\/person\/image\/","url":"https:\/\/secure.gravatar.com\/avatar\/4b80ddbd124d1f071b626d52d62e5dff?s=96&d=mm&r=g","contentUrl":"https:\/\/secure.gravatar.com\/avatar\/4b80ddbd124d1f071b626d52d62e5dff?s=96&d=mm&r=g","caption":"Daniely Cardoso"},"description":"Redatora nos portais CB Radar e EM Foco, formada pela Universidade Federal de Goi\u00e1s, em Goi\u00e2nia. Apaixonada por comunica\u00e7\u00e3o, arte, decora\u00e7\u00e3o e tend\u00eancias, atuo na produ\u00e7\u00e3o de conte\u00fados envolventes sobre curiosidades, moda, beleza e paisagismo, sempre com um olhar atento \u00e0s novidades do momento.","sameAs":["https:\/\/www.correiobraziliense.com.br\/cbradar"],"url":"https:\/\/www.correiobraziliense.com.br\/cbradar\/author\/danielymyth\/"}]}},"_links":{"self":[{"href":"https:\/\/www.correiobraziliense.com.br\/cbradar\/wp-json\/wp\/v2\/posts\/116374","targetHints":{"allow":["GET"]}}],"collection":[{"href":"https:\/\/www.correiobraziliense.com.br\/cbradar\/wp-json\/wp\/v2\/posts"}],"about":[{"href":"https:\/\/www.correiobraziliense.com.br\/cbradar\/wp-json\/wp\/v2\/types\/post"}],"author":[{"embeddable":true,"href":"https:\/\/www.correiobraziliense.com.br\/cbradar\/wp-json\/wp\/v2\/users\/9"}],"replies":[{"embeddable":true,"href":"https:\/\/www.correiobraziliense.com.br\/cbradar\/wp-json\/wp\/v2\/comments?post=116374"}],"version-history":[{"count":2,"href":"https:\/\/www.correiobraziliense.com.br\/cbradar\/wp-json\/wp\/v2\/posts\/116374\/revisions"}],"predecessor-version":[{"id":116379,"href":"https:\/\/www.correiobraziliense.com.br\/cbradar\/wp-json\/wp\/v2\/posts\/116374\/revisions\/116379"}],"wp:featuredmedia":[{"embeddable":true,"href":"https:\/\/www.correiobraziliense.com.br\/cbradar\/wp-json\/wp\/v2\/media\/60341"}],"wp:attachment":[{"href":"https:\/\/www.correiobraziliense.com.br\/cbradar\/wp-json\/wp\/v2\/media?parent=116374"}],"wp:term":[{"taxonomy":"category","embeddable":true,"href":"https:\/\/www.correiobraziliense.com.br\/cbradar\/wp-json\/wp\/v2\/categories?post=116374"},{"taxonomy":"post_tag","embeddable":true,"href":"https:\/\/www.correiobraziliense.com.br\/cbradar\/wp-json\/wp\/v2\/post_tag?post=116374"}],"curies":[{"name":"wp","href":"https:\/\/api.w.org\/{rel}","templated":true}]}}