{"id":11642,"date":"2025-03-13T08:23:00","date_gmt":"2025-03-13T11:23:00","guid":{"rendered":"https:\/\/www.correiobraziliense.com.br\/cbradar\/?p=11642"},"modified":"2025-03-12T14:03:05","modified_gmt":"2025-03-12T17:03:05","slug":"quando-e-o-momento-certo-para-trocar-os-pneus-do-carro","status":"publish","type":"post","link":"https:\/\/www.correiobraziliense.com.br\/cbradar\/quando-e-o-momento-certo-para-trocar-os-pneus-do-carro\/","title":{"rendered":"Quando \u00e9 o momento certo para trocar os pneus do carro?"},"content":{"rendered":"\n<p>Trocar os pneus do carro no momento adequado \u00e9 crucial para garantir a seguran\u00e7a no tr\u00e2nsito e evitar infra\u00e7\u00f5es. Pneus desgastados podem comprometer a estabilidade do ve\u00edculo e aumentar o risco de acidentes. Al\u00e9m disso, conduzir com pneus carecas \u00e9 considerado uma infra\u00e7\u00e3o grave, sujeita a multa e reten\u00e7\u00e3o do ve\u00edculo. Portanto, \u00e9 essencial estar atento \u00e0s condi\u00e7\u00f5es dos pneus e realizar a troca quando necess\u00e1rio.<\/p>\n\n\n\n<p>A troca dos pneus deve ser feita com base no desgaste da borracha. Em geral, recomenda-se substituir os pneus a cada 60 mil quil\u00f4metros rodados. No entanto, essa quilometragem pode variar dependendo das condi\u00e7\u00f5es de uso e manuten\u00e7\u00e3o do ve\u00edculo. Verificar regularmente a profundidade dos sulcos \u00e9 uma pr\u00e1tica importante para determinar o momento certo da troca.<\/p>\n\n\n\n<h2 class=\"wp-block-heading\"><strong>Como identificar o desgaste dos pneus?<\/strong><\/h2>\n\n\n\n<p>A profundidade dos sulcos dos pneus \u00e9 um indicador confi\u00e1vel de desgaste. Os sulcos s\u00e3o respons\u00e1veis por garantir a ader\u00eancia ao asfalto e drenar a \u00e1gua, evitando aquaplanagem. Quando os sulcos atingem uma profundidade de 1,6 mil\u00edmetros, \u00e9 hora de substituir os pneus. Para facilitar essa medi\u00e7\u00e3o, os pneus possuem o <strong>Tread Wear Indicator (TWI)<\/strong>, que indica o limite de desgaste.<\/p>\n\n\n\n<p>Al\u00e9m disso, \u00e9 importante estar atento a sinais como bolhas, cortes ou furos nos pneus. Bolhas indicam um rompimento das fibras internas, o que pode comprometer a seguran\u00e7a. Cortes e furos, especialmente na lateral do pneu, tamb\u00e9m s\u00e3o preocupantes e podem exigir a substitui\u00e7\u00e3o imediata do pneu.<\/p>\n\n\n\n<figure class=\"wp-block-image size-large\"><img decoding=\"async\" width=\"1024\" height=\"576\" src=\"https:\/\/www.correiobraziliense.com.br\/cbradar\/wp-content\/uploads\/2025\/03\/pneus_1741770791958-1024x576.jpg\" alt=\"Quando \u00e9 o momento certo para trocar os pneus do carro?\" class=\"wp-image-11645\" srcset=\"https:\/\/www.correiobraziliense.com.br\/cbradar\/wp-content\/uploads\/2025\/03\/pneus_1741770791958-1024x576.jpg 1024w, https:\/\/www.correiobraziliense.com.br\/cbradar\/wp-content\/uploads\/2025\/03\/pneus_1741770791958-300x169.jpg 300w, https:\/\/www.correiobraziliense.com.br\/cbradar\/wp-content\/uploads\/2025\/03\/pneus_1741770791958-768x432.jpg 768w, https:\/\/www.correiobraziliense.com.br\/cbradar\/wp-content\/uploads\/2025\/03\/pneus_1741770791958-750x422.jpg 750w, https:\/\/www.correiobraziliense.com.br\/cbradar\/wp-content\/uploads\/2025\/03\/pneus_1741770791958-1140x641.jpg 1140w, https:\/\/www.correiobraziliense.com.br\/cbradar\/wp-content\/uploads\/2025\/03\/pneus_1741770791958.jpg 1280w\" sizes=\"(max-width: 1024px) 100vw, 1024px\" \/><figcaption class=\"wp-element-caption\">Pneus do carro. Cr\u00e9ditos: depositphotos.com \/ VitalikRadko<\/figcaption><\/figure>\n\n\n\n<h2 class=\"wp-block-heading\"><strong>Qual \u00e9 a durabilidade de um pneu novo?<\/strong><\/h2>\n\n\n\n<p>Os pneus possuem uma data de validade que deve ser respeitada para garantir a seguran\u00e7a. Em geral, um pneu pode ser utilizado por at\u00e9 cinco anos ap\u00f3s a sua fabrica\u00e7\u00e3o. Essa informa\u00e7\u00e3o pode ser verificada na lateral do pneu, pr\u00f3ximo \u00e0 sigla &#8220;DOT&#8221;, que indica a semana e o ano de fabrica\u00e7\u00e3o. Passado esse per\u00edodo, a troca \u00e9 recomendada, independentemente do estado de desgaste.<\/p>\n\n\n\n<p>Existem diferentes tipos de banda de rodagem, como assim\u00e9trica, sim\u00e9trica e direcional, que influenciam na escolha do pneu ideal para cada ve\u00edculo. Cada tipo oferece caracter\u00edsticas espec\u00edficas de desempenho e ader\u00eancia, sendo importante considerar essas diferen\u00e7as na hora da compra.<\/p>\n\n\n\n<h2 class=\"wp-block-heading\"><strong>Como prolongar a vida \u00fatil dos pneus?<\/strong><\/h2>\n\n\n\n<p>Algumas pr\u00e1ticas podem ajudar a prolongar a vida \u00fatil dos pneus, reduzindo o desgaste e garantindo uma condu\u00e7\u00e3o mais segura. Entre elas, destaca-se o uso de pneus iguais nos quatro eixos, o que proporciona equil\u00edbrio e estabilidade ao ve\u00edculo. Al\u00e9m disso, realizar o rod\u00edzio dos pneus a cada 10 mil quil\u00f4metros ajuda a equilibrar o desgaste entre eles.<\/p>\n\n\n\n<p>Outras medidas incluem o alinhamento e balanceamento regulares do ve\u00edculo, que evitam o desgaste irregular dos pneus. A calibragem dos pneus a cada 15 dias tamb\u00e9m \u00e9 essencial, pois pneus calibrados reduzem o consumo de combust\u00edvel e o desgaste da borracha. Evitar carregar peso desnecess\u00e1rio e dirigir de forma defensiva s\u00e3o outras pr\u00e1ticas que contribuem para a durabilidade dos pneus.<\/p>\n\n\n\n<h2 class=\"wp-block-heading\"><strong>Por que os pneus novos devem ser colocados no eixo traseiro?<\/strong><\/h2>\n\n\n\n<p>Quando n\u00e3o \u00e9 poss\u00edvel trocar todos os pneus ao mesmo tempo, \u00e9 recomend\u00e1vel colocar os pneus novos no eixo traseiro. Isso porque o eixo traseiro \u00e9 respons\u00e1vel por garantir maior ader\u00eancia nas curvas e manter a estabilidade do ve\u00edculo. Os pneus que estavam na traseira devem ser movidos para o eixo frontal, garantindo um desgaste mais uniforme e seguro.<\/p>\n\n\n\n<p>Seguir essas recomenda\u00e7\u00f5es e estar atento ao estado dos pneus s\u00e3o medidas essenciais para garantir a seguran\u00e7a no tr\u00e2nsito e prolongar a vida \u00fatil dos pneus. Manter os pneus em boas condi\u00e7\u00f5es n\u00e3o s\u00f3 evita multas e infra\u00e7\u00f5es, mas tamb\u00e9m protege a vida dos passageiros e de outros motoristas.<\/p>\n","protected":false},"excerpt":{"rendered":"<p>Saiba quando e por que trocar seus pneus, e outras dicas para garantir a seguran\u00e7a do seu ve\u00edculo. N\u00e3o se esque\u00e7a dos pneus!<\/p>\n","protected":false},"author":3,"featured_media":11643,"comment_status":"open","ping_status":"open","sticky":false,"template":"","format":"standard","meta":{"_yoast_wpseo_focuskw":"momento certo trocar pneus","_yoast_wpseo_title":"%%title%%","_yoast_wpseo_metadesc":"Saiba quando e por que trocar seus pneus, e outras dicas para garantir a seguran\u00e7a do seu ve\u00edculo. N\u00e3o se esque\u00e7a dos pneus!","jnews-multi-image_gallery":[],"jnews_single_post":{"format":"standard"},"jnews_primary_category":[],"jnews_social_meta":[],"jnews_override_counter":[],"footnotes":""},"categories":[122],"post_tag":[123,1840],"class_list":["post-11642","post","type-post","status-publish","format-standard","has-post-thumbnail","hentry","category-automobilismo","tag-carros","tag-pneus"],"yoast_head":"<!-- This site is optimized with the Yoast SEO plugin v24.6 - https:\/\/yoast.com\/wordpress\/plugins\/seo\/ -->\n<title>Quando \u00e9 o momento certo para trocar os pneus do carro?<\/title>\n<meta name=\"description\" content=\"Saiba quando e por que trocar seus pneus, e outras dicas para garantir a seguran\u00e7a do seu ve\u00edculo. N\u00e3o se esque\u00e7a dos pneus!\" \/>\n<meta name=\"robots\" content=\"index, follow, max-snippet:-1, max-image-preview:large, max-video-preview:-1\" \/>\n<link rel=\"canonical\" href=\"https:\/\/www.correiobraziliense.com.br\/cbradar\/quando-e-o-momento-certo-para-trocar-os-pneus-do-carro\/\" \/>\n<meta property=\"og:locale\" content=\"pt_BR\" \/>\n<meta property=\"og:type\" content=\"article\" \/>\n<meta property=\"og:title\" content=\"Quando \u00e9 o momento certo para trocar os pneus do carro?\" \/>\n<meta property=\"og:description\" content=\"Saiba quando e por que trocar seus pneus, e outras dicas para garantir a seguran\u00e7a do seu ve\u00edculo. N\u00e3o se esque\u00e7a dos pneus!\" \/>\n<meta property=\"og:url\" content=\"https:\/\/www.correiobraziliense.com.br\/cbradar\/quando-e-o-momento-certo-para-trocar-os-pneus-do-carro\/\" \/>\n<meta property=\"og:site_name\" content=\"Correio Braziliense - Radar\" \/>\n<meta property=\"article:published_time\" content=\"2025-03-13T11:23:00+00:00\" \/>\n<meta property=\"og:image\" content=\"https:\/\/www.correiobraziliense.com.br\/cbradar\/wp-content\/uploads\/2025\/03\/pneus_1741770753854.jpg\" \/>\n\t<meta property=\"og:image:width\" content=\"1280\" \/>\n\t<meta property=\"og:image:height\" content=\"720\" \/>\n\t<meta property=\"og:image:type\" content=\"image\/jpeg\" \/>\n<meta name=\"author\" content=\"Larissa Carvalho\" \/>\n<meta name=\"twitter:card\" content=\"summary_large_image\" \/>\n<meta name=\"twitter:label1\" content=\"Escrito por\" \/>\n\t<meta name=\"twitter:data1\" content=\"Larissa Carvalho\" \/>\n\t<meta name=\"twitter:label2\" content=\"Est. tempo de leitura\" \/>\n\t<meta name=\"twitter:data2\" content=\"4 minutos\" \/>\n<!-- \/ Yoast SEO plugin. -->","yoast_head_json":{"title":"Quando \u00e9 o momento certo para trocar os pneus do carro?","description":"Saiba quando e por que trocar seus pneus, e outras dicas para garantir a seguran\u00e7a do seu ve\u00edculo. N\u00e3o se esque\u00e7a dos pneus!","robots":{"index":"index","follow":"follow","max-snippet":"max-snippet:-1","max-image-preview":"max-image-preview:large","max-video-preview":"max-video-preview:-1"},"canonical":"https:\/\/www.correiobraziliense.com.br\/cbradar\/quando-e-o-momento-certo-para-trocar-os-pneus-do-carro\/","og_locale":"pt_BR","og_type":"article","og_title":"Quando \u00e9 o momento certo para trocar os pneus do carro?","og_description":"Saiba quando e por que trocar seus pneus, e outras dicas para garantir a seguran\u00e7a do seu ve\u00edculo. N\u00e3o se esque\u00e7a dos pneus!","og_url":"https:\/\/www.correiobraziliense.com.br\/cbradar\/quando-e-o-momento-certo-para-trocar-os-pneus-do-carro\/","og_site_name":"Correio Braziliense - Radar","article_published_time":"2025-03-13T11:23:00+00:00","og_image":[{"width":1280,"height":720,"url":"https:\/\/www.correiobraziliense.com.br\/cbradar\/wp-content\/uploads\/2025\/03\/pneus_1741770753854.jpg","type":"image\/jpeg"}],"author":"Larissa Carvalho","twitter_card":"summary_large_image","twitter_misc":{"Escrito por":"Larissa Carvalho","Est. tempo de leitura":"4 minutos"},"schema":{"@context":"https:\/\/schema.org","@graph":[{"@type":"WebPage","@id":"https:\/\/www.correiobraziliense.com.br\/cbradar\/quando-e-o-momento-certo-para-trocar-os-pneus-do-carro\/","url":"https:\/\/www.correiobraziliense.com.br\/cbradar\/quando-e-o-momento-certo-para-trocar-os-pneus-do-carro\/","name":"Quando \u00e9 o momento certo para trocar os pneus do carro?","isPartOf":{"@id":"https:\/\/www.correiobraziliense.com.br\/cbradar\/#website"},"primaryImageOfPage":{"@id":"https:\/\/www.correiobraziliense.com.br\/cbradar\/quando-e-o-momento-certo-para-trocar-os-pneus-do-carro\/#primaryimage"},"image":{"@id":"https:\/\/www.correiobraziliense.com.br\/cbradar\/quando-e-o-momento-certo-para-trocar-os-pneus-do-carro\/#primaryimage"},"thumbnailUrl":"https:\/\/www.correiobraziliense.com.br\/cbradar\/wp-content\/uploads\/2025\/03\/pneus_1741770753854.jpg","datePublished":"2025-03-13T11:23:00+00:00","author":{"@id":"https:\/\/www.correiobraziliense.com.br\/cbradar\/#\/schema\/person\/58422787644df994b53a19d3e56c1513"},"description":"Saiba quando e por que trocar seus pneus, e outras dicas para garantir a seguran\u00e7a do seu ve\u00edculo. N\u00e3o se esque\u00e7a dos pneus!","breadcrumb":{"@id":"https:\/\/www.correiobraziliense.com.br\/cbradar\/quando-e-o-momento-certo-para-trocar-os-pneus-do-carro\/#breadcrumb"},"inLanguage":"pt-BR","potentialAction":[{"@type":"ReadAction","target":["https:\/\/www.correiobraziliense.com.br\/cbradar\/quando-e-o-momento-certo-para-trocar-os-pneus-do-carro\/"]}]},{"@type":"ImageObject","inLanguage":"pt-BR","@id":"https:\/\/www.correiobraziliense.com.br\/cbradar\/quando-e-o-momento-certo-para-trocar-os-pneus-do-carro\/#primaryimage","url":"https:\/\/www.correiobraziliense.com.br\/cbradar\/wp-content\/uploads\/2025\/03\/pneus_1741770753854.jpg","contentUrl":"https:\/\/www.correiobraziliense.com.br\/cbradar\/wp-content\/uploads\/2025\/03\/pneus_1741770753854.jpg","width":1280,"height":720,"caption":"Pneus do carro. Cr\u00e9ditos: depositphotos.com \/ AndrewLozovyi"},{"@type":"BreadcrumbList","@id":"https:\/\/www.correiobraziliense.com.br\/cbradar\/quando-e-o-momento-certo-para-trocar-os-pneus-do-carro\/#breadcrumb","itemListElement":[{"@type":"ListItem","position":1,"name":"In\u00edcio","item":"https:\/\/www.correiobraziliense.com.br\/cbradar\/"},{"@type":"ListItem","position":2,"name":"Quando \u00e9 o momento certo para trocar os pneus do carro?"}]},{"@type":"WebSite","@id":"https:\/\/www.correiobraziliense.com.br\/cbradar\/#website","url":"https:\/\/www.correiobraziliense.com.br\/cbradar\/","name":"Correio Braziliense - Radar","description":"Acompanhe as \u00faltimas not\u00edcias e fique bem informado sobre tudo o que acontece no Brasil e no mundo.","potentialAction":[{"@type":"SearchAction","target":{"@type":"EntryPoint","urlTemplate":"https:\/\/www.correiobraziliense.com.br\/cbradar\/?s={search_term_string}"},"query-input":{"@type":"PropertyValueSpecification","valueRequired":true,"valueName":"search_term_string"}}],"inLanguage":"pt-BR"},{"@type":"Person","@id":"https:\/\/www.correiobraziliense.com.br\/cbradar\/#\/schema\/person\/58422787644df994b53a19d3e56c1513","name":"Larissa Carvalho","image":{"@type":"ImageObject","inLanguage":"pt-BR","@id":"https:\/\/www.correiobraziliense.com.br\/cbradar\/#\/schema\/person\/image\/","url":"https:\/\/secure.gravatar.com\/avatar\/fe4f91a0de32b52a838d0d612abdc1aa?s=96&d=mm&r=g","contentUrl":"https:\/\/secure.gravatar.com\/avatar\/fe4f91a0de32b52a838d0d612abdc1aa?s=96&d=mm&r=g","caption":"Larissa Carvalho"},"url":"https:\/\/www.correiobraziliense.com.br\/cbradar\/author\/larissamyth\/"}]}},"_links":{"self":[{"href":"https:\/\/www.correiobraziliense.com.br\/cbradar\/wp-json\/wp\/v2\/posts\/11642","targetHints":{"allow":["GET"]}}],"collection":[{"href":"https:\/\/www.correiobraziliense.com.br\/cbradar\/wp-json\/wp\/v2\/posts"}],"about":[{"href":"https:\/\/www.correiobraziliense.com.br\/cbradar\/wp-json\/wp\/v2\/types\/post"}],"author":[{"embeddable":true,"href":"https:\/\/www.correiobraziliense.com.br\/cbradar\/wp-json\/wp\/v2\/users\/3"}],"replies":[{"embeddable":true,"href":"https:\/\/www.correiobraziliense.com.br\/cbradar\/wp-json\/wp\/v2\/comments?post=11642"}],"version-history":[{"count":1,"href":"https:\/\/www.correiobraziliense.com.br\/cbradar\/wp-json\/wp\/v2\/posts\/11642\/revisions"}],"predecessor-version":[{"id":11646,"href":"https:\/\/www.correiobraziliense.com.br\/cbradar\/wp-json\/wp\/v2\/posts\/11642\/revisions\/11646"}],"wp:featuredmedia":[{"embeddable":true,"href":"https:\/\/www.correiobraziliense.com.br\/cbradar\/wp-json\/wp\/v2\/media\/11643"}],"wp:attachment":[{"href":"https:\/\/www.correiobraziliense.com.br\/cbradar\/wp-json\/wp\/v2\/media?parent=11642"}],"wp:term":[{"taxonomy":"category","embeddable":true,"href":"https:\/\/www.correiobraziliense.com.br\/cbradar\/wp-json\/wp\/v2\/categories?post=11642"},{"taxonomy":"post_tag","embeddable":true,"href":"https:\/\/www.correiobraziliense.com.br\/cbradar\/wp-json\/wp\/v2\/post_tag?post=11642"}],"curies":[{"name":"wp","href":"https:\/\/api.w.org\/{rel}","templated":true}]}}