{"id":11644,"date":"2025-03-13T12:30:00","date_gmt":"2025-03-13T15:30:00","guid":{"rendered":"https:\/\/www.correiobraziliense.com.br\/cbradar\/?p=11644"},"modified":"2025-03-12T14:03:40","modified_gmt":"2025-03-12T17:03:40","slug":"5-dicas-para-economizar-no-uso-do-ar-condicionado-do-carro","status":"publish","type":"post","link":"https:\/\/www.correiobraziliense.com.br\/cbradar\/5-dicas-para-economizar-no-uso-do-ar-condicionado-do-carro\/","title":{"rendered":"5 dicas para economizar no uso do ar-condicionado do carro"},"content":{"rendered":"\n<p>Nos dias atuais, o ar condicionado dos autom\u00f3veis \u00e9 uma ferramenta indispens\u00e1vel para garantir conforto durante as viagens, especialmente em climas quentes. No entanto, seu uso adequado \u00e9 crucial para manter a efici\u00eancia energ\u00e9tica e prolongar a vida \u00fatil do sistema.<\/p>\n\n\n\n<p>Al\u00e9m de proporcionar um ambiente agrad\u00e1vel, o uso correto do ar condicionado pode reduzir o consumo de combust\u00edvel e minimizar o desgaste dos componentes do ve\u00edculo. A seguir, s\u00e3o apresentadas algumas estrat\u00e9gias para otimizar o uso desse recurso.<\/p>\n\n\n\n<h2 class=\"wp-block-heading\"><strong>Por que iniciar com ventila\u00e7\u00e3o natural?<\/strong><\/h2>\n\n\n\n<p>Antes de ligar o ar condicionado, \u00e9 aconselh\u00e1vel abrir as janelas do carro por alguns minutos. Isso permite que o ar quente acumulado escape, reduzindo a carga inicial sobre o sistema de refrigera\u00e7\u00e3o. Essa pr\u00e1tica simples pode melhorar significativamente a efici\u00eancia do ar condicionado.<\/p>\n\n\n\n<figure class=\"wp-block-image size-large\"><img decoding=\"async\" width=\"1024\" height=\"576\" src=\"https:\/\/www.correiobraziliense.com.br\/cbradar\/wp-content\/uploads\/2025\/03\/ar-condicionado-do-carro_1741771057290-1024x576.jpg\" alt=\"5 dicas para economizar no uso do ar-condicionado do carro\" class=\"wp-image-11649\" srcset=\"https:\/\/www.correiobraziliense.com.br\/cbradar\/wp-content\/uploads\/2025\/03\/ar-condicionado-do-carro_1741771057290-1024x576.jpg 1024w, https:\/\/www.correiobraziliense.com.br\/cbradar\/wp-content\/uploads\/2025\/03\/ar-condicionado-do-carro_1741771057290-300x169.jpg 300w, https:\/\/www.correiobraziliense.com.br\/cbradar\/wp-content\/uploads\/2025\/03\/ar-condicionado-do-carro_1741771057290-768x432.jpg 768w, https:\/\/www.correiobraziliense.com.br\/cbradar\/wp-content\/uploads\/2025\/03\/ar-condicionado-do-carro_1741771057290-750x422.jpg 750w, https:\/\/www.correiobraziliense.com.br\/cbradar\/wp-content\/uploads\/2025\/03\/ar-condicionado-do-carro_1741771057290-1140x641.jpg 1140w, https:\/\/www.correiobraziliense.com.br\/cbradar\/wp-content\/uploads\/2025\/03\/ar-condicionado-do-carro_1741771057290.jpg 1280w\" sizes=\"(max-width: 1024px) 100vw, 1024px\" \/><figcaption class=\"wp-element-caption\">Ar-condicionado. Cr\u00e9ditos: depositphotos.com \/ IgorVetushko<\/figcaption><\/figure>\n\n\n\n<h2 class=\"wp-block-heading\"><strong>Como ajustar a temperatura de forma eficiente?<\/strong><\/h2>\n\n\n\n<p>\u00c9 importante evitar definir a temperatura no n\u00edvel mais baixo imediatamente. Em vez disso, ajuste a temperatura gradualmente at\u00e9 alcan\u00e7ar um n\u00edvel confort\u00e1vel. Essa abordagem n\u00e3o apenas economiza energia, mas tamb\u00e9m evita o choque t\u00e9rmico para os ocupantes do ve\u00edculo.<\/p>\n\n\n\n<h2 class=\"wp-block-heading\"><strong>Qual \u00e9 o papel da recircula\u00e7\u00e3o de ar?<\/strong><\/h2>\n\n\n\n<p>A fun\u00e7\u00e3o de recircula\u00e7\u00e3o \u00e9 \u00fatil para manter o ar fresco dentro do carro, bloqueando a entrada de ar quente externo. No entanto, seu uso cont\u00ednuo pode levar ao ac\u00famulo de umidade. Alternar entre recircula\u00e7\u00e3o e entrada de ar fresco pode ajudar a manter o equil\u00edbrio ideal.<\/p>\n\n\n\n<h2 class=\"wp-block-heading\"><strong>Por que a manuten\u00e7\u00e3o do filtro de ar \u00e9 importante?<\/strong><\/h2>\n\n\n\n<p>Manter o filtro de ar limpo \u00e9 essencial para o bom funcionamento do ar condicionado. Um filtro obstru\u00eddo pode reduzir o fluxo de ar e aumentar o consumo de energia. Seguir as recomenda\u00e7\u00f5es do fabricante para a substitui\u00e7\u00e3o ou limpeza regular do filtro \u00e9 uma pr\u00e1tica recomendada.<\/p>\n\n\n\n<h2 class=\"wp-block-heading\"><strong>Devo desligar o ar condicionado antes do motor?<\/strong><\/h2>\n\n\n\n<p>Desligar o ar condicionado alguns minutos antes de desligar o motor pode prevenir a forma\u00e7\u00e3o de umidade no sistema, evitando odores indesejados e a prolifera\u00e7\u00e3o de bact\u00e9rias. Essa pr\u00e1tica tamb\u00e9m reduz a carga sobre o motor na pr\u00f3xima partida.<\/p>\n\n\n\n<p>Em resumo, o uso consciente do ar condicionado no carro n\u00e3o s\u00f3 melhora o conforto durante a viagem, mas tamb\u00e9m contribui para a efici\u00eancia energ\u00e9tica e a longevidade do sistema. Aplicando essas estrat\u00e9gias, \u00e9 poss\u00edvel desfrutar de um ambiente agrad\u00e1vel e economizar recursos.<\/p>\n","protected":false},"excerpt":{"rendered":"<p>Dicas para usar eficientemente o ar condicionado do seu carro, melhorando seu conforto em viagens e contribuindo para uma melhor efici\u00eancia.<\/p>\n","protected":false},"author":3,"featured_media":11648,"comment_status":"open","ping_status":"open","sticky":false,"template":"","format":"standard","meta":{"_yoast_wpseo_focuskw":"ar-condicionado carro","_yoast_wpseo_title":"%%title%%","_yoast_wpseo_metadesc":"Dicas para usar eficientemente o ar condicionado do seu carro, melhorando seu conforto em viagens e contribuindo para uma melhor efici\u00eancia.","jnews-multi-image_gallery":[],"jnews_single_post":{"format":"standard"},"jnews_primary_category":[],"jnews_social_meta":[],"jnews_override_counter":[],"footnotes":""},"categories":[122],"post_tag":[451,123],"class_list":["post-11644","post","type-post","status-publish","format-standard","has-post-thumbnail","hentry","category-automobilismo","tag-ar-condicionado","tag-carros"],"yoast_head":"<!-- This site is optimized with the Yoast SEO plugin v24.6 - https:\/\/yoast.com\/wordpress\/plugins\/seo\/ -->\n<title>5 dicas para economizar no uso do ar-condicionado do carro<\/title>\n<meta name=\"description\" content=\"Dicas para usar eficientemente o ar condicionado do seu carro, melhorando seu conforto em viagens e contribuindo para uma melhor efici\u00eancia.\" \/>\n<meta name=\"robots\" content=\"index, follow, max-snippet:-1, max-image-preview:large, max-video-preview:-1\" \/>\n<link rel=\"canonical\" href=\"https:\/\/www.correiobraziliense.com.br\/cbradar\/5-dicas-para-economizar-no-uso-do-ar-condicionado-do-carro\/\" \/>\n<meta property=\"og:locale\" content=\"pt_BR\" \/>\n<meta property=\"og:type\" content=\"article\" \/>\n<meta property=\"og:title\" content=\"5 dicas para economizar no uso do ar-condicionado do carro\" \/>\n<meta property=\"og:description\" content=\"Dicas para usar eficientemente o ar condicionado do seu carro, melhorando seu conforto em viagens e contribuindo para uma melhor efici\u00eancia.\" \/>\n<meta property=\"og:url\" content=\"https:\/\/www.correiobraziliense.com.br\/cbradar\/5-dicas-para-economizar-no-uso-do-ar-condicionado-do-carro\/\" \/>\n<meta property=\"og:site_name\" content=\"Correio Braziliense - Radar\" \/>\n<meta property=\"article:published_time\" content=\"2025-03-13T15:30:00+00:00\" \/>\n<meta property=\"og:image\" content=\"https:\/\/www.correiobraziliense.com.br\/cbradar\/wp-content\/uploads\/2025\/03\/ar-condicionado-do-carro_1741771023538.jpg\" \/>\n\t<meta property=\"og:image:width\" content=\"1280\" \/>\n\t<meta property=\"og:image:height\" content=\"720\" \/>\n\t<meta property=\"og:image:type\" content=\"image\/jpeg\" \/>\n<meta name=\"author\" content=\"Larissa Carvalho\" \/>\n<meta name=\"twitter:card\" content=\"summary_large_image\" \/>\n<meta name=\"twitter:label1\" content=\"Escrito por\" \/>\n\t<meta name=\"twitter:data1\" content=\"Larissa Carvalho\" \/>\n\t<meta name=\"twitter:label2\" content=\"Est. tempo de leitura\" \/>\n\t<meta name=\"twitter:data2\" content=\"3 minutos\" \/>\n<!-- \/ Yoast SEO plugin. -->","yoast_head_json":{"title":"5 dicas para economizar no uso do ar-condicionado do carro","description":"Dicas para usar eficientemente o ar condicionado do seu carro, melhorando seu conforto em viagens e contribuindo para uma melhor efici\u00eancia.","robots":{"index":"index","follow":"follow","max-snippet":"max-snippet:-1","max-image-preview":"max-image-preview:large","max-video-preview":"max-video-preview:-1"},"canonical":"https:\/\/www.correiobraziliense.com.br\/cbradar\/5-dicas-para-economizar-no-uso-do-ar-condicionado-do-carro\/","og_locale":"pt_BR","og_type":"article","og_title":"5 dicas para economizar no uso do ar-condicionado do carro","og_description":"Dicas para usar eficientemente o ar condicionado do seu carro, melhorando seu conforto em viagens e contribuindo para uma melhor efici\u00eancia.","og_url":"https:\/\/www.correiobraziliense.com.br\/cbradar\/5-dicas-para-economizar-no-uso-do-ar-condicionado-do-carro\/","og_site_name":"Correio Braziliense - Radar","article_published_time":"2025-03-13T15:30:00+00:00","og_image":[{"width":1280,"height":720,"url":"https:\/\/www.correiobraziliense.com.br\/cbradar\/wp-content\/uploads\/2025\/03\/ar-condicionado-do-carro_1741771023538.jpg","type":"image\/jpeg"}],"author":"Larissa Carvalho","twitter_card":"summary_large_image","twitter_misc":{"Escrito por":"Larissa Carvalho","Est. tempo de leitura":"3 minutos"},"schema":{"@context":"https:\/\/schema.org","@graph":[{"@type":"WebPage","@id":"https:\/\/www.correiobraziliense.com.br\/cbradar\/5-dicas-para-economizar-no-uso-do-ar-condicionado-do-carro\/","url":"https:\/\/www.correiobraziliense.com.br\/cbradar\/5-dicas-para-economizar-no-uso-do-ar-condicionado-do-carro\/","name":"5 dicas para economizar no uso do ar-condicionado do carro","isPartOf":{"@id":"https:\/\/www.correiobraziliense.com.br\/cbradar\/#website"},"primaryImageOfPage":{"@id":"https:\/\/www.correiobraziliense.com.br\/cbradar\/5-dicas-para-economizar-no-uso-do-ar-condicionado-do-carro\/#primaryimage"},"image":{"@id":"https:\/\/www.correiobraziliense.com.br\/cbradar\/5-dicas-para-economizar-no-uso-do-ar-condicionado-do-carro\/#primaryimage"},"thumbnailUrl":"https:\/\/www.correiobraziliense.com.br\/cbradar\/wp-content\/uploads\/2025\/03\/ar-condicionado-do-carro_1741771023538.jpg","datePublished":"2025-03-13T15:30:00+00:00","author":{"@id":"https:\/\/www.correiobraziliense.com.br\/cbradar\/#\/schema\/person\/58422787644df994b53a19d3e56c1513"},"description":"Dicas para usar eficientemente o ar condicionado do seu carro, melhorando seu conforto em viagens e contribuindo para uma melhor efici\u00eancia.","breadcrumb":{"@id":"https:\/\/www.correiobraziliense.com.br\/cbradar\/5-dicas-para-economizar-no-uso-do-ar-condicionado-do-carro\/#breadcrumb"},"inLanguage":"pt-BR","potentialAction":[{"@type":"ReadAction","target":["https:\/\/www.correiobraziliense.com.br\/cbradar\/5-dicas-para-economizar-no-uso-do-ar-condicionado-do-carro\/"]}]},{"@type":"ImageObject","inLanguage":"pt-BR","@id":"https:\/\/www.correiobraziliense.com.br\/cbradar\/5-dicas-para-economizar-no-uso-do-ar-condicionado-do-carro\/#primaryimage","url":"https:\/\/www.correiobraziliense.com.br\/cbradar\/wp-content\/uploads\/2025\/03\/ar-condicionado-do-carro_1741771023538.jpg","contentUrl":"https:\/\/www.correiobraziliense.com.br\/cbradar\/wp-content\/uploads\/2025\/03\/ar-condicionado-do-carro_1741771023538.jpg","width":1280,"height":720,"caption":"ar-condicionado do carro. Cr\u00e9ditos: depositphotos.com \/ HayDmitriy"},{"@type":"BreadcrumbList","@id":"https:\/\/www.correiobraziliense.com.br\/cbradar\/5-dicas-para-economizar-no-uso-do-ar-condicionado-do-carro\/#breadcrumb","itemListElement":[{"@type":"ListItem","position":1,"name":"In\u00edcio","item":"https:\/\/www.correiobraziliense.com.br\/cbradar\/"},{"@type":"ListItem","position":2,"name":"5 dicas para economizar no uso do ar-condicionado do carro"}]},{"@type":"WebSite","@id":"https:\/\/www.correiobraziliense.com.br\/cbradar\/#website","url":"https:\/\/www.correiobraziliense.com.br\/cbradar\/","name":"Correio Braziliense - Radar","description":"Acompanhe as \u00faltimas not\u00edcias e fique bem informado sobre tudo o que acontece no Brasil e no mundo.","potentialAction":[{"@type":"SearchAction","target":{"@type":"EntryPoint","urlTemplate":"https:\/\/www.correiobraziliense.com.br\/cbradar\/?s={search_term_string}"},"query-input":{"@type":"PropertyValueSpecification","valueRequired":true,"valueName":"search_term_string"}}],"inLanguage":"pt-BR"},{"@type":"Person","@id":"https:\/\/www.correiobraziliense.com.br\/cbradar\/#\/schema\/person\/58422787644df994b53a19d3e56c1513","name":"Larissa Carvalho","image":{"@type":"ImageObject","inLanguage":"pt-BR","@id":"https:\/\/www.correiobraziliense.com.br\/cbradar\/#\/schema\/person\/image\/","url":"https:\/\/secure.gravatar.com\/avatar\/fe4f91a0de32b52a838d0d612abdc1aa?s=96&d=mm&r=g","contentUrl":"https:\/\/secure.gravatar.com\/avatar\/fe4f91a0de32b52a838d0d612abdc1aa?s=96&d=mm&r=g","caption":"Larissa Carvalho"},"url":"https:\/\/www.correiobraziliense.com.br\/cbradar\/author\/larissamyth\/"}]}},"_links":{"self":[{"href":"https:\/\/www.correiobraziliense.com.br\/cbradar\/wp-json\/wp\/v2\/posts\/11644","targetHints":{"allow":["GET"]}}],"collection":[{"href":"https:\/\/www.correiobraziliense.com.br\/cbradar\/wp-json\/wp\/v2\/posts"}],"about":[{"href":"https:\/\/www.correiobraziliense.com.br\/cbradar\/wp-json\/wp\/v2\/types\/post"}],"author":[{"embeddable":true,"href":"https:\/\/www.correiobraziliense.com.br\/cbradar\/wp-json\/wp\/v2\/users\/3"}],"replies":[{"embeddable":true,"href":"https:\/\/www.correiobraziliense.com.br\/cbradar\/wp-json\/wp\/v2\/comments?post=11644"}],"version-history":[{"count":1,"href":"https:\/\/www.correiobraziliense.com.br\/cbradar\/wp-json\/wp\/v2\/posts\/11644\/revisions"}],"predecessor-version":[{"id":11650,"href":"https:\/\/www.correiobraziliense.com.br\/cbradar\/wp-json\/wp\/v2\/posts\/11644\/revisions\/11650"}],"wp:featuredmedia":[{"embeddable":true,"href":"https:\/\/www.correiobraziliense.com.br\/cbradar\/wp-json\/wp\/v2\/media\/11648"}],"wp:attachment":[{"href":"https:\/\/www.correiobraziliense.com.br\/cbradar\/wp-json\/wp\/v2\/media?parent=11644"}],"wp:term":[{"taxonomy":"category","embeddable":true,"href":"https:\/\/www.correiobraziliense.com.br\/cbradar\/wp-json\/wp\/v2\/categories?post=11644"},{"taxonomy":"post_tag","embeddable":true,"href":"https:\/\/www.correiobraziliense.com.br\/cbradar\/wp-json\/wp\/v2\/post_tag?post=11644"}],"curies":[{"name":"wp","href":"https:\/\/api.w.org\/{rel}","templated":true}]}}