{"id":116556,"date":"2025-10-11T06:35:00","date_gmt":"2025-10-11T09:35:00","guid":{"rendered":"https:\/\/www.correiobraziliense.com.br\/cbradar\/?p=116556"},"modified":"2025-10-10T14:33:40","modified_gmt":"2025-10-10T17:33:40","slug":"estudo-mostra-que-varios-transtornos-psiquiatricos-compartilham-a-mesma-causa-raiz","status":"publish","type":"post","link":"https:\/\/www.correiobraziliense.com.br\/cbradar\/estudo-mostra-que-varios-transtornos-psiquiatricos-compartilham-a-mesma-causa-raiz\/","title":{"rendered":"Estudo mostra que v\u00e1rios transtornos psiqui\u00e1tricos compartilham a mesma causa raiz"},"content":{"rendered":"\n<p>Cientistas descobriram que oito <strong>transtornos psiqui\u00e1tricos<\/strong> possuem uma base gen\u00e9tica comum. Um estudo recente identificou varia\u00e7\u00f5es espec\u00edficas nesses <strong>genes compartilhados<\/strong> e revelou seu comportamento durante o desenvolvimento cerebral. Essa descoberta pode abrir caminho para tratamentos inovadores que atendam m\u00faltiplos dist\u00farbios simultaneamente.<\/p>\n\n\n\n<ul class=\"wp-block-list\">\n<li>Estudo revela variantes gen\u00e9ticas comuns em transtornos psiqui\u00e1tricos.<\/li>\n\n\n\n<li>Genes permanecem ativos por per\u00edodos prolongados, influenciando o desenvolvimento.<\/li>\n\n\n\n<li>Descoberta pode impulsionar tratamentos unificados para diversos transtornos.<\/li>\n<\/ul>\n\n\n\n<h2 class=\"wp-block-heading\">Como as variantes gen\u00e9ticas influenciam o desenvolvimento cerebral?<\/h2>\n\n\n\n<p>As variantes gen\u00e9ticas identificadas est\u00e3o ativas durante <strong>m\u00faltiplas fases do desenvolvimento<\/strong> cerebral. Isso sugere que poderiam afetar v\u00e1rios est\u00e1gios de crescimento, oferecendo novos alvos para tratamento. &#8220;As prote\u00ednas produzidas por esses genes est\u00e3o altamente conectadas a outras prote\u00ednas,&#8221; explicou a geneticista <a href=\"https:\/\/www.med.unc.edu\/genetics\/eight-psychiatric-disorders-share-the-same-genetic-causes-study-says\/\" target=\"_blank\" rel=\"noreferrer noopener\"><strong>Hyejung Won<\/strong>, da <strong>Universidade da Carolina do Norte<\/strong><\/a>. Estudos mostraram que essas redes de prote\u00ednas podem influenciar processos cr\u00edticos como a plasticidade sin\u00e1ptica e a matura\u00e7\u00e3o neuronal.<\/p>\n\n\n\n<h2 class=\"wp-block-heading\">Quais transtornos compartilham uma base gen\u00e9tica comum?<\/h2>\n\n\n\n<p>Em 2019, uma equipe identificou 109 genes associados a oito transtornos diferentes: <strong>autismo<\/strong>, <strong>TDAH<\/strong>, esquizofrenia, <strong>transtorno bipolar<\/strong>, depress\u00e3o maior, S\u00edndrome de Tourette, transtorno obsessivo-compulsivo e anorexia. Isso pode explicar porque essas condi\u00e7\u00f5es muitas vezes co-ocorrem. A descoberta refor\u00e7a dados de organiza\u00e7\u00f5es como a <strong>OMS<\/strong>, que alertam para o impacto global das doen\u00e7as mentais.<\/p>\n\n\n\n<p>Leia tamb\u00e9m: <a href=\"https:\/\/www.correiobraziliense.com.br\/cbradar\/vicio-em-jogos-tem-influencia-genetica-especialistas-da-usp-explicam\/\" target=\"_blank\" rel=\"noreferrer noopener\">V\u00edcio em jogos tem influ\u00eancia gen\u00e9tica? Especialistas da USP explicam<\/a><\/p>\n\n\n\n<p>Cada um dos oito transtornos possui diferen\u00e7as gen\u00e9ticas \u00fanicas. <strong>Won<\/strong> e sua equipe compararam esses genes \u00fanicos com aqueles <strong>compartilhados entre os dist\u00farbios<\/strong>. O estudo contou tamb\u00e9m com a colabora\u00e7\u00e3o do <strong>Broad Institute<\/strong> e pesquisadores de diversos pa\u00edses, como <strong>Reino Unido<\/strong> e <strong>Pa\u00edses Baixos<\/strong>.<\/p>\n\n\n\n<figure class=\"wp-block-image size-large\"><img decoding=\"async\" width=\"1024\" height=\"576\" src=\"https:\/\/www.correiobraziliense.com.br\/cbradar\/wp-content\/uploads\/2025\/10\/trantorno-psiquiatrico_1760036379945-1024x576.jpg\" alt=\"Descoberta Revolucion\u00e1ria: Como Genes 'Imediatistas' Podem Transformar o Tratamento de Oito Dist\u00farbios Psiqui\u00e1tricos!\" class=\"wp-image-116583\" srcset=\"https:\/\/www.correiobraziliense.com.br\/cbradar\/wp-content\/uploads\/2025\/10\/trantorno-psiquiatrico_1760036379945-1024x576.jpg 1024w, https:\/\/www.correiobraziliense.com.br\/cbradar\/wp-content\/uploads\/2025\/10\/trantorno-psiquiatrico_1760036379945-300x169.jpg 300w, https:\/\/www.correiobraziliense.com.br\/cbradar\/wp-content\/uploads\/2025\/10\/trantorno-psiquiatrico_1760036379945-768x432.jpg 768w, https:\/\/www.correiobraziliense.com.br\/cbradar\/wp-content\/uploads\/2025\/10\/trantorno-psiquiatrico_1760036379945-750x422.jpg 750w, https:\/\/www.correiobraziliense.com.br\/cbradar\/wp-content\/uploads\/2025\/10\/trantorno-psiquiatrico_1760036379945-1140x641.jpg 1140w, https:\/\/www.correiobraziliense.com.br\/cbradar\/wp-content\/uploads\/2025\/10\/trantorno-psiquiatrico_1760036379945.jpg 1280w\" sizes=\"(max-width: 1024px) 100vw, 1024px\" \/><figcaption class=\"wp-element-caption\">Pessoa com transtorno psiqui\u00e1trico\nCr\u00e9ditos: depositphotos.com \/ doble.dphoto<\/figcaption><\/figure>\n\n\n\n<h2 class=\"wp-block-heading\">Como os pesquisadores testaram as variantes gen\u00e9ticas?<\/h2>\n\n\n\n<p>Os pesquisadores inseriram quase 18,000 varia\u00e7\u00f5es gen\u00e9ticas em c\u00e9lulas precursoras de neur\u00f4nios para observar o impacto na express\u00e3o gen\u00e9tica durante o desenvolvimento humano. Identificaram 683 <strong>variantes gen\u00e9ticas<\/strong> que afetam a regula\u00e7\u00e3o g\u00eanica e as exploraram em neur\u00f4nios de camundongos. Essas an\u00e1lises foram realizadas com aux\u00edlio de plataformas avan\u00e7adas de edi\u00e7\u00e3o gen\u00e9tica como o <strong>CRISPR<\/strong>.<\/p>\n\n\n\n<h2 class=\"wp-block-heading\">A import\u00e2ncia dos genes pleiotr\u00f3picos<\/h2>\n\n\n\n<p>As variantes pleiotr\u00f3picas est\u00e3o envolvidas em mais intera\u00e7\u00f5es prote\u00edna-prote\u00edna do que aquelas espec\u00edficas de condi\u00e7\u00f5es psicol\u00f3gicas. Elas tamb\u00e9m atuam em <strong>mecanismos regulat\u00f3rios<\/strong> que influenciam m\u00faltiplas fases do desenvolvimento cerebral.<\/p>\n\n\n\n<p>&#8220;A pleiotropia era vista como um desafio, pois complica a classifica\u00e7\u00e3o dos transtornos psiqui\u00e1tricos,&#8221; disse <strong>Won<\/strong>. &#8220;No entanto, entender sua base gen\u00e9tica pode nos ajudar a desenvolver tratamentos que visem esses <strong>fatores gen\u00e9ticos compartilhados<\/strong>.&#8221;<\/p>\n\n\n\n<h2 class=\"wp-block-heading\">Impactos potenciais na sa\u00fade mental global<\/h2>\n\n\n\n<p>A habilidade desses genes de impactar cascatas e redes de processos, como a regula\u00e7\u00e3o g\u00eanica, poderia explicar porque as mesmas variantes contribuem para diferentes condi\u00e7\u00f5es. Essa estrat\u00e9gia de tratamento seria extremamente \u00fatil, j\u00e1 que a <strong>OMS<\/strong> estima que 1 em cada 8 pessoas vive com algum tipo de condi\u00e7\u00e3o psiqui\u00e1trica. Especialistas apontam que, caso novas terapias baseadas nesses achados sejam desenvolvidas, milh\u00f5es de pessoas poder\u00e3o se beneficiar mundo afora.<\/p>\n\n\n\n<ul class=\"wp-block-list\">\n<li>Oito transtornos psiqui\u00e1tricos compartilham uma base gen\u00e9tica.<\/li>\n\n\n\n<li>Pleiotropia pode unificar tratamentos para diferentes transtornos.<\/li>\n\n\n\n<li>Pesquisa publicada na revista <strong>Cell<\/strong> destaca novos alvos para terapia.<\/li>\n<\/ul>\n","protected":false},"excerpt":{"rendered":"<p>Descubra como oito condi\u00e7\u00f5es psiqui\u00e1tricas compartilham uma base gen\u00e9tica comum, oferecendo novas possibilidades de tratamento unificado.<\/p>\n","protected":false},"author":3,"featured_media":116582,"comment_status":"open","ping_status":"open","sticky":false,"template":"","format":"standard","meta":{"_yoast_wpseo_focuskw":"revolu\u00e7\u00e3o no tratamento de transtornos psiqui\u00e1tricos","_yoast_wpseo_title":"%%title%%","_yoast_wpseo_metadesc":"Descubra como oito condi\u00e7\u00f5es psiqui\u00e1tricas compartilham uma base gen\u00e9tica comum, oferecendo novas possibilidades de tratamento unificado.","jnews-multi-image_gallery":[],"jnews_single_post":{"format":"standard"},"jnews_primary_category":[],"jnews_social_meta":[],"jnews_override_counter":[],"footnotes":""},"categories":[112],"tags":[1318,2305],"class_list":["post-116556","post","type-post","status-publish","format-standard","has-post-thumbnail","hentry","category-curiosidades","tag-saude-2","tag-tratamentos"],"yoast_head":"<!-- This site is optimized with the Yoast SEO plugin v24.6 - https:\/\/yoast.com\/wordpress\/plugins\/seo\/ -->\n<title>Estudo mostra que v\u00e1rios transtornos psiqui\u00e1tricos compartilham a mesma causa raiz<\/title>\n<meta name=\"description\" content=\"Descubra como oito condi\u00e7\u00f5es psiqui\u00e1tricas compartilham uma base gen\u00e9tica comum, oferecendo novas possibilidades de tratamento unificado.\" \/>\n<meta name=\"robots\" content=\"index, follow, max-snippet:-1, max-image-preview:large, max-video-preview:-1\" \/>\n<link rel=\"canonical\" href=\"https:\/\/www.correiobraziliense.com.br\/cbradar\/estudo-mostra-que-varios-transtornos-psiquiatricos-compartilham-a-mesma-causa-raiz\/\" \/>\n<meta property=\"og:locale\" content=\"pt_BR\" \/>\n<meta property=\"og:type\" content=\"article\" \/>\n<meta property=\"og:title\" content=\"Estudo mostra que v\u00e1rios transtornos psiqui\u00e1tricos compartilham a mesma causa raiz\" \/>\n<meta property=\"og:description\" content=\"Descubra como oito condi\u00e7\u00f5es psiqui\u00e1tricas compartilham uma base gen\u00e9tica comum, oferecendo novas possibilidades de tratamento unificado.\" \/>\n<meta property=\"og:url\" content=\"https:\/\/www.correiobraziliense.com.br\/cbradar\/estudo-mostra-que-varios-transtornos-psiquiatricos-compartilham-a-mesma-causa-raiz\/\" \/>\n<meta property=\"og:site_name\" content=\"Correio Braziliense - Radar\" \/>\n<meta property=\"article:published_time\" content=\"2025-10-11T09:35:00+00:00\" \/>\n<meta property=\"og:image\" content=\"https:\/\/www.correiobraziliense.com.br\/cbradar\/wp-content\/uploads\/2025\/10\/trantorno-psiquiatrico_1760036347049.jpg\" \/>\n\t<meta property=\"og:image:width\" content=\"1280\" \/>\n\t<meta property=\"og:image:height\" content=\"720\" \/>\n\t<meta property=\"og:image:type\" content=\"image\/jpeg\" \/>\n<meta name=\"author\" content=\"Larissa Carvalho\" \/>\n<meta name=\"twitter:card\" content=\"summary_large_image\" \/>\n<meta name=\"twitter:label1\" content=\"Escrito por\" \/>\n\t<meta name=\"twitter:data1\" content=\"Larissa Carvalho\" \/>\n\t<meta name=\"twitter:label2\" content=\"Est. tempo de leitura\" \/>\n\t<meta name=\"twitter:data2\" content=\"4 minutos\" \/>\n<!-- \/ Yoast SEO plugin. -->","yoast_head_json":{"title":"Estudo mostra que v\u00e1rios transtornos psiqui\u00e1tricos compartilham a mesma causa raiz","description":"Descubra como oito condi\u00e7\u00f5es psiqui\u00e1tricas compartilham uma base gen\u00e9tica comum, oferecendo novas possibilidades de tratamento unificado.","robots":{"index":"index","follow":"follow","max-snippet":"max-snippet:-1","max-image-preview":"max-image-preview:large","max-video-preview":"max-video-preview:-1"},"canonical":"https:\/\/www.correiobraziliense.com.br\/cbradar\/estudo-mostra-que-varios-transtornos-psiquiatricos-compartilham-a-mesma-causa-raiz\/","og_locale":"pt_BR","og_type":"article","og_title":"Estudo mostra que v\u00e1rios transtornos psiqui\u00e1tricos compartilham a mesma causa raiz","og_description":"Descubra como oito condi\u00e7\u00f5es psiqui\u00e1tricas compartilham uma base gen\u00e9tica comum, oferecendo novas possibilidades de tratamento unificado.","og_url":"https:\/\/www.correiobraziliense.com.br\/cbradar\/estudo-mostra-que-varios-transtornos-psiquiatricos-compartilham-a-mesma-causa-raiz\/","og_site_name":"Correio Braziliense - Radar","article_published_time":"2025-10-11T09:35:00+00:00","og_image":[{"width":1280,"height":720,"url":"https:\/\/www.correiobraziliense.com.br\/cbradar\/wp-content\/uploads\/2025\/10\/trantorno-psiquiatrico_1760036347049.jpg","type":"image\/jpeg"}],"author":"Larissa Carvalho","twitter_card":"summary_large_image","twitter_misc":{"Escrito por":"Larissa Carvalho","Est. tempo de leitura":"4 minutos"},"schema":{"@context":"https:\/\/schema.org","@graph":[{"@type":"WebPage","@id":"https:\/\/www.correiobraziliense.com.br\/cbradar\/estudo-mostra-que-varios-transtornos-psiquiatricos-compartilham-a-mesma-causa-raiz\/","url":"https:\/\/www.correiobraziliense.com.br\/cbradar\/estudo-mostra-que-varios-transtornos-psiquiatricos-compartilham-a-mesma-causa-raiz\/","name":"Estudo mostra que v\u00e1rios transtornos psiqui\u00e1tricos compartilham a mesma causa raiz","isPartOf":{"@id":"https:\/\/www.correiobraziliense.com.br\/cbradar\/#website"},"primaryImageOfPage":{"@id":"https:\/\/www.correiobraziliense.com.br\/cbradar\/estudo-mostra-que-varios-transtornos-psiquiatricos-compartilham-a-mesma-causa-raiz\/#primaryimage"},"image":{"@id":"https:\/\/www.correiobraziliense.com.br\/cbradar\/estudo-mostra-que-varios-transtornos-psiquiatricos-compartilham-a-mesma-causa-raiz\/#primaryimage"},"thumbnailUrl":"https:\/\/www.correiobraziliense.com.br\/cbradar\/wp-content\/uploads\/2025\/10\/trantorno-psiquiatrico_1760036347049.jpg","datePublished":"2025-10-11T09:35:00+00:00","author":{"@id":"https:\/\/www.correiobraziliense.com.br\/cbradar\/#\/schema\/person\/58422787644df994b53a19d3e56c1513"},"description":"Descubra como oito condi\u00e7\u00f5es psiqui\u00e1tricas compartilham uma base gen\u00e9tica comum, oferecendo novas possibilidades de tratamento unificado.","breadcrumb":{"@id":"https:\/\/www.correiobraziliense.com.br\/cbradar\/estudo-mostra-que-varios-transtornos-psiquiatricos-compartilham-a-mesma-causa-raiz\/#breadcrumb"},"inLanguage":"pt-BR","potentialAction":[{"@type":"ReadAction","target":["https:\/\/www.correiobraziliense.com.br\/cbradar\/estudo-mostra-que-varios-transtornos-psiquiatricos-compartilham-a-mesma-causa-raiz\/"]}]},{"@type":"ImageObject","inLanguage":"pt-BR","@id":"https:\/\/www.correiobraziliense.com.br\/cbradar\/estudo-mostra-que-varios-transtornos-psiquiatricos-compartilham-a-mesma-causa-raiz\/#primaryimage","url":"https:\/\/www.correiobraziliense.com.br\/cbradar\/wp-content\/uploads\/2025\/10\/trantorno-psiquiatrico_1760036347049.jpg","contentUrl":"https:\/\/www.correiobraziliense.com.br\/cbradar\/wp-content\/uploads\/2025\/10\/trantorno-psiquiatrico_1760036347049.jpg","width":1280,"height":720,"caption":"Pessoa com transtorno psiqui\u00e1trico Cr\u00e9ditos: depositphotos.com \/ Nomadsoul1"},{"@type":"BreadcrumbList","@id":"https:\/\/www.correiobraziliense.com.br\/cbradar\/estudo-mostra-que-varios-transtornos-psiquiatricos-compartilham-a-mesma-causa-raiz\/#breadcrumb","itemListElement":[{"@type":"ListItem","position":1,"name":"In\u00edcio","item":"https:\/\/www.correiobraziliense.com.br\/cbradar\/"},{"@type":"ListItem","position":2,"name":"Estudo mostra que v\u00e1rios transtornos psiqui\u00e1tricos compartilham a mesma causa raiz"}]},{"@type":"WebSite","@id":"https:\/\/www.correiobraziliense.com.br\/cbradar\/#website","url":"https:\/\/www.correiobraziliense.com.br\/cbradar\/","name":"Correio Braziliense - Radar","description":"Acompanhe as \u00faltimas not\u00edcias e fique bem informado sobre tudo o que acontece no Brasil e no mundo.","potentialAction":[{"@type":"SearchAction","target":{"@type":"EntryPoint","urlTemplate":"https:\/\/www.correiobraziliense.com.br\/cbradar\/?s={search_term_string}"},"query-input":{"@type":"PropertyValueSpecification","valueRequired":true,"valueName":"search_term_string"}}],"inLanguage":"pt-BR"},{"@type":"Person","@id":"https:\/\/www.correiobraziliense.com.br\/cbradar\/#\/schema\/person\/58422787644df994b53a19d3e56c1513","name":"Larissa Carvalho","image":{"@type":"ImageObject","inLanguage":"pt-BR","@id":"https:\/\/www.correiobraziliense.com.br\/cbradar\/#\/schema\/person\/image\/","url":"https:\/\/secure.gravatar.com\/avatar\/fe4f91a0de32b52a838d0d612abdc1aa?s=96&d=mm&r=g","contentUrl":"https:\/\/secure.gravatar.com\/avatar\/fe4f91a0de32b52a838d0d612abdc1aa?s=96&d=mm&r=g","caption":"Larissa Carvalho"},"url":"https:\/\/www.correiobraziliense.com.br\/cbradar\/author\/larissamyth\/"}]}},"_links":{"self":[{"href":"https:\/\/www.correiobraziliense.com.br\/cbradar\/wp-json\/wp\/v2\/posts\/116556","targetHints":{"allow":["GET"]}}],"collection":[{"href":"https:\/\/www.correiobraziliense.com.br\/cbradar\/wp-json\/wp\/v2\/posts"}],"about":[{"href":"https:\/\/www.correiobraziliense.com.br\/cbradar\/wp-json\/wp\/v2\/types\/post"}],"author":[{"embeddable":true,"href":"https:\/\/www.correiobraziliense.com.br\/cbradar\/wp-json\/wp\/v2\/users\/3"}],"replies":[{"embeddable":true,"href":"https:\/\/www.correiobraziliense.com.br\/cbradar\/wp-json\/wp\/v2\/comments?post=116556"}],"version-history":[{"count":4,"href":"https:\/\/www.correiobraziliense.com.br\/cbradar\/wp-json\/wp\/v2\/posts\/116556\/revisions"}],"predecessor-version":[{"id":117108,"href":"https:\/\/www.correiobraziliense.com.br\/cbradar\/wp-json\/wp\/v2\/posts\/116556\/revisions\/117108"}],"wp:featuredmedia":[{"embeddable":true,"href":"https:\/\/www.correiobraziliense.com.br\/cbradar\/wp-json\/wp\/v2\/media\/116582"}],"wp:attachment":[{"href":"https:\/\/www.correiobraziliense.com.br\/cbradar\/wp-json\/wp\/v2\/media?parent=116556"}],"wp:term":[{"taxonomy":"category","embeddable":true,"href":"https:\/\/www.correiobraziliense.com.br\/cbradar\/wp-json\/wp\/v2\/categories?post=116556"},{"taxonomy":"post_tag","embeddable":true,"href":"https:\/\/www.correiobraziliense.com.br\/cbradar\/wp-json\/wp\/v2\/tags?post=116556"}],"curies":[{"name":"wp","href":"https:\/\/api.w.org\/{rel}","templated":true}]}}