{"id":117207,"date":"2025-10-12T09:35:00","date_gmt":"2025-10-12T12:35:00","guid":{"rendered":"https:\/\/www.correiobraziliense.com.br\/cbradar\/?p=117207"},"modified":"2025-10-11T16:51:11","modified_gmt":"2025-10-11T19:51:11","slug":"alimentos-da-dieta-mediterranea-para-estocar-em-outubro","status":"publish","type":"post","link":"https:\/\/www.correiobraziliense.com.br\/cbradar\/alimentos-da-dieta-mediterranea-para-estocar-em-outubro\/","title":{"rendered":"Alimentos da dieta mediterr\u00e2nea para estocar em outubro"},"content":{"rendered":"\n<p>A chegada do outono traz temperaturas mais amenas e uma nova safra de vegetais de raiz, ab\u00f3boras, ma\u00e7\u00e3s e peras. Esses alimentos enriquecem as refei\u00e7\u00f5es com sabores marcantes e se alinham \u00e0 dieta mediterr\u00e2nea, reconhecida por seus benef\u00edcios \u00e0 sa\u00fade, como a redu\u00e7\u00e3o dos riscos de doen\u00e7as card\u00edacas e diabetes tipo 2. Al\u00e9m dos produtos sazonais, feij\u00f5es e lentilhas tamb\u00e9m s\u00e3o incorporados, proporcionando um toque nutritivo \u00e0s refei\u00e7\u00f5es t\u00edpicas desta \u00e9poca do ano.<\/p>\n\n\n\n<h2 class=\"wp-block-heading\">Qual a import\u00e2ncia dos vegetais de outono para a dieta mediterr\u00e2nea<\/h2>\n\n\n\n<p>Os vegetais s\u00e3o repletos de antioxidantes e fibras, que s\u00e3o pilares dos benef\u00edcios da dieta mediterr\u00e2nea. Um alimento de destaque no outono \u00e9 a ab\u00f3bora, abundante nesta \u00e9poca e bastante vers\u00e1til no preparo das refei\u00e7\u00f5es di\u00e1rias.<\/p>\n\n\n\n<p>Ab\u00f3boras enlatadas puras s\u00e3o ricas em beta-caroteno, um antioxidante que protege as c\u00e9lulas do corpo. Com cerca de 4 gramas de fibras por meia x\u00edcara, a ab\u00f3bora pode ser usada em sopas, aveias ou massas para enriquecer a alimenta\u00e7\u00e3o.<\/p>\n\n\n\n<h2 class=\"wp-block-heading\">Por que incluir feij\u00f5es e lentilhas nas refei\u00e7\u00f5es de outono \u00e9 relevante<\/h2>\n\n\n\n<p>Feij\u00f5es e lentilhas s\u00e3o fundamentais na dieta mediterr\u00e2nea por serem ricos em prote\u00edna, ferro e fibras sol\u00faveis. Privilegiar esses alimentos de origem vegetal contribui para refei\u00e7\u00f5es mais saud\u00e1veis e equilibradas.<\/p>\n\n\n\n<p>Se voc\u00ea busca cumprir as metas de consumo de fibras e prote\u00ednas, veja os principais benef\u00edcios de adicionar feij\u00f5es e lentilhas ao card\u00e1pio:<\/p>\n\n\n\n<ul class=\"wp-block-list\">\n<li>Aumentam o teor de prote\u00edna vegetal nas refei\u00e7\u00f5es do dia a dia.<\/li>\n\n\n\n<li>Oferecem fibras que ajudam na digest\u00e3o e no controle glic\u00eamico.<\/li>\n\n\n\n<li>S\u00e3o fontes de ferro importantes, especialmente para quem evita carne vermelha.<\/li>\n<\/ul>\n\n\n\n<figure class=\"wp-block-image size-large\"><img decoding=\"async\" width=\"1024\" height=\"576\" src=\"https:\/\/www.correiobraziliense.com.br\/cbradar\/wp-content\/uploads\/2025\/10\/feijoes-_1760123791301-1024x576.jpg\" alt=\"Alimentos da dieta mediterr\u00e2nea para estocar em outubro, segundo nutricionistas\" class=\"wp-image-117228\" srcset=\"https:\/\/www.correiobraziliense.com.br\/cbradar\/wp-content\/uploads\/2025\/10\/feijoes-_1760123791301-1024x576.jpg 1024w, https:\/\/www.correiobraziliense.com.br\/cbradar\/wp-content\/uploads\/2025\/10\/feijoes-_1760123791301-300x169.jpg 300w, https:\/\/www.correiobraziliense.com.br\/cbradar\/wp-content\/uploads\/2025\/10\/feijoes-_1760123791301-768x432.jpg 768w, https:\/\/www.correiobraziliense.com.br\/cbradar\/wp-content\/uploads\/2025\/10\/feijoes-_1760123791301-750x422.jpg 750w, https:\/\/www.correiobraziliense.com.br\/cbradar\/wp-content\/uploads\/2025\/10\/feijoes-_1760123791301-1140x641.jpg 1140w, https:\/\/www.correiobraziliense.com.br\/cbradar\/wp-content\/uploads\/2025\/10\/feijoes-_1760123791301.jpg 1280w\" sizes=\"(max-width: 1024px) 100vw, 1024px\" \/><figcaption class=\"wp-element-caption\">Feij\u00f5es\nCr\u00e9ditos: depositphotos.com \/ vi0222<\/figcaption><\/figure>\n\n\n\n<h2 class=\"wp-block-heading\">As peras s\u00e3o op\u00e7\u00f5es nutritivas para a dieta mediterr\u00e2nea?<\/h2>\n\n\n\n<p>Apesar de as ma\u00e7\u00e3s serem populares no outono, as peras tamb\u00e9m s\u00e3o \u00f3timas escolhas para sobremesas ou pratos salgados. Essa fruta, rica em pectina e \u00e1cido clorog\u00eanico, fortalece o sistema imunol\u00f3gico e possui propriedades anti-inflamat\u00f3rias.<\/p>\n\n\n\n<p>Vers\u00e1til, a pera pode ser consumida sozinha, em saladas ou misturada a cereais, proporcionando sabor e valor nutricional ao dia a dia.<\/p>\n\n\n\n<h2 class=\"wp-block-heading\">Os cogumelos se destacam como ingredientes essenciais da esta\u00e7\u00e3o<\/h2>\n\n\n\n<p>Cogumelos t\u00eam perfil nutricional robusto e oferecem fitoqu\u00edmicos que protegem o c\u00e9rebro do estresse oxidativo. Al\u00e9m disso, podem substituir a carne em v\u00e1rias receitas de outono, ajudando a diversificar o card\u00e1pio.<\/p>\n\n\n\n<p>O seu sabor umami enriquece sopas, massas e outras prepara\u00e7\u00f5es t\u00edpicas da esta\u00e7\u00e3o, tornando os pratos mais saborosos e nutritivos.<\/p>\n\n\n\n<p>Leia tamb\u00e9m: <a href=\"https:\/\/www.correiobraziliense.com.br\/cbradar\/jantares-da-dieta-mediterranea-para-perda-de-peso\/\" target=\"_blank\" rel=\"noreferrer noopener\">Jantares da dieta mediterr\u00e2nea para perda de peso<\/a><\/p>\n\n\n\n<h2 class=\"wp-block-heading\">As pecans s\u00e3o as nozes ideais para a dieta mediterr\u00e2nea no outono<\/h2>\n\n\n\n<p>Nozes t\u00eam papel fundamental na dieta mediterr\u00e2nea, sendo as pecans especialmente indicadas nesta esta\u00e7\u00e3o por seu sabor marcante. S\u00e3o ricas em vitamina E e gorduras insaturadas, promovendo a sa\u00fade cardiovascular.<\/p>\n\n\n\n<p>Al\u00e9m de serem consumidas puras como lanche, as pecans podem ser utilizadas em diversas receitas, como aveias ou saladas, agregando nutrientes ao card\u00e1pio.<\/p>\n\n\n\n<p>Aproveitar os ingredientes t\u00edpicos do outono \u00e9 uma \u00f3tima forma de aplicar a dieta mediterr\u00e2nea. Os produtos sazonais contribuem para refei\u00e7\u00f5es mais saborosas e tamb\u00e9m protegem a sa\u00fade, aliando tradi\u00e7\u00e3o e equil\u00edbrio nutricional para prevenir doen\u00e7as cr\u00f4nicas.<\/p>\n","protected":false},"excerpt":{"rendered":"<p>Explore os superalimentos de outono da dieta mediterr\u00e2nea: ab\u00f3bora, lentilhas, peras e mais, para uma sa\u00fade vibrante e sabor incompar\u00e1vel!<\/p>\n","protected":false},"author":3,"featured_media":117227,"comment_status":"open","ping_status":"open","sticky":false,"template":"","format":"standard","meta":{"_yoast_wpseo_focuskw":"alimentos dieta mediterr\u00eaanea","_yoast_wpseo_title":"%%title%%","_yoast_wpseo_metadesc":"Explore os superalimentos de outono da dieta mediterr\u00e2nea: ab\u00f3bora, lentilhas, peras e mais, para uma sa\u00fade vibrante e sabor incompar\u00e1vel!","jnews-multi-image_gallery":[],"jnews_single_post":{"format":"standard"},"jnews_primary_category":[],"jnews_social_meta":[],"jnews_override_counter":[],"footnotes":""},"categories":[112],"tags":[1423,1488],"class_list":["post-117207","post","type-post","status-publish","format-standard","has-post-thumbnail","hentry","category-curiosidades","tag-alimentos","tag-dieta"],"yoast_head":"<!-- This site is optimized with the Yoast SEO plugin v24.6 - https:\/\/yoast.com\/wordpress\/plugins\/seo\/ -->\n<title>Alimentos da dieta mediterr\u00e2nea para estocar em outubro<\/title>\n<meta name=\"description\" content=\"Explore os superalimentos de outono da dieta mediterr\u00e2nea: ab\u00f3bora, lentilhas, peras e mais, para uma sa\u00fade vibrante e sabor incompar\u00e1vel!\" \/>\n<meta name=\"robots\" content=\"index, follow, max-snippet:-1, max-image-preview:large, max-video-preview:-1\" \/>\n<link rel=\"canonical\" href=\"https:\/\/www.correiobraziliense.com.br\/cbradar\/alimentos-da-dieta-mediterranea-para-estocar-em-outubro\/\" \/>\n<meta property=\"og:locale\" content=\"pt_BR\" \/>\n<meta property=\"og:type\" content=\"article\" \/>\n<meta property=\"og:title\" content=\"Alimentos da dieta mediterr\u00e2nea para estocar em outubro\" \/>\n<meta property=\"og:description\" content=\"Explore os superalimentos de outono da dieta mediterr\u00e2nea: ab\u00f3bora, lentilhas, peras e mais, para uma sa\u00fade vibrante e sabor incompar\u00e1vel!\" \/>\n<meta property=\"og:url\" content=\"https:\/\/www.correiobraziliense.com.br\/cbradar\/alimentos-da-dieta-mediterranea-para-estocar-em-outubro\/\" \/>\n<meta property=\"og:site_name\" content=\"Correio Braziliense - Radar\" \/>\n<meta property=\"article:published_time\" content=\"2025-10-12T12:35:00+00:00\" \/>\n<meta property=\"og:image\" content=\"https:\/\/www.correiobraziliense.com.br\/cbradar\/wp-content\/uploads\/2025\/10\/dieta-mediterranea_1760123754143.jpg\" \/>\n\t<meta property=\"og:image:width\" content=\"1280\" \/>\n\t<meta property=\"og:image:height\" content=\"720\" \/>\n\t<meta property=\"og:image:type\" content=\"image\/jpeg\" \/>\n<meta name=\"author\" content=\"Larissa Carvalho\" \/>\n<meta name=\"twitter:card\" content=\"summary_large_image\" \/>\n<meta name=\"twitter:label1\" content=\"Escrito por\" \/>\n\t<meta name=\"twitter:data1\" content=\"Larissa Carvalho\" \/>\n\t<meta name=\"twitter:label2\" content=\"Est. tempo de leitura\" \/>\n\t<meta name=\"twitter:data2\" content=\"4 minutos\" \/>\n<!-- \/ Yoast SEO plugin. -->","yoast_head_json":{"title":"Alimentos da dieta mediterr\u00e2nea para estocar em outubro","description":"Explore os superalimentos de outono da dieta mediterr\u00e2nea: ab\u00f3bora, lentilhas, peras e mais, para uma sa\u00fade vibrante e sabor incompar\u00e1vel!","robots":{"index":"index","follow":"follow","max-snippet":"max-snippet:-1","max-image-preview":"max-image-preview:large","max-video-preview":"max-video-preview:-1"},"canonical":"https:\/\/www.correiobraziliense.com.br\/cbradar\/alimentos-da-dieta-mediterranea-para-estocar-em-outubro\/","og_locale":"pt_BR","og_type":"article","og_title":"Alimentos da dieta mediterr\u00e2nea para estocar em outubro","og_description":"Explore os superalimentos de outono da dieta mediterr\u00e2nea: ab\u00f3bora, lentilhas, peras e mais, para uma sa\u00fade vibrante e sabor incompar\u00e1vel!","og_url":"https:\/\/www.correiobraziliense.com.br\/cbradar\/alimentos-da-dieta-mediterranea-para-estocar-em-outubro\/","og_site_name":"Correio Braziliense - Radar","article_published_time":"2025-10-12T12:35:00+00:00","og_image":[{"width":1280,"height":720,"url":"https:\/\/www.correiobraziliense.com.br\/cbradar\/wp-content\/uploads\/2025\/10\/dieta-mediterranea_1760123754143.jpg","type":"image\/jpeg"}],"author":"Larissa Carvalho","twitter_card":"summary_large_image","twitter_misc":{"Escrito por":"Larissa Carvalho","Est. tempo de leitura":"4 minutos"},"schema":{"@context":"https:\/\/schema.org","@graph":[{"@type":"WebPage","@id":"https:\/\/www.correiobraziliense.com.br\/cbradar\/alimentos-da-dieta-mediterranea-para-estocar-em-outubro\/","url":"https:\/\/www.correiobraziliense.com.br\/cbradar\/alimentos-da-dieta-mediterranea-para-estocar-em-outubro\/","name":"Alimentos da dieta mediterr\u00e2nea para estocar em outubro","isPartOf":{"@id":"https:\/\/www.correiobraziliense.com.br\/cbradar\/#website"},"primaryImageOfPage":{"@id":"https:\/\/www.correiobraziliense.com.br\/cbradar\/alimentos-da-dieta-mediterranea-para-estocar-em-outubro\/#primaryimage"},"image":{"@id":"https:\/\/www.correiobraziliense.com.br\/cbradar\/alimentos-da-dieta-mediterranea-para-estocar-em-outubro\/#primaryimage"},"thumbnailUrl":"https:\/\/www.correiobraziliense.com.br\/cbradar\/wp-content\/uploads\/2025\/10\/dieta-mediterranea_1760123754143.jpg","datePublished":"2025-10-12T12:35:00+00:00","author":{"@id":"https:\/\/www.correiobraziliense.com.br\/cbradar\/#\/schema\/person\/58422787644df994b53a19d3e56c1513"},"description":"Explore os superalimentos de outono da dieta mediterr\u00e2nea: ab\u00f3bora, lentilhas, peras e mais, para uma sa\u00fade vibrante e sabor incompar\u00e1vel!","breadcrumb":{"@id":"https:\/\/www.correiobraziliense.com.br\/cbradar\/alimentos-da-dieta-mediterranea-para-estocar-em-outubro\/#breadcrumb"},"inLanguage":"pt-BR","potentialAction":[{"@type":"ReadAction","target":["https:\/\/www.correiobraziliense.com.br\/cbradar\/alimentos-da-dieta-mediterranea-para-estocar-em-outubro\/"]}]},{"@type":"ImageObject","inLanguage":"pt-BR","@id":"https:\/\/www.correiobraziliense.com.br\/cbradar\/alimentos-da-dieta-mediterranea-para-estocar-em-outubro\/#primaryimage","url":"https:\/\/www.correiobraziliense.com.br\/cbradar\/wp-content\/uploads\/2025\/10\/dieta-mediterranea_1760123754143.jpg","contentUrl":"https:\/\/www.correiobraziliense.com.br\/cbradar\/wp-content\/uploads\/2025\/10\/dieta-mediterranea_1760123754143.jpg","width":1280,"height":720,"caption":"Dieta mediterr\u00e2nea Cr\u00e9ditos: depositphotos.com \/ aamulya"},{"@type":"BreadcrumbList","@id":"https:\/\/www.correiobraziliense.com.br\/cbradar\/alimentos-da-dieta-mediterranea-para-estocar-em-outubro\/#breadcrumb","itemListElement":[{"@type":"ListItem","position":1,"name":"In\u00edcio","item":"https:\/\/www.correiobraziliense.com.br\/cbradar\/"},{"@type":"ListItem","position":2,"name":"Alimentos da dieta mediterr\u00e2nea para estocar em outubro"}]},{"@type":"WebSite","@id":"https:\/\/www.correiobraziliense.com.br\/cbradar\/#website","url":"https:\/\/www.correiobraziliense.com.br\/cbradar\/","name":"Correio Braziliense - Radar","description":"Acompanhe as \u00faltimas not\u00edcias e fique bem informado sobre tudo o que acontece no Brasil e no mundo.","potentialAction":[{"@type":"SearchAction","target":{"@type":"EntryPoint","urlTemplate":"https:\/\/www.correiobraziliense.com.br\/cbradar\/?s={search_term_string}"},"query-input":{"@type":"PropertyValueSpecification","valueRequired":true,"valueName":"search_term_string"}}],"inLanguage":"pt-BR"},{"@type":"Person","@id":"https:\/\/www.correiobraziliense.com.br\/cbradar\/#\/schema\/person\/58422787644df994b53a19d3e56c1513","name":"Larissa Carvalho","image":{"@type":"ImageObject","inLanguage":"pt-BR","@id":"https:\/\/www.correiobraziliense.com.br\/cbradar\/#\/schema\/person\/image\/","url":"https:\/\/secure.gravatar.com\/avatar\/fe4f91a0de32b52a838d0d612abdc1aa?s=96&d=mm&r=g","contentUrl":"https:\/\/secure.gravatar.com\/avatar\/fe4f91a0de32b52a838d0d612abdc1aa?s=96&d=mm&r=g","caption":"Larissa Carvalho"},"url":"https:\/\/www.correiobraziliense.com.br\/cbradar\/author\/larissamyth\/"}]}},"_links":{"self":[{"href":"https:\/\/www.correiobraziliense.com.br\/cbradar\/wp-json\/wp\/v2\/posts\/117207","targetHints":{"allow":["GET"]}}],"collection":[{"href":"https:\/\/www.correiobraziliense.com.br\/cbradar\/wp-json\/wp\/v2\/posts"}],"about":[{"href":"https:\/\/www.correiobraziliense.com.br\/cbradar\/wp-json\/wp\/v2\/types\/post"}],"author":[{"embeddable":true,"href":"https:\/\/www.correiobraziliense.com.br\/cbradar\/wp-json\/wp\/v2\/users\/3"}],"replies":[{"embeddable":true,"href":"https:\/\/www.correiobraziliense.com.br\/cbradar\/wp-json\/wp\/v2\/comments?post=117207"}],"version-history":[{"count":3,"href":"https:\/\/www.correiobraziliense.com.br\/cbradar\/wp-json\/wp\/v2\/posts\/117207\/revisions"}],"predecessor-version":[{"id":117876,"href":"https:\/\/www.correiobraziliense.com.br\/cbradar\/wp-json\/wp\/v2\/posts\/117207\/revisions\/117876"}],"wp:featuredmedia":[{"embeddable":true,"href":"https:\/\/www.correiobraziliense.com.br\/cbradar\/wp-json\/wp\/v2\/media\/117227"}],"wp:attachment":[{"href":"https:\/\/www.correiobraziliense.com.br\/cbradar\/wp-json\/wp\/v2\/media?parent=117207"}],"wp:term":[{"taxonomy":"category","embeddable":true,"href":"https:\/\/www.correiobraziliense.com.br\/cbradar\/wp-json\/wp\/v2\/categories?post=117207"},{"taxonomy":"post_tag","embeddable":true,"href":"https:\/\/www.correiobraziliense.com.br\/cbradar\/wp-json\/wp\/v2\/tags?post=117207"}],"curies":[{"name":"wp","href":"https:\/\/api.w.org\/{rel}","templated":true}]}}