{"id":117271,"date":"2025-10-12T06:35:00","date_gmt":"2025-10-12T09:35:00","guid":{"rendered":"https:\/\/www.correiobraziliense.com.br\/cbradar\/?p=117271"},"modified":"2025-10-11T16:42:48","modified_gmt":"2025-10-11T19:42:48","slug":"esqueca-natacao-ou-ciclismo-este-exercicio-pode-proteger-a-saude-do-seu-cerebro-por-5-anos","status":"publish","type":"post","link":"https:\/\/www.correiobraziliense.com.br\/cbradar\/esqueca-natacao-ou-ciclismo-este-exercicio-pode-proteger-a-saude-do-seu-cerebro-por-5-anos\/","title":{"rendered":"Esque\u00e7a nata\u00e7\u00e3o ou ciclismo, este exerc\u00edcio pode proteger a sa\u00fade do seu c\u00e9rebro por 5 anos"},"content":{"rendered":"\n<p>O treinamento de alta intensidade (ou HIT) \u00e9 amplamente reconhecido por seus benef\u00edcios cardiovasculares e de fortalecimento muscular. Novas pesquisas agora destacam que esse tipo de exerc\u00edcio pode tamb\u00e9m melhorar significativamente a sa\u00fade do c\u00e9rebro, ajudando a proteger fun\u00e7\u00f5es cognitivas por per\u00edodos prolongados, como at\u00e9 cinco anos.<\/p>\n\n\n\n<h2 class=\"wp-block-heading\">Como o treinamento de alta intensidade pode beneficiar o c\u00e9rebro<\/h2>\n\n\n\n<p><a href=\"https:\/\/pubmed.ncbi.nlm.nih.gov\/39012673\/\" target=\"_blank\" rel=\"noreferrer noopener\">Estudos recentes demonstram uma rela\u00e7\u00e3o positiva entre exerc\u00edcios de alta intensidade e a fun\u00e7\u00e3o do hipocampo<\/a>, essencial para a mem\u00f3ria e o aprendizado. Em adultos mais velhos saud\u00e1veis, os treinos intensos mostraram papel fundamental na manuten\u00e7\u00e3o da sa\u00fade cognitiva e redu\u00e7\u00e3o do decl\u00ednio cognitivo relacionado \u00e0 idade.<\/p>\n\n\n\n<p>Comparando diferentes regimes de exerc\u00edcios, apenas o grupo submetido \u00e0 alta intensidade apresentou melhorias significativas no hipocampo ao final de seis meses. Isso sugere uma efic\u00e1cia superior do HIT na promo\u00e7\u00e3o da sa\u00fade cerebral.<\/p>\n\n\n\n<h2 class=\"wp-block-heading\">Como a alta intensidade influencia a sa\u00fade cognitiva<\/h2>\n\n\n\n<p>As pesquisas indicam que treinos regulares de alta intensidade elevam os n\u00edveis de <a href=\"https:\/\/pubmed.ncbi.nlm.nih.gov\/39012673\/\" target=\"_blank\" rel=\"noreferrer noopener\">BDNF (brain-derived neurotrophic factor),<\/a> agente fundamental para o crescimento e conex\u00e3o das c\u00e9lulas cerebrais. Esse mecanismo contribui para a melhora da plasticidade sin\u00e1ptica, essencial no processo de aprendizagem.<\/p>\n\n\n\n<p>Al\u00e9m disso, foi observada uma intera\u00e7\u00e3o positiva com o cortisol, associada \u00e0 melhora das fun\u00e7\u00f5es dependentes do hipocampo. Para demonstrar os benef\u00edcios pr\u00e1ticos desse tipo de treino, veja as principais vantagens:<\/p>\n\n\n\n<ul class=\"wp-block-list\">\n<li>Maior est\u00edmulo \u00e0 forma\u00e7\u00e3o de novas conex\u00f5es neurais<\/li>\n\n\n\n<li>Redu\u00e7\u00e3o do decl\u00ednio cognitivo relacionado \u00e0 idade<\/li>\n\n\n\n<li>Fortalecimento da mem\u00f3ria e da capacidade de aprendizado<\/li>\n<\/ul>\n\n\n\n<figure class=\"wp-block-image size-large\"><img decoding=\"async\" width=\"1024\" height=\"576\" src=\"https:\/\/www.correiobraziliense.com.br\/cbradar\/wp-content\/uploads\/2025\/10\/exercicio-de-alta-intensidade_1760127120645-1024x576.jpg\" alt=\"Esque\u00e7a nata\u00e7\u00e3o ou ciclismo \u2014 um novo estudo mostra que este exerc\u00edcio surpreendente pode proteger a sa\u00fade do seu c\u00e9rebro por 5 anos\" class=\"wp-image-117284\" srcset=\"https:\/\/www.correiobraziliense.com.br\/cbradar\/wp-content\/uploads\/2025\/10\/exercicio-de-alta-intensidade_1760127120645-1024x576.jpg 1024w, https:\/\/www.correiobraziliense.com.br\/cbradar\/wp-content\/uploads\/2025\/10\/exercicio-de-alta-intensidade_1760127120645-300x169.jpg 300w, https:\/\/www.correiobraziliense.com.br\/cbradar\/wp-content\/uploads\/2025\/10\/exercicio-de-alta-intensidade_1760127120645-768x432.jpg 768w, https:\/\/www.correiobraziliense.com.br\/cbradar\/wp-content\/uploads\/2025\/10\/exercicio-de-alta-intensidade_1760127120645-750x422.jpg 750w, https:\/\/www.correiobraziliense.com.br\/cbradar\/wp-content\/uploads\/2025\/10\/exercicio-de-alta-intensidade_1760127120645-1140x641.jpg 1140w, https:\/\/www.correiobraziliense.com.br\/cbradar\/wp-content\/uploads\/2025\/10\/exercicio-de-alta-intensidade_1760127120645.jpg 1280w\" sizes=\"(max-width: 1024px) 100vw, 1024px\" \/><figcaption class=\"wp-element-caption\">Exerc\u00edcio de alta intensidade\nCr\u00e9ditos: depositphotos.com \/ iwatchwater<\/figcaption><\/figure>\n\n\n\n<h2 class=\"wp-block-heading\">Por que priorizar exerc\u00edcios de alta intensidade para proteger o c\u00e9rebro<\/h2>\n\n\n\n<p>Incorporar exerc\u00edcios de alta intensidade na rotina n\u00e3o apenas melhora o condicionamento f\u00edsico, mas tamb\u00e9m oferece uma prote\u00e7\u00e3o extra ao c\u00e9rebro, potencializando a sa\u00fade cognitiva a longo prazo.<\/p>\n\n\n\n<p>Os treinamentos podem agir como uma &#8220;muscula\u00e7\u00e3o&#8221; para o c\u00e9rebro, tornando-o mais \u00e1gil e resiliente ao envelhecimento, al\u00e9m de promoverem benef\u00edcios f\u00edsicos gerais.<\/p>\n\n\n\n<p>Leia tamb\u00e9m: <a href=\"https:\/\/www.correiobraziliense.com.br\/cbradar\/cientistas-identificaram-mudancas-estruturais-em-todo-o-cerebro-durante-a-menstruacao\/\" target=\"_blank\" rel=\"noreferrer noopener\">Cientistas identificaram mudan\u00e7as estruturais em todo o c\u00e9rebro durante a menstrua\u00e7\u00e3o<\/a><\/p>\n\n\n\n<h2 class=\"wp-block-heading\">Quais s\u00e3o as melhores formas de iniciar treinos de alta intensidade<\/h2>\n\n\n\n<p>Se voc\u00ea \u00e9 iniciante, \u00e9 fundamental buscar orienta\u00e7\u00e3o profissional para adaptar o treino ao seu n\u00edvel f\u00edsico. A consist\u00eancia e modera\u00e7\u00e3o s\u00e3o chaves para obter resultados positivos de maneira segura.<\/p>\n\n\n\n<p>Veja algumas etapas essenciais na prepara\u00e7\u00e3o para come\u00e7ar um programa de alta intensidade:<\/p>\n\n\n\n<ul class=\"wp-block-list\">\n<li>Comece com exerc\u00edcios b\u00e1sicos e aumente a intensidade de forma gradual<\/li>\n\n\n\n<li>Intercale per\u00edodos de esfor\u00e7o m\u00e1ximo com intervalos de recupera\u00e7\u00e3o<\/li>\n\n\n\n<li>Mantenha um ritmo sustent\u00e1vel e adaptado ao seu condicionamento<\/li>\n<\/ul>\n\n\n\n<p>Com dedica\u00e7\u00e3o e acompanhamento adequado, o treinamento de alta intensidade pode se tornar um grande aliado na promo\u00e7\u00e3o da sa\u00fade mental e do bem-estar ao longo da vida.<\/p>\n","protected":false},"excerpt":{"rendered":"<p>HIT transforma o c\u00e9rebro: Estudo revela que treino de alta intensidade melhora a sa\u00fade cognitiva por at\u00e9 5 anos!<\/p>\n","protected":false},"author":3,"featured_media":117283,"comment_status":"open","ping_status":"open","sticky":false,"template":"","format":"standard","meta":{"_yoast_wpseo_focuskw":"exerc\u00edcio proteger c\u00e9rebro","_yoast_wpseo_title":"%%title%%","_yoast_wpseo_metadesc":"HIT transforma o c\u00e9rebro: Estudo revela que treino de alta intensidade melhora a sa\u00fade cognitiva por at\u00e9 5 anos!","jnews-multi-image_gallery":[],"jnews_single_post":{"format":"standard"},"jnews_primary_category":[],"jnews_social_meta":[],"jnews_override_counter":[],"footnotes":""},"categories":[112],"tags":[698,10741],"class_list":["post-117271","post","type-post","status-publish","format-standard","has-post-thumbnail","hentry","category-curiosidades","tag-cerebro","tag-neurologia"],"yoast_head":"<!-- This site is optimized with the Yoast SEO plugin v24.6 - https:\/\/yoast.com\/wordpress\/plugins\/seo\/ -->\n<title>Esque\u00e7a nata\u00e7\u00e3o ou ciclismo, este exerc\u00edcio pode proteger a sa\u00fade do seu c\u00e9rebro por 5 anos<\/title>\n<meta name=\"description\" content=\"HIT transforma o c\u00e9rebro: Estudo revela que treino de alta intensidade melhora a sa\u00fade cognitiva por at\u00e9 5 anos!\" \/>\n<meta name=\"robots\" content=\"index, follow, max-snippet:-1, max-image-preview:large, max-video-preview:-1\" \/>\n<link rel=\"canonical\" href=\"https:\/\/www.correiobraziliense.com.br\/cbradar\/esqueca-natacao-ou-ciclismo-este-exercicio-pode-proteger-a-saude-do-seu-cerebro-por-5-anos\/\" \/>\n<meta property=\"og:locale\" content=\"pt_BR\" \/>\n<meta property=\"og:type\" content=\"article\" \/>\n<meta property=\"og:title\" content=\"Esque\u00e7a nata\u00e7\u00e3o ou ciclismo, este exerc\u00edcio pode proteger a sa\u00fade do seu c\u00e9rebro por 5 anos\" \/>\n<meta property=\"og:description\" content=\"HIT transforma o c\u00e9rebro: Estudo revela que treino de alta intensidade melhora a sa\u00fade cognitiva por at\u00e9 5 anos!\" \/>\n<meta property=\"og:url\" content=\"https:\/\/www.correiobraziliense.com.br\/cbradar\/esqueca-natacao-ou-ciclismo-este-exercicio-pode-proteger-a-saude-do-seu-cerebro-por-5-anos\/\" \/>\n<meta property=\"og:site_name\" content=\"Correio Braziliense - Radar\" \/>\n<meta property=\"article:published_time\" content=\"2025-10-12T09:35:00+00:00\" \/>\n<meta property=\"og:image\" content=\"https:\/\/www.correiobraziliense.com.br\/cbradar\/wp-content\/uploads\/2025\/10\/cerebro_1760127078693.jpg\" \/>\n\t<meta property=\"og:image:width\" content=\"1280\" \/>\n\t<meta property=\"og:image:height\" content=\"720\" \/>\n\t<meta property=\"og:image:type\" content=\"image\/jpeg\" \/>\n<meta name=\"author\" content=\"Larissa Carvalho\" \/>\n<meta name=\"twitter:card\" content=\"summary_large_image\" \/>\n<meta name=\"twitter:label1\" content=\"Escrito por\" \/>\n\t<meta name=\"twitter:data1\" content=\"Larissa Carvalho\" \/>\n\t<meta name=\"twitter:label2\" content=\"Est. tempo de leitura\" \/>\n\t<meta name=\"twitter:data2\" content=\"3 minutos\" \/>\n<!-- \/ Yoast SEO plugin. -->","yoast_head_json":{"title":"Esque\u00e7a nata\u00e7\u00e3o ou ciclismo, este exerc\u00edcio pode proteger a sa\u00fade do seu c\u00e9rebro por 5 anos","description":"HIT transforma o c\u00e9rebro: Estudo revela que treino de alta intensidade melhora a sa\u00fade cognitiva por at\u00e9 5 anos!","robots":{"index":"index","follow":"follow","max-snippet":"max-snippet:-1","max-image-preview":"max-image-preview:large","max-video-preview":"max-video-preview:-1"},"canonical":"https:\/\/www.correiobraziliense.com.br\/cbradar\/esqueca-natacao-ou-ciclismo-este-exercicio-pode-proteger-a-saude-do-seu-cerebro-por-5-anos\/","og_locale":"pt_BR","og_type":"article","og_title":"Esque\u00e7a nata\u00e7\u00e3o ou ciclismo, este exerc\u00edcio pode proteger a sa\u00fade do seu c\u00e9rebro por 5 anos","og_description":"HIT transforma o c\u00e9rebro: Estudo revela que treino de alta intensidade melhora a sa\u00fade cognitiva por at\u00e9 5 anos!","og_url":"https:\/\/www.correiobraziliense.com.br\/cbradar\/esqueca-natacao-ou-ciclismo-este-exercicio-pode-proteger-a-saude-do-seu-cerebro-por-5-anos\/","og_site_name":"Correio Braziliense - Radar","article_published_time":"2025-10-12T09:35:00+00:00","og_image":[{"width":1280,"height":720,"url":"https:\/\/www.correiobraziliense.com.br\/cbradar\/wp-content\/uploads\/2025\/10\/cerebro_1760127078693.jpg","type":"image\/jpeg"}],"author":"Larissa Carvalho","twitter_card":"summary_large_image","twitter_misc":{"Escrito por":"Larissa Carvalho","Est. tempo de leitura":"3 minutos"},"schema":{"@context":"https:\/\/schema.org","@graph":[{"@type":"WebPage","@id":"https:\/\/www.correiobraziliense.com.br\/cbradar\/esqueca-natacao-ou-ciclismo-este-exercicio-pode-proteger-a-saude-do-seu-cerebro-por-5-anos\/","url":"https:\/\/www.correiobraziliense.com.br\/cbradar\/esqueca-natacao-ou-ciclismo-este-exercicio-pode-proteger-a-saude-do-seu-cerebro-por-5-anos\/","name":"Esque\u00e7a nata\u00e7\u00e3o ou ciclismo, este exerc\u00edcio pode proteger a sa\u00fade do seu c\u00e9rebro por 5 anos","isPartOf":{"@id":"https:\/\/www.correiobraziliense.com.br\/cbradar\/#website"},"primaryImageOfPage":{"@id":"https:\/\/www.correiobraziliense.com.br\/cbradar\/esqueca-natacao-ou-ciclismo-este-exercicio-pode-proteger-a-saude-do-seu-cerebro-por-5-anos\/#primaryimage"},"image":{"@id":"https:\/\/www.correiobraziliense.com.br\/cbradar\/esqueca-natacao-ou-ciclismo-este-exercicio-pode-proteger-a-saude-do-seu-cerebro-por-5-anos\/#primaryimage"},"thumbnailUrl":"https:\/\/www.correiobraziliense.com.br\/cbradar\/wp-content\/uploads\/2025\/10\/cerebro_1760127078693.jpg","datePublished":"2025-10-12T09:35:00+00:00","author":{"@id":"https:\/\/www.correiobraziliense.com.br\/cbradar\/#\/schema\/person\/58422787644df994b53a19d3e56c1513"},"description":"HIT transforma o c\u00e9rebro: Estudo revela que treino de alta intensidade melhora a sa\u00fade cognitiva por at\u00e9 5 anos!","breadcrumb":{"@id":"https:\/\/www.correiobraziliense.com.br\/cbradar\/esqueca-natacao-ou-ciclismo-este-exercicio-pode-proteger-a-saude-do-seu-cerebro-por-5-anos\/#breadcrumb"},"inLanguage":"pt-BR","potentialAction":[{"@type":"ReadAction","target":["https:\/\/www.correiobraziliense.com.br\/cbradar\/esqueca-natacao-ou-ciclismo-este-exercicio-pode-proteger-a-saude-do-seu-cerebro-por-5-anos\/"]}]},{"@type":"ImageObject","inLanguage":"pt-BR","@id":"https:\/\/www.correiobraziliense.com.br\/cbradar\/esqueca-natacao-ou-ciclismo-este-exercicio-pode-proteger-a-saude-do-seu-cerebro-por-5-anos\/#primaryimage","url":"https:\/\/www.correiobraziliense.com.br\/cbradar\/wp-content\/uploads\/2025\/10\/cerebro_1760127078693.jpg","contentUrl":"https:\/\/www.correiobraziliense.com.br\/cbradar\/wp-content\/uploads\/2025\/10\/cerebro_1760127078693.jpg","width":1280,"height":720,"caption":"C\u00e9rebro Cr\u00e9ditos: depositphotos.com \/ KostyaKlimenko"},{"@type":"BreadcrumbList","@id":"https:\/\/www.correiobraziliense.com.br\/cbradar\/esqueca-natacao-ou-ciclismo-este-exercicio-pode-proteger-a-saude-do-seu-cerebro-por-5-anos\/#breadcrumb","itemListElement":[{"@type":"ListItem","position":1,"name":"In\u00edcio","item":"https:\/\/www.correiobraziliense.com.br\/cbradar\/"},{"@type":"ListItem","position":2,"name":"Esque\u00e7a nata\u00e7\u00e3o ou ciclismo, este exerc\u00edcio pode proteger a sa\u00fade do seu c\u00e9rebro por 5 anos"}]},{"@type":"WebSite","@id":"https:\/\/www.correiobraziliense.com.br\/cbradar\/#website","url":"https:\/\/www.correiobraziliense.com.br\/cbradar\/","name":"Correio Braziliense - Radar","description":"Acompanhe as \u00faltimas not\u00edcias e fique bem informado sobre tudo o que acontece no Brasil e no mundo.","potentialAction":[{"@type":"SearchAction","target":{"@type":"EntryPoint","urlTemplate":"https:\/\/www.correiobraziliense.com.br\/cbradar\/?s={search_term_string}"},"query-input":{"@type":"PropertyValueSpecification","valueRequired":true,"valueName":"search_term_string"}}],"inLanguage":"pt-BR"},{"@type":"Person","@id":"https:\/\/www.correiobraziliense.com.br\/cbradar\/#\/schema\/person\/58422787644df994b53a19d3e56c1513","name":"Larissa Carvalho","image":{"@type":"ImageObject","inLanguage":"pt-BR","@id":"https:\/\/www.correiobraziliense.com.br\/cbradar\/#\/schema\/person\/image\/","url":"https:\/\/secure.gravatar.com\/avatar\/fe4f91a0de32b52a838d0d612abdc1aa?s=96&d=mm&r=g","contentUrl":"https:\/\/secure.gravatar.com\/avatar\/fe4f91a0de32b52a838d0d612abdc1aa?s=96&d=mm&r=g","caption":"Larissa Carvalho"},"url":"https:\/\/www.correiobraziliense.com.br\/cbradar\/author\/larissamyth\/"}]}},"_links":{"self":[{"href":"https:\/\/www.correiobraziliense.com.br\/cbradar\/wp-json\/wp\/v2\/posts\/117271","targetHints":{"allow":["GET"]}}],"collection":[{"href":"https:\/\/www.correiobraziliense.com.br\/cbradar\/wp-json\/wp\/v2\/posts"}],"about":[{"href":"https:\/\/www.correiobraziliense.com.br\/cbradar\/wp-json\/wp\/v2\/types\/post"}],"author":[{"embeddable":true,"href":"https:\/\/www.correiobraziliense.com.br\/cbradar\/wp-json\/wp\/v2\/users\/3"}],"replies":[{"embeddable":true,"href":"https:\/\/www.correiobraziliense.com.br\/cbradar\/wp-json\/wp\/v2\/comments?post=117271"}],"version-history":[{"count":3,"href":"https:\/\/www.correiobraziliense.com.br\/cbradar\/wp-json\/wp\/v2\/posts\/117271\/revisions"}],"predecessor-version":[{"id":117866,"href":"https:\/\/www.correiobraziliense.com.br\/cbradar\/wp-json\/wp\/v2\/posts\/117271\/revisions\/117866"}],"wp:featuredmedia":[{"embeddable":true,"href":"https:\/\/www.correiobraziliense.com.br\/cbradar\/wp-json\/wp\/v2\/media\/117283"}],"wp:attachment":[{"href":"https:\/\/www.correiobraziliense.com.br\/cbradar\/wp-json\/wp\/v2\/media?parent=117271"}],"wp:term":[{"taxonomy":"category","embeddable":true,"href":"https:\/\/www.correiobraziliense.com.br\/cbradar\/wp-json\/wp\/v2\/categories?post=117271"},{"taxonomy":"post_tag","embeddable":true,"href":"https:\/\/www.correiobraziliense.com.br\/cbradar\/wp-json\/wp\/v2\/tags?post=117271"}],"curies":[{"name":"wp","href":"https:\/\/api.w.org\/{rel}","templated":true}]}}