{"id":117331,"date":"2025-10-13T22:25:00","date_gmt":"2025-10-14T01:25:00","guid":{"rendered":"https:\/\/www.correiobraziliense.com.br\/cbradar\/?p=117331"},"modified":"2025-10-10T19:14:56","modified_gmt":"2025-10-10T22:14:56","slug":"o-que-acontece-no-seu-corpo-quando-o-medo-faz-voce-tremer","status":"publish","type":"post","link":"https:\/\/www.correiobraziliense.com.br\/cbradar\/o-que-acontece-no-seu-corpo-quando-o-medo-faz-voce-tremer\/","title":{"rendered":"O que acontece no seu corpo quando o medo faz voc\u00ea tremer?"},"content":{"rendered":"\n<p>O medo \u00e9 uma das emo\u00e7\u00f5es mais antigas e poderosas do ser humano. Quando ele surge, o corpo reage de v\u00e1rias formas \u2014 suor frio, acelera\u00e7\u00e3o card\u00edaca, respira\u00e7\u00e3o curta e, muitas vezes, tremores. Mas afinal, <strong>por que o corpo treme quando sentimos medo?<\/strong><\/p>\n\n\n\n<h2 class=\"wp-block-heading\">O tremor pode ser uma resposta natural do corpo?<\/h2>\n\n\n\n<p>Os tremores s\u00e3o resultados da ativa\u00e7\u00e3o do <strong>sistema nervoso aut\u00f4nomo<\/strong>, que prepara o corpo para fugir ou lutar. Essa rea\u00e7\u00e3o, conhecida como <strong>\u201cresposta de luta ou fuga\u201d<\/strong>, libera <strong>adrenalina<\/strong> e <strong>cortisol<\/strong>, horm\u00f4nios que aumentam a energia e a vigil\u00e2ncia.<\/p>\n\n\n\n<p><strong>O corpo treme porque est\u00e1 se preparando para agir diante de um perigo real ou imagin\u00e1rio.<\/strong> \u00c9 como se o sistema nervoso colocasse o organismo em modo de alerta m\u00e1ximo.<\/p>\n\n\n<div class=\"wp-block-image\">\n<figure class=\"aligncenter size-large\"><img decoding=\"async\" width=\"1024\" height=\"576\" src=\"https:\/\/www.correiobraziliense.com.br\/cbradar\/wp-content\/uploads\/2025\/04\/fobia_1745021801801-1024x576.jpg\" alt=\"O que acontece no seu corpo quando o medo faz voc\u00ea tremer?\" class=\"wp-image-25721\" srcset=\"https:\/\/www.correiobraziliense.com.br\/cbradar\/wp-content\/uploads\/2025\/04\/fobia_1745021801801-1024x576.jpg 1024w, https:\/\/www.correiobraziliense.com.br\/cbradar\/wp-content\/uploads\/2025\/04\/fobia_1745021801801-300x169.jpg 300w, https:\/\/www.correiobraziliense.com.br\/cbradar\/wp-content\/uploads\/2025\/04\/fobia_1745021801801-768x432.jpg 768w, https:\/\/www.correiobraziliense.com.br\/cbradar\/wp-content\/uploads\/2025\/04\/fobia_1745021801801-750x422.jpg 750w, https:\/\/www.correiobraziliense.com.br\/cbradar\/wp-content\/uploads\/2025\/04\/fobia_1745021801801-1140x641.jpg 1140w, https:\/\/www.correiobraziliense.com.br\/cbradar\/wp-content\/uploads\/2025\/04\/fobia_1745021801801.jpg 1280w\" sizes=\"(max-width: 1024px) 100vw, 1024px\" \/><figcaption class=\"wp-element-caption\">Medo \/\/ Cr\u00e9ditos: depositphotos.com \/ HayDmitriy<\/figcaption><\/figure><\/div>\n\n\n<h2 class=\"wp-block-heading\">Qual o papel da adrenalina?<\/h2>\n\n\n\n<p>Quando o c\u00e9rebro detecta uma amea\u00e7a, o hipot\u00e1lamo envia sinais \u00e0s gl\u00e2ndulas suprarrenais, que liberam adrenalina no sangue. Esse horm\u00f4nio acelera o cora\u00e7\u00e3o e contrai os m\u00fasculos, causando tremores.<\/p>\n\n\n\n<p>Embora desconfort\u00e1vel, essa rea\u00e7\u00e3o \u00e9 vital: ela aumenta a for\u00e7a, a velocidade e a capacidade de reagir rapidamente.<\/p>\n\n\n\n<h2 class=\"wp-block-heading\">Quando o medo \u00e9 psicol\u00f3gico?<\/h2>\n\n\n\n<p>Nem sempre o corpo treme por um perigo f\u00edsico. \u00c0s vezes, o gatilho \u00e9 emocional \u2014 como falar em p\u00fablico ou enfrentar uma situa\u00e7\u00e3o de estresse. O c\u00e9rebro reage da mesma forma que diante de uma amea\u00e7a concreta.<\/p>\n\n\n\n<p>Para lidar com isso, especialistas sugerem t\u00e9cnicas simples:<\/p>\n\n\n\n<ul class=\"wp-block-list\">\n<li>Fazer respira\u00e7\u00f5es lentas e profundas.<\/li>\n\n\n\n<li>Nomear o que se est\u00e1 sentindo (\u201cEstou com medo\u201d).<\/li>\n\n\n\n<li>Mover o corpo suavemente para liberar a tens\u00e3o.<\/li>\n\n\n\n<li>Buscar apoio emocional se o medo for recorrente.<\/li>\n<\/ul>\n\n\n\n<h2 class=\"wp-block-heading\">O medo como ferramenta de sobreviv\u00eancia<\/h2>\n\n\n\n<p>O medo \u00e9 um instinto de autoprote\u00e7\u00e3o. Ele nos impede de agir imprudentemente e garante nossa seguran\u00e7a. <strong>Tremer diante do medo \u00e9 um sinal de que o corpo est\u00e1 funcionando corretamente<\/strong>, reconhecendo o risco e se preparando para enfrent\u00e1-lo.<\/p>\n\n\n\n<p>Inclusive, pesquisas da<a href=\"https:\/\/hms.harvard.edu\/news\/fear-balance?utm_source=chatgpt.com\" target=\"_blank\" rel=\"noreferrer noopener\"> <strong>Universidade de Harvard<\/strong><\/a> indicam que pessoas com respostas fisiol\u00f3gicas mais intensas ao medo tendem a ser mais resilientes em situa\u00e7\u00f5es reais de perigo.<\/p>\n\n\n\n<p><strong>Leia tamb\u00e9m: <a href=\"https:\/\/www.correiobraziliense.com.br\/cbradar\/o-cha-termogenico-que-acelera-o-metabolismo-naturalmente\/\" target=\"_blank\" rel=\"noreferrer noopener\">O ch\u00e1 termog\u00eanico que acelera o metabolismo naturalmente.<\/a><\/strong><\/p>\n\n\n\n<h2 class=\"wp-block-heading\">Quais as diferen\u00e7as entre medo e ansiedade?<\/h2>\n\n\n\n<p>Embora pare\u00e7am semelhantes, o medo \u00e9 uma resposta imediata a algo real, enquanto a ansiedade \u00e9 uma antecipa\u00e7\u00e3o de algo que pode acontecer. Ambas ativam o mesmo sistema fisiol\u00f3gico, mas o medo geralmente se dissipa quando o perigo passa.<\/p>\n\n\n\n<p>J\u00e1 a ansiedade mant\u00e9m o corpo em estado de alerta constante, o que pode gerar tremores mais prolongados ou desconfort\u00e1veis.<\/p>\n\n\n\n<h2 class=\"wp-block-heading\">Curiosidades sobre o medo<\/h2>\n\n\n\n<ul class=\"wp-block-list\">\n<li>O cora\u00e7\u00e3o pode bater at\u00e9 20% mais r\u00e1pido durante o medo.<\/li>\n\n\n\n<li>O suor frio \u00e9 uma forma de preparar o corpo para resfriar-se rapidamente.<\/li>\n\n\n\n<li>Algumas pessoas sentem \u201cfrio na barriga\u201d porque o fluxo sangu\u00edneo \u00e9 redirecionado dos \u00f3rg\u00e3os internos para os m\u00fasculos.<\/li>\n\n\n\n<li>Ratos, humanos e at\u00e9 pombos apresentam respostas f\u00edsicas semelhantes ao medo.<\/li>\n<\/ul>\n\n\n\n<p><strong>O corpo treme quando sentimos medo porque o c\u00e9rebro est\u00e1 ativando um sistema ancestral de sobreviv\u00eancia.<\/strong> \u00c9 uma forma inteligente de garantir que estejamos prontos para reagir. O medo, quando compreendido, deixa de ser inimigo e se torna um aliado poderoso para nossa prote\u00e7\u00e3o e autoconhecimento.<\/p>\n","protected":false},"excerpt":{"rendered":"<p>O medo \u00e9 uma das emo\u00e7\u00f5es mais antigas e poderosas do ser humano. Quando ele surge, o corpo reage de v\u00e1rias formas \u2014 suor frio, acelera\u00e7\u00e3o card\u00edaca, respira\u00e7\u00e3o curta e, muitas vezes, tremores. Mas afinal, por que o corpo treme quando sentimos medo? O tremor pode ser uma resposta natural do corpo? Os tremores s\u00e3o [&hellip;]<\/p>\n","protected":false},"author":8,"featured_media":25723,"comment_status":"open","ping_status":"open","sticky":false,"template":"","format":"standard","meta":{"_yoast_wpseo_focuskw":"medo","_yoast_wpseo_title":"","_yoast_wpseo_metadesc":"Descubra por que o corpo treme quando sentimos medo e como essa rea\u00e7\u00e3o \u00e9 uma forma natural de autoprote\u00e7\u00e3o.","jnews-multi-image_gallery":[],"jnews_single_post":{"format":"standard"},"jnews_primary_category":[],"jnews_social_meta":[],"jnews_override_counter":[],"footnotes":""},"categories":[112],"tags":[8145,10771,7731],"class_list":["post-117331","post","type-post","status-publish","format-standard","has-post-thumbnail","hentry","category-curiosidades","tag-coisas-que-poucos-sabem","tag-corpo-tremer","tag-medo"],"yoast_head":"<!-- This site is optimized with the Yoast SEO plugin v24.6 - https:\/\/yoast.com\/wordpress\/plugins\/seo\/ -->\n<title>O que acontece no seu corpo quando o medo faz voc\u00ea tremer? - Correio Braziliense - Radar<\/title>\n<meta name=\"description\" content=\"Descubra por que o corpo treme quando sentimos medo e como essa rea\u00e7\u00e3o \u00e9 uma forma natural de autoprote\u00e7\u00e3o.\" \/>\n<meta name=\"robots\" content=\"index, follow, max-snippet:-1, max-image-preview:large, max-video-preview:-1\" \/>\n<link rel=\"canonical\" href=\"https:\/\/www.correiobraziliense.com.br\/cbradar\/o-que-acontece-no-seu-corpo-quando-o-medo-faz-voce-tremer\/\" \/>\n<meta property=\"og:locale\" content=\"pt_BR\" \/>\n<meta property=\"og:type\" content=\"article\" \/>\n<meta property=\"og:title\" content=\"O que acontece no seu corpo quando o medo faz voc\u00ea tremer? - Correio Braziliense - Radar\" \/>\n<meta property=\"og:description\" content=\"Descubra por que o corpo treme quando sentimos medo e como essa rea\u00e7\u00e3o \u00e9 uma forma natural de autoprote\u00e7\u00e3o.\" \/>\n<meta property=\"og:url\" content=\"https:\/\/www.correiobraziliense.com.br\/cbradar\/o-que-acontece-no-seu-corpo-quando-o-medo-faz-voce-tremer\/\" \/>\n<meta property=\"og:site_name\" content=\"Correio Braziliense - Radar\" \/>\n<meta property=\"article:published_time\" content=\"2025-10-14T01:25:00+00:00\" \/>\n<meta property=\"og:image\" content=\"https:\/\/www.correiobraziliense.com.br\/cbradar\/wp-content\/uploads\/2025\/04\/fobia_1745021813677.jpg\" \/>\n\t<meta property=\"og:image:width\" content=\"1280\" \/>\n\t<meta property=\"og:image:height\" content=\"720\" \/>\n\t<meta property=\"og:image:type\" content=\"image\/jpeg\" \/>\n<meta name=\"author\" content=\"Maura Pereira\" \/>\n<meta name=\"twitter:card\" content=\"summary_large_image\" \/>\n<meta name=\"twitter:label1\" content=\"Escrito por\" \/>\n\t<meta name=\"twitter:data1\" content=\"Maura Pereira\" \/>\n\t<meta name=\"twitter:label2\" content=\"Est. tempo de leitura\" \/>\n\t<meta name=\"twitter:data2\" content=\"4 minutos\" \/>\n<!-- \/ Yoast SEO plugin. -->","yoast_head_json":{"title":"O que acontece no seu corpo quando o medo faz voc\u00ea tremer? - Correio Braziliense - Radar","description":"Descubra por que o corpo treme quando sentimos medo e como essa rea\u00e7\u00e3o \u00e9 uma forma natural de autoprote\u00e7\u00e3o.","robots":{"index":"index","follow":"follow","max-snippet":"max-snippet:-1","max-image-preview":"max-image-preview:large","max-video-preview":"max-video-preview:-1"},"canonical":"https:\/\/www.correiobraziliense.com.br\/cbradar\/o-que-acontece-no-seu-corpo-quando-o-medo-faz-voce-tremer\/","og_locale":"pt_BR","og_type":"article","og_title":"O que acontece no seu corpo quando o medo faz voc\u00ea tremer? - Correio Braziliense - Radar","og_description":"Descubra por que o corpo treme quando sentimos medo e como essa rea\u00e7\u00e3o \u00e9 uma forma natural de autoprote\u00e7\u00e3o.","og_url":"https:\/\/www.correiobraziliense.com.br\/cbradar\/o-que-acontece-no-seu-corpo-quando-o-medo-faz-voce-tremer\/","og_site_name":"Correio Braziliense - Radar","article_published_time":"2025-10-14T01:25:00+00:00","og_image":[{"width":1280,"height":720,"url":"https:\/\/www.correiobraziliense.com.br\/cbradar\/wp-content\/uploads\/2025\/04\/fobia_1745021813677.jpg","type":"image\/jpeg"}],"author":"Maura Pereira","twitter_card":"summary_large_image","twitter_misc":{"Escrito por":"Maura Pereira","Est. tempo de leitura":"4 minutos"},"schema":{"@context":"https:\/\/schema.org","@graph":[{"@type":"WebPage","@id":"https:\/\/www.correiobraziliense.com.br\/cbradar\/o-que-acontece-no-seu-corpo-quando-o-medo-faz-voce-tremer\/","url":"https:\/\/www.correiobraziliense.com.br\/cbradar\/o-que-acontece-no-seu-corpo-quando-o-medo-faz-voce-tremer\/","name":"O que acontece no seu corpo quando o medo faz voc\u00ea tremer? - Correio Braziliense - Radar","isPartOf":{"@id":"https:\/\/www.correiobraziliense.com.br\/cbradar\/#website"},"primaryImageOfPage":{"@id":"https:\/\/www.correiobraziliense.com.br\/cbradar\/o-que-acontece-no-seu-corpo-quando-o-medo-faz-voce-tremer\/#primaryimage"},"image":{"@id":"https:\/\/www.correiobraziliense.com.br\/cbradar\/o-que-acontece-no-seu-corpo-quando-o-medo-faz-voce-tremer\/#primaryimage"},"thumbnailUrl":"https:\/\/www.correiobraziliense.com.br\/cbradar\/wp-content\/uploads\/2025\/04\/fobia_1745021813677.jpg","datePublished":"2025-10-14T01:25:00+00:00","author":{"@id":"https:\/\/www.correiobraziliense.com.br\/cbradar\/#\/schema\/person\/4053c651a9bfc785afc6f4cbc9032fd3"},"description":"Descubra por que o corpo treme quando sentimos medo e como essa rea\u00e7\u00e3o \u00e9 uma forma natural de autoprote\u00e7\u00e3o.","breadcrumb":{"@id":"https:\/\/www.correiobraziliense.com.br\/cbradar\/o-que-acontece-no-seu-corpo-quando-o-medo-faz-voce-tremer\/#breadcrumb"},"inLanguage":"pt-BR","potentialAction":[{"@type":"ReadAction","target":["https:\/\/www.correiobraziliense.com.br\/cbradar\/o-que-acontece-no-seu-corpo-quando-o-medo-faz-voce-tremer\/"]}]},{"@type":"ImageObject","inLanguage":"pt-BR","@id":"https:\/\/www.correiobraziliense.com.br\/cbradar\/o-que-acontece-no-seu-corpo-quando-o-medo-faz-voce-tremer\/#primaryimage","url":"https:\/\/www.correiobraziliense.com.br\/cbradar\/wp-content\/uploads\/2025\/04\/fobia_1745021813677.jpg","contentUrl":"https:\/\/www.correiobraziliense.com.br\/cbradar\/wp-content\/uploads\/2025\/04\/fobia_1745021813677.jpg","width":1280,"height":720,"caption":"Medo \/\/ Cr\u00e9ditos: depositphotos.com \/ andriano_cz"},{"@type":"BreadcrumbList","@id":"https:\/\/www.correiobraziliense.com.br\/cbradar\/o-que-acontece-no-seu-corpo-quando-o-medo-faz-voce-tremer\/#breadcrumb","itemListElement":[{"@type":"ListItem","position":1,"name":"In\u00edcio","item":"https:\/\/www.correiobraziliense.com.br\/cbradar\/"},{"@type":"ListItem","position":2,"name":"O que acontece no seu corpo quando o medo faz voc\u00ea tremer?"}]},{"@type":"WebSite","@id":"https:\/\/www.correiobraziliense.com.br\/cbradar\/#website","url":"https:\/\/www.correiobraziliense.com.br\/cbradar\/","name":"Correio Braziliense - Radar","description":"Acompanhe as \u00faltimas not\u00edcias e fique bem informado sobre tudo o que acontece no Brasil e no mundo.","potentialAction":[{"@type":"SearchAction","target":{"@type":"EntryPoint","urlTemplate":"https:\/\/www.correiobraziliense.com.br\/cbradar\/?s={search_term_string}"},"query-input":{"@type":"PropertyValueSpecification","valueRequired":true,"valueName":"search_term_string"}}],"inLanguage":"pt-BR"},{"@type":"Person","@id":"https:\/\/www.correiobraziliense.com.br\/cbradar\/#\/schema\/person\/4053c651a9bfc785afc6f4cbc9032fd3","name":"Maura Pereira","image":{"@type":"ImageObject","inLanguage":"pt-BR","@id":"https:\/\/www.correiobraziliense.com.br\/cbradar\/#\/schema\/person\/image\/","url":"https:\/\/secure.gravatar.com\/avatar\/3effd6bdadfa447f15089c7f7144eaa6?s=96&d=mm&r=g","contentUrl":"https:\/\/secure.gravatar.com\/avatar\/3effd6bdadfa447f15089c7f7144eaa6?s=96&d=mm&r=g","caption":"Maura Pereira"},"sameAs":["https:\/\/www.correiobraziliense.com.br\/"],"url":"https:\/\/www.correiobraziliense.com.br\/cbradar\/author\/mauramyth\/"}]}},"_links":{"self":[{"href":"https:\/\/www.correiobraziliense.com.br\/cbradar\/wp-json\/wp\/v2\/posts\/117331","targetHints":{"allow":["GET"]}}],"collection":[{"href":"https:\/\/www.correiobraziliense.com.br\/cbradar\/wp-json\/wp\/v2\/posts"}],"about":[{"href":"https:\/\/www.correiobraziliense.com.br\/cbradar\/wp-json\/wp\/v2\/types\/post"}],"author":[{"embeddable":true,"href":"https:\/\/www.correiobraziliense.com.br\/cbradar\/wp-json\/wp\/v2\/users\/8"}],"replies":[{"embeddable":true,"href":"https:\/\/www.correiobraziliense.com.br\/cbradar\/wp-json\/wp\/v2\/comments?post=117331"}],"version-history":[{"count":12,"href":"https:\/\/www.correiobraziliense.com.br\/cbradar\/wp-json\/wp\/v2\/posts\/117331\/revisions"}],"predecessor-version":[{"id":117360,"href":"https:\/\/www.correiobraziliense.com.br\/cbradar\/wp-json\/wp\/v2\/posts\/117331\/revisions\/117360"}],"wp:featuredmedia":[{"embeddable":true,"href":"https:\/\/www.correiobraziliense.com.br\/cbradar\/wp-json\/wp\/v2\/media\/25723"}],"wp:attachment":[{"href":"https:\/\/www.correiobraziliense.com.br\/cbradar\/wp-json\/wp\/v2\/media?parent=117331"}],"wp:term":[{"taxonomy":"category","embeddable":true,"href":"https:\/\/www.correiobraziliense.com.br\/cbradar\/wp-json\/wp\/v2\/categories?post=117331"},{"taxonomy":"post_tag","embeddable":true,"href":"https:\/\/www.correiobraziliense.com.br\/cbradar\/wp-json\/wp\/v2\/tags?post=117331"}],"curies":[{"name":"wp","href":"https:\/\/api.w.org\/{rel}","templated":true}]}}