{"id":117523,"date":"2025-10-12T17:35:00","date_gmt":"2025-10-12T20:35:00","guid":{"rendered":"https:\/\/www.correiobraziliense.com.br\/cbradar\/?p=117523"},"modified":"2025-10-11T10:00:16","modified_gmt":"2025-10-11T13:00:16","slug":"este-detalhe-nos-pes-pode-afetar-sua-coluna-inteira","status":"publish","type":"post","link":"https:\/\/www.correiobraziliense.com.br\/cbradar\/este-detalhe-nos-pes-pode-afetar-sua-coluna-inteira\/","title":{"rendered":"Este detalhe nos p\u00e9s pode afetar sua coluna inteira"},"content":{"rendered":"\n<p>Ao considerar cuidados de sa\u00fade, consultas m\u00e9dicas regulares e exames de rotina geralmente v\u00eam \u00e0 mente. No entanto, os <strong>P\u00e9s<\/strong>, que desempenham um papel essencial no suporte do corpo, muitas vezes s\u00e3o negligenciados. A falta de aten\u00e7\u00e3o a essa parte do corpo pode resultar em consequ\u00eancias que afetam n\u00e3o apenas os p\u00e9s, mas tamb\u00e9m outras \u00e1reas, como joelhos, quadris e coluna vertebral. A estrutura dos p\u00e9s \u00e9 complexa, composta por 26 ossos, 33 articula\u00e7\u00f5es e uma extensa rede de m\u00fasculos e ligamentos.<\/p>\n\n\n\n<p>O mecanismo dos p\u00e9s inclui um sistema de arcos que funcionam como amortecedores naturais, possibilitando impulso e movimento corporal. O funcionamento adequado dos p\u00e9s \u00e9 crucial para evitar desequil\u00edbrios que podem prejudicar a estabilidade do corpo. Entretanto, a aten\u00e7\u00e3o e os cuidados preventivos s\u00e3o frequentemente desconsiderados, o que pode resultar em problemas mais graves.<\/p>\n\n\n\n<h2 class=\"wp-block-heading\">Como o descuido com os P\u00e9s afeta o corpo?<\/h2>\n\n\n\n<p>O descuido na sa\u00fade dos p\u00e9s pode levar a desequil\u00edbrios e compensa\u00e7\u00f5es que afetam o corpo como um todo. Comprometimentos nos arcos plantares, por exemplo, podem alterar a pisada, levando a problemas nos joelhos e quadris. Altera\u00e7\u00f5es como prona\u00e7\u00e3o ou supina\u00e7\u00e3o excessivas resultam em sobrecarga das articula\u00e7\u00f5es. Nos quadris e na coluna, essas compensa\u00e7\u00f5es podem se manifestar como lombalgia ou disfun\u00e7\u00f5es p\u00e9lvicas.<\/p>\n\n\n\n<p>Al\u00e9m disso, certas condi\u00e7\u00f5es, como fascite plantar e joanetes, costumam se desenvolver devido ao uso inadequado de cal\u00e7ados. A escolha errada de sapatos, como os de salto alto ou com bicos finos, est\u00e1 diretamente relacionada ao desenvolvimento de tendinites e problemas plantares.<\/p>\n\n\n<div class=\"wp-block-image\">\n<figure class=\"aligncenter size-large\"><img decoding=\"async\" width=\"1024\" height=\"576\" src=\"https:\/\/www.correiobraziliense.com.br\/cbradar\/wp-content\/uploads\/2025\/10\/Pes-cuidado_1760187587343-1024x576.jpg\" alt=\"\" class=\"wp-image-117527\" srcset=\"https:\/\/www.correiobraziliense.com.br\/cbradar\/wp-content\/uploads\/2025\/10\/Pes-cuidado_1760187587343-1024x576.jpg 1024w, https:\/\/www.correiobraziliense.com.br\/cbradar\/wp-content\/uploads\/2025\/10\/Pes-cuidado_1760187587343-300x169.jpg 300w, https:\/\/www.correiobraziliense.com.br\/cbradar\/wp-content\/uploads\/2025\/10\/Pes-cuidado_1760187587343-768x432.jpg 768w, https:\/\/www.correiobraziliense.com.br\/cbradar\/wp-content\/uploads\/2025\/10\/Pes-cuidado_1760187587343-750x422.jpg 750w, https:\/\/www.correiobraziliense.com.br\/cbradar\/wp-content\/uploads\/2025\/10\/Pes-cuidado_1760187587343-1140x641.jpg 1140w, https:\/\/www.correiobraziliense.com.br\/cbradar\/wp-content\/uploads\/2025\/10\/Pes-cuidado_1760187587343.jpg 1280w\" sizes=\"(max-width: 1024px) 100vw, 1024px\" \/><figcaption class=\"wp-element-caption\">P\u00e9s &#8211; Cr\u00e9ditos: depositphotos.com \/ AndrewLozovyi<\/figcaption><\/figure><\/div>\n\n\n<h2 class=\"wp-block-heading\">Quais s\u00e3o os primeiros sinais de problemas nos P\u00e9s?<\/h2>\n\n\n\n<p>Detectar precocemente problemas nos p\u00e9s pode ajudar a prevenir complica\u00e7\u00f5es futuras. Uma simples an\u00e1lise dos sapatos pode indicar padr\u00f5es de desgaste anormais, revelando quest\u00f5es na pisada. Al\u00e9m disso, perceber dores que variam durante o dia \u00e9 um sinal claro de que os p\u00e9s necessitam de aten\u00e7\u00e3o especial.<\/p>\n\n\n\n<p>A incorpora\u00e7\u00e3o de exerc\u00edcios espec\u00edficos para fortalecer e aumentar a mobilidade dos p\u00e9s pode ser extremamente ben\u00e9fica. Assim, manter a flexibilidade dos p\u00e9s e evitar problemas como calos e deformidades torna-se vi\u00e1vel. Exerc\u00edcios de fortalecimento s\u00e3o recomendados para incluir na rotina, garantindo assim a preven\u00e7\u00e3o de futuros dist\u00farbios.<\/p>\n\n\n\n<h2 class=\"wp-block-heading\">Qual \u00e9 a import\u00e2ncia dos fisioterapeutas na sa\u00fade dos p\u00e9s?<\/h2>\n\n\n\n<p>Fisioterapeutas desempenham um papel vital na manuten\u00e7\u00e3o da sa\u00fade dos P\u00e9s e, por consequ\u00eancia, do corpo. Estes profissionais s\u00e3o capazes de realizar avalia\u00e7\u00f5es espec\u00edficas, identificar altera\u00e7\u00f5es posturais e indicar exerc\u00edcios adequados para cada caso. Al\u00e9m disso, eles oferecem orienta\u00e7\u00f5es sobre a escolha de cal\u00e7ados apropriados para diferentes atividades di\u00e1rias.<\/p>\n\n\n\n<p>T\u00e9cnicas de fortalecimento e alongamento s\u00e3o utilizadas para assegurar a funcionalidade dos p\u00e9s, promovendo equil\u00edbrio e mobilidade corporal. Aconselha-se consultar um fisioterapeuta antes mesmo do aparecimento de dores, pois a preven\u00e7\u00e3o \u00e9 a melhor estrat\u00e9gia para evitar futuros problemas de sa\u00fade mais graves.<\/p>\n\n\n\n<h2 class=\"wp-block-heading\">Quais as pr\u00e1ticas di\u00e1rias para manter a sa\u00fade dos p\u00e9s?<\/h2>\n\n\n\n<p>Integrar cuidados com os p\u00e9s \u00e0 rotina di\u00e1ria \u00e9 fundamental para a <a href=\"https:\/\/www.correiobraziliense.com.br\/cbradar\/como-a-falta-de-sono-afeta-sua-saude-mental\/\" target=\"_blank\" rel=\"noreferrer noopener\">sa\u00fade <\/a>geral do corpo. Escolher o cal\u00e7ado certo, evitando os bicos finos e saltos altos para atividades cotidianas, \u00e9 crucial. Da mesma forma, estar atento a altera\u00e7\u00f5es visuais, como dedos deformados ou mudan\u00e7as na forma de caminhar, contribui para o diagn\u00f3stico precoce de problemas.<\/p>\n\n\n\n<p>Al\u00e9m disso, a realiza\u00e7\u00e3o regular de exerc\u00edcios de fortalecimento dos p\u00e9s e manuten\u00e7\u00e3o de sua mobilidade previne condi\u00e7\u00f5es adversas. Prestar aten\u00e7\u00e3o aos p\u00e9s \u00e9, sem d\u00favida, uma estrat\u00e9gia essencial para o bem-estar f\u00edsico, garantindo sustenta\u00e7\u00e3o e conforto ao corpo.<\/p>\n\n\n<a href=\"https:\/\/www.instagram.com\/dra.annaluisabf\/\" target=\"_blank\" rel=\"noopener\" style=\"text-decoration: none; color: inherit;\">\n    <span style=\"display: inline-block; border: 1px solid #ccc; border-radius: 10px; padding: 15px; max-width: 550px; font-family: sans-serif; box-shadow: 0 2px 5px rgba(0,0,0,0.1); width: 100%;\">\n\n      <!-- T\u00edtulo -->\n      <span style=\"display: block; margin: 0 0 15px 0; font-weight: bold; color: #2c3e50; text-align: center;\">\n        Entre em contato:\n      <\/span>\n\n      <!-- Linha do perfil -->\n      <span style=\"display: flex; align-items: center; gap: 15px;\">\n        <img decoding=\"async\"\n          src=\"https:\/\/www.correiobraziliense.com.br\/cbradar\/wp-content\/uploads\/2025\/08\/dra_anna_luisa.jpeg\"\n          alt=\"Foto da Dra. Anna Lu\u00edsa\"\n          style=\"border-radius: 50%; width: 80px; height: 80px; object-fit: cover;\"\n        \/>\n        <span style=\"display: flex; flex-direction: column;\">\n          <span style=\"font-size: 18px; font-weight: 700; color: #2c3e50;\">Dra. Anna Lu\u00edsa Barbosa Fernandes<\/span>\n          <span style=\"color: #555;\">CRM-GO 33.271<\/span>\n        <\/span>\n      <\/span>\n\n      <!-- Redes -->\n      <span style=\"display: flex; align-items: center; gap: 10px; margin-top: 12px;\">\n        <img decoding=\"async\" src=\"https:\/\/cdn-icons-png.flaticon.com\/24\/1384\/1384063.png\" alt=\"Instagram\" width=\"24\" height=\"24\" \/>\n        <span style=\"text-decoration: underline; color: #2c3e50;\">@dra.annaluisabf<\/span>\n      <\/span>\n\n    <\/span>\n  <\/a>","protected":false},"excerpt":{"rendered":"<p>Ao considerar cuidados de sa\u00fade, consultas m\u00e9dicas regulares e exames de rotina geralmente v\u00eam \u00e0 mente. No entanto, os P\u00e9s, que desempenham um papel essencial no suporte do corpo, muitas vezes s\u00e3o negligenciados. A falta de aten\u00e7\u00e3o a essa parte do corpo pode resultar em consequ\u00eancias que afetam n\u00e3o apenas os p\u00e9s, mas tamb\u00e9m outras [&hellip;]<\/p>\n","protected":false},"author":14,"featured_media":117525,"comment_status":"open","ping_status":"open","sticky":false,"template":"","format":"standard","meta":{"_yoast_wpseo_focuskw":"P\u00e9s","_yoast_wpseo_title":"","_yoast_wpseo_metadesc":"Seus p\u00e9s podem estar causando dores em outras partes do corpo. Descubra o que ignorar esse cuidado pode provocar e como agir antes que piore.","jnews-multi-image_gallery":[],"jnews_single_post":{"format":"standard"},"jnews_primary_category":[],"jnews_social_meta":[],"jnews_override_counter":[],"footnotes":""},"categories":[1],"post_tag":[],"class_list":["post-117523","post","type-post","status-publish","format-standard","has-post-thumbnail","hentry","category-uncategorized"],"yoast_head":"<!-- This site is optimized with the Yoast SEO plugin v24.6 - https:\/\/yoast.com\/wordpress\/plugins\/seo\/ -->\n<title>Este detalhe nos p\u00e9s pode afetar sua coluna inteira - Correio Braziliense - Radar<\/title>\n<meta name=\"description\" content=\"Seus p\u00e9s podem estar causando dores em outras partes do corpo. Descubra o que ignorar esse cuidado pode provocar e como agir antes que piore.\" \/>\n<meta name=\"robots\" content=\"index, follow, max-snippet:-1, max-image-preview:large, max-video-preview:-1\" \/>\n<link rel=\"canonical\" href=\"https:\/\/www.correiobraziliense.com.br\/cbradar\/este-detalhe-nos-pes-pode-afetar-sua-coluna-inteira\/\" \/>\n<meta property=\"og:locale\" content=\"pt_BR\" \/>\n<meta property=\"og:type\" content=\"article\" \/>\n<meta property=\"og:title\" content=\"Este detalhe nos p\u00e9s pode afetar sua coluna inteira - Correio Braziliense - Radar\" \/>\n<meta property=\"og:description\" content=\"Seus p\u00e9s podem estar causando dores em outras partes do corpo. Descubra o que ignorar esse cuidado pode provocar e como agir antes que piore.\" \/>\n<meta property=\"og:url\" content=\"https:\/\/www.correiobraziliense.com.br\/cbradar\/este-detalhe-nos-pes-pode-afetar-sua-coluna-inteira\/\" \/>\n<meta property=\"og:site_name\" content=\"Correio Braziliense - Radar\" \/>\n<meta property=\"article:published_time\" content=\"2025-10-12T20:35:00+00:00\" \/>\n<meta property=\"og:image\" content=\"https:\/\/www.correiobraziliense.com.br\/cbradar\/wp-content\/uploads\/2025\/10\/Pes_1760187549357.jpg\" \/>\n\t<meta property=\"og:image:width\" content=\"1280\" \/>\n\t<meta property=\"og:image:height\" content=\"720\" \/>\n\t<meta property=\"og:image:type\" content=\"image\/jpeg\" \/>\n<meta name=\"author\" content=\"guilherme_saude\" \/>\n<meta name=\"twitter:card\" content=\"summary_large_image\" \/>\n<meta name=\"twitter:label1\" content=\"Escrito por\" \/>\n\t<meta name=\"twitter:data1\" content=\"guilherme_saude\" \/>\n\t<meta name=\"twitter:label2\" content=\"Est. tempo de leitura\" \/>\n\t<meta name=\"twitter:data2\" content=\"4 minutos\" \/>\n<!-- \/ Yoast SEO plugin. -->","yoast_head_json":{"title":"Este detalhe nos p\u00e9s pode afetar sua coluna inteira - Correio Braziliense - Radar","description":"Seus p\u00e9s podem estar causando dores em outras partes do corpo. Descubra o que ignorar esse cuidado pode provocar e como agir antes que piore.","robots":{"index":"index","follow":"follow","max-snippet":"max-snippet:-1","max-image-preview":"max-image-preview:large","max-video-preview":"max-video-preview:-1"},"canonical":"https:\/\/www.correiobraziliense.com.br\/cbradar\/este-detalhe-nos-pes-pode-afetar-sua-coluna-inteira\/","og_locale":"pt_BR","og_type":"article","og_title":"Este detalhe nos p\u00e9s pode afetar sua coluna inteira - Correio Braziliense - Radar","og_description":"Seus p\u00e9s podem estar causando dores em outras partes do corpo. Descubra o que ignorar esse cuidado pode provocar e como agir antes que piore.","og_url":"https:\/\/www.correiobraziliense.com.br\/cbradar\/este-detalhe-nos-pes-pode-afetar-sua-coluna-inteira\/","og_site_name":"Correio Braziliense - Radar","article_published_time":"2025-10-12T20:35:00+00:00","og_image":[{"width":1280,"height":720,"url":"https:\/\/www.correiobraziliense.com.br\/cbradar\/wp-content\/uploads\/2025\/10\/Pes_1760187549357.jpg","type":"image\/jpeg"}],"author":"guilherme_saude","twitter_card":"summary_large_image","twitter_misc":{"Escrito por":"guilherme_saude","Est. tempo de leitura":"4 minutos"},"schema":{"@context":"https:\/\/schema.org","@graph":[{"@type":"WebPage","@id":"https:\/\/www.correiobraziliense.com.br\/cbradar\/este-detalhe-nos-pes-pode-afetar-sua-coluna-inteira\/","url":"https:\/\/www.correiobraziliense.com.br\/cbradar\/este-detalhe-nos-pes-pode-afetar-sua-coluna-inteira\/","name":"Este detalhe nos p\u00e9s pode afetar sua coluna inteira - Correio Braziliense - Radar","isPartOf":{"@id":"https:\/\/www.correiobraziliense.com.br\/cbradar\/#website"},"primaryImageOfPage":{"@id":"https:\/\/www.correiobraziliense.com.br\/cbradar\/este-detalhe-nos-pes-pode-afetar-sua-coluna-inteira\/#primaryimage"},"image":{"@id":"https:\/\/www.correiobraziliense.com.br\/cbradar\/este-detalhe-nos-pes-pode-afetar-sua-coluna-inteira\/#primaryimage"},"thumbnailUrl":"https:\/\/www.correiobraziliense.com.br\/cbradar\/wp-content\/uploads\/2025\/10\/Pes_1760187549357.jpg","datePublished":"2025-10-12T20:35:00+00:00","author":{"@id":"https:\/\/www.correiobraziliense.com.br\/cbradar\/#\/schema\/person\/5aa4bf3c8fa699c267933611de12978b"},"description":"Seus p\u00e9s podem estar causando dores em outras partes do corpo. Descubra o que ignorar esse cuidado pode provocar e como agir antes que piore.","breadcrumb":{"@id":"https:\/\/www.correiobraziliense.com.br\/cbradar\/este-detalhe-nos-pes-pode-afetar-sua-coluna-inteira\/#breadcrumb"},"inLanguage":"pt-BR","potentialAction":[{"@type":"ReadAction","target":["https:\/\/www.correiobraziliense.com.br\/cbradar\/este-detalhe-nos-pes-pode-afetar-sua-coluna-inteira\/"]}]},{"@type":"ImageObject","inLanguage":"pt-BR","@id":"https:\/\/www.correiobraziliense.com.br\/cbradar\/este-detalhe-nos-pes-pode-afetar-sua-coluna-inteira\/#primaryimage","url":"https:\/\/www.correiobraziliense.com.br\/cbradar\/wp-content\/uploads\/2025\/10\/Pes_1760187549357.jpg","contentUrl":"https:\/\/www.correiobraziliense.com.br\/cbradar\/wp-content\/uploads\/2025\/10\/Pes_1760187549357.jpg","width":1280,"height":720,"caption":"P\u00e9s - Cr\u00e9ditos: depositphotos.com \/ Katrin_Timoff"},{"@type":"BreadcrumbList","@id":"https:\/\/www.correiobraziliense.com.br\/cbradar\/este-detalhe-nos-pes-pode-afetar-sua-coluna-inteira\/#breadcrumb","itemListElement":[{"@type":"ListItem","position":1,"name":"In\u00edcio","item":"https:\/\/www.correiobraziliense.com.br\/cbradar\/"},{"@type":"ListItem","position":2,"name":"Este detalhe nos p\u00e9s pode afetar sua coluna inteira"}]},{"@type":"WebSite","@id":"https:\/\/www.correiobraziliense.com.br\/cbradar\/#website","url":"https:\/\/www.correiobraziliense.com.br\/cbradar\/","name":"Correio Braziliense - Radar","description":"Acompanhe as \u00faltimas not\u00edcias e fique bem informado sobre tudo o que acontece no Brasil e no mundo.","potentialAction":[{"@type":"SearchAction","target":{"@type":"EntryPoint","urlTemplate":"https:\/\/www.correiobraziliense.com.br\/cbradar\/?s={search_term_string}"},"query-input":{"@type":"PropertyValueSpecification","valueRequired":true,"valueName":"search_term_string"}}],"inLanguage":"pt-BR"},{"@type":"Person","@id":"https:\/\/www.correiobraziliense.com.br\/cbradar\/#\/schema\/person\/5aa4bf3c8fa699c267933611de12978b","name":"guilherme_saude","image":{"@type":"ImageObject","inLanguage":"pt-BR","@id":"https:\/\/www.correiobraziliense.com.br\/cbradar\/#\/schema\/person\/image\/","url":"https:\/\/secure.gravatar.com\/avatar\/df9adfb835d344bc0af109d41756253f?s=96&d=mm&r=g","contentUrl":"https:\/\/secure.gravatar.com\/avatar\/df9adfb835d344bc0af109d41756253f?s=96&d=mm&r=g","caption":"guilherme_saude"},"url":"https:\/\/www.correiobraziliense.com.br\/cbradar\/author\/guilherme_saude\/"}]}},"_links":{"self":[{"href":"https:\/\/www.correiobraziliense.com.br\/cbradar\/wp-json\/wp\/v2\/posts\/117523","targetHints":{"allow":["GET"]}}],"collection":[{"href":"https:\/\/www.correiobraziliense.com.br\/cbradar\/wp-json\/wp\/v2\/posts"}],"about":[{"href":"https:\/\/www.correiobraziliense.com.br\/cbradar\/wp-json\/wp\/v2\/types\/post"}],"author":[{"embeddable":true,"href":"https:\/\/www.correiobraziliense.com.br\/cbradar\/wp-json\/wp\/v2\/users\/14"}],"replies":[{"embeddable":true,"href":"https:\/\/www.correiobraziliense.com.br\/cbradar\/wp-json\/wp\/v2\/comments?post=117523"}],"version-history":[{"count":1,"href":"https:\/\/www.correiobraziliense.com.br\/cbradar\/wp-json\/wp\/v2\/posts\/117523\/revisions"}],"predecessor-version":[{"id":117528,"href":"https:\/\/www.correiobraziliense.com.br\/cbradar\/wp-json\/wp\/v2\/posts\/117523\/revisions\/117528"}],"wp:featuredmedia":[{"embeddable":true,"href":"https:\/\/www.correiobraziliense.com.br\/cbradar\/wp-json\/wp\/v2\/media\/117525"}],"wp:attachment":[{"href":"https:\/\/www.correiobraziliense.com.br\/cbradar\/wp-json\/wp\/v2\/media?parent=117523"}],"wp:term":[{"taxonomy":"category","embeddable":true,"href":"https:\/\/www.correiobraziliense.com.br\/cbradar\/wp-json\/wp\/v2\/categories?post=117523"},{"taxonomy":"post_tag","embeddable":true,"href":"https:\/\/www.correiobraziliense.com.br\/cbradar\/wp-json\/wp\/v2\/post_tag?post=117523"}],"curies":[{"name":"wp","href":"https:\/\/api.w.org\/{rel}","templated":true}]}}