{"id":117543,"date":"2025-10-12T22:35:00","date_gmt":"2025-10-13T01:35:00","guid":{"rendered":"https:\/\/www.correiobraziliense.com.br\/cbradar\/?p=117543"},"modified":"2025-10-11T10:08:56","modified_gmt":"2025-10-11T13:08:56","slug":"voce-esta-exausto-mas-nao-consegue-dormir-eis-o-motivo","status":"publish","type":"post","link":"https:\/\/www.correiobraziliense.com.br\/cbradar\/voce-esta-exausto-mas-nao-consegue-dormir-eis-o-motivo\/","title":{"rendered":"Voc\u00ea est\u00e1 exausto mas n\u00e3o consegue dormir? Eis o motivo"},"content":{"rendered":"\n<p>No Dia Mundial da Sa\u00fade Mental, celebrado em 10 de outubro, a rela\u00e7\u00e3o entre a irregularidade do <strong>Sono <\/strong>e o uso excessivo de dispositivos eletr\u00f4nicos \u00e9 destacada como uma combina\u00e7\u00e3o prejudicial \u00e0 sa\u00fade. O h\u00e1bito de dormir pouco, aliado ao tempo prolongado diante de telas de celulares e computadores, eleva os n\u00edveis de estresse, fragiliza o humor e diminui a produtividade. Segundo a psic\u00f3loga La\u00eds Mutuberria, especialista em <a href=\"https:\/\/www.correiobraziliense.com.br\/cbradar\/como-a-falta-de-sono-afeta-sua-saude-mental\/\" target=\"_blank\" rel=\"noreferrer noopener\">sa\u00fade <\/a>mental e neuroci\u00eancia do comportamento, interven\u00e7\u00f5es simples e regulares podem resultar em uma melhoria percept\u00edvel em duas semanas, embora resultados duradouros exijam meses de pr\u00e1tica constante.<\/p>\n\n\n\n<p>O sono inadequado afeta os circuitos cerebrais de aten\u00e7\u00e3o e regula\u00e7\u00e3o emocional, levando a uma maior reatividade, irrita\u00e7\u00e3o e desmotiva\u00e7\u00e3o. Paralelamente, o excesso de est\u00edmulo luminoso \u00e0 noite desregula o rel\u00f3gio biol\u00f3gico, atrasando o in\u00edcio do sono e facilitando despertares noturnos. A psic\u00f3loga explica que o humor deteriora gradualmente, acumulando-se ao longo de v\u00e1rias noites mal dormidas. Aplicativos e plataformas competem pela aten\u00e7\u00e3o dos usu\u00e1rios, e a troca cont\u00ednua entre notifica\u00e7\u00f5es e v\u00eddeos curtos treina o c\u00e9rebro a buscar novidades, dificultando a desacelera\u00e7\u00e3o mental na hora de dormir.<\/p>\n\n\n\n<h2 class=\"wp-block-heading\">Como a tecnologia afeta o sono?<\/h2>\n\n\n\n<p>A constante exposi\u00e7\u00e3o a dispositivos eletr\u00f4nicos antes de dormir mant\u00e9m a mente em um estado acelerado, criando uma sensa\u00e7\u00e3o de cansa\u00e7o que n\u00e3o se traduz em descanso efetivo. La\u00eds Mutuberria descreve isso como &#8220;uma exaust\u00e3o sem descanso&#8221;, onde o indiv\u00edduo sente-se cansado, mas incapaz de relaxar. Para mitigar esses efeitos, \u00e9 essencial ajustar a rotina de modo a incluir hor\u00e1rios fixos para dormir e acordar, manter a exposi\u00e7\u00e3o \u00e0 luz natural durante o dia e reduzir o uso de telas \u00e0 noite.<\/p>\n\n\n<div class=\"wp-block-image\">\n<figure class=\"aligncenter size-large\"><img decoding=\"async\" width=\"1024\" height=\"576\" src=\"https:\/\/www.correiobraziliense.com.br\/cbradar\/wp-content\/uploads\/2025\/08\/Dormir-com-a-TV-Ligada_1755117589593-1024x576.jpg\" alt=\"\" class=\"wp-image-86183\" srcset=\"https:\/\/www.correiobraziliense.com.br\/cbradar\/wp-content\/uploads\/2025\/08\/Dormir-com-a-TV-Ligada_1755117589593-1024x576.jpg 1024w, https:\/\/www.correiobraziliense.com.br\/cbradar\/wp-content\/uploads\/2025\/08\/Dormir-com-a-TV-Ligada_1755117589593-300x169.jpg 300w, https:\/\/www.correiobraziliense.com.br\/cbradar\/wp-content\/uploads\/2025\/08\/Dormir-com-a-TV-Ligada_1755117589593-768x432.jpg 768w, https:\/\/www.correiobraziliense.com.br\/cbradar\/wp-content\/uploads\/2025\/08\/Dormir-com-a-TV-Ligada_1755117589593-750x422.jpg 750w, https:\/\/www.correiobraziliense.com.br\/cbradar\/wp-content\/uploads\/2025\/08\/Dormir-com-a-TV-Ligada_1755117589593-1140x641.jpg 1140w, https:\/\/www.correiobraziliense.com.br\/cbradar\/wp-content\/uploads\/2025\/08\/Dormir-com-a-TV-Ligada_1755117589593.jpg 1280w\" sizes=\"(max-width: 1024px) 100vw, 1024px\" \/><figcaption class=\"wp-element-caption\">Dormir com a TV Ligada &#8211; Cr\u00e9ditos: depositphotos.com \/ tommaso1979<\/figcaption><\/figure><\/div>\n\n\n<h2 class=\"wp-block-heading\">Quais s\u00e3o as recomenda\u00e7\u00f5es para melhorar a qualidade do sono?<\/h2>\n\n\n\n<p>A cria\u00e7\u00e3o de uma rotina de sono saud\u00e1vel envolve tr\u00eas eixos principais: hor\u00e1rios, luz e est\u00edmulo. A manuten\u00e7\u00e3o de hor\u00e1rios regulares de sono fornece previsibilidade ao corpo, enquanto a exposi\u00e7\u00e3o \u00e0 luz natural pela manh\u00e3 e \u00e0 penumbra \u00e0 noite ajuda a regular o ciclo circadiano. Reduzir o consumo de cafe\u00edna e \u00e1lcool, junto com a limita\u00e7\u00e3o do uso de telas antes de dormir, auxilia na transi\u00e7\u00e3o para o sono. Pequenos h\u00e1bitos, como substituir o uso do celular por leitura leve \u00e0 noite, podem fazer uma diferen\u00e7a significativa na qualidade do sono.<\/p>\n\n\n\n<h2 class=\"wp-block-heading\">Como consolidar h\u00e1bitos saud\u00e1veis de sono?<\/h2>\n\n\n\n<p>O protocolo proposto para melhorar a qualidade do sono sugere mudan\u00e7as simples ao longo de duas semanas, com foco na cria\u00e7\u00e3o de const\u00e2ncia e na redu\u00e7\u00e3o gradual dos est\u00edmulos noturnos. Registrar os hor\u00e1rios de sono e despertar, mapear o uso de telas \u00e0 noite e diminuir a ingest\u00e3o de cafe\u00edna ap\u00f3s a tarde s\u00e3o passos iniciais. Al\u00e9m disso, introduzir rotinas de relaxamento e estabelecer limites para notifica\u00e7\u00f5es digitais s\u00e3o estrat\u00e9gias recomendadas.<\/p>\n\n\n\n<ul class=\"wp-block-list\">\n<li>Registrar os hor\u00e1rios em que se deita e acorda.<\/li>\n\n\n\n<li>Criar um per\u00edodo de 45 a 60 minutos sem telas antes de dormir.<\/li>\n\n\n\n<li>Expor-se \u00e0 luz solar logo pela manh\u00e3.<\/li>\n\n\n\n<li>Manter uma janela de sono est\u00e1vel, mesmo nos fins de semana.<\/li>\n\n\n\n<li>Reduzir o uso noturno de telas a curtos per\u00edodos recreativos.<\/li>\n<\/ul>\n\n\n\n<p>Quando os problemas persistem e o sono inadequado come\u00e7a a impactar seriamente o dia a dia, pode ser necess\u00e1rio buscar ajuda especializada. A ins\u00f4nia cr\u00f4nica, identificada por dificuldades regulares para dormir e sonol\u00eancia diurna, requer avalia\u00e7\u00e3o m\u00e9dica. Conscientizar organiza\u00e7\u00f5es sobre a import\u00e2ncia do sono, n\u00e3o como luxo, mas como um pilar de produtividade saud\u00e1vel, pode transformar ambientes de trabalho e estudos em espa\u00e7os mais acolhedores e produtivos. Reconhecer a interdepend\u00eancia entre sa\u00fade mental e qualidade do sono \u00e9 essencial para promover o bem-estar integral.<\/p>\n\n\n<a href=\"https:\/\/www.instagram.com\/dra.annaluisabf\/\" target=\"_blank\" rel=\"noopener\" style=\"text-decoration: none; color: inherit;\">\n    <span style=\"display: inline-block; border: 1px solid #ccc; border-radius: 10px; padding: 15px; max-width: 550px; font-family: sans-serif; box-shadow: 0 2px 5px rgba(0,0,0,0.1); width: 100%;\">\n\n      <!-- T\u00edtulo -->\n      <span style=\"display: block; margin: 0 0 15px 0; font-weight: bold; color: #2c3e50; text-align: center;\">\n        Entre em contato:\n      <\/span>\n\n      <!-- Linha do perfil -->\n      <span style=\"display: flex; align-items: center; gap: 15px;\">\n        <img decoding=\"async\"\n          src=\"https:\/\/www.correiobraziliense.com.br\/cbradar\/wp-content\/uploads\/2025\/08\/dra_anna_luisa.jpeg\"\n          alt=\"Foto da Dra. Anna Lu\u00edsa\"\n          style=\"border-radius: 50%; width: 80px; height: 80px; object-fit: cover;\"\n        \/>\n        <span style=\"display: flex; flex-direction: column;\">\n          <span style=\"font-size: 18px; font-weight: 700; color: #2c3e50;\">Dra. Anna Lu\u00edsa Barbosa Fernandes<\/span>\n          <span style=\"color: #555;\">CRM-GO 33.271<\/span>\n        <\/span>\n      <\/span>\n\n      <!-- Redes -->\n      <span style=\"display: flex; align-items: center; gap: 10px; margin-top: 12px;\">\n        <img decoding=\"async\" src=\"https:\/\/cdn-icons-png.flaticon.com\/24\/1384\/1384063.png\" alt=\"Instagram\" width=\"24\" height=\"24\" \/>\n        <span style=\"text-decoration: underline; color: #2c3e50;\">@dra.annaluisabf<\/span>\n      <\/span>\n\n    <\/span>\n  <\/a>","protected":false},"excerpt":{"rendered":"<p>No Dia Mundial da Sa\u00fade Mental, celebrado em 10 de outubro, a rela\u00e7\u00e3o entre a irregularidade do Sono e o uso excessivo de dispositivos eletr\u00f4nicos \u00e9 destacada como uma combina\u00e7\u00e3o prejudicial \u00e0 sa\u00fade. O h\u00e1bito de dormir pouco, aliado ao tempo prolongado diante de telas de celulares e computadores, eleva os n\u00edveis de estresse, fragiliza [&hellip;]<\/p>\n","protected":false},"author":14,"featured_media":78216,"comment_status":"open","ping_status":"open","sticky":false,"template":"","format":"standard","meta":{"jnews-multi-image_gallery":[],"jnews_single_post":{"format":"standard"},"jnews_primary_category":[],"jnews_social_meta":[],"jnews_override_counter":[],"footnotes":""},"categories":[4404],"post_tag":[120,1318,1313],"class_list":["post-117543","post","type-post","status-publish","format-standard","has-post-thumbnail","hentry","category-saude","tag-bem-estar","tag-saude-2","tag-sono"],"yoast_head":"<!-- This site is optimized with the Yoast SEO plugin v24.6 - https:\/\/yoast.com\/wordpress\/plugins\/seo\/ -->\n<title>Voc\u00ea est\u00e1 exausto mas n\u00e3o consegue dormir? Eis o motivo - Correio Braziliense - Radar<\/title>\n<meta name=\"description\" content=\"Exausto mas sem conseguir dormir? A causa pode estar no uso de telas. Veja os sinais que o corpo d\u00e1 e o que fazer para recuperar seu sono.\" \/>\n<meta name=\"robots\" content=\"index, follow, max-snippet:-1, max-image-preview:large, max-video-preview:-1\" \/>\n<link rel=\"canonical\" href=\"https:\/\/www.correiobraziliense.com.br\/cbradar\/voce-esta-exausto-mas-nao-consegue-dormir-eis-o-motivo\/\" \/>\n<meta property=\"og:locale\" content=\"pt_BR\" \/>\n<meta property=\"og:type\" content=\"article\" \/>\n<meta property=\"og:title\" content=\"Voc\u00ea est\u00e1 exausto mas n\u00e3o consegue dormir? Eis o motivo - Correio Braziliense - Radar\" \/>\n<meta property=\"og:description\" content=\"Exausto mas sem conseguir dormir? A causa pode estar no uso de telas. Veja os sinais que o corpo d\u00e1 e o que fazer para recuperar seu sono.\" \/>\n<meta property=\"og:url\" content=\"https:\/\/www.correiobraziliense.com.br\/cbradar\/voce-esta-exausto-mas-nao-consegue-dormir-eis-o-motivo\/\" \/>\n<meta property=\"og:site_name\" content=\"Correio Braziliense - Radar\" \/>\n<meta property=\"article:published_time\" content=\"2025-10-13T01:35:00+00:00\" \/>\n<meta property=\"og:image\" content=\"https:\/\/www.correiobraziliense.com.br\/cbradar\/wp-content\/uploads\/2025\/07\/gordo-dormindo_1753911131186.jpg\" \/>\n\t<meta property=\"og:image:width\" content=\"1280\" \/>\n\t<meta property=\"og:image:height\" content=\"720\" \/>\n\t<meta property=\"og:image:type\" content=\"image\/jpeg\" \/>\n<meta name=\"author\" content=\"guilherme_saude\" \/>\n<meta name=\"twitter:card\" content=\"summary_large_image\" \/>\n<meta name=\"twitter:label1\" content=\"Escrito por\" \/>\n\t<meta name=\"twitter:data1\" content=\"guilherme_saude\" \/>\n\t<meta name=\"twitter:label2\" content=\"Est. tempo de leitura\" \/>\n\t<meta name=\"twitter:data2\" content=\"5 minutos\" \/>\n<!-- \/ Yoast SEO plugin. -->","yoast_head_json":{"title":"Voc\u00ea est\u00e1 exausto mas n\u00e3o consegue dormir? Eis o motivo - Correio Braziliense - Radar","description":"Exausto mas sem conseguir dormir? A causa pode estar no uso de telas. Veja os sinais que o corpo d\u00e1 e o que fazer para recuperar seu sono.","robots":{"index":"index","follow":"follow","max-snippet":"max-snippet:-1","max-image-preview":"max-image-preview:large","max-video-preview":"max-video-preview:-1"},"canonical":"https:\/\/www.correiobraziliense.com.br\/cbradar\/voce-esta-exausto-mas-nao-consegue-dormir-eis-o-motivo\/","og_locale":"pt_BR","og_type":"article","og_title":"Voc\u00ea est\u00e1 exausto mas n\u00e3o consegue dormir? Eis o motivo - Correio Braziliense - Radar","og_description":"Exausto mas sem conseguir dormir? A causa pode estar no uso de telas. Veja os sinais que o corpo d\u00e1 e o que fazer para recuperar seu sono.","og_url":"https:\/\/www.correiobraziliense.com.br\/cbradar\/voce-esta-exausto-mas-nao-consegue-dormir-eis-o-motivo\/","og_site_name":"Correio Braziliense - Radar","article_published_time":"2025-10-13T01:35:00+00:00","og_image":[{"width":1280,"height":720,"url":"https:\/\/www.correiobraziliense.com.br\/cbradar\/wp-content\/uploads\/2025\/07\/gordo-dormindo_1753911131186.jpg","type":"image\/jpeg"}],"author":"guilherme_saude","twitter_card":"summary_large_image","twitter_misc":{"Escrito por":"guilherme_saude","Est. tempo de leitura":"5 minutos"},"schema":{"@context":"https:\/\/schema.org","@graph":[{"@type":"WebPage","@id":"https:\/\/www.correiobraziliense.com.br\/cbradar\/voce-esta-exausto-mas-nao-consegue-dormir-eis-o-motivo\/","url":"https:\/\/www.correiobraziliense.com.br\/cbradar\/voce-esta-exausto-mas-nao-consegue-dormir-eis-o-motivo\/","name":"Voc\u00ea est\u00e1 exausto mas n\u00e3o consegue dormir? Eis o motivo - Correio Braziliense - Radar","isPartOf":{"@id":"https:\/\/www.correiobraziliense.com.br\/cbradar\/#website"},"primaryImageOfPage":{"@id":"https:\/\/www.correiobraziliense.com.br\/cbradar\/voce-esta-exausto-mas-nao-consegue-dormir-eis-o-motivo\/#primaryimage"},"image":{"@id":"https:\/\/www.correiobraziliense.com.br\/cbradar\/voce-esta-exausto-mas-nao-consegue-dormir-eis-o-motivo\/#primaryimage"},"thumbnailUrl":"https:\/\/www.correiobraziliense.com.br\/cbradar\/wp-content\/uploads\/2025\/07\/gordo-dormindo_1753911131186.jpg","datePublished":"2025-10-13T01:35:00+00:00","author":{"@id":"https:\/\/www.correiobraziliense.com.br\/cbradar\/#\/schema\/person\/5aa4bf3c8fa699c267933611de12978b"},"description":"Exausto mas sem conseguir dormir? A causa pode estar no uso de telas. Veja os sinais que o corpo d\u00e1 e o que fazer para recuperar seu sono.","breadcrumb":{"@id":"https:\/\/www.correiobraziliense.com.br\/cbradar\/voce-esta-exausto-mas-nao-consegue-dormir-eis-o-motivo\/#breadcrumb"},"inLanguage":"pt-BR","potentialAction":[{"@type":"ReadAction","target":["https:\/\/www.correiobraziliense.com.br\/cbradar\/voce-esta-exausto-mas-nao-consegue-dormir-eis-o-motivo\/"]}]},{"@type":"ImageObject","inLanguage":"pt-BR","@id":"https:\/\/www.correiobraziliense.com.br\/cbradar\/voce-esta-exausto-mas-nao-consegue-dormir-eis-o-motivo\/#primaryimage","url":"https:\/\/www.correiobraziliense.com.br\/cbradar\/wp-content\/uploads\/2025\/07\/gordo-dormindo_1753911131186.jpg","contentUrl":"https:\/\/www.correiobraziliense.com.br\/cbradar\/wp-content\/uploads\/2025\/07\/gordo-dormindo_1753911131186.jpg","width":1280,"height":720,"caption":"Sono - Cr\u00e9ditos: depositphotos.com \/ txking"},{"@type":"BreadcrumbList","@id":"https:\/\/www.correiobraziliense.com.br\/cbradar\/voce-esta-exausto-mas-nao-consegue-dormir-eis-o-motivo\/#breadcrumb","itemListElement":[{"@type":"ListItem","position":1,"name":"In\u00edcio","item":"https:\/\/www.correiobraziliense.com.br\/cbradar\/"},{"@type":"ListItem","position":2,"name":"Voc\u00ea est\u00e1 exausto mas n\u00e3o consegue dormir? Eis o motivo"}]},{"@type":"WebSite","@id":"https:\/\/www.correiobraziliense.com.br\/cbradar\/#website","url":"https:\/\/www.correiobraziliense.com.br\/cbradar\/","name":"Correio Braziliense - Radar","description":"Acompanhe as \u00faltimas not\u00edcias e fique bem informado sobre tudo o que acontece no Brasil e no mundo.","potentialAction":[{"@type":"SearchAction","target":{"@type":"EntryPoint","urlTemplate":"https:\/\/www.correiobraziliense.com.br\/cbradar\/?s={search_term_string}"},"query-input":{"@type":"PropertyValueSpecification","valueRequired":true,"valueName":"search_term_string"}}],"inLanguage":"pt-BR"},{"@type":"Person","@id":"https:\/\/www.correiobraziliense.com.br\/cbradar\/#\/schema\/person\/5aa4bf3c8fa699c267933611de12978b","name":"guilherme_saude","image":{"@type":"ImageObject","inLanguage":"pt-BR","@id":"https:\/\/www.correiobraziliense.com.br\/cbradar\/#\/schema\/person\/image\/","url":"https:\/\/secure.gravatar.com\/avatar\/df9adfb835d344bc0af109d41756253f?s=96&d=mm&r=g","contentUrl":"https:\/\/secure.gravatar.com\/avatar\/df9adfb835d344bc0af109d41756253f?s=96&d=mm&r=g","caption":"guilherme_saude"},"url":"https:\/\/www.correiobraziliense.com.br\/cbradar\/author\/guilherme_saude\/"}]}},"_links":{"self":[{"href":"https:\/\/www.correiobraziliense.com.br\/cbradar\/wp-json\/wp\/v2\/posts\/117543","targetHints":{"allow":["GET"]}}],"collection":[{"href":"https:\/\/www.correiobraziliense.com.br\/cbradar\/wp-json\/wp\/v2\/posts"}],"about":[{"href":"https:\/\/www.correiobraziliense.com.br\/cbradar\/wp-json\/wp\/v2\/types\/post"}],"author":[{"embeddable":true,"href":"https:\/\/www.correiobraziliense.com.br\/cbradar\/wp-json\/wp\/v2\/users\/14"}],"replies":[{"embeddable":true,"href":"https:\/\/www.correiobraziliense.com.br\/cbradar\/wp-json\/wp\/v2\/comments?post=117543"}],"version-history":[{"count":1,"href":"https:\/\/www.correiobraziliense.com.br\/cbradar\/wp-json\/wp\/v2\/posts\/117543\/revisions"}],"predecessor-version":[{"id":117545,"href":"https:\/\/www.correiobraziliense.com.br\/cbradar\/wp-json\/wp\/v2\/posts\/117543\/revisions\/117545"}],"wp:featuredmedia":[{"embeddable":true,"href":"https:\/\/www.correiobraziliense.com.br\/cbradar\/wp-json\/wp\/v2\/media\/78216"}],"wp:attachment":[{"href":"https:\/\/www.correiobraziliense.com.br\/cbradar\/wp-json\/wp\/v2\/media?parent=117543"}],"wp:term":[{"taxonomy":"category","embeddable":true,"href":"https:\/\/www.correiobraziliense.com.br\/cbradar\/wp-json\/wp\/v2\/categories?post=117543"},{"taxonomy":"post_tag","embeddable":true,"href":"https:\/\/www.correiobraziliense.com.br\/cbradar\/wp-json\/wp\/v2\/post_tag?post=117543"}],"curies":[{"name":"wp","href":"https:\/\/api.w.org\/{rel}","templated":true}]}}