{"id":117573,"date":"2025-10-13T15:55:00","date_gmt":"2025-10-13T18:55:00","guid":{"rendered":"https:\/\/www.correiobraziliense.com.br\/cbradar\/?p=117573"},"modified":"2025-10-11T10:22:27","modified_gmt":"2025-10-11T13:22:27","slug":"voce-morde-a-lingua-dormindo-e-nem-percebe","status":"publish","type":"post","link":"https:\/\/www.correiobraziliense.com.br\/cbradar\/voce-morde-a-lingua-dormindo-e-nem-percebe\/","title":{"rendered":"Voc\u00ea morde a l\u00edngua dormindo e nem percebe"},"content":{"rendered":"\n<p>O fen\u00f4meno de <strong>Morder a L\u00edngua<\/strong> durante o sono intriga muitos, sendo considerado um h\u00e1bito relativamente comum, mas potencialmente prejudicial. A pr\u00e1tica ocorre de forma involunt\u00e1ria, afetando pessoas por diferentes raz\u00f5es, variando de condi\u00e7\u00f5es m\u00e9dicas a problemas odontol\u00f3gicos. \u00c9 essencial entender as causas por tr\u00e1s desse comportamento para buscar solu\u00e7\u00f5es eficazes que garantam o bem-estar e a <a href=\"https:\/\/www.correiobraziliense.com.br\/cbradar\/como-a-falta-de-sono-afeta-sua-saude-mental\/\" target=\"_blank\" rel=\"noreferrer noopener\">sa\u00fade<\/a> bucal.<\/p>\n\n\n\n<p>Entre as causas mais recorrentes para quem morde a l\u00edngua enquanto dorme, est\u00e3o as convuls\u00f5es noturnas. Indiv\u00edduos que sofrem de epilepsia n\u00e3o diagnosticada ou n\u00e3o tratada podem experimentar epis\u00f3dios de movimentos bruscos do corpo, levando \u00e0 mordida involunt\u00e1ria da l\u00edngua. Estes epis\u00f3dios podem acontecer sem aviso, interrompendo o sono e podendo, inclusive, causar les\u00f5es.<\/p>\n\n\n\n<h2 class=\"wp-block-heading\">Quais s\u00e3o as condi\u00e7\u00f5es que podem levar a Morder a L\u00edngua durante o sono?<\/h2>\n\n\n\n<p>Uma condi\u00e7\u00e3o benigna observada principalmente em crian\u00e7as \u00e9 a parassonia, caracterizada pelo movimento involunt\u00e1rio durante o sono, como balan\u00e7ar a cabe\u00e7a ou o corpo. Este comportamento, que pode ocorrer antes de adormecer ou no in\u00edcio do sono, pode resultar em danos \u00e0 l\u00edngua. Apesar de n\u00e3o ser uma condi\u00e7\u00e3o cr\u00edtica, pode causar dist\u00farbios no sono e ferimentos.<\/p>\n\n\n<div class=\"wp-block-image\">\n<figure class=\"aligncenter size-large\"><img decoding=\"async\" width=\"1024\" height=\"576\" src=\"https:\/\/www.correiobraziliense.com.br\/cbradar\/wp-content\/uploads\/2025\/06\/Posicao-de-Dormir_1750160321618-1024x576.jpg\" alt=\"\" class=\"wp-image-54855\" srcset=\"https:\/\/www.correiobraziliense.com.br\/cbradar\/wp-content\/uploads\/2025\/06\/Posicao-de-Dormir_1750160321618-1024x576.jpg 1024w, https:\/\/www.correiobraziliense.com.br\/cbradar\/wp-content\/uploads\/2025\/06\/Posicao-de-Dormir_1750160321618-300x169.jpg 300w, https:\/\/www.correiobraziliense.com.br\/cbradar\/wp-content\/uploads\/2025\/06\/Posicao-de-Dormir_1750160321618-768x432.jpg 768w, https:\/\/www.correiobraziliense.com.br\/cbradar\/wp-content\/uploads\/2025\/06\/Posicao-de-Dormir_1750160321618-750x422.jpg 750w, https:\/\/www.correiobraziliense.com.br\/cbradar\/wp-content\/uploads\/2025\/06\/Posicao-de-Dormir_1750160321618-1140x641.jpg 1140w, https:\/\/www.correiobraziliense.com.br\/cbradar\/wp-content\/uploads\/2025\/06\/Posicao-de-Dormir_1750160321618.jpg 1280w\" sizes=\"(max-width: 1024px) 100vw, 1024px\" \/><figcaption class=\"wp-element-caption\">Posi\u00e7\u00e3o de dormir &#8211; Cr\u00e9ditos: depositphotos.com \/ stockveres.gmail.com<\/figcaption><\/figure><\/div>\n\n\n<p>O bruxismo, conhecido como o h\u00e1bito de ranger ou apertar os dentes durante o sono, tamb\u00e9m \u00e9 uma causa frequente de mordidas na l\u00edngua. Este comportamento involunt\u00e1rio pode ser prejudicial n\u00e3o apenas para os dentes e mand\u00edbula, mas tamb\u00e9m para a l\u00edngua, que pode ser ferida ao ficar presa entre os dentes. O alinhamento dent\u00e1rio inadequado ou m\u00e1 oclus\u00e3o dent\u00e1ria pode agravar essa situa\u00e7\u00e3o, pois favorece o deslizamento da l\u00edngua para entre os dentes.<\/p>\n\n\n\n<h2 class=\"wp-block-heading\">Como identificar o h\u00e1bito de Morder a L\u00edngua \u00e0 noite?<\/h2>\n\n\n\n<p>Para aqueles que mordem a l\u00edngua sem perceber, existem alguns sinais que podem indicar esse h\u00e1bito. Acordar com a l\u00edngua sangrando ou com dor s\u00e3o os principais ind\u00edcios de que algo est\u00e1 errado. Embora a pessoa afetada geralmente n\u00e3o perceba o ato, amigos ou familiares podem alert\u00e1-la sobre ru\u00eddos noturnos decorrentes do bruxismo ou movimentos faciais incomuns.<\/p>\n\n\n\n<p>Ao identificar qualquer um desses sinais, a busca por aux\u00edlio profissional \u00e9 crucial. Dentistas podem ajudar a identificar a causa exata do problema e recomendar solu\u00e7\u00f5es personalizadas. O uso de protetores bucais \u00e9 uma das estrat\u00e9gias sugeridas para proteger os dentes e a l\u00edngua, prevenindo assim les\u00f5es adicionais.<\/p>\n\n\n\n<h2 class=\"wp-block-heading\">Quais medidas podem ser adotadas para evitar Morder a L\u00edngua ao dormir?<\/h2>\n\n\n\n<p>Uma das solu\u00e7\u00f5es mais comuns \u00e9 o uso de placas oclusais, dispositivos que ajudam a controlar o bruxismo e protegem a l\u00edngua. Al\u00e9m disso, ajustes no estilo de vida e no alinhamento dent\u00e1rio podem ser necess\u00e1rios, dependendo da causa raiz do problema. Manter uma boa comunica\u00e7\u00e3o com profissionais de sa\u00fade bucal e realizar exames regulares s\u00e3o passos fundamentais para prevenir e manejar este h\u00e1bito indesejado.<\/p>\n\n\n\n<p>Por fim, \u00e9 importante ressaltar que apesar deste ser um fen\u00f4meno comum, ele merece aten\u00e7\u00e3o e cuidado adequados. Com as abordagens corretas, \u00e9 poss\u00edvel minimizar os riscos associados e garantir noites de sono mais tranquilas e saud\u00e1veis.<\/p>\n\n\n<a href=\"https:\/\/www.instagram.com\/dra.annaluisabf\/\" target=\"_blank\" rel=\"noopener\" style=\"text-decoration: none; color: inherit;\">\n    <span style=\"display: inline-block; border: 1px solid #ccc; border-radius: 10px; padding: 15px; max-width: 550px; font-family: sans-serif; box-shadow: 0 2px 5px rgba(0,0,0,0.1); width: 100%;\">\n\n      <!-- T\u00edtulo -->\n      <span style=\"display: block; margin: 0 0 15px 0; font-weight: bold; color: #2c3e50; text-align: center;\">\n        Entre em contato:\n      <\/span>\n\n      <!-- Linha do perfil -->\n      <span style=\"display: flex; align-items: center; gap: 15px;\">\n        <img decoding=\"async\"\n          src=\"https:\/\/www.correiobraziliense.com.br\/cbradar\/wp-content\/uploads\/2025\/08\/dra_anna_luisa.jpeg\"\n          alt=\"Foto da Dra. Anna Lu\u00edsa\"\n          style=\"border-radius: 50%; width: 80px; height: 80px; object-fit: cover;\"\n        \/>\n        <span style=\"display: flex; flex-direction: column;\">\n          <span style=\"font-size: 18px; font-weight: 700; color: #2c3e50;\">Dra. Anna Lu\u00edsa Barbosa Fernandes<\/span>\n          <span style=\"color: #555;\">CRM-GO 33.271<\/span>\n        <\/span>\n      <\/span>\n\n      <!-- Redes -->\n      <span style=\"display: flex; align-items: center; gap: 10px; margin-top: 12px;\">\n        <img decoding=\"async\" src=\"https:\/\/cdn-icons-png.flaticon.com\/24\/1384\/1384063.png\" alt=\"Instagram\" width=\"24\" height=\"24\" \/>\n        <span style=\"text-decoration: underline; color: #2c3e50;\">@dra.annaluisabf<\/span>\n      <\/span>\n\n    <\/span>\n  <\/a>","protected":false},"excerpt":{"rendered":"<p>O fen\u00f4meno de Morder a L\u00edngua durante o sono intriga muitos, sendo considerado um h\u00e1bito relativamente comum, mas potencialmente prejudicial. A pr\u00e1tica ocorre de forma involunt\u00e1ria, afetando pessoas por diferentes raz\u00f5es, variando de condi\u00e7\u00f5es m\u00e9dicas a problemas odontol\u00f3gicos. \u00c9 essencial entender as causas por tr\u00e1s desse comportamento para buscar solu\u00e7\u00f5es eficazes que garantam o bem-estar [&hellip;]<\/p>\n","protected":false},"author":14,"featured_media":117574,"comment_status":"open","ping_status":"open","sticky":false,"template":"","format":"standard","meta":{"jnews-multi-image_gallery":[],"jnews_single_post":{"format":"standard"},"jnews_primary_category":[],"jnews_social_meta":[],"jnews_override_counter":[],"footnotes":""},"categories":[4404],"post_tag":[120,10778,1318],"class_list":["post-117573","post","type-post","status-publish","format-standard","has-post-thumbnail","hentry","category-saude","tag-bem-estar","tag-morder-a-lingua","tag-saude-2"],"yoast_head":"<!-- This site is optimized with the Yoast SEO plugin v24.6 - https:\/\/yoast.com\/wordpress\/plugins\/seo\/ -->\n<title>Voc\u00ea morde a l\u00edngua dormindo e nem percebe - Correio Braziliense - Radar<\/title>\n<meta name=\"description\" content=\"Morder a l\u00edngua durante o sono pode parecer inofensivo, mas h\u00e1 riscos ocultos. Descubra causas e solu\u00e7\u00f5es para evitar esse desconforto.\" \/>\n<meta name=\"robots\" content=\"index, follow, max-snippet:-1, max-image-preview:large, max-video-preview:-1\" \/>\n<link rel=\"canonical\" href=\"https:\/\/www.correiobraziliense.com.br\/cbradar\/voce-morde-a-lingua-dormindo-e-nem-percebe\/\" \/>\n<meta property=\"og:locale\" content=\"pt_BR\" \/>\n<meta property=\"og:type\" content=\"article\" \/>\n<meta property=\"og:title\" content=\"Voc\u00ea morde a l\u00edngua dormindo e nem percebe - Correio Braziliense - Radar\" \/>\n<meta property=\"og:description\" content=\"Morder a l\u00edngua durante o sono pode parecer inofensivo, mas h\u00e1 riscos ocultos. Descubra causas e solu\u00e7\u00f5es para evitar esse desconforto.\" \/>\n<meta property=\"og:url\" content=\"https:\/\/www.correiobraziliense.com.br\/cbradar\/voce-morde-a-lingua-dormindo-e-nem-percebe\/\" \/>\n<meta property=\"og:site_name\" content=\"Correio Braziliense - Radar\" \/>\n<meta property=\"article:published_time\" content=\"2025-10-13T18:55:00+00:00\" \/>\n<meta property=\"og:image\" content=\"https:\/\/www.correiobraziliense.com.br\/cbradar\/wp-content\/uploads\/2025\/10\/Morder-a-Lingua_1760188930670.jpg\" \/>\n\t<meta property=\"og:image:width\" content=\"1280\" \/>\n\t<meta property=\"og:image:height\" content=\"720\" \/>\n\t<meta property=\"og:image:type\" content=\"image\/jpeg\" \/>\n<meta name=\"author\" content=\"guilherme_saude\" \/>\n<meta name=\"twitter:card\" content=\"summary_large_image\" \/>\n<meta name=\"twitter:label1\" content=\"Escrito por\" \/>\n\t<meta name=\"twitter:data1\" content=\"guilherme_saude\" \/>\n\t<meta name=\"twitter:label2\" content=\"Est. tempo de leitura\" \/>\n\t<meta name=\"twitter:data2\" content=\"4 minutos\" \/>\n<!-- \/ Yoast SEO plugin. -->","yoast_head_json":{"title":"Voc\u00ea morde a l\u00edngua dormindo e nem percebe - Correio Braziliense - Radar","description":"Morder a l\u00edngua durante o sono pode parecer inofensivo, mas h\u00e1 riscos ocultos. Descubra causas e solu\u00e7\u00f5es para evitar esse desconforto.","robots":{"index":"index","follow":"follow","max-snippet":"max-snippet:-1","max-image-preview":"max-image-preview:large","max-video-preview":"max-video-preview:-1"},"canonical":"https:\/\/www.correiobraziliense.com.br\/cbradar\/voce-morde-a-lingua-dormindo-e-nem-percebe\/","og_locale":"pt_BR","og_type":"article","og_title":"Voc\u00ea morde a l\u00edngua dormindo e nem percebe - Correio Braziliense - Radar","og_description":"Morder a l\u00edngua durante o sono pode parecer inofensivo, mas h\u00e1 riscos ocultos. Descubra causas e solu\u00e7\u00f5es para evitar esse desconforto.","og_url":"https:\/\/www.correiobraziliense.com.br\/cbradar\/voce-morde-a-lingua-dormindo-e-nem-percebe\/","og_site_name":"Correio Braziliense - Radar","article_published_time":"2025-10-13T18:55:00+00:00","og_image":[{"width":1280,"height":720,"url":"https:\/\/www.correiobraziliense.com.br\/cbradar\/wp-content\/uploads\/2025\/10\/Morder-a-Lingua_1760188930670.jpg","type":"image\/jpeg"}],"author":"guilherme_saude","twitter_card":"summary_large_image","twitter_misc":{"Escrito por":"guilherme_saude","Est. tempo de leitura":"4 minutos"},"schema":{"@context":"https:\/\/schema.org","@graph":[{"@type":"WebPage","@id":"https:\/\/www.correiobraziliense.com.br\/cbradar\/voce-morde-a-lingua-dormindo-e-nem-percebe\/","url":"https:\/\/www.correiobraziliense.com.br\/cbradar\/voce-morde-a-lingua-dormindo-e-nem-percebe\/","name":"Voc\u00ea morde a l\u00edngua dormindo e nem percebe - Correio Braziliense - Radar","isPartOf":{"@id":"https:\/\/www.correiobraziliense.com.br\/cbradar\/#website"},"primaryImageOfPage":{"@id":"https:\/\/www.correiobraziliense.com.br\/cbradar\/voce-morde-a-lingua-dormindo-e-nem-percebe\/#primaryimage"},"image":{"@id":"https:\/\/www.correiobraziliense.com.br\/cbradar\/voce-morde-a-lingua-dormindo-e-nem-percebe\/#primaryimage"},"thumbnailUrl":"https:\/\/www.correiobraziliense.com.br\/cbradar\/wp-content\/uploads\/2025\/10\/Morder-a-Lingua_1760188930670.jpg","datePublished":"2025-10-13T18:55:00+00:00","author":{"@id":"https:\/\/www.correiobraziliense.com.br\/cbradar\/#\/schema\/person\/5aa4bf3c8fa699c267933611de12978b"},"description":"Morder a l\u00edngua durante o sono pode parecer inofensivo, mas h\u00e1 riscos ocultos. Descubra causas e solu\u00e7\u00f5es para evitar esse desconforto.","breadcrumb":{"@id":"https:\/\/www.correiobraziliense.com.br\/cbradar\/voce-morde-a-lingua-dormindo-e-nem-percebe\/#breadcrumb"},"inLanguage":"pt-BR","potentialAction":[{"@type":"ReadAction","target":["https:\/\/www.correiobraziliense.com.br\/cbradar\/voce-morde-a-lingua-dormindo-e-nem-percebe\/"]}]},{"@type":"ImageObject","inLanguage":"pt-BR","@id":"https:\/\/www.correiobraziliense.com.br\/cbradar\/voce-morde-a-lingua-dormindo-e-nem-percebe\/#primaryimage","url":"https:\/\/www.correiobraziliense.com.br\/cbradar\/wp-content\/uploads\/2025\/10\/Morder-a-Lingua_1760188930670.jpg","contentUrl":"https:\/\/www.correiobraziliense.com.br\/cbradar\/wp-content\/uploads\/2025\/10\/Morder-a-Lingua_1760188930670.jpg","width":1280,"height":720,"caption":"Morder a L\u00edngua - Cr\u00e9ditos: depositphotos.com \/ blueringmedia"},{"@type":"BreadcrumbList","@id":"https:\/\/www.correiobraziliense.com.br\/cbradar\/voce-morde-a-lingua-dormindo-e-nem-percebe\/#breadcrumb","itemListElement":[{"@type":"ListItem","position":1,"name":"In\u00edcio","item":"https:\/\/www.correiobraziliense.com.br\/cbradar\/"},{"@type":"ListItem","position":2,"name":"Voc\u00ea morde a l\u00edngua dormindo e nem percebe"}]},{"@type":"WebSite","@id":"https:\/\/www.correiobraziliense.com.br\/cbradar\/#website","url":"https:\/\/www.correiobraziliense.com.br\/cbradar\/","name":"Correio Braziliense - Radar","description":"Acompanhe as \u00faltimas not\u00edcias e fique bem informado sobre tudo o que acontece no Brasil e no mundo.","potentialAction":[{"@type":"SearchAction","target":{"@type":"EntryPoint","urlTemplate":"https:\/\/www.correiobraziliense.com.br\/cbradar\/?s={search_term_string}"},"query-input":{"@type":"PropertyValueSpecification","valueRequired":true,"valueName":"search_term_string"}}],"inLanguage":"pt-BR"},{"@type":"Person","@id":"https:\/\/www.correiobraziliense.com.br\/cbradar\/#\/schema\/person\/5aa4bf3c8fa699c267933611de12978b","name":"guilherme_saude","image":{"@type":"ImageObject","inLanguage":"pt-BR","@id":"https:\/\/www.correiobraziliense.com.br\/cbradar\/#\/schema\/person\/image\/","url":"https:\/\/secure.gravatar.com\/avatar\/df9adfb835d344bc0af109d41756253f?s=96&d=mm&r=g","contentUrl":"https:\/\/secure.gravatar.com\/avatar\/df9adfb835d344bc0af109d41756253f?s=96&d=mm&r=g","caption":"guilherme_saude"},"url":"https:\/\/www.correiobraziliense.com.br\/cbradar\/author\/guilherme_saude\/"}]}},"_links":{"self":[{"href":"https:\/\/www.correiobraziliense.com.br\/cbradar\/wp-json\/wp\/v2\/posts\/117573","targetHints":{"allow":["GET"]}}],"collection":[{"href":"https:\/\/www.correiobraziliense.com.br\/cbradar\/wp-json\/wp\/v2\/posts"}],"about":[{"href":"https:\/\/www.correiobraziliense.com.br\/cbradar\/wp-json\/wp\/v2\/types\/post"}],"author":[{"embeddable":true,"href":"https:\/\/www.correiobraziliense.com.br\/cbradar\/wp-json\/wp\/v2\/users\/14"}],"replies":[{"embeddable":true,"href":"https:\/\/www.correiobraziliense.com.br\/cbradar\/wp-json\/wp\/v2\/comments?post=117573"}],"version-history":[{"count":1,"href":"https:\/\/www.correiobraziliense.com.br\/cbradar\/wp-json\/wp\/v2\/posts\/117573\/revisions"}],"predecessor-version":[{"id":117575,"href":"https:\/\/www.correiobraziliense.com.br\/cbradar\/wp-json\/wp\/v2\/posts\/117573\/revisions\/117575"}],"wp:featuredmedia":[{"embeddable":true,"href":"https:\/\/www.correiobraziliense.com.br\/cbradar\/wp-json\/wp\/v2\/media\/117574"}],"wp:attachment":[{"href":"https:\/\/www.correiobraziliense.com.br\/cbradar\/wp-json\/wp\/v2\/media?parent=117573"}],"wp:term":[{"taxonomy":"category","embeddable":true,"href":"https:\/\/www.correiobraziliense.com.br\/cbradar\/wp-json\/wp\/v2\/categories?post=117573"},{"taxonomy":"post_tag","embeddable":true,"href":"https:\/\/www.correiobraziliense.com.br\/cbradar\/wp-json\/wp\/v2\/post_tag?post=117573"}],"curies":[{"name":"wp","href":"https:\/\/api.w.org\/{rel}","templated":true}]}}