{"id":117909,"date":"2025-10-13T12:45:00","date_gmt":"2025-10-13T15:45:00","guid":{"rendered":"https:\/\/www.correiobraziliense.com.br\/cbradar\/?p=117909"},"modified":"2025-10-11T20:37:08","modified_gmt":"2025-10-11T23:37:08","slug":"os-alimentos-que-fortalecem-sua-memoria-todos-os-dias","status":"publish","type":"post","link":"https:\/\/www.correiobraziliense.com.br\/cbradar\/os-alimentos-que-fortalecem-sua-memoria-todos-os-dias\/","title":{"rendered":"Os alimentos que fortalecem sua mem\u00f3ria todos os dias"},"content":{"rendered":"\n<p>Uma alimenta\u00e7\u00e3o adequada \u00e9 fundamental para preservar a sa\u00fade cerebral e melhorar a mem\u00f3ria ao longo do tempo.&nbsp;Incluir nutrientes essenciais e cultivar h\u00e1bitos saud\u00e1veis s\u00e3o estrat\u00e9gias-chave para manter a fun\u00e7\u00e3o cognitiva em n\u00edveis ideais, enquanto o consumo excessivo de ultraprocessados e comportamentos prejudiciais pode impactar negativamente o c\u00e9rebro.<\/p>\n\n\n\n<h2 class=\"wp-block-heading\">Por que alimentos ultraprocessados prejudicam a sa\u00fade cerebral?<\/h2>\n\n\n\n<p>Especialistas em nutri\u00e7\u00e3o afirmam que alimentos ultraprocessados, repletos de a\u00e7\u00facares refinados, farinhas brancas, gorduras saturadas e s\u00f3dio, provocam inflama\u00e7\u00e3o sist\u00eamica e estresse oxidativo.&nbsp;Esses processos afetam negativamente os vasos sangu\u00edneos do c\u00e9rebro e aceleram o decl\u00ednio cognitivo.<\/p>\n\n\n\n<p>Al\u00e9m disso, o excesso de \u00e1lcool e o consumo de gorduras trans est\u00e3o associados \u00e0 deteriora\u00e7\u00e3o das fun\u00e7\u00f5es neurais, prejudicando habilidades essenciais como a mem\u00f3ria, o racioc\u00ednio e o julgamento.<\/p>\n\n\n<div class=\"wp-block-image\">\n<figure class=\"aligncenter size-large\"><img decoding=\"async\" width=\"1024\" height=\"576\" src=\"https:\/\/www.correiobraziliense.com.br\/cbradar\/wp-content\/uploads\/2025\/09\/processed-food_1759013057680-1024x576.jpg\" alt=\"O que acontece no seu corpo quando voc\u00ea come alimentos industrializados\" class=\"wp-image-110761\" srcset=\"https:\/\/www.correiobraziliense.com.br\/cbradar\/wp-content\/uploads\/2025\/09\/processed-food_1759013057680-1024x576.jpg 1024w, https:\/\/www.correiobraziliense.com.br\/cbradar\/wp-content\/uploads\/2025\/09\/processed-food_1759013057680-300x169.jpg 300w, https:\/\/www.correiobraziliense.com.br\/cbradar\/wp-content\/uploads\/2025\/09\/processed-food_1759013057680-768x432.jpg 768w, https:\/\/www.correiobraziliense.com.br\/cbradar\/wp-content\/uploads\/2025\/09\/processed-food_1759013057680-750x422.jpg 750w, https:\/\/www.correiobraziliense.com.br\/cbradar\/wp-content\/uploads\/2025\/09\/processed-food_1759013057680-1140x642.jpg 1140w, https:\/\/www.correiobraziliense.com.br\/cbradar\/wp-content\/uploads\/2025\/09\/processed-food_1759013057680.jpg 1279w\" sizes=\"(max-width: 1024px) 100vw, 1024px\" \/><figcaption class=\"wp-element-caption\">Alimentos industrializados \/\/ Cr\u00e9ditos: depositphotos.com \/ PBT<\/figcaption><\/figure><\/div>\n\n\n<h2 class=\"wp-block-heading\">Como montar uma dieta equilibrada para o c\u00e9rebro<\/h2>\n\n\n\n<p>Uma dieta ben\u00e9fica ao c\u00e9rebro \u00e9 baseada na variedade e qualidade dos alimentos.&nbsp;Ovos s\u00e3o fontes de colina, fundamental para a mem\u00f3ria, enquanto peixes como salm\u00e3o e cavala possuem \u00f4mega-3, essenciais para a prote\u00e7\u00e3o das c\u00e9lulas cerebrais.<\/p>\n\n\n\n<p>Para facilitar a escolha dos alimentos, confira abaixo op\u00e7\u00f5es recomendadas por especialistas para incluir na rotina alimentar:<\/p>\n\n\n\n<ul class=\"wp-block-list\">\n<li>Ovos: ricos em colina, ajudam na forma\u00e7\u00e3o de neurotransmissores.<\/li>\n\n\n\n<li>Salm\u00e3o, sardinha e cavala: fornecem DHA e EPA, promovendo a sa\u00fade cerebral.<\/li>\n\n\n\n<li>Frutas vermelhas e c\u00edtricas: antioxidantes que protegem c\u00e9lulas cerebrais.<\/li>\n\n\n\n<li>Nozes e am\u00eandoas: contribuem com vitamina E e gorduras saud\u00e1veis.<\/li>\n<\/ul>\n\n\n\n<h2 class=\"wp-block-heading\">Quais antioxidantes protegem o c\u00e9rebro diariamente?<\/h2>\n\n\n\n<p>Frutas vermelhas, c\u00edtricas, vegetais de folhas verdes e cruc\u00edferas s\u00e3o \u00f3timas fontes de antioxidantes naturais.&nbsp;Eles devem ser consumidos preferencialmente frescos para maximizar os benef\u00edcios na preven\u00e7\u00e3o de les\u00f5es oxidativas nas c\u00e9lulas neurais.<\/p>\n\n\n\n<p>Oleaginosas, como nozes e am\u00eandoas, oferecem vitamina E que protege contra processos neurodegenerativos e podem ser facilmente inclu\u00eddas em lanches r\u00e1pidos ou saladas.<\/p>\n\n\n\n<p><strong>Leia tamb\u00e9m: <a href=\"https:\/\/www.correiobraziliense.com.br\/cbradar\/o-que-significa-guardar-o-melhor-pedaco-de-comida-para-o-final\/\" target=\"_blank\" rel=\"noreferrer noopener\">O que significa guardar o melhor peda\u00e7o de comida para o final?<\/a><\/strong><\/p>\n\n\n\n<h2 class=\"wp-block-heading\">Qual o papel do azeite de oliva e outros ingredientes b\u00e1sicos para o c\u00e9rebro?<\/h2>\n\n\n\n<p>Azeite de oliva extravirgem fornece gorduras monoinsaturadas, importantes para a estrutura das c\u00e9lulas nervosas.&nbsp;Sua a\u00e7\u00e3o antioxidante e anti-inflamat\u00f3ria est\u00e1 relacionada \u00e0 preven\u00e7\u00e3o de doen\u00e7as como Alzheimer.<\/p>\n\n\n\n<p>Leguminosas e cereais integrais agregam vitaminas do complexo B, bem como minerais como zinco e magn\u00e9sio, fundamentais para o metabolismo energ\u00e9tico cerebral e a produ\u00e7\u00e3o de neurotransmissores.<\/p>\n\n\n\n<h2 class=\"wp-block-heading\">Como incluir ingredientes especiais que favorecem a cogni\u00e7\u00e3o?<\/h2>\n\n\n\n<p>Existe uma s\u00e9rie de ingredientes cujos compostos ativos trazem benef\u00edcios diretos \u00e0 fun\u00e7\u00e3o cerebral, tais como chocolate amargo, sementes e ervas arom\u00e1ticas com propriedades protetoras.<\/p>\n\n\n\n<p>O chocolate amargo, rico em flavonoides, al\u00e9m de sementes de chia e linha\u00e7a e vegetais como berinjela e alecrim, contribuem para melhorar a circula\u00e7\u00e3o cerebral e proteger as c\u00e9lulas nervosas de agress\u00f5es externas.<\/p>\n\n\n\n<h2 class=\"wp-block-heading\">O que mais pode ser feito al\u00e9m da alimenta\u00e7\u00e3o para proteger o c\u00e9rebro?<\/h2>\n\n\n\n<p>Adotar um cuidado hol\u00edstico \u00e9 essencial para a sa\u00fade do c\u00e9rebro, e isso passa pela dieta, mas tamb\u00e9m pelo controle do colesterol, glicose e press\u00e3o arterial. Manter o peso adequado, evitar tabaco e praticar atividades f\u00edsicas, como caminhadas di\u00e1rias, s\u00e3o medidas eficazes para apoiar o bom funcionamento da mem\u00f3ria e evitar doen\u00e7as neurologias.<\/p>\n\n\n\n<h2 class=\"wp-block-heading\">Por que uma rotina equilibrada \u00e9 fundamental para a sa\u00fade cerebral?<\/h2>\n\n\n\n<p>A soma de uma alimenta\u00e7\u00e3o nutritiva com sono reparador, exerc\u00edcios regulares, controle do estresse e est\u00edmulo intelectual forma uma barreira protetora para a cogni\u00e7\u00e3o.<\/p>\n\n\n\n<p>Ter um estilo de vida saud\u00e1vel, portanto, refor\u00e7a o papel central da alimenta\u00e7\u00e3o na manuten\u00e7\u00e3o da sa\u00fade cerebral e na preven\u00e7\u00e3o do decl\u00ednio mental precoce.<\/p>\n","protected":false},"excerpt":{"rendered":"<p>Uma alimenta\u00e7\u00e3o adequada \u00e9 fundamental para preservar a sa\u00fade cerebral e melhorar a mem\u00f3ria ao longo do tempo.&nbsp;Incluir nutrientes essenciais e cultivar h\u00e1bitos saud\u00e1veis s\u00e3o estrat\u00e9gias-chave para manter a fun\u00e7\u00e3o cognitiva em n\u00edveis ideais, enquanto o consumo excessivo de ultraprocessados e comportamentos prejudiciais pode impactar negativamente o c\u00e9rebro. Por que alimentos ultraprocessados prejudicam a sa\u00fade [&hellip;]<\/p>\n","protected":false},"author":8,"featured_media":103895,"comment_status":"open","ping_status":"open","sticky":false,"template":"","format":"standard","meta":{"jnews-multi-image_gallery":[],"jnews_single_post":{"format":"standard"},"jnews_primary_category":[],"jnews_social_meta":[],"jnews_override_counter":[],"footnotes":""},"categories":[119,4404],"post_tag":[1423,698,1616,1318],"class_list":["post-117909","post","type-post","status-publish","format-standard","has-post-thumbnail","hentry","category-bem-estar","category-saude","tag-alimentos","tag-cerebro","tag-memoria","tag-saude-2"],"yoast_head":"<!-- This site is optimized with the Yoast SEO plugin v24.6 - https:\/\/yoast.com\/wordpress\/plugins\/seo\/ -->\n<title>Os alimentos que fortalecem sua mem\u00f3ria todos os dias - Correio Braziliense - Radar<\/title>\n<meta name=\"description\" content=\"Descubra os alimentos essenciais que fortalecem a mem\u00f3ria e ajudam seu c\u00e9rebro a funcionar melhor no dia a dia.\" \/>\n<meta name=\"robots\" content=\"index, follow, max-snippet:-1, max-image-preview:large, max-video-preview:-1\" \/>\n<link rel=\"canonical\" href=\"https:\/\/www.correiobraziliense.com.br\/cbradar\/os-alimentos-que-fortalecem-sua-memoria-todos-os-dias\/\" \/>\n<meta property=\"og:locale\" content=\"pt_BR\" \/>\n<meta property=\"og:type\" content=\"article\" \/>\n<meta property=\"og:title\" content=\"Os alimentos que fortalecem sua mem\u00f3ria todos os dias - Correio Braziliense - Radar\" \/>\n<meta property=\"og:description\" content=\"Descubra os alimentos essenciais que fortalecem a mem\u00f3ria e ajudam seu c\u00e9rebro a funcionar melhor no dia a dia.\" \/>\n<meta property=\"og:url\" content=\"https:\/\/www.correiobraziliense.com.br\/cbradar\/os-alimentos-que-fortalecem-sua-memoria-todos-os-dias\/\" \/>\n<meta property=\"og:site_name\" content=\"Correio Braziliense - Radar\" \/>\n<meta property=\"article:published_time\" content=\"2025-10-13T15:45:00+00:00\" \/>\n<meta property=\"og:image\" content=\"https:\/\/www.correiobraziliense.com.br\/cbradar\/wp-content\/uploads\/2025\/09\/alimentos-industrializados_1757871100201.jpg\" \/>\n\t<meta property=\"og:image:width\" content=\"1280\" \/>\n\t<meta property=\"og:image:height\" content=\"720\" \/>\n\t<meta property=\"og:image:type\" content=\"image\/jpeg\" \/>\n<meta name=\"author\" content=\"Maura Pereira\" \/>\n<meta name=\"twitter:card\" content=\"summary_large_image\" \/>\n<meta name=\"twitter:label1\" content=\"Escrito por\" \/>\n\t<meta name=\"twitter:data1\" content=\"Maura Pereira\" \/>\n\t<meta name=\"twitter:label2\" content=\"Est. tempo de leitura\" \/>\n\t<meta name=\"twitter:data2\" content=\"4 minutos\" \/>\n<!-- \/ Yoast SEO plugin. -->","yoast_head_json":{"title":"Os alimentos que fortalecem sua mem\u00f3ria todos os dias - Correio Braziliense - Radar","description":"Descubra os alimentos essenciais que fortalecem a mem\u00f3ria e ajudam seu c\u00e9rebro a funcionar melhor no dia a dia.","robots":{"index":"index","follow":"follow","max-snippet":"max-snippet:-1","max-image-preview":"max-image-preview:large","max-video-preview":"max-video-preview:-1"},"canonical":"https:\/\/www.correiobraziliense.com.br\/cbradar\/os-alimentos-que-fortalecem-sua-memoria-todos-os-dias\/","og_locale":"pt_BR","og_type":"article","og_title":"Os alimentos que fortalecem sua mem\u00f3ria todos os dias - Correio Braziliense - Radar","og_description":"Descubra os alimentos essenciais que fortalecem a mem\u00f3ria e ajudam seu c\u00e9rebro a funcionar melhor no dia a dia.","og_url":"https:\/\/www.correiobraziliense.com.br\/cbradar\/os-alimentos-que-fortalecem-sua-memoria-todos-os-dias\/","og_site_name":"Correio Braziliense - Radar","article_published_time":"2025-10-13T15:45:00+00:00","og_image":[{"width":1280,"height":720,"url":"https:\/\/www.correiobraziliense.com.br\/cbradar\/wp-content\/uploads\/2025\/09\/alimentos-industrializados_1757871100201.jpg","type":"image\/jpeg"}],"author":"Maura Pereira","twitter_card":"summary_large_image","twitter_misc":{"Escrito por":"Maura Pereira","Est. tempo de leitura":"4 minutos"},"schema":{"@context":"https:\/\/schema.org","@graph":[{"@type":"WebPage","@id":"https:\/\/www.correiobraziliense.com.br\/cbradar\/os-alimentos-que-fortalecem-sua-memoria-todos-os-dias\/","url":"https:\/\/www.correiobraziliense.com.br\/cbradar\/os-alimentos-que-fortalecem-sua-memoria-todos-os-dias\/","name":"Os alimentos que fortalecem sua mem\u00f3ria todos os dias - Correio Braziliense - Radar","isPartOf":{"@id":"https:\/\/www.correiobraziliense.com.br\/cbradar\/#website"},"primaryImageOfPage":{"@id":"https:\/\/www.correiobraziliense.com.br\/cbradar\/os-alimentos-que-fortalecem-sua-memoria-todos-os-dias\/#primaryimage"},"image":{"@id":"https:\/\/www.correiobraziliense.com.br\/cbradar\/os-alimentos-que-fortalecem-sua-memoria-todos-os-dias\/#primaryimage"},"thumbnailUrl":"https:\/\/www.correiobraziliense.com.br\/cbradar\/wp-content\/uploads\/2025\/09\/alimentos-industrializados_1757871100201.jpg","datePublished":"2025-10-13T15:45:00+00:00","author":{"@id":"https:\/\/www.correiobraziliense.com.br\/cbradar\/#\/schema\/person\/4053c651a9bfc785afc6f4cbc9032fd3"},"description":"Descubra os alimentos essenciais que fortalecem a mem\u00f3ria e ajudam seu c\u00e9rebro a funcionar melhor no dia a dia.","breadcrumb":{"@id":"https:\/\/www.correiobraziliense.com.br\/cbradar\/os-alimentos-que-fortalecem-sua-memoria-todos-os-dias\/#breadcrumb"},"inLanguage":"pt-BR","potentialAction":[{"@type":"ReadAction","target":["https:\/\/www.correiobraziliense.com.br\/cbradar\/os-alimentos-que-fortalecem-sua-memoria-todos-os-dias\/"]}]},{"@type":"ImageObject","inLanguage":"pt-BR","@id":"https:\/\/www.correiobraziliense.com.br\/cbradar\/os-alimentos-que-fortalecem-sua-memoria-todos-os-dias\/#primaryimage","url":"https:\/\/www.correiobraziliense.com.br\/cbradar\/wp-content\/uploads\/2025\/09\/alimentos-industrializados_1757871100201.jpg","contentUrl":"https:\/\/www.correiobraziliense.com.br\/cbradar\/wp-content\/uploads\/2025\/09\/alimentos-industrializados_1757871100201.jpg","width":1280,"height":720,"caption":"Alimentos processados passam por etapas simples para conserva\u00e7\u00e3o, enquanto ultraprocessados sofrem altera\u00e7\u00f5es profundas na composi\u00e7\u00e3o. \/\/ Cr\u00e9ditos: depositphotos.com \/ marianlogoyda"},{"@type":"BreadcrumbList","@id":"https:\/\/www.correiobraziliense.com.br\/cbradar\/os-alimentos-que-fortalecem-sua-memoria-todos-os-dias\/#breadcrumb","itemListElement":[{"@type":"ListItem","position":1,"name":"In\u00edcio","item":"https:\/\/www.correiobraziliense.com.br\/cbradar\/"},{"@type":"ListItem","position":2,"name":"Os alimentos que fortalecem sua mem\u00f3ria todos os dias"}]},{"@type":"WebSite","@id":"https:\/\/www.correiobraziliense.com.br\/cbradar\/#website","url":"https:\/\/www.correiobraziliense.com.br\/cbradar\/","name":"Correio Braziliense - Radar","description":"Acompanhe as \u00faltimas not\u00edcias e fique bem informado sobre tudo o que acontece no Brasil e no mundo.","potentialAction":[{"@type":"SearchAction","target":{"@type":"EntryPoint","urlTemplate":"https:\/\/www.correiobraziliense.com.br\/cbradar\/?s={search_term_string}"},"query-input":{"@type":"PropertyValueSpecification","valueRequired":true,"valueName":"search_term_string"}}],"inLanguage":"pt-BR"},{"@type":"Person","@id":"https:\/\/www.correiobraziliense.com.br\/cbradar\/#\/schema\/person\/4053c651a9bfc785afc6f4cbc9032fd3","name":"Maura Pereira","image":{"@type":"ImageObject","inLanguage":"pt-BR","@id":"https:\/\/www.correiobraziliense.com.br\/cbradar\/#\/schema\/person\/image\/","url":"https:\/\/secure.gravatar.com\/avatar\/3effd6bdadfa447f15089c7f7144eaa6?s=96&d=mm&r=g","contentUrl":"https:\/\/secure.gravatar.com\/avatar\/3effd6bdadfa447f15089c7f7144eaa6?s=96&d=mm&r=g","caption":"Maura Pereira"},"sameAs":["https:\/\/www.correiobraziliense.com.br\/"],"url":"https:\/\/www.correiobraziliense.com.br\/cbradar\/author\/mauramyth\/"}]}},"_links":{"self":[{"href":"https:\/\/www.correiobraziliense.com.br\/cbradar\/wp-json\/wp\/v2\/posts\/117909","targetHints":{"allow":["GET"]}}],"collection":[{"href":"https:\/\/www.correiobraziliense.com.br\/cbradar\/wp-json\/wp\/v2\/posts"}],"about":[{"href":"https:\/\/www.correiobraziliense.com.br\/cbradar\/wp-json\/wp\/v2\/types\/post"}],"author":[{"embeddable":true,"href":"https:\/\/www.correiobraziliense.com.br\/cbradar\/wp-json\/wp\/v2\/users\/8"}],"replies":[{"embeddable":true,"href":"https:\/\/www.correiobraziliense.com.br\/cbradar\/wp-json\/wp\/v2\/comments?post=117909"}],"version-history":[{"count":7,"href":"https:\/\/www.correiobraziliense.com.br\/cbradar\/wp-json\/wp\/v2\/posts\/117909\/revisions"}],"predecessor-version":[{"id":117916,"href":"https:\/\/www.correiobraziliense.com.br\/cbradar\/wp-json\/wp\/v2\/posts\/117909\/revisions\/117916"}],"wp:featuredmedia":[{"embeddable":true,"href":"https:\/\/www.correiobraziliense.com.br\/cbradar\/wp-json\/wp\/v2\/media\/103895"}],"wp:attachment":[{"href":"https:\/\/www.correiobraziliense.com.br\/cbradar\/wp-json\/wp\/v2\/media?parent=117909"}],"wp:term":[{"taxonomy":"category","embeddable":true,"href":"https:\/\/www.correiobraziliense.com.br\/cbradar\/wp-json\/wp\/v2\/categories?post=117909"},{"taxonomy":"post_tag","embeddable":true,"href":"https:\/\/www.correiobraziliense.com.br\/cbradar\/wp-json\/wp\/v2\/post_tag?post=117909"}],"curies":[{"name":"wp","href":"https:\/\/api.w.org\/{rel}","templated":true}]}}