{"id":118426,"date":"2025-10-14T17:25:00","date_gmt":"2025-10-14T20:25:00","guid":{"rendered":"https:\/\/www.correiobraziliense.com.br\/cbradar\/?p=118426"},"modified":"2025-10-12T16:58:58","modified_gmt":"2025-10-12T19:58:58","slug":"a-fruta-do-outono-que-fica-otima-em-uma-salada-e-tem-um-grande-impacto-de-fibras","status":"publish","type":"post","link":"https:\/\/www.correiobraziliense.com.br\/cbradar\/a-fruta-do-outono-que-fica-otima-em-uma-salada-e-tem-um-grande-impacto-de-fibras\/","title":{"rendered":"A fruta do outono que fica \u00f3tima em uma salada e tem um grande impacto de fibras"},"content":{"rendered":"\n<p>Poucas frutas s\u00e3o t\u00e3o vers\u00e1teis e ben\u00e9ficas para a sa\u00fade quanto a pera. Essa fruta outonal n\u00e3o s\u00f3 proporciona um sabor agrad\u00e1vel e uma textura suculenta, mas tamb\u00e9m \u00e9 uma grande aliada na manuten\u00e7\u00e3o de uma boa sa\u00fade, principalmente pelo seu alto teor de fibras. Uma \u00fanica pera cont\u00e9m cerca de seis gramas desse nutriente, ficando atr\u00e1s apenas das frutas vermelhas. A maioria dos adultos americanos n\u00e3o consome as 25 a 30 gramas di\u00e1rias recomendadas, segundo a UCSF Health.<\/p>\n\n\n\n<h2 class=\"wp-block-heading\">Como as peras beneficiam a sa\u00fade cardiovascular<\/h2>\n\n\n\n<p>As fibras presentes nas peras exercem um papel vital na prote\u00e7\u00e3o do cora\u00e7\u00e3o, sendo essenciais principalmente porque as doen\u00e7as card\u00edacas est\u00e3o entre as principais causas de morte. Consumir a pera com casca \u00e9 fundamental para obter o m\u00e1ximo de fibras e antioxidantes, que ajudam a combater a inflama\u00e7\u00e3o e prevenir doen\u00e7as cr\u00f4nicas.<\/p>\n\n\n\n<p>A ingest\u00e3o regular de peras pode contribuir para a sa\u00fade cardiovascular de diferentes maneiras, principalmente gra\u00e7as aos seguintes fatores:<\/p>\n\n\n\n<ul class=\"wp-block-list\">\n<li>Redu\u00e7\u00e3o do colesterol ruim<\/li>\n\n\n\n<li>Controle dos n\u00edveis de a\u00e7\u00facar no sangue<\/li>\n\n\n\n<li>Presen\u00e7a de antioxidantes que combatem inflama\u00e7\u00f5es<\/li>\n\n\n\n<li>Aporte de fibras que favorecem o bom funcionamento do sistema circulat\u00f3rio<\/li>\n<\/ul>\n\n\n\n<figure class=\"wp-block-image size-large\"><img decoding=\"async\" width=\"1024\" height=\"576\" src=\"https:\/\/www.correiobraziliense.com.br\/cbradar\/wp-content\/uploads\/2025\/10\/pera_1760299032338-1024x576.jpg\" alt=\"A fruta do outono que fica \u00f3tima em uma salada e tem um grande impacto de fibras\" class=\"wp-image-118438\" srcset=\"https:\/\/www.correiobraziliense.com.br\/cbradar\/wp-content\/uploads\/2025\/10\/pera_1760299032338-1024x576.jpg 1024w, https:\/\/www.correiobraziliense.com.br\/cbradar\/wp-content\/uploads\/2025\/10\/pera_1760299032338-300x169.jpg 300w, https:\/\/www.correiobraziliense.com.br\/cbradar\/wp-content\/uploads\/2025\/10\/pera_1760299032338-768x432.jpg 768w, https:\/\/www.correiobraziliense.com.br\/cbradar\/wp-content\/uploads\/2025\/10\/pera_1760299032338-750x422.jpg 750w, https:\/\/www.correiobraziliense.com.br\/cbradar\/wp-content\/uploads\/2025\/10\/pera_1760299032338-1140x641.jpg 1140w, https:\/\/www.correiobraziliense.com.br\/cbradar\/wp-content\/uploads\/2025\/10\/pera_1760299032338.jpg 1280w\" sizes=\"(max-width: 1024px) 100vw, 1024px\" \/><figcaption class=\"wp-element-caption\">Pera. Cr\u00e9ditos: depositphotos.com \/ ThaiThu<\/figcaption><\/figure>\n\n\n\n<h2 class=\"wp-block-heading\">De que maneira a pera contribui para o consumo de vitaminas essenciais<\/h2>\n\n\n\n<p>Al\u00e9m das fibras, as peras fornecem importantes vitaminas e minerais que fortalecem o sistema imunol\u00f3gico. Uma fruta m\u00e9dia oferece cerca de oito miligramas de vitamina C, fundamental para as defesas do organismo, especialmente nas esta\u00e7\u00f5es mais frias.<\/p>\n\n\n\n<p>O pot\u00e1ssio encontrado na pera tamb\u00e9m auxilia na regula\u00e7\u00e3o do s\u00f3dio, age relaxando os vasos sangu\u00edneos e ajuda a controlar a press\u00e3o arterial, de acordo com o National Council on Aging.<\/p>\n\n\n\n<h2 class=\"wp-block-heading\">Por que os nutricionistas recomendam incluir pera na alimenta\u00e7\u00e3o di\u00e1ria<\/h2>\n\n\n\n<p>Nutricionistas frequentemente indicam as peras por proporcionarem m\u00faltiplos benef\u00edcios \u00e0 sa\u00fade de forma acess\u00edvel e saborosa. Elas tamb\u00e9m agradam ao paladar, sendo uma alternativa saud\u00e1vel para quem procura um lanche doce, com poucas calorias.<\/p>\n\n\n\n<p>Outra vantagem importante \u00e9 a sua alta toler\u00e2ncia digestiva, permitindo que grande parte das pessoas possa consumir a fruta sem dificuldades. Isso faz da pera uma escolha inclusiva e inteligente para uma dieta equilibrada.<\/p>\n\n\n\n<p>Incorporar peras \u00e0 dieta representa uma maneira simples e deliciosa de promover bem-estar. Desde o refor\u00e7o ao sistema imunol\u00f3gico \u00e0 prote\u00e7\u00e3o do sistema cardiovascular, as peras re\u00fanem benef\u00edcios valiosos para quem deseja manter uma alimenta\u00e7\u00e3o nutritiva e saud\u00e1vel.<\/p>\n","protected":false},"excerpt":{"rendered":"<p>Ricas em fibras, antioxidantes, e aliadas do cora\u00e7\u00e3o, s\u00e3o o lanche perfeito e saud\u00e1vel para este outono!<\/p>\n","protected":false},"author":3,"featured_media":118434,"comment_status":"open","ping_status":"open","sticky":false,"template":"","format":"standard","meta":{"_yoast_wpseo_focuskw":"fruta outono salada","_yoast_wpseo_title":"%%title%%","_yoast_wpseo_metadesc":"Ricas em fibras, antioxidantes, e aliadas do cora\u00e7\u00e3o, s\u00e3o o lanche perfeito e saud\u00e1vel para este outono!","jnews-multi-image_gallery":[],"jnews_single_post":{"format":"standard"},"jnews_primary_category":[],"jnews_social_meta":[],"jnews_override_counter":[],"footnotes":""},"categories":[112],"tags":[1423,144,735],"class_list":["post-118426","post","type-post","status-publish","format-standard","has-post-thumbnail","hentry","category-curiosidades","tag-alimentos","tag-curiosidades","tag-frutas"],"yoast_head":"<!-- This site is optimized with the Yoast SEO plugin v24.6 - https:\/\/yoast.com\/wordpress\/plugins\/seo\/ -->\n<title>A fruta do outono que fica \u00f3tima em uma salada e tem um grande impacto de fibras<\/title>\n<meta name=\"description\" content=\"Ricas em fibras, antioxidantes, e aliadas do cora\u00e7\u00e3o, s\u00e3o o lanche perfeito e saud\u00e1vel para este outono!\" \/>\n<meta name=\"robots\" content=\"index, follow, max-snippet:-1, max-image-preview:large, max-video-preview:-1\" \/>\n<link rel=\"canonical\" href=\"https:\/\/www.correiobraziliense.com.br\/cbradar\/a-fruta-do-outono-que-fica-otima-em-uma-salada-e-tem-um-grande-impacto-de-fibras\/\" \/>\n<meta property=\"og:locale\" content=\"pt_BR\" \/>\n<meta property=\"og:type\" content=\"article\" \/>\n<meta property=\"og:title\" content=\"A fruta do outono que fica \u00f3tima em uma salada e tem um grande impacto de fibras\" \/>\n<meta property=\"og:description\" content=\"Ricas em fibras, antioxidantes, e aliadas do cora\u00e7\u00e3o, s\u00e3o o lanche perfeito e saud\u00e1vel para este outono!\" \/>\n<meta property=\"og:url\" content=\"https:\/\/www.correiobraziliense.com.br\/cbradar\/a-fruta-do-outono-que-fica-otima-em-uma-salada-e-tem-um-grande-impacto-de-fibras\/\" \/>\n<meta property=\"og:site_name\" content=\"Correio Braziliense - Radar\" \/>\n<meta property=\"article:published_time\" content=\"2025-10-14T20:25:00+00:00\" \/>\n<meta property=\"og:image\" content=\"https:\/\/www.correiobraziliense.com.br\/cbradar\/wp-content\/uploads\/2025\/10\/pera_1760298958747.jpg\" \/>\n\t<meta property=\"og:image:width\" content=\"1280\" \/>\n\t<meta property=\"og:image:height\" content=\"720\" \/>\n\t<meta property=\"og:image:type\" content=\"image\/jpeg\" \/>\n<meta name=\"author\" content=\"Larissa Carvalho\" \/>\n<meta name=\"twitter:card\" content=\"summary_large_image\" \/>\n<meta name=\"twitter:label1\" content=\"Escrito por\" \/>\n\t<meta name=\"twitter:data1\" content=\"Larissa Carvalho\" \/>\n\t<meta name=\"twitter:label2\" content=\"Est. tempo de leitura\" \/>\n\t<meta name=\"twitter:data2\" content=\"3 minutos\" \/>\n<!-- \/ Yoast SEO plugin. -->","yoast_head_json":{"title":"A fruta do outono que fica \u00f3tima em uma salada e tem um grande impacto de fibras","description":"Ricas em fibras, antioxidantes, e aliadas do cora\u00e7\u00e3o, s\u00e3o o lanche perfeito e saud\u00e1vel para este outono!","robots":{"index":"index","follow":"follow","max-snippet":"max-snippet:-1","max-image-preview":"max-image-preview:large","max-video-preview":"max-video-preview:-1"},"canonical":"https:\/\/www.correiobraziliense.com.br\/cbradar\/a-fruta-do-outono-que-fica-otima-em-uma-salada-e-tem-um-grande-impacto-de-fibras\/","og_locale":"pt_BR","og_type":"article","og_title":"A fruta do outono que fica \u00f3tima em uma salada e tem um grande impacto de fibras","og_description":"Ricas em fibras, antioxidantes, e aliadas do cora\u00e7\u00e3o, s\u00e3o o lanche perfeito e saud\u00e1vel para este outono!","og_url":"https:\/\/www.correiobraziliense.com.br\/cbradar\/a-fruta-do-outono-que-fica-otima-em-uma-salada-e-tem-um-grande-impacto-de-fibras\/","og_site_name":"Correio Braziliense - Radar","article_published_time":"2025-10-14T20:25:00+00:00","og_image":[{"width":1280,"height":720,"url":"https:\/\/www.correiobraziliense.com.br\/cbradar\/wp-content\/uploads\/2025\/10\/pera_1760298958747.jpg","type":"image\/jpeg"}],"author":"Larissa Carvalho","twitter_card":"summary_large_image","twitter_misc":{"Escrito por":"Larissa Carvalho","Est. tempo de leitura":"3 minutos"},"schema":{"@context":"https:\/\/schema.org","@graph":[{"@type":"WebPage","@id":"https:\/\/www.correiobraziliense.com.br\/cbradar\/a-fruta-do-outono-que-fica-otima-em-uma-salada-e-tem-um-grande-impacto-de-fibras\/","url":"https:\/\/www.correiobraziliense.com.br\/cbradar\/a-fruta-do-outono-que-fica-otima-em-uma-salada-e-tem-um-grande-impacto-de-fibras\/","name":"A fruta do outono que fica \u00f3tima em uma salada e tem um grande impacto de fibras","isPartOf":{"@id":"https:\/\/www.correiobraziliense.com.br\/cbradar\/#website"},"primaryImageOfPage":{"@id":"https:\/\/www.correiobraziliense.com.br\/cbradar\/a-fruta-do-outono-que-fica-otima-em-uma-salada-e-tem-um-grande-impacto-de-fibras\/#primaryimage"},"image":{"@id":"https:\/\/www.correiobraziliense.com.br\/cbradar\/a-fruta-do-outono-que-fica-otima-em-uma-salada-e-tem-um-grande-impacto-de-fibras\/#primaryimage"},"thumbnailUrl":"https:\/\/www.correiobraziliense.com.br\/cbradar\/wp-content\/uploads\/2025\/10\/pera_1760298958747.jpg","datePublished":"2025-10-14T20:25:00+00:00","author":{"@id":"https:\/\/www.correiobraziliense.com.br\/cbradar\/#\/schema\/person\/58422787644df994b53a19d3e56c1513"},"description":"Ricas em fibras, antioxidantes, e aliadas do cora\u00e7\u00e3o, s\u00e3o o lanche perfeito e saud\u00e1vel para este outono!","breadcrumb":{"@id":"https:\/\/www.correiobraziliense.com.br\/cbradar\/a-fruta-do-outono-que-fica-otima-em-uma-salada-e-tem-um-grande-impacto-de-fibras\/#breadcrumb"},"inLanguage":"pt-BR","potentialAction":[{"@type":"ReadAction","target":["https:\/\/www.correiobraziliense.com.br\/cbradar\/a-fruta-do-outono-que-fica-otima-em-uma-salada-e-tem-um-grande-impacto-de-fibras\/"]}]},{"@type":"ImageObject","inLanguage":"pt-BR","@id":"https:\/\/www.correiobraziliense.com.br\/cbradar\/a-fruta-do-outono-que-fica-otima-em-uma-salada-e-tem-um-grande-impacto-de-fibras\/#primaryimage","url":"https:\/\/www.correiobraziliense.com.br\/cbradar\/wp-content\/uploads\/2025\/10\/pera_1760298958747.jpg","contentUrl":"https:\/\/www.correiobraziliense.com.br\/cbradar\/wp-content\/uploads\/2025\/10\/pera_1760298958747.jpg","width":1280,"height":720,"caption":"Pera. Cr\u00e9ditos: depositphotos.com \/ VadimVasenin"},{"@type":"BreadcrumbList","@id":"https:\/\/www.correiobraziliense.com.br\/cbradar\/a-fruta-do-outono-que-fica-otima-em-uma-salada-e-tem-um-grande-impacto-de-fibras\/#breadcrumb","itemListElement":[{"@type":"ListItem","position":1,"name":"In\u00edcio","item":"https:\/\/www.correiobraziliense.com.br\/cbradar\/"},{"@type":"ListItem","position":2,"name":"A fruta do outono que fica \u00f3tima em uma salada e tem um grande impacto de fibras"}]},{"@type":"WebSite","@id":"https:\/\/www.correiobraziliense.com.br\/cbradar\/#website","url":"https:\/\/www.correiobraziliense.com.br\/cbradar\/","name":"Correio Braziliense - Radar","description":"Acompanhe as \u00faltimas not\u00edcias e fique bem informado sobre tudo o que acontece no Brasil e no mundo.","potentialAction":[{"@type":"SearchAction","target":{"@type":"EntryPoint","urlTemplate":"https:\/\/www.correiobraziliense.com.br\/cbradar\/?s={search_term_string}"},"query-input":{"@type":"PropertyValueSpecification","valueRequired":true,"valueName":"search_term_string"}}],"inLanguage":"pt-BR"},{"@type":"Person","@id":"https:\/\/www.correiobraziliense.com.br\/cbradar\/#\/schema\/person\/58422787644df994b53a19d3e56c1513","name":"Larissa Carvalho","image":{"@type":"ImageObject","inLanguage":"pt-BR","@id":"https:\/\/www.correiobraziliense.com.br\/cbradar\/#\/schema\/person\/image\/","url":"https:\/\/secure.gravatar.com\/avatar\/fe4f91a0de32b52a838d0d612abdc1aa?s=96&d=mm&r=g","contentUrl":"https:\/\/secure.gravatar.com\/avatar\/fe4f91a0de32b52a838d0d612abdc1aa?s=96&d=mm&r=g","caption":"Larissa Carvalho"},"url":"https:\/\/www.correiobraziliense.com.br\/cbradar\/author\/larissamyth\/"}]}},"_links":{"self":[{"href":"https:\/\/www.correiobraziliense.com.br\/cbradar\/wp-json\/wp\/v2\/posts\/118426","targetHints":{"allow":["GET"]}}],"collection":[{"href":"https:\/\/www.correiobraziliense.com.br\/cbradar\/wp-json\/wp\/v2\/posts"}],"about":[{"href":"https:\/\/www.correiobraziliense.com.br\/cbradar\/wp-json\/wp\/v2\/types\/post"}],"author":[{"embeddable":true,"href":"https:\/\/www.correiobraziliense.com.br\/cbradar\/wp-json\/wp\/v2\/users\/3"}],"replies":[{"embeddable":true,"href":"https:\/\/www.correiobraziliense.com.br\/cbradar\/wp-json\/wp\/v2\/comments?post=118426"}],"version-history":[{"count":2,"href":"https:\/\/www.correiobraziliense.com.br\/cbradar\/wp-json\/wp\/v2\/posts\/118426\/revisions"}],"predecessor-version":[{"id":118440,"href":"https:\/\/www.correiobraziliense.com.br\/cbradar\/wp-json\/wp\/v2\/posts\/118426\/revisions\/118440"}],"wp:featuredmedia":[{"embeddable":true,"href":"https:\/\/www.correiobraziliense.com.br\/cbradar\/wp-json\/wp\/v2\/media\/118434"}],"wp:attachment":[{"href":"https:\/\/www.correiobraziliense.com.br\/cbradar\/wp-json\/wp\/v2\/media?parent=118426"}],"wp:term":[{"taxonomy":"category","embeddable":true,"href":"https:\/\/www.correiobraziliense.com.br\/cbradar\/wp-json\/wp\/v2\/categories?post=118426"},{"taxonomy":"post_tag","embeddable":true,"href":"https:\/\/www.correiobraziliense.com.br\/cbradar\/wp-json\/wp\/v2\/tags?post=118426"}],"curies":[{"name":"wp","href":"https:\/\/api.w.org\/{rel}","templated":true}]}}