{"id":11862,"date":"2025-03-14T17:10:00","date_gmt":"2025-03-14T20:10:00","guid":{"rendered":"https:\/\/www.correiobraziliense.com.br\/cbradar\/?p=11862"},"modified":"2025-04-24T13:23:42","modified_gmt":"2025-04-24T16:23:42","slug":"essa-e-a-serie-mais-vista-da-netflix-em-123-paises","status":"publish","type":"post","link":"https:\/\/www.correiobraziliense.com.br\/cbradar\/essa-e-a-serie-mais-vista-da-netflix-em-123-paises\/","title":{"rendered":"Essa \u00e9 a s\u00e9rie mais vista da Netflix em 123 pa\u00edses"},"content":{"rendered":"\n<p>A s\u00e9rie colombiana <em>Medusa<\/em>, dispon\u00edvel na Netflix, rapidamente conquistou uma legi\u00e3o de f\u00e3s com seu enredo envolvente e personagens complexos. Com uma temporada de 12 epis\u00f3dios, a produ\u00e7\u00e3o se destaca por sua trama de suspense e mist\u00e9rio, que mant\u00e9m o p\u00fablico preso do come\u00e7o ao fim.<\/p>\n\n\n\n<p>A hist\u00f3ria segue B\u00e1rbara Hidalgo, uma poderosa CEO que, de repente, acorda em uma ilha deserta sem mem\u00f3ria de sua identidade. A partir dessa situa\u00e7\u00e3o inusitada, <em>Medusa<\/em> desenvolve uma narrativa intrigante e cheia de reviravoltas, mantendo o espectador curioso e ansioso para descobrir o que acontecer\u00e1 a seguir.<\/p>\n\n\n\n<h2 class=\"wp-block-heading\"><strong>Qual \u00e9 o enredo de Medusa?<\/strong><\/h2>\n\n\n\n<p>O <a href=\"https:\/\/masterdica.com\/a-serie-mais-vista-na-netflix-em-123-paises-medusa\/\" target=\"_blank\" rel=\"noreferrer noopener\">enredo de\u00a0<strong>Medusa<\/strong><\/a>\u00a0come\u00e7a com B\u00e1rbara Hidalgo, que, ap\u00f3s ser resgatada de uma ilha deserta, descobre que \u00e9 a CEO de um imp\u00e9rio empresarial e que algu\u00e9m tentou assassin\u00e1-la. Ao retornar para sua vida, ela se depara com um ambiente hostil, onde cada um de seus familiares pode ser o respons\u00e1vel pelo atentado. Determinada a descobrir a verdade, B\u00e1rbara inicia uma investiga\u00e7\u00e3o que a leva a confrontar segredos do passado e a questionar sua pr\u00f3pria moralidade.<\/p>\n\n\n\n<p>O detetive Danger Carmelo, interpretado por <strong>Manolo Cardona,<\/strong> \u00e9 um personagem crucial na trama, ajudando B\u00e1rbara a desvendar o mist\u00e9rio por tr\u00e1s do atentado. A s\u00e9rie explora temas como trai\u00e7\u00e3o, poder e reden\u00e7\u00e3o, mantendo o p\u00fablico intrigado a cada epis\u00f3dio.<\/p>\n\n\n\n<figure class=\"wp-block-image size-large\"><img decoding=\"async\" width=\"1024\" height=\"576\" src=\"https:\/\/www.correiobraziliense.com.br\/cbradar\/wp-content\/uploads\/2025\/03\/Medusa-1024x576.png\" alt=\"Essa \u00e9 a s\u00e9rie mais vista da Netflix em 123 pa\u00edses\" class=\"wp-image-11863\" srcset=\"https:\/\/www.correiobraziliense.com.br\/cbradar\/wp-content\/uploads\/2025\/03\/Medusa-1024x576.png 1024w, https:\/\/www.correiobraziliense.com.br\/cbradar\/wp-content\/uploads\/2025\/03\/Medusa-300x169.png 300w, https:\/\/www.correiobraziliense.com.br\/cbradar\/wp-content\/uploads\/2025\/03\/Medusa-768x432.png 768w, https:\/\/www.correiobraziliense.com.br\/cbradar\/wp-content\/uploads\/2025\/03\/Medusa-750x422.png 750w, https:\/\/www.correiobraziliense.com.br\/cbradar\/wp-content\/uploads\/2025\/03\/Medusa-1140x641.png 1140w, https:\/\/www.correiobraziliense.com.br\/cbradar\/wp-content\/uploads\/2025\/03\/Medusa.png 1280w\" sizes=\"(max-width: 1024px) 100vw, 1024px\" \/><figcaption class=\"wp-element-caption\">Medusa. Fonte: divulga\u00e7\u00e3o \/ Netflix<\/figcaption><\/figure>\n\n\n\n<h2 class=\"wp-block-heading\"><strong>Por que assistir Medusa?<\/strong><\/h2>\n\n\n\n<p>Al\u00e9m de um enredo cativante,&nbsp;<strong>Medusa<\/strong>&nbsp;conta com um elenco talentoso que d\u00e1 vida aos personagens de forma convincente. Juana Acosta, no papel de B\u00e1rbara, entrega uma performance intensa e multifacetada. A s\u00e9rie tamb\u00e9m se destaca pela qualidade de sua produ\u00e7\u00e3o, com cen\u00e1rios e fotografia que complementam a atmosfera de suspense e drama.<\/p>\n\n\n\n<p>Para os f\u00e3s de s\u00e9ries que misturam&nbsp;<em>drama<\/em>&nbsp;e&nbsp;<em>suspense<\/em>,&nbsp;<strong>Medusa<\/strong>&nbsp;\u00e9 uma excelente escolha. A narrativa \u00e9 bem constru\u00edda, com reviravoltas que mant\u00eam o espectador sempre atento. Al\u00e9m disso, a s\u00e9rie aborda quest\u00f5es universais de maneira envolvente, tornando-a relevante para um p\u00fablico global.<\/p>\n\n\n\n<iframe loading=\"lazy\" width=\"560\" height=\"315\" src=\"https:\/\/www.youtube.com\/embed\/BwhUIpkf9Fk?si=zK4fn98ze7i02cXV\" title=\"YouTube video player\" frameborder=\"0\" allow=\"accelerometer; autoplay; clipboard-write; encrypted-media; gyroscope; picture-in-picture; web-share\" referrerpolicy=\"strict-origin-when-cross-origin\" allowfullscreen><\/iframe>\n\n\n\n<h2 class=\"wp-block-heading\"><strong>Como Medusa se destaca entre outras s\u00e9ries?<\/strong><\/h2>\n\n\n\n<p>O que diferencia&nbsp;<strong>Medusa<\/strong>&nbsp;de outras s\u00e9ries do g\u00eanero \u00e9 sua capacidade de combinar elementos de suspense com um drama familiar complexo. A s\u00e9rie n\u00e3o apenas entret\u00e9m, mas tamb\u00e9m provoca reflex\u00f5es sobre a natureza humana e as escolhas que fazemos. Com uma narrativa rica e personagens bem desenvolvidos,&nbsp;<em>Medusa<\/em>&nbsp;se estabelece como uma produ\u00e7\u00e3o de destaque na plataforma.<\/p>\n\n\n\n<p>Dispon\u00edvel na Netflix,&nbsp;<strong>Medusa<\/strong>&nbsp;\u00e9 uma s\u00e9rie que merece ser assistida por aqueles que apreciam uma boa hist\u00f3ria de mist\u00e9rio e intriga. Com uma temporada j\u00e1 dispon\u00edvel, \u00e9 uma excelente op\u00e7\u00e3o para maratonar e se deixar envolver por sua trama instigante.<\/p>\n","protected":false},"excerpt":{"rendered":"<p>Medusa \u00e9 uma s\u00e9rie de suspense colombiana na Netflix estrelada por Juana Acosta e Manolo Cardona. A hist\u00f3ria gira em torno de um CEO.<\/p>\n","protected":false},"author":3,"featured_media":11864,"comment_status":"open","ping_status":"open","sticky":false,"template":"","format":"standard","meta":{"_yoast_wpseo_focuskw":"S\u00e9rie netflix","_yoast_wpseo_title":"%%title%%","_yoast_wpseo_metadesc":"Medusa \u00e9 uma s\u00e9rie de suspense colombiana na Netflix estrelada por Juana Acosta e Manolo Cardona. A hist\u00f3ria gira em torno de um CEO.","jnews-multi-image_gallery":[],"jnews_single_post":{"format":"standard"},"jnews_primary_category":[],"jnews_social_meta":[],"jnews_override_counter":[],"footnotes":""},"categories":[140],"post_tag":[141,568],"class_list":["post-11862","post","type-post","status-publish","format-standard","has-post-thumbnail","hentry","category-entretenimento","tag-netflix","tag-series-e-filmes"],"yoast_head":"<!-- This site is optimized with the Yoast SEO plugin v24.6 - https:\/\/yoast.com\/wordpress\/plugins\/seo\/ -->\n<title>Essa \u00e9 a s\u00e9rie mais vista da Netflix em 123 pa\u00edses<\/title>\n<meta name=\"description\" content=\"Medusa \u00e9 uma s\u00e9rie de suspense colombiana na Netflix estrelada por Juana Acosta e Manolo Cardona. A hist\u00f3ria gira em torno de um CEO.\" \/>\n<meta name=\"robots\" content=\"index, follow, max-snippet:-1, max-image-preview:large, max-video-preview:-1\" \/>\n<link rel=\"canonical\" href=\"https:\/\/www.correiobraziliense.com.br\/cbradar\/essa-e-a-serie-mais-vista-da-netflix-em-123-paises\/\" \/>\n<meta property=\"og:locale\" content=\"pt_BR\" \/>\n<meta property=\"og:type\" content=\"article\" \/>\n<meta property=\"og:title\" content=\"Essa \u00e9 a s\u00e9rie mais vista da Netflix em 123 pa\u00edses\" \/>\n<meta property=\"og:description\" content=\"Medusa \u00e9 uma s\u00e9rie de suspense colombiana na Netflix estrelada por Juana Acosta e Manolo Cardona. A hist\u00f3ria gira em torno de um CEO.\" \/>\n<meta property=\"og:url\" content=\"https:\/\/www.correiobraziliense.com.br\/cbradar\/essa-e-a-serie-mais-vista-da-netflix-em-123-paises\/\" \/>\n<meta property=\"og:site_name\" content=\"Correio Braziliense - Radar\" \/>\n<meta property=\"article:published_time\" content=\"2025-03-14T20:10:00+00:00\" \/>\n<meta property=\"article:modified_time\" content=\"2025-04-24T16:23:42+00:00\" \/>\n<meta property=\"og:image\" content=\"https:\/\/www.correiobraziliense.com.br\/cbradar\/wp-content\/uploads\/2025\/03\/Medusa-2.png\" \/>\n\t<meta property=\"og:image:width\" content=\"1280\" \/>\n\t<meta property=\"og:image:height\" content=\"720\" \/>\n\t<meta property=\"og:image:type\" content=\"image\/png\" \/>\n<meta name=\"author\" content=\"Larissa Carvalho\" \/>\n<meta name=\"twitter:card\" content=\"summary_large_image\" \/>\n<meta name=\"twitter:label1\" content=\"Escrito por\" \/>\n\t<meta name=\"twitter:data1\" content=\"Larissa Carvalho\" \/>\n\t<meta name=\"twitter:label2\" content=\"Est. tempo de leitura\" \/>\n\t<meta name=\"twitter:data2\" content=\"3 minutos\" \/>\n<!-- \/ Yoast SEO plugin. -->","yoast_head_json":{"title":"Essa \u00e9 a s\u00e9rie mais vista da Netflix em 123 pa\u00edses","description":"Medusa \u00e9 uma s\u00e9rie de suspense colombiana na Netflix estrelada por Juana Acosta e Manolo Cardona. A hist\u00f3ria gira em torno de um CEO.","robots":{"index":"index","follow":"follow","max-snippet":"max-snippet:-1","max-image-preview":"max-image-preview:large","max-video-preview":"max-video-preview:-1"},"canonical":"https:\/\/www.correiobraziliense.com.br\/cbradar\/essa-e-a-serie-mais-vista-da-netflix-em-123-paises\/","og_locale":"pt_BR","og_type":"article","og_title":"Essa \u00e9 a s\u00e9rie mais vista da Netflix em 123 pa\u00edses","og_description":"Medusa \u00e9 uma s\u00e9rie de suspense colombiana na Netflix estrelada por Juana Acosta e Manolo Cardona. A hist\u00f3ria gira em torno de um CEO.","og_url":"https:\/\/www.correiobraziliense.com.br\/cbradar\/essa-e-a-serie-mais-vista-da-netflix-em-123-paises\/","og_site_name":"Correio Braziliense - Radar","article_published_time":"2025-03-14T20:10:00+00:00","article_modified_time":"2025-04-24T16:23:42+00:00","og_image":[{"width":1280,"height":720,"url":"https:\/\/www.correiobraziliense.com.br\/cbradar\/wp-content\/uploads\/2025\/03\/Medusa-2.png","type":"image\/png"}],"author":"Larissa Carvalho","twitter_card":"summary_large_image","twitter_misc":{"Escrito por":"Larissa Carvalho","Est. tempo de leitura":"3 minutos"},"schema":{"@context":"https:\/\/schema.org","@graph":[{"@type":"WebPage","@id":"https:\/\/www.correiobraziliense.com.br\/cbradar\/essa-e-a-serie-mais-vista-da-netflix-em-123-paises\/","url":"https:\/\/www.correiobraziliense.com.br\/cbradar\/essa-e-a-serie-mais-vista-da-netflix-em-123-paises\/","name":"Essa \u00e9 a s\u00e9rie mais vista da Netflix em 123 pa\u00edses","isPartOf":{"@id":"https:\/\/www.correiobraziliense.com.br\/cbradar\/#website"},"primaryImageOfPage":{"@id":"https:\/\/www.correiobraziliense.com.br\/cbradar\/essa-e-a-serie-mais-vista-da-netflix-em-123-paises\/#primaryimage"},"image":{"@id":"https:\/\/www.correiobraziliense.com.br\/cbradar\/essa-e-a-serie-mais-vista-da-netflix-em-123-paises\/#primaryimage"},"thumbnailUrl":"https:\/\/www.correiobraziliense.com.br\/cbradar\/wp-content\/uploads\/2025\/03\/Medusa-2.png","datePublished":"2025-03-14T20:10:00+00:00","dateModified":"2025-04-24T16:23:42+00:00","author":{"@id":"https:\/\/www.correiobraziliense.com.br\/cbradar\/#\/schema\/person\/58422787644df994b53a19d3e56c1513"},"description":"Medusa \u00e9 uma s\u00e9rie de suspense colombiana na Netflix estrelada por Juana Acosta e Manolo Cardona. A hist\u00f3ria gira em torno de um CEO.","breadcrumb":{"@id":"https:\/\/www.correiobraziliense.com.br\/cbradar\/essa-e-a-serie-mais-vista-da-netflix-em-123-paises\/#breadcrumb"},"inLanguage":"pt-BR","potentialAction":[{"@type":"ReadAction","target":["https:\/\/www.correiobraziliense.com.br\/cbradar\/essa-e-a-serie-mais-vista-da-netflix-em-123-paises\/"]}]},{"@type":"ImageObject","inLanguage":"pt-BR","@id":"https:\/\/www.correiobraziliense.com.br\/cbradar\/essa-e-a-serie-mais-vista-da-netflix-em-123-paises\/#primaryimage","url":"https:\/\/www.correiobraziliense.com.br\/cbradar\/wp-content\/uploads\/2025\/03\/Medusa-2.png","contentUrl":"https:\/\/www.correiobraziliense.com.br\/cbradar\/wp-content\/uploads\/2025\/03\/Medusa-2.png","width":1280,"height":720,"caption":"Medusa. Fonte: divulga\u00e7\u00e3o \/ Netflix"},{"@type":"BreadcrumbList","@id":"https:\/\/www.correiobraziliense.com.br\/cbradar\/essa-e-a-serie-mais-vista-da-netflix-em-123-paises\/#breadcrumb","itemListElement":[{"@type":"ListItem","position":1,"name":"In\u00edcio","item":"https:\/\/www.correiobraziliense.com.br\/cbradar\/"},{"@type":"ListItem","position":2,"name":"Essa \u00e9 a s\u00e9rie mais vista da Netflix em 123 pa\u00edses"}]},{"@type":"WebSite","@id":"https:\/\/www.correiobraziliense.com.br\/cbradar\/#website","url":"https:\/\/www.correiobraziliense.com.br\/cbradar\/","name":"Correio Braziliense - Radar","description":"Acompanhe as \u00faltimas not\u00edcias e fique bem informado sobre tudo o que acontece no Brasil e no mundo.","potentialAction":[{"@type":"SearchAction","target":{"@type":"EntryPoint","urlTemplate":"https:\/\/www.correiobraziliense.com.br\/cbradar\/?s={search_term_string}"},"query-input":{"@type":"PropertyValueSpecification","valueRequired":true,"valueName":"search_term_string"}}],"inLanguage":"pt-BR"},{"@type":"Person","@id":"https:\/\/www.correiobraziliense.com.br\/cbradar\/#\/schema\/person\/58422787644df994b53a19d3e56c1513","name":"Larissa Carvalho","image":{"@type":"ImageObject","inLanguage":"pt-BR","@id":"https:\/\/www.correiobraziliense.com.br\/cbradar\/#\/schema\/person\/image\/","url":"https:\/\/secure.gravatar.com\/avatar\/fe4f91a0de32b52a838d0d612abdc1aa?s=96&d=mm&r=g","contentUrl":"https:\/\/secure.gravatar.com\/avatar\/fe4f91a0de32b52a838d0d612abdc1aa?s=96&d=mm&r=g","caption":"Larissa Carvalho"},"url":"https:\/\/www.correiobraziliense.com.br\/cbradar\/author\/larissamyth\/"}]}},"_links":{"self":[{"href":"https:\/\/www.correiobraziliense.com.br\/cbradar\/wp-json\/wp\/v2\/posts\/11862","targetHints":{"allow":["GET"]}}],"collection":[{"href":"https:\/\/www.correiobraziliense.com.br\/cbradar\/wp-json\/wp\/v2\/posts"}],"about":[{"href":"https:\/\/www.correiobraziliense.com.br\/cbradar\/wp-json\/wp\/v2\/types\/post"}],"author":[{"embeddable":true,"href":"https:\/\/www.correiobraziliense.com.br\/cbradar\/wp-json\/wp\/v2\/users\/3"}],"replies":[{"embeddable":true,"href":"https:\/\/www.correiobraziliense.com.br\/cbradar\/wp-json\/wp\/v2\/comments?post=11862"}],"version-history":[{"count":2,"href":"https:\/\/www.correiobraziliense.com.br\/cbradar\/wp-json\/wp\/v2\/posts\/11862\/revisions"}],"predecessor-version":[{"id":27867,"href":"https:\/\/www.correiobraziliense.com.br\/cbradar\/wp-json\/wp\/v2\/posts\/11862\/revisions\/27867"}],"wp:featuredmedia":[{"embeddable":true,"href":"https:\/\/www.correiobraziliense.com.br\/cbradar\/wp-json\/wp\/v2\/media\/11864"}],"wp:attachment":[{"href":"https:\/\/www.correiobraziliense.com.br\/cbradar\/wp-json\/wp\/v2\/media?parent=11862"}],"wp:term":[{"taxonomy":"category","embeddable":true,"href":"https:\/\/www.correiobraziliense.com.br\/cbradar\/wp-json\/wp\/v2\/categories?post=11862"},{"taxonomy":"post_tag","embeddable":true,"href":"https:\/\/www.correiobraziliense.com.br\/cbradar\/wp-json\/wp\/v2\/post_tag?post=11862"}],"curies":[{"name":"wp","href":"https:\/\/api.w.org\/{rel}","templated":true}]}}