{"id":11872,"date":"2025-03-13T06:50:00","date_gmt":"2025-03-13T09:50:00","guid":{"rendered":"https:\/\/www.correiobraziliense.com.br\/cbradar\/?p=11872"},"modified":"2025-06-29T23:31:06","modified_gmt":"2025-06-30T02:31:06","slug":"esse-sera-o-maior-filme-da-franquia-avatar-afirma-diretor","status":"publish","type":"post","link":"https:\/\/www.correiobraziliense.com.br\/cbradar\/esse-sera-o-maior-filme-da-franquia-avatar-afirma-diretor\/","title":{"rendered":"Esse ser\u00e1 o maior filme da franquia Avatar, afirma diretor"},"content":{"rendered":"\n<p>O terceiro filme da franquia <strong><a href=\"https:\/\/www.imdb.com\/pt\/title\/tt1757678\/?ref_=nv_sr_srsg_0_tt_4_nm_0_in_0_q_avatar%2520fire\" target=\"_blank\" rel=\"noreferrer noopener\">Avatar<\/a><\/strong>, chamado <strong>Avatar: Fogo e Cinzas<\/strong>, chega aos cinemas em dezembro de <strong>2025<\/strong>. <strong>James Cameron<\/strong> est\u00e1 de volta dirigindo o que promete ser o filme mais intenso e longo da s\u00e9rie. A franquia j\u00e1 faturou mais de <strong>5,2 bilh\u00f5es de d\u00f3lares<\/strong> no mundo todo, e agora prepara mais uma aventura \u00e9pica em <strong>Pandora<\/strong>.<\/p>\n\n\n\n<p>O <a href=\"https:\/\/www.correiobraziliense.com.br\/cbradar\/o-futuro-desanimador-do-universo-dc\/\" target=\"_blank\" rel=\"noreferrer noopener\">elenco <\/a>principal retorna com for\u00e7a total. <strong>Zo\u00eb Salda\u00f1a<\/strong>, <strong>Sam Worthington<\/strong>, <strong>Sigourney Weaver<\/strong>, <strong>Stephen Lang<\/strong> e <strong>Kate Winslet<\/strong> est\u00e3o de volta para continuar suas jornadas no planeta azul. A promessa \u00e9 que o filme vai explorar os personagens de forma mais profunda e apresentar novos desafios para a fam\u00edlia <strong>Sully<\/strong>.<\/p>\n\n\n\n<h2 class=\"wp-block-heading\">Vai ser realmente o filme mais longo da franquia?<\/h2>\n\n\n\n<p><strong>James Cameron<\/strong> confirmou que <strong>Avatar: Fogo e Cinzas<\/strong> vai superar a dura\u00e7\u00e3o dos dois primeiros filmes. O primeiro <strong>Avatar<\/strong> de <strong>2009<\/strong> durava <strong>2 horas e 42 minutos<\/strong>. J\u00e1 <strong>Avatar: O Caminho da \u00c1gua<\/strong>, de <strong>2022<\/strong>, subiu para <strong>3 horas e 12 minutos<\/strong>. Agora o terceiro filme promete ser ainda mais extenso.<\/p>\n\n\n\n<p>O diretor explicou que tinha muitas ideias para o segundo filme que acabaram ficando de fora por falta de tempo. Isso o levou a dividir a hist\u00f3ria e dedicar mais espa\u00e7o para desenvolver os personagens. Cameron quer que o p\u00fablico se conecte ainda mais com as emo\u00e7\u00f5es e conflitos da fam\u00edlia <strong>Sully<\/strong>.<\/p>\n\n\n\n<p>Ele tamb\u00e9m mencionou que sua pr\u00f3pria esposa, <strong>Suzy Amis Cameron<\/strong>, chorou por quatro horas depois de assistir a uma vers\u00e3o do filme. Isso mostra que a nova aventura vai mexer profundamente com as emo\u00e7\u00f5es dos espectadores.<\/p>\n\n\n\n<h2 class=\"wp-block-heading\">Como as viv\u00eancias pessoais moldam essa hist\u00f3ria?<\/h2>\n\n\n\n<p><strong>James Cameron<\/strong> revelou que suas experi\u00eancias como pai influenciam diretamente a constru\u00e7\u00e3o dos personagens. Ele v\u00ea muito de si mesmo em <strong>Jake Sully<\/strong>, especialmente nas quest\u00f5es relacionadas \u00e0 paternidade e prote\u00e7\u00e3o da fam\u00edlia.<\/p>\n\n\n\n<p>O roteirista <strong>Rick Jaffa<\/strong> tamb\u00e9m trouxe suas experi\u00eancias pessoais para a narrativa. A rela\u00e7\u00e3o entre os irm\u00e3os <strong>Lo&#8217;ak<\/strong> e <strong>Neteyam<\/strong> foi inspirada na pr\u00f3pria rela\u00e7\u00e3o dele com seu irm\u00e3o mais velho. Isso adiciona camadas de autenticidade \u00e0s intera\u00e7\u00f5es familiares no filme.<\/p>\n\n\n\n<p><strong>Cameron<\/strong> descreveu os personagens como reflexos de viv\u00eancias reais, misturando mem\u00f3rias da inf\u00e2ncia com responsabilidades adultas. Essa abordagem pessoal promete tornar a hist\u00f3ria mais tocante e realista, mesmo em um mundo fantasioso como <strong>Pandora<\/strong>.<\/p>\n\n\n\n<h2 class=\"wp-block-heading\">Que novidades podemos esperar desta vez?<\/h2>\n\n\n\n<figure class=\"wp-block-embed is-type-video is-provider-youtube wp-block-embed-youtube wp-embed-aspect-16-9 wp-has-aspect-ratio\"><div class=\"wp-block-embed__wrapper\">\n<div class=\"jeg_video_container jeg_video_content\"><iframe loading=\"lazy\" title=\"Avatar: O Caminho da \u00c1gua | Trailer Oficial Legendado\" width=\"500\" height=\"281\" src=\"https:\/\/www.youtube.com\/embed\/fMdb0nGsICE?feature=oembed\" frameborder=\"0\" allow=\"accelerometer; autoplay; clipboard-write; encrypted-media; gyroscope; picture-in-picture; web-share\" referrerpolicy=\"strict-origin-when-cross-origin\" allowfullscreen><\/iframe><\/div>\n<\/div><\/figure>\n\n\n\n<p><strong>Avatar: Fogo e Cinzas<\/strong> vai apresentar uma nova tribo de <strong>Na&#8217;vi<\/strong> chamada <strong>Povo das Cinzas<\/strong>. Essa tribo \u00e9 mais agressiva e voltada para a guerra, liderada pela personagem <strong>Varang<\/strong>, interpretada por <strong>Oona Chaplin<\/strong>. Isso promete criar conflitos internos interessantes entre os pr\u00f3prios habitantes de <strong>Pandora<\/strong>.<\/p>\n\n\n\n<p>O filme tamb\u00e9m vai explorar novos ambientes e criaturas. Uma das novidades \u00e9 <strong>Medussa<\/strong>, uma esp\u00e9cie de \u00e1gua-viva voadora gigante que deve ter papel importante nas batalhas. A tecnologia visual continua avan\u00e7ando, prometendo efeitos ainda mais impressionantes.<\/p>\n\n\n\n<p><strong>Neytiri<\/strong>, personagem de <strong>Zo\u00eb Salda\u00f1a<\/strong>, ter\u00e1 papel ainda mais central na hist\u00f3ria. Ap\u00f3s a perda de <strong>Neteyam<\/strong> no filme anterior, ela lidar\u00e1 com dor e raiva de forma mais intensa. <strong>Cameron<\/strong> promete que a performance da atriz vai surpreender todo mundo.<\/p>\n\n\n\n<h2 class=\"wp-block-heading\">O que mais vem por a\u00ed na saga Avatar?<\/h2>\n\n\n\n<p>A saga <strong>Avatar<\/strong> ainda tem mais dois filmes planejados. <strong>Avatar 4<\/strong> est\u00e1 marcado para <strong>dezembro de 2029<\/strong>, e <strong>Avatar 5<\/strong> para <strong>dezembro de 2031<\/strong>. <strong>Cameron<\/strong> filmou parte do terceiro e quarto filmes juntos para manter a continuidade visual e narrativa.<\/p>\n\n\n\n<p>O diretor quer que cada filme quebre expectativas e apresente algo novo. A ideia \u00e9 explorar diferentes aspectos de <strong>Pandora<\/strong> e mostrar como as rela\u00e7\u00f5es entre personagens evoluem ao longo do tempo.<\/p>\n\n\n\n<p>Com <strong>22 anos<\/strong> separando o primeiro filme do \u00faltimo planejado, a franquia <strong>Avatar<\/strong> promete acompanhar gera\u00e7\u00f5es de f\u00e3s. A aposta \u00e9 que <strong>Fogo e Cinzas<\/strong> mantenha o padr\u00e3o de qualidade e emocione tanto quanto os anteriores, criando uma experi\u00eancia cinematogr\u00e1fica \u00fanica que mistura espet\u00e1culo visual com profundidade emocional.<\/p>\n","protected":false},"excerpt":{"rendered":"<p>O terceiro filme da franquia Avatar, chamado Avatar: Fogo e Cinzas, chega aos cinemas em dezembro de 2025. James Cameron est\u00e1 de volta dirigindo o que promete ser o filme mais intenso e longo da s\u00e9rie. A franquia j\u00e1 faturou mais de 5,2 bilh\u00f5es de d\u00f3lares no mundo todo, e agora prepara mais uma aventura [&hellip;]<\/p>\n","protected":false},"author":8,"featured_media":11894,"comment_status":"open","ping_status":"open","sticky":false,"template":"","format":"standard","meta":{"_yoast_wpseo_focuskw":"avatar","_yoast_wpseo_title":"","_yoast_wpseo_metadesc":"O diretor afirma que este ser\u00e1 o maior filme da franquia Avatar, prometendo uma experi\u00eancia \u00e9pica e visualmente deslumbrante.","jnews-multi-image_gallery":[],"jnews_single_post":{"format":"standard"},"jnews_primary_category":[],"jnews_social_meta":[],"jnews_override_counter":[],"footnotes":""},"categories":[140],"post_tag":[1794,568],"class_list":["post-11872","post","type-post","status-publish","format-standard","has-post-thumbnail","hentry","category-entretenimento","tag-avatar","tag-series-e-filmes"],"yoast_head":"<!-- This site is optimized with the Yoast SEO plugin v24.6 - https:\/\/yoast.com\/wordpress\/plugins\/seo\/ -->\n<title>Esse ser\u00e1 o maior filme da franquia Avatar, afirma diretor - Correio Braziliense - Radar<\/title>\n<meta name=\"description\" content=\"O diretor afirma que este ser\u00e1 o maior filme da franquia Avatar, prometendo uma experi\u00eancia \u00e9pica e visualmente deslumbrante.\" \/>\n<meta name=\"robots\" content=\"index, follow, max-snippet:-1, max-image-preview:large, max-video-preview:-1\" \/>\n<link rel=\"canonical\" href=\"https:\/\/www.correiobraziliense.com.br\/cbradar\/esse-sera-o-maior-filme-da-franquia-avatar-afirma-diretor\/\" \/>\n<meta property=\"og:locale\" content=\"pt_BR\" \/>\n<meta property=\"og:type\" content=\"article\" \/>\n<meta property=\"og:title\" content=\"Esse ser\u00e1 o maior filme da franquia Avatar, afirma diretor - Correio Braziliense - Radar\" \/>\n<meta property=\"og:description\" content=\"O diretor afirma que este ser\u00e1 o maior filme da franquia Avatar, prometendo uma experi\u00eancia \u00e9pica e visualmente deslumbrante.\" \/>\n<meta property=\"og:url\" content=\"https:\/\/www.correiobraziliense.com.br\/cbradar\/esse-sera-o-maior-filme-da-franquia-avatar-afirma-diretor\/\" \/>\n<meta property=\"og:site_name\" content=\"Correio Braziliense - Radar\" \/>\n<meta property=\"article:published_time\" content=\"2025-03-13T09:50:00+00:00\" \/>\n<meta property=\"article:modified_time\" content=\"2025-06-30T02:31:06+00:00\" \/>\n<meta property=\"og:image\" content=\"https:\/\/www.correiobraziliense.com.br\/cbradar\/wp-content\/uploads\/2025\/03\/Design-sem-nome-31.png\" \/>\n\t<meta property=\"og:image:width\" content=\"1280\" \/>\n\t<meta property=\"og:image:height\" content=\"720\" \/>\n\t<meta property=\"og:image:type\" content=\"image\/png\" \/>\n<meta name=\"author\" content=\"Maura Pereira\" \/>\n<meta name=\"twitter:card\" content=\"summary_large_image\" \/>\n<meta name=\"twitter:label1\" content=\"Escrito por\" \/>\n\t<meta name=\"twitter:data1\" content=\"Maura Pereira\" \/>\n\t<meta name=\"twitter:label2\" content=\"Est. tempo de leitura\" \/>\n\t<meta name=\"twitter:data2\" content=\"4 minutos\" \/>\n<!-- \/ Yoast SEO plugin. -->","yoast_head_json":{"title":"Esse ser\u00e1 o maior filme da franquia Avatar, afirma diretor - Correio Braziliense - Radar","description":"O diretor afirma que este ser\u00e1 o maior filme da franquia Avatar, prometendo uma experi\u00eancia \u00e9pica e visualmente deslumbrante.","robots":{"index":"index","follow":"follow","max-snippet":"max-snippet:-1","max-image-preview":"max-image-preview:large","max-video-preview":"max-video-preview:-1"},"canonical":"https:\/\/www.correiobraziliense.com.br\/cbradar\/esse-sera-o-maior-filme-da-franquia-avatar-afirma-diretor\/","og_locale":"pt_BR","og_type":"article","og_title":"Esse ser\u00e1 o maior filme da franquia Avatar, afirma diretor - Correio Braziliense - Radar","og_description":"O diretor afirma que este ser\u00e1 o maior filme da franquia Avatar, prometendo uma experi\u00eancia \u00e9pica e visualmente deslumbrante.","og_url":"https:\/\/www.correiobraziliense.com.br\/cbradar\/esse-sera-o-maior-filme-da-franquia-avatar-afirma-diretor\/","og_site_name":"Correio Braziliense - Radar","article_published_time":"2025-03-13T09:50:00+00:00","article_modified_time":"2025-06-30T02:31:06+00:00","og_image":[{"width":1280,"height":720,"url":"https:\/\/www.correiobraziliense.com.br\/cbradar\/wp-content\/uploads\/2025\/03\/Design-sem-nome-31.png","type":"image\/png"}],"author":"Maura Pereira","twitter_card":"summary_large_image","twitter_misc":{"Escrito por":"Maura Pereira","Est. tempo de leitura":"4 minutos"},"schema":{"@context":"https:\/\/schema.org","@graph":[{"@type":"WebPage","@id":"https:\/\/www.correiobraziliense.com.br\/cbradar\/esse-sera-o-maior-filme-da-franquia-avatar-afirma-diretor\/","url":"https:\/\/www.correiobraziliense.com.br\/cbradar\/esse-sera-o-maior-filme-da-franquia-avatar-afirma-diretor\/","name":"Esse ser\u00e1 o maior filme da franquia Avatar, afirma diretor - Correio Braziliense - Radar","isPartOf":{"@id":"https:\/\/www.correiobraziliense.com.br\/cbradar\/#website"},"primaryImageOfPage":{"@id":"https:\/\/www.correiobraziliense.com.br\/cbradar\/esse-sera-o-maior-filme-da-franquia-avatar-afirma-diretor\/#primaryimage"},"image":{"@id":"https:\/\/www.correiobraziliense.com.br\/cbradar\/esse-sera-o-maior-filme-da-franquia-avatar-afirma-diretor\/#primaryimage"},"thumbnailUrl":"https:\/\/www.correiobraziliense.com.br\/cbradar\/wp-content\/uploads\/2025\/03\/Design-sem-nome-31.png","datePublished":"2025-03-13T09:50:00+00:00","dateModified":"2025-06-30T02:31:06+00:00","author":{"@id":"https:\/\/www.correiobraziliense.com.br\/cbradar\/#\/schema\/person\/4053c651a9bfc785afc6f4cbc9032fd3"},"description":"O diretor afirma que este ser\u00e1 o maior filme da franquia Avatar, prometendo uma experi\u00eancia \u00e9pica e visualmente deslumbrante.","breadcrumb":{"@id":"https:\/\/www.correiobraziliense.com.br\/cbradar\/esse-sera-o-maior-filme-da-franquia-avatar-afirma-diretor\/#breadcrumb"},"inLanguage":"pt-BR","potentialAction":[{"@type":"ReadAction","target":["https:\/\/www.correiobraziliense.com.br\/cbradar\/esse-sera-o-maior-filme-da-franquia-avatar-afirma-diretor\/"]}]},{"@type":"ImageObject","inLanguage":"pt-BR","@id":"https:\/\/www.correiobraziliense.com.br\/cbradar\/esse-sera-o-maior-filme-da-franquia-avatar-afirma-diretor\/#primaryimage","url":"https:\/\/www.correiobraziliense.com.br\/cbradar\/wp-content\/uploads\/2025\/03\/Design-sem-nome-31.png","contentUrl":"https:\/\/www.correiobraziliense.com.br\/cbradar\/wp-content\/uploads\/2025\/03\/Design-sem-nome-31.png","width":1280,"height":720,"caption":"Avatar \/\/ Reprodu\u00e7\u00e3o: trailer oficial (foto\/divulga\u00e7\u00e3o)"},{"@type":"BreadcrumbList","@id":"https:\/\/www.correiobraziliense.com.br\/cbradar\/esse-sera-o-maior-filme-da-franquia-avatar-afirma-diretor\/#breadcrumb","itemListElement":[{"@type":"ListItem","position":1,"name":"In\u00edcio","item":"https:\/\/www.correiobraziliense.com.br\/cbradar\/"},{"@type":"ListItem","position":2,"name":"Esse ser\u00e1 o maior filme da franquia Avatar, afirma diretor"}]},{"@type":"WebSite","@id":"https:\/\/www.correiobraziliense.com.br\/cbradar\/#website","url":"https:\/\/www.correiobraziliense.com.br\/cbradar\/","name":"Correio Braziliense - Radar","description":"Acompanhe as \u00faltimas not\u00edcias e fique bem informado sobre tudo o que acontece no Brasil e no mundo.","potentialAction":[{"@type":"SearchAction","target":{"@type":"EntryPoint","urlTemplate":"https:\/\/www.correiobraziliense.com.br\/cbradar\/?s={search_term_string}"},"query-input":{"@type":"PropertyValueSpecification","valueRequired":true,"valueName":"search_term_string"}}],"inLanguage":"pt-BR"},{"@type":"Person","@id":"https:\/\/www.correiobraziliense.com.br\/cbradar\/#\/schema\/person\/4053c651a9bfc785afc6f4cbc9032fd3","name":"Maura Pereira","image":{"@type":"ImageObject","inLanguage":"pt-BR","@id":"https:\/\/www.correiobraziliense.com.br\/cbradar\/#\/schema\/person\/image\/","url":"https:\/\/secure.gravatar.com\/avatar\/3effd6bdadfa447f15089c7f7144eaa6?s=96&d=mm&r=g","contentUrl":"https:\/\/secure.gravatar.com\/avatar\/3effd6bdadfa447f15089c7f7144eaa6?s=96&d=mm&r=g","caption":"Maura Pereira"},"sameAs":["https:\/\/www.correiobraziliense.com.br\/"],"url":"https:\/\/www.correiobraziliense.com.br\/cbradar\/author\/mauramyth\/"}]}},"_links":{"self":[{"href":"https:\/\/www.correiobraziliense.com.br\/cbradar\/wp-json\/wp\/v2\/posts\/11872","targetHints":{"allow":["GET"]}}],"collection":[{"href":"https:\/\/www.correiobraziliense.com.br\/cbradar\/wp-json\/wp\/v2\/posts"}],"about":[{"href":"https:\/\/www.correiobraziliense.com.br\/cbradar\/wp-json\/wp\/v2\/types\/post"}],"author":[{"embeddable":true,"href":"https:\/\/www.correiobraziliense.com.br\/cbradar\/wp-json\/wp\/v2\/users\/8"}],"replies":[{"embeddable":true,"href":"https:\/\/www.correiobraziliense.com.br\/cbradar\/wp-json\/wp\/v2\/comments?post=11872"}],"version-history":[{"count":8,"href":"https:\/\/www.correiobraziliense.com.br\/cbradar\/wp-json\/wp\/v2\/posts\/11872\/revisions"}],"predecessor-version":[{"id":61601,"href":"https:\/\/www.correiobraziliense.com.br\/cbradar\/wp-json\/wp\/v2\/posts\/11872\/revisions\/61601"}],"wp:featuredmedia":[{"embeddable":true,"href":"https:\/\/www.correiobraziliense.com.br\/cbradar\/wp-json\/wp\/v2\/media\/11894"}],"wp:attachment":[{"href":"https:\/\/www.correiobraziliense.com.br\/cbradar\/wp-json\/wp\/v2\/media?parent=11872"}],"wp:term":[{"taxonomy":"category","embeddable":true,"href":"https:\/\/www.correiobraziliense.com.br\/cbradar\/wp-json\/wp\/v2\/categories?post=11872"},{"taxonomy":"post_tag","embeddable":true,"href":"https:\/\/www.correiobraziliense.com.br\/cbradar\/wp-json\/wp\/v2\/post_tag?post=11872"}],"curies":[{"name":"wp","href":"https:\/\/api.w.org\/{rel}","templated":true}]}}