{"id":11874,"date":"2025-03-13T09:50:00","date_gmt":"2025-03-13T12:50:00","guid":{"rendered":"https:\/\/www.correiobraziliense.com.br\/cbradar\/?p=11874"},"modified":"2025-06-29T23:32:10","modified_gmt":"2025-06-30T02:32:10","slug":"confira-o-primeiro-trailer-oficial-da-live-action-de-lilo-stitch","status":"publish","type":"post","link":"https:\/\/www.correiobraziliense.com.br\/cbradar\/confira-o-primeiro-trailer-oficial-da-live-action-de-lilo-stitch\/","title":{"rendered":"Confira o primeiro trailer oficial da live action de Lilo &amp; Stitch!"},"content":{"rendered":"\n<p>O <a href=\"https:\/\/www.correiobraziliense.com.br\/cbradar\/esses-sao-os-desenhos-mais-atemporais-da-disney\/\" target=\"_blank\" rel=\"noreferrer noopener\">filme <\/a><strong>Lilo &amp; Stitch<\/strong> marcou a inf\u00e2ncia de muita gente quando foi lan\u00e7ado em <strong>2002<\/strong>. A hist\u00f3ria da menina havaiana <strong>Lilo<\/strong> e seu amigo alien\u00edgena <strong>Stitch<\/strong> conquistou o cora\u00e7\u00e3o de milh\u00f5es de pessoas pelo mundo. Agora, a <strong>Disney<\/strong> traz de volta essa dupla querida em uma vers\u00e3o com atores reais.<\/p>\n\n\n\n<p>A nova vers\u00e3o mant\u00e9m a ess\u00eancia da hist\u00f3ria original. <a href=\"https:\/\/www.imdb.com\/pt\/title\/tt0275847\/\" target=\"_blank\" rel=\"noreferrer noopener\"><strong>Lilo<\/strong> <\/a>\u00e9 uma menina que vive no <strong>Hava\u00ed<\/strong> e adora animais. Ela acaba adotando o que pensa ser um cachorro, mas na verdade \u00e9 <strong>Stitch<\/strong>, um alien\u00edgena fugitivo muito perigoso. O filme fala sobre amizade, fam\u00edlia e como aceitar as diferen\u00e7as das pessoas.<\/p>\n\n\n\n<h2 class=\"wp-block-heading\">Quem faz parte do elenco do novo live-action?<\/h2>\n\n\n\n<p>O live-action de Lilo &amp; Stitch traz de volta <strong>Chris Sanders<\/strong>, a voz original de Stitch, garantindo que o personagem mantenha sua ess\u00eancia \u00fanica. A jovem atriz<strong> Maria Kealoha<\/strong> foi escalada para interpretar Lilo, trazendo frescor e autenticidade ao papel. O elenco ainda conta com nomes de peso como <strong>Hannah Waddingham<\/strong>, conhecida por seu trabalho em <strong>Ted Lasso<\/strong>, e <strong>Zach Galifianakis<\/strong>, famoso por<strong> Se Beber, N\u00e3o Case!<\/strong><\/p>\n\n\n\n<p>Outros atores que se juntam ao elenco incluem <strong>Billy Magnussen, Tia Carrere, Courtney B. Vance <\/strong>e <strong>Jason Scott Lee<\/strong>. Com um time t\u00e3o diversificado e talentoso, a expectativa \u00e9 que o filme consiga capturar a ess\u00eancia da anima\u00e7\u00e3o original enquanto adiciona novas camadas \u00e0 hist\u00f3ria.<\/p>\n\n\n\n<h2 class=\"wp-block-heading\"><strong>Quando ser\u00e1 a estreia de Lilo &amp; Stitch?<\/strong><\/h2>\n\n\n\n<p>Dirigido por <strong>Dean Fleischer Camp<\/strong>, conhecido por seu trabalho em <strong>Marcel<\/strong>, a <strong>Concha de Sapatos<\/strong>, o live-action de Lilo &amp; Stitch tem estreia marcada para<strong> 22<\/strong> de maio de <strong>2025 <\/strong>nos cinemas brasileiros. O roteiro foi desenvolvido por <strong>Chris Kekaniokalani Bright <\/strong>e <strong>Mike Van Waes<\/strong>, prometendo uma adapta\u00e7\u00e3o fiel e emocionante da hist\u00f3ria original.<\/p>\n\n\n\n<p>O lan\u00e7amento do trailer oficial gerou grande expectativa entre os f\u00e3s, que aguardam ansiosamente para ver como a hist\u00f3ria de Lilo e Stitch ser\u00e1 retratada nesta nova vers\u00e3o. Com uma combina\u00e7\u00e3o de nostalgia e inova\u00e7\u00e3o, o filme promete ser um dos grandes lan\u00e7amentos do ano.<\/p>\n\n\n\n<figure class=\"wp-block-embed aligncenter is-type-video is-provider-youtube wp-block-embed-youtube wp-embed-aspect-16-9 wp-has-aspect-ratio\"><div class=\"wp-block-embed__wrapper\">\n<div class=\"jeg_video_container jeg_video_content\"><iframe loading=\"lazy\" title=\"Lilo e Stitch | Trailer Oficial Dublado\" width=\"500\" height=\"281\" src=\"https:\/\/www.youtube.com\/embed\/oLnS1Ij9-Kk?feature=oembed\" frameborder=\"0\" allow=\"accelerometer; autoplay; clipboard-write; encrypted-media; gyroscope; picture-in-picture; web-share\" referrerpolicy=\"strict-origin-when-cross-origin\" allowfullscreen><\/iframe><\/div>\n<\/div><\/figure>\n\n\n\n<h2 class=\"wp-block-heading\">Por que esta hist\u00f3ria ainda emociona tanto?<\/h2>\n\n\n\n<p><strong>Lilo &amp; Stitch<\/strong> continua relevante porque fala de temas que nunca saem de moda. A amizade entre uma menina humana e um alien\u00edgena mostra como pessoas diferentes podem se dar bem. A hist\u00f3ria ensina sobre empatia e aceita\u00e7\u00e3o das diferen\u00e7as.<\/p>\n\n\n\n<p>A cultura havaiana tamb\u00e9m tem um papel importante na narrativa. O conceito de <strong>&#8220;Ohana&#8221;<\/strong> (fam\u00edlia) \u00e9 central na hist\u00f3ria. A frase <strong>&#8220;Ohana significa fam\u00edlia, e fam\u00edlia nunca abandona ningu\u00e9m&#8221;<\/strong> ainda emociona pessoas de todas as idades.<\/p>\n\n\n\n<p>A representa\u00e7\u00e3o do <strong>Hava\u00ed<\/strong> e suas tradi\u00e7\u00f5es adiciona autenticidade ao filme. Isso ressoa com o p\u00fablico global que busca diversidade e representatividade nas telas do cinema.<\/p>\n\n\n\n<h2 class=\"wp-block-heading\">O que esperar desta nova aventura?<\/h2>\n\n\n\n<p>A nova vers\u00e3o promete manter a magia do filme original enquanto usa a tecnologia atual. Os efeitos visuais permitem criar um <strong>Stitch<\/strong> mais realista, mas sem perder o charme do personagem animado. As paisagens do <strong>Hava\u00ed<\/strong> tamb\u00e9m ganham destaque especial.<\/p>\n\n\n\n<p>Os f\u00e3s podem esperar momentos nost\u00e1lgicos, como as refer\u00eancias a <strong>Elvis Presley<\/strong> que faziam parte da trilha sonora original. A <strong>Disney<\/strong> quer equilibrar a nostalgia dos f\u00e3s antigos com a necessidade de conquistar uma nova gera\u00e7\u00e3o de espectadores.<\/p>\n\n\n\n<p>Com um elenco talentoso e uma hist\u00f3ria atemporal, o filme tem tudo para ser um sucesso. A expectativa \u00e9 que <strong>Lilo &amp; Stitch<\/strong> em vers\u00e3o real emocione tanto quanto o filme original, mantendo viva a mensagem de que a fam\u00edlia \u00e9 o que h\u00e1 de mais importante na vida.<\/p>\n","protected":false},"excerpt":{"rendered":"<p>O filme Lilo &amp; Stitch marcou a inf\u00e2ncia de muita gente quando foi lan\u00e7ado em 2002. A hist\u00f3ria da menina havaiana Lilo e seu amigo alien\u00edgena Stitch conquistou o cora\u00e7\u00e3o de milh\u00f5es de pessoas pelo mundo. Agora, a Disney traz de volta essa dupla querida em uma vers\u00e3o com atores reais. A nova vers\u00e3o mant\u00e9m [&hellip;]<\/p>\n","protected":false},"author":8,"featured_media":11907,"comment_status":"open","ping_status":"open","sticky":false,"template":"","format":"standard","meta":{"_yoast_wpseo_focuskw":"Lilo & Stitch","_yoast_wpseo_title":"","_yoast_wpseo_metadesc":"Confira o primeiro trailer oficial da live-action de \"Lilo & Stitch\" e veja como a cl\u00e1ssica anima\u00e7\u00e3o da Disney ganha vida!","jnews-multi-image_gallery":[],"jnews_single_post":{"format":"standard"},"jnews_primary_category":[],"jnews_social_meta":[],"jnews_override_counter":[],"footnotes":""},"categories":[140],"post_tag":[1861,568],"class_list":["post-11874","post","type-post","status-publish","format-standard","has-post-thumbnail","hentry","category-entretenimento","tag-lilo-stitch","tag-series-e-filmes"],"yoast_head":"<!-- This site is optimized with the Yoast SEO plugin v24.6 - https:\/\/yoast.com\/wordpress\/plugins\/seo\/ -->\n<title>Confira o primeiro trailer oficial da live action de Lilo &amp; Stitch! - Correio Braziliense - Radar<\/title>\n<meta name=\"description\" content=\"Confira o primeiro trailer oficial da live-action de &quot;Lilo &amp; Stitch&quot; e veja como a cl\u00e1ssica anima\u00e7\u00e3o da Disney ganha vida!\" \/>\n<meta name=\"robots\" content=\"index, follow, max-snippet:-1, max-image-preview:large, max-video-preview:-1\" \/>\n<link rel=\"canonical\" href=\"https:\/\/www.correiobraziliense.com.br\/cbradar\/confira-o-primeiro-trailer-oficial-da-live-action-de-lilo-stitch\/\" \/>\n<meta property=\"og:locale\" content=\"pt_BR\" \/>\n<meta property=\"og:type\" content=\"article\" \/>\n<meta property=\"og:title\" content=\"Confira o primeiro trailer oficial da live action de Lilo &amp; Stitch! - Correio Braziliense - Radar\" \/>\n<meta property=\"og:description\" content=\"Confira o primeiro trailer oficial da live-action de &quot;Lilo &amp; Stitch&quot; e veja como a cl\u00e1ssica anima\u00e7\u00e3o da Disney ganha vida!\" \/>\n<meta property=\"og:url\" content=\"https:\/\/www.correiobraziliense.com.br\/cbradar\/confira-o-primeiro-trailer-oficial-da-live-action-de-lilo-stitch\/\" \/>\n<meta property=\"og:site_name\" content=\"Correio Braziliense - Radar\" \/>\n<meta property=\"article:published_time\" content=\"2025-03-13T12:50:00+00:00\" \/>\n<meta property=\"article:modified_time\" content=\"2025-06-30T02:32:10+00:00\" \/>\n<meta property=\"og:image\" content=\"https:\/\/www.correiobraziliense.com.br\/cbradar\/wp-content\/uploads\/2025\/03\/Design-sem-nome-33-1-1.png\" \/>\n\t<meta property=\"og:image:width\" content=\"2560\" \/>\n\t<meta property=\"og:image:height\" content=\"1440\" \/>\n\t<meta property=\"og:image:type\" content=\"image\/png\" \/>\n<meta name=\"author\" content=\"Maura Pereira\" \/>\n<meta name=\"twitter:card\" content=\"summary_large_image\" \/>\n<meta name=\"twitter:label1\" content=\"Escrito por\" \/>\n\t<meta name=\"twitter:data1\" content=\"Maura Pereira\" \/>\n\t<meta name=\"twitter:label2\" content=\"Est. tempo de leitura\" \/>\n\t<meta name=\"twitter:data2\" content=\"4 minutos\" \/>\n<!-- \/ Yoast SEO plugin. -->","yoast_head_json":{"title":"Confira o primeiro trailer oficial da live action de Lilo &amp; Stitch! - Correio Braziliense - Radar","description":"Confira o primeiro trailer oficial da live-action de \"Lilo & Stitch\" e veja como a cl\u00e1ssica anima\u00e7\u00e3o da Disney ganha vida!","robots":{"index":"index","follow":"follow","max-snippet":"max-snippet:-1","max-image-preview":"max-image-preview:large","max-video-preview":"max-video-preview:-1"},"canonical":"https:\/\/www.correiobraziliense.com.br\/cbradar\/confira-o-primeiro-trailer-oficial-da-live-action-de-lilo-stitch\/","og_locale":"pt_BR","og_type":"article","og_title":"Confira o primeiro trailer oficial da live action de Lilo &amp; Stitch! - Correio Braziliense - Radar","og_description":"Confira o primeiro trailer oficial da live-action de \"Lilo & Stitch\" e veja como a cl\u00e1ssica anima\u00e7\u00e3o da Disney ganha vida!","og_url":"https:\/\/www.correiobraziliense.com.br\/cbradar\/confira-o-primeiro-trailer-oficial-da-live-action-de-lilo-stitch\/","og_site_name":"Correio Braziliense - Radar","article_published_time":"2025-03-13T12:50:00+00:00","article_modified_time":"2025-06-30T02:32:10+00:00","og_image":[{"width":2560,"height":1440,"url":"https:\/\/www.correiobraziliense.com.br\/cbradar\/wp-content\/uploads\/2025\/03\/Design-sem-nome-33-1-1.png","type":"image\/png"}],"author":"Maura Pereira","twitter_card":"summary_large_image","twitter_misc":{"Escrito por":"Maura Pereira","Est. tempo de leitura":"4 minutos"},"schema":{"@context":"https:\/\/schema.org","@graph":[{"@type":"WebPage","@id":"https:\/\/www.correiobraziliense.com.br\/cbradar\/confira-o-primeiro-trailer-oficial-da-live-action-de-lilo-stitch\/","url":"https:\/\/www.correiobraziliense.com.br\/cbradar\/confira-o-primeiro-trailer-oficial-da-live-action-de-lilo-stitch\/","name":"Confira o primeiro trailer oficial da live action de Lilo &amp; Stitch! - Correio Braziliense - Radar","isPartOf":{"@id":"https:\/\/www.correiobraziliense.com.br\/cbradar\/#website"},"primaryImageOfPage":{"@id":"https:\/\/www.correiobraziliense.com.br\/cbradar\/confira-o-primeiro-trailer-oficial-da-live-action-de-lilo-stitch\/#primaryimage"},"image":{"@id":"https:\/\/www.correiobraziliense.com.br\/cbradar\/confira-o-primeiro-trailer-oficial-da-live-action-de-lilo-stitch\/#primaryimage"},"thumbnailUrl":"https:\/\/www.correiobraziliense.com.br\/cbradar\/wp-content\/uploads\/2025\/03\/Design-sem-nome-33-1-1.png","datePublished":"2025-03-13T12:50:00+00:00","dateModified":"2025-06-30T02:32:10+00:00","author":{"@id":"https:\/\/www.correiobraziliense.com.br\/cbradar\/#\/schema\/person\/4053c651a9bfc785afc6f4cbc9032fd3"},"description":"Confira o primeiro trailer oficial da live-action de \"Lilo & Stitch\" e veja como a cl\u00e1ssica anima\u00e7\u00e3o da Disney ganha vida!","breadcrumb":{"@id":"https:\/\/www.correiobraziliense.com.br\/cbradar\/confira-o-primeiro-trailer-oficial-da-live-action-de-lilo-stitch\/#breadcrumb"},"inLanguage":"pt-BR","potentialAction":[{"@type":"ReadAction","target":["https:\/\/www.correiobraziliense.com.br\/cbradar\/confira-o-primeiro-trailer-oficial-da-live-action-de-lilo-stitch\/"]}]},{"@type":"ImageObject","inLanguage":"pt-BR","@id":"https:\/\/www.correiobraziliense.com.br\/cbradar\/confira-o-primeiro-trailer-oficial-da-live-action-de-lilo-stitch\/#primaryimage","url":"https:\/\/www.correiobraziliense.com.br\/cbradar\/wp-content\/uploads\/2025\/03\/Design-sem-nome-33-1-1.png","contentUrl":"https:\/\/www.correiobraziliense.com.br\/cbradar\/wp-content\/uploads\/2025\/03\/Design-sem-nome-33-1-1.png","width":2560,"height":1440,"caption":"Lilo & Stitch \/\/ Reprodu\u00e7\u00e3o: Trailer Oficial (Foto\/Divulga\u00e7\u00e3o)"},{"@type":"BreadcrumbList","@id":"https:\/\/www.correiobraziliense.com.br\/cbradar\/confira-o-primeiro-trailer-oficial-da-live-action-de-lilo-stitch\/#breadcrumb","itemListElement":[{"@type":"ListItem","position":1,"name":"In\u00edcio","item":"https:\/\/www.correiobraziliense.com.br\/cbradar\/"},{"@type":"ListItem","position":2,"name":"Confira o primeiro trailer oficial da live action de Lilo &amp; Stitch!"}]},{"@type":"WebSite","@id":"https:\/\/www.correiobraziliense.com.br\/cbradar\/#website","url":"https:\/\/www.correiobraziliense.com.br\/cbradar\/","name":"Correio Braziliense - Radar","description":"Acompanhe as \u00faltimas not\u00edcias e fique bem informado sobre tudo o que acontece no Brasil e no mundo.","potentialAction":[{"@type":"SearchAction","target":{"@type":"EntryPoint","urlTemplate":"https:\/\/www.correiobraziliense.com.br\/cbradar\/?s={search_term_string}"},"query-input":{"@type":"PropertyValueSpecification","valueRequired":true,"valueName":"search_term_string"}}],"inLanguage":"pt-BR"},{"@type":"Person","@id":"https:\/\/www.correiobraziliense.com.br\/cbradar\/#\/schema\/person\/4053c651a9bfc785afc6f4cbc9032fd3","name":"Maura Pereira","image":{"@type":"ImageObject","inLanguage":"pt-BR","@id":"https:\/\/www.correiobraziliense.com.br\/cbradar\/#\/schema\/person\/image\/","url":"https:\/\/secure.gravatar.com\/avatar\/3effd6bdadfa447f15089c7f7144eaa6?s=96&d=mm&r=g","contentUrl":"https:\/\/secure.gravatar.com\/avatar\/3effd6bdadfa447f15089c7f7144eaa6?s=96&d=mm&r=g","caption":"Maura Pereira"},"sameAs":["https:\/\/www.correiobraziliense.com.br\/"],"url":"https:\/\/www.correiobraziliense.com.br\/cbradar\/author\/mauramyth\/"}]}},"_links":{"self":[{"href":"https:\/\/www.correiobraziliense.com.br\/cbradar\/wp-json\/wp\/v2\/posts\/11874","targetHints":{"allow":["GET"]}}],"collection":[{"href":"https:\/\/www.correiobraziliense.com.br\/cbradar\/wp-json\/wp\/v2\/posts"}],"about":[{"href":"https:\/\/www.correiobraziliense.com.br\/cbradar\/wp-json\/wp\/v2\/types\/post"}],"author":[{"embeddable":true,"href":"https:\/\/www.correiobraziliense.com.br\/cbradar\/wp-json\/wp\/v2\/users\/8"}],"replies":[{"embeddable":true,"href":"https:\/\/www.correiobraziliense.com.br\/cbradar\/wp-json\/wp\/v2\/comments?post=11874"}],"version-history":[{"count":7,"href":"https:\/\/www.correiobraziliense.com.br\/cbradar\/wp-json\/wp\/v2\/posts\/11874\/revisions"}],"predecessor-version":[{"id":61602,"href":"https:\/\/www.correiobraziliense.com.br\/cbradar\/wp-json\/wp\/v2\/posts\/11874\/revisions\/61602"}],"wp:featuredmedia":[{"embeddable":true,"href":"https:\/\/www.correiobraziliense.com.br\/cbradar\/wp-json\/wp\/v2\/media\/11907"}],"wp:attachment":[{"href":"https:\/\/www.correiobraziliense.com.br\/cbradar\/wp-json\/wp\/v2\/media?parent=11874"}],"wp:term":[{"taxonomy":"category","embeddable":true,"href":"https:\/\/www.correiobraziliense.com.br\/cbradar\/wp-json\/wp\/v2\/categories?post=11874"},{"taxonomy":"post_tag","embeddable":true,"href":"https:\/\/www.correiobraziliense.com.br\/cbradar\/wp-json\/wp\/v2\/post_tag?post=11874"}],"curies":[{"name":"wp","href":"https:\/\/api.w.org\/{rel}","templated":true}]}}