{"id":118750,"date":"2025-10-14T07:45:08","date_gmt":"2025-10-14T10:45:08","guid":{"rendered":"https:\/\/www.correiobraziliense.com.br\/cbradar\/?p=118750"},"modified":"2025-10-13T19:41:02","modified_gmt":"2025-10-13T22:41:02","slug":"quais-sao-os-beneficios-das-bananas-verdes-na-saude","status":"publish","type":"post","link":"https:\/\/www.correiobraziliense.com.br\/cbradar\/quais-sao-os-beneficios-das-bananas-verdes-na-saude\/","title":{"rendered":"Quais s\u00e3o os benef\u00edcios das bananas verdes na sa\u00fade?"},"content":{"rendered":"\n<p>A <strong>banana verde<\/strong>, \u00e9 um alimento presente em v\u00e1rias culturas do mundo, especialmente na <strong>Am\u00e9rica Latina<\/strong>, <strong>\u00c1frica<\/strong> e <strong>\u00c1sia<\/strong>, e chama aten\u00e7\u00e3o pelo alto teor de <strong>carboidratos complexos<\/strong> e <strong>fibras<\/strong> ben\u00e9ficas para a <strong>sa\u00fade intestinal<\/strong>, al\u00e9m de sua <strong>versatilidade<\/strong> na culin\u00e1ria em diferentes est\u00e1gios de matura\u00e7\u00e3o.<\/p>\n\n\n\n<h2 class=\"wp-block-heading\">Banana verde pode trazer benef\u00edcios para a sua sa\u00fade digestiva<\/h2>\n\n\n\n<p>O consumo de <strong>banana verde<\/strong> est\u00e1 associado \u00e0 melhora significativa da <strong>sa\u00fade digestiva<\/strong>. Isso acontece gra\u00e7as \u00e0 presen\u00e7a de <strong>fibras<\/strong>, principalmente a <strong>hemicelulose<\/strong>, que contribui para regular o <strong>tr\u00e2nsito intestinal<\/strong> e previne condi\u00e7\u00f5es como <strong>constipa\u00e7\u00e3o<\/strong> e <strong>hemorroidas<\/strong>.<\/p>\n\n\n\n<p>Al\u00e9m disso, a atua\u00e7\u00e3o do <strong>amido resistente<\/strong> da banana favorece a produ\u00e7\u00e3o de <strong>\u00e1cidos graxos de cadeia curta<\/strong>, o que auxilia na consist\u00eancia das fezes e at\u00e9 mesmo em casos de <strong>diarreia<\/strong>. Em pa\u00edses como <strong>Col\u00f4mbia<\/strong> e <strong>Brasil<\/strong>, a banana verde \u00e9 tradicionalmente empregado em receitas como &#8220;<strong>farofa de banana verde<\/strong>&#8220;, usada popularmente para apoio intestinal.<\/p>\n\n\n\n<h2 class=\"wp-block-heading\">Descubra como a banana verde influencia o metabolismo e a circula\u00e7\u00e3o<\/h2>\n\n\n\n<p>A <strong>banana&nbsp;verde<\/strong> se destaca pela sua influ\u00eancia positiva sobre o <strong>metabolismo<\/strong> devido ao conjunto de <strong>vitaminas do complexo B<\/strong>, que atuam como <strong>coenzimas<\/strong> na convers\u00e3o dos nutrientes ingeridos em <strong>energia<\/strong> utiliz\u00e1vel pelo organismo.<\/p>\n\n\n\n<p>Leia tamb\u00e9m: <a href=\"https:\/\/www.correiobraziliense.com.br\/cbradar\/a-erva-que-pode-ajudar-a-eliminar-o-peso-da-agua-e-aliviar-o-inchaco\/\" target=\"_blank\" rel=\"noopener\">A erva que pode ajudar a eliminar o peso da \u00e1gua e aliviar o incha\u00e7o<\/a><\/p>\n\n\n<div class=\"wp-block-image\">\n<figure class=\"aligncenter size-large\"><img decoding=\"async\" width=\"1024\" height=\"576\" src=\"https:\/\/www.correiobraziliense.com.br\/cbradar\/wp-content\/uploads\/2025\/03\/banana-plantacao_1743265436078-1024x576.jpg\" alt=\"Aprenda a plantar bananeira e colha bananas frescas em poucos meses\" class=\"wp-image-17031\" srcset=\"https:\/\/www.correiobraziliense.com.br\/cbradar\/wp-content\/uploads\/2025\/03\/banana-plantacao_1743265436078-1024x576.jpg 1024w, https:\/\/www.correiobraziliense.com.br\/cbradar\/wp-content\/uploads\/2025\/03\/banana-plantacao_1743265436078-300x169.jpg 300w, https:\/\/www.correiobraziliense.com.br\/cbradar\/wp-content\/uploads\/2025\/03\/banana-plantacao_1743265436078-768x432.jpg 768w, https:\/\/www.correiobraziliense.com.br\/cbradar\/wp-content\/uploads\/2025\/03\/banana-plantacao_1743265436078-750x422.jpg 750w, https:\/\/www.correiobraziliense.com.br\/cbradar\/wp-content\/uploads\/2025\/03\/banana-plantacao_1743265436078-1140x641.jpg 1140w, https:\/\/www.correiobraziliense.com.br\/cbradar\/wp-content\/uploads\/2025\/03\/banana-plantacao_1743265436078.jpg 1280w\" sizes=\"(max-width: 1024px) 100vw, 1024px\" \/><figcaption class=\"wp-element-caption\">O consumo de banana verde est\u00e1 associado \u00e0 melhora significativa da sa\u00fade digestiva &#8211; Cr\u00e9ditos: depositphotos.com \/ foto.rigg.at<\/figcaption><\/figure><\/div>\n\n\n<p>Outra vantagem relevante \u00e9 a elevada concentra\u00e7\u00e3o de <strong>pot\u00e1ssio<\/strong>, que favorece o relaxamento das art\u00e9rias, promovendo melhor <strong>circula\u00e7\u00e3o sangu\u00ednea<\/strong> e auxiliando na preven\u00e7\u00e3o de <strong>hipertens\u00e3o<\/strong> e <strong>doen\u00e7as cardiovasculares<\/strong>. De acordo com estudos da <strong>Universidade de S\u00e3o Paulo (2023)<\/strong>, o consumo frequente pode ajudar a reduzir o <strong>colesterol LDL<\/strong>.<\/p>\n\n\n\n<ul class=\"wp-block-list\">\n<li><strong>Auxilia na produ\u00e7\u00e3o de energia<\/strong> pelo corpo<\/li>\n\n\n\n<li><strong>Ajuda a controlar a press\u00e3o arterial<\/strong><\/li>\n\n\n\n<li><strong>Pode contribuir para a redu\u00e7\u00e3o do colesterol ruim<\/strong><\/li>\n<\/ul>\n\n\n\n<h2 class=\"wp-block-heading\">Qual \u00e9 a forma mais saud\u00e1vel de consumir banana verde<\/h2>\n\n\n\n<p>Embora seja poss\u00edvel consumir a <strong>banana verde crua<\/strong>, o recomendado \u00e9 <strong>cozinh\u00e1-lo<\/strong> para tornar o <strong>amido<\/strong> mais diger\u00edvel e leve ao <strong>sistema digestivo<\/strong>. <strong>Assar<\/strong>, <strong>cozinhar a vapor<\/strong> ou <strong>ferver<\/strong> s\u00e3o op\u00e7\u00f5es saud\u00e1veis que preservam os <strong>nutrientes<\/strong> do fruto.<\/p>\n\n\n\n<p>Al\u00e9m dessas formas tradicionais, a banana verde pode ser acrescentado em <strong>vitaminas<\/strong> ou servido como acompanhamento de <strong>pratos principais<\/strong>. Dessa maneira, \u00e9 poss\u00edvel aproveitar todo seu perfil <strong>nutricional<\/strong> com praticidade e sabor em diferentes prepara\u00e7\u00f5es. Outras alternativas modernas incluem o uso de <strong>farinha de banana <\/strong>em receitas funcionais, ampliando as op\u00e7\u00f5es para quem busca uma alimenta\u00e7\u00e3o saud\u00e1vel.<\/p>\n","protected":false},"excerpt":{"rendered":"<p>Rica em fibras e pot\u00e1ssio, a banana verde melhora a digest\u00e3o, reduz o colesterol e ajuda a controlar a press\u00e3o arterial.<\/p>\n","protected":false},"author":9,"featured_media":43743,"comment_status":"open","ping_status":"open","sticky":false,"template":"","format":"standard","meta":{"jnews-multi-image_gallery":[],"jnews_single_post":{"format":"standard"},"jnews_primary_category":[],"jnews_social_meta":[],"jnews_override_counter":[],"footnotes":""},"categories":[119,4404],"post_tag":[10025,120,565],"class_list":["post-118750","post","type-post","status-publish","format-standard","has-post-thumbnail","hentry","category-bem-estar","category-saude","tag-banana-verde","tag-bem-estar","tag-saude"],"yoast_head":"<!-- This site is optimized with the Yoast SEO plugin v24.6 - https:\/\/yoast.com\/wordpress\/plugins\/seo\/ -->\n<title>Quais s\u00e3o os benef\u00edcios das bananas verdes na sa\u00fade?<\/title>\n<meta name=\"description\" content=\"Rica em fibras e pot\u00e1ssio, a banana verde melhora a digest\u00e3o, reduz o colesterol e ajuda a controlar a press\u00e3o arterial.\" \/>\n<meta name=\"robots\" content=\"index, follow, max-snippet:-1, max-image-preview:large, max-video-preview:-1\" \/>\n<link rel=\"canonical\" href=\"https:\/\/www.correiobraziliense.com.br\/cbradar\/quais-sao-os-beneficios-das-bananas-verdes-na-saude\/\" \/>\n<meta property=\"og:locale\" content=\"pt_BR\" \/>\n<meta property=\"og:type\" content=\"article\" \/>\n<meta property=\"og:title\" content=\"Quais s\u00e3o os benef\u00edcios das bananas verdes na sa\u00fade?\" \/>\n<meta property=\"og:description\" content=\"Rica em fibras e pot\u00e1ssio, a banana verde melhora a digest\u00e3o, reduz o colesterol e ajuda a controlar a press\u00e3o arterial.\" \/>\n<meta property=\"og:url\" content=\"https:\/\/www.correiobraziliense.com.br\/cbradar\/quais-sao-os-beneficios-das-bananas-verdes-na-saude\/\" \/>\n<meta property=\"og:site_name\" content=\"Correio Braziliense - Radar\" \/>\n<meta property=\"article:published_time\" content=\"2025-10-14T10:45:08+00:00\" \/>\n<meta property=\"og:image\" content=\"https:\/\/www.correiobraziliense.com.br\/cbradar\/wp-content\/uploads\/2025\/05\/banana-plantacao_1748364990811.jpg\" \/>\n\t<meta property=\"og:image:width\" content=\"1280\" \/>\n\t<meta property=\"og:image:height\" content=\"720\" \/>\n\t<meta property=\"og:image:type\" content=\"image\/jpeg\" \/>\n<meta name=\"author\" content=\"Daniely Cardoso\" \/>\n<meta name=\"twitter:card\" content=\"summary_large_image\" \/>\n<meta name=\"twitter:label1\" content=\"Escrito por\" \/>\n\t<meta name=\"twitter:data1\" content=\"Daniely Cardoso\" \/>\n\t<meta name=\"twitter:label2\" content=\"Est. tempo de leitura\" \/>\n\t<meta name=\"twitter:data2\" content=\"3 minutos\" \/>\n<!-- \/ Yoast SEO plugin. -->","yoast_head_json":{"title":"Quais s\u00e3o os benef\u00edcios das bananas verdes na sa\u00fade?","description":"Rica em fibras e pot\u00e1ssio, a banana verde melhora a digest\u00e3o, reduz o colesterol e ajuda a controlar a press\u00e3o arterial.","robots":{"index":"index","follow":"follow","max-snippet":"max-snippet:-1","max-image-preview":"max-image-preview:large","max-video-preview":"max-video-preview:-1"},"canonical":"https:\/\/www.correiobraziliense.com.br\/cbradar\/quais-sao-os-beneficios-das-bananas-verdes-na-saude\/","og_locale":"pt_BR","og_type":"article","og_title":"Quais s\u00e3o os benef\u00edcios das bananas verdes na sa\u00fade?","og_description":"Rica em fibras e pot\u00e1ssio, a banana verde melhora a digest\u00e3o, reduz o colesterol e ajuda a controlar a press\u00e3o arterial.","og_url":"https:\/\/www.correiobraziliense.com.br\/cbradar\/quais-sao-os-beneficios-das-bananas-verdes-na-saude\/","og_site_name":"Correio Braziliense - Radar","article_published_time":"2025-10-14T10:45:08+00:00","og_image":[{"width":1280,"height":720,"url":"https:\/\/www.correiobraziliense.com.br\/cbradar\/wp-content\/uploads\/2025\/05\/banana-plantacao_1748364990811.jpg","type":"image\/jpeg"}],"author":"Daniely Cardoso","twitter_card":"summary_large_image","twitter_misc":{"Escrito por":"Daniely Cardoso","Est. tempo de leitura":"3 minutos"},"schema":{"@context":"https:\/\/schema.org","@graph":[{"@type":"WebPage","@id":"https:\/\/www.correiobraziliense.com.br\/cbradar\/quais-sao-os-beneficios-das-bananas-verdes-na-saude\/","url":"https:\/\/www.correiobraziliense.com.br\/cbradar\/quais-sao-os-beneficios-das-bananas-verdes-na-saude\/","name":"Quais s\u00e3o os benef\u00edcios das bananas verdes na sa\u00fade?","isPartOf":{"@id":"https:\/\/www.correiobraziliense.com.br\/cbradar\/#website"},"primaryImageOfPage":{"@id":"https:\/\/www.correiobraziliense.com.br\/cbradar\/quais-sao-os-beneficios-das-bananas-verdes-na-saude\/#primaryimage"},"image":{"@id":"https:\/\/www.correiobraziliense.com.br\/cbradar\/quais-sao-os-beneficios-das-bananas-verdes-na-saude\/#primaryimage"},"thumbnailUrl":"https:\/\/www.correiobraziliense.com.br\/cbradar\/wp-content\/uploads\/2025\/05\/banana-plantacao_1748364990811.jpg","datePublished":"2025-10-14T10:45:08+00:00","author":{"@id":"https:\/\/www.correiobraziliense.com.br\/cbradar\/#\/schema\/person\/7356666e12ec0ee53f348ee5db227032"},"description":"Rica em fibras e pot\u00e1ssio, a banana verde melhora a digest\u00e3o, reduz o colesterol e ajuda a controlar a press\u00e3o arterial.","breadcrumb":{"@id":"https:\/\/www.correiobraziliense.com.br\/cbradar\/quais-sao-os-beneficios-das-bananas-verdes-na-saude\/#breadcrumb"},"inLanguage":"pt-BR","potentialAction":[{"@type":"ReadAction","target":["https:\/\/www.correiobraziliense.com.br\/cbradar\/quais-sao-os-beneficios-das-bananas-verdes-na-saude\/"]}]},{"@type":"ImageObject","inLanguage":"pt-BR","@id":"https:\/\/www.correiobraziliense.com.br\/cbradar\/quais-sao-os-beneficios-das-bananas-verdes-na-saude\/#primaryimage","url":"https:\/\/www.correiobraziliense.com.br\/cbradar\/wp-content\/uploads\/2025\/05\/banana-plantacao_1748364990811.jpg","contentUrl":"https:\/\/www.correiobraziliense.com.br\/cbradar\/wp-content\/uploads\/2025\/05\/banana-plantacao_1748364990811.jpg","width":1280,"height":720,"caption":"A banana \u00e9 uma das frutas mais populares e consumidas no mundo - Cr\u00e9ditos: depositphotos.com \/ Satura_"},{"@type":"BreadcrumbList","@id":"https:\/\/www.correiobraziliense.com.br\/cbradar\/quais-sao-os-beneficios-das-bananas-verdes-na-saude\/#breadcrumb","itemListElement":[{"@type":"ListItem","position":1,"name":"In\u00edcio","item":"https:\/\/www.correiobraziliense.com.br\/cbradar\/"},{"@type":"ListItem","position":2,"name":"Quais s\u00e3o os benef\u00edcios das bananas verdes na sa\u00fade?"}]},{"@type":"WebSite","@id":"https:\/\/www.correiobraziliense.com.br\/cbradar\/#website","url":"https:\/\/www.correiobraziliense.com.br\/cbradar\/","name":"Correio Braziliense - Radar","description":"Acompanhe as \u00faltimas not\u00edcias e fique bem informado sobre tudo o que acontece no Brasil e no mundo.","potentialAction":[{"@type":"SearchAction","target":{"@type":"EntryPoint","urlTemplate":"https:\/\/www.correiobraziliense.com.br\/cbradar\/?s={search_term_string}"},"query-input":{"@type":"PropertyValueSpecification","valueRequired":true,"valueName":"search_term_string"}}],"inLanguage":"pt-BR"},{"@type":"Person","@id":"https:\/\/www.correiobraziliense.com.br\/cbradar\/#\/schema\/person\/7356666e12ec0ee53f348ee5db227032","name":"Daniely Cardoso","image":{"@type":"ImageObject","inLanguage":"pt-BR","@id":"https:\/\/www.correiobraziliense.com.br\/cbradar\/#\/schema\/person\/image\/","url":"https:\/\/secure.gravatar.com\/avatar\/4b80ddbd124d1f071b626d52d62e5dff?s=96&d=mm&r=g","contentUrl":"https:\/\/secure.gravatar.com\/avatar\/4b80ddbd124d1f071b626d52d62e5dff?s=96&d=mm&r=g","caption":"Daniely Cardoso"},"description":"Redatora nos portais CB Radar e EM Foco, formada pela Universidade Federal de Goi\u00e1s, em Goi\u00e2nia. Apaixonada por comunica\u00e7\u00e3o, arte, decora\u00e7\u00e3o e tend\u00eancias, atuo na produ\u00e7\u00e3o de conte\u00fados envolventes sobre curiosidades, moda, beleza e paisagismo, sempre com um olhar atento \u00e0s novidades do momento.","sameAs":["https:\/\/www.correiobraziliense.com.br\/cbradar"],"url":"https:\/\/www.correiobraziliense.com.br\/cbradar\/author\/danielymyth\/"}]}},"_links":{"self":[{"href":"https:\/\/www.correiobraziliense.com.br\/cbradar\/wp-json\/wp\/v2\/posts\/118750","targetHints":{"allow":["GET"]}}],"collection":[{"href":"https:\/\/www.correiobraziliense.com.br\/cbradar\/wp-json\/wp\/v2\/posts"}],"about":[{"href":"https:\/\/www.correiobraziliense.com.br\/cbradar\/wp-json\/wp\/v2\/types\/post"}],"author":[{"embeddable":true,"href":"https:\/\/www.correiobraziliense.com.br\/cbradar\/wp-json\/wp\/v2\/users\/9"}],"replies":[{"embeddable":true,"href":"https:\/\/www.correiobraziliense.com.br\/cbradar\/wp-json\/wp\/v2\/comments?post=118750"}],"version-history":[{"count":3,"href":"https:\/\/www.correiobraziliense.com.br\/cbradar\/wp-json\/wp\/v2\/posts\/118750\/revisions"}],"predecessor-version":[{"id":118920,"href":"https:\/\/www.correiobraziliense.com.br\/cbradar\/wp-json\/wp\/v2\/posts\/118750\/revisions\/118920"}],"wp:featuredmedia":[{"embeddable":true,"href":"https:\/\/www.correiobraziliense.com.br\/cbradar\/wp-json\/wp\/v2\/media\/43743"}],"wp:attachment":[{"href":"https:\/\/www.correiobraziliense.com.br\/cbradar\/wp-json\/wp\/v2\/media?parent=118750"}],"wp:term":[{"taxonomy":"category","embeddable":true,"href":"https:\/\/www.correiobraziliense.com.br\/cbradar\/wp-json\/wp\/v2\/categories?post=118750"},{"taxonomy":"post_tag","embeddable":true,"href":"https:\/\/www.correiobraziliense.com.br\/cbradar\/wp-json\/wp\/v2\/post_tag?post=118750"}],"curies":[{"name":"wp","href":"https:\/\/api.w.org\/{rel}","templated":true}]}}