{"id":119057,"date":"2025-10-16T17:25:00","date_gmt":"2025-10-16T20:25:00","guid":{"rendered":"https:\/\/www.correiobraziliense.com.br\/cbradar\/?p=119057"},"modified":"2025-10-15T12:55:46","modified_gmt":"2025-10-15T15:55:46","slug":"voce-precisa-incluir-essa-bebida-na-sua-dieta","status":"publish","type":"post","link":"https:\/\/www.correiobraziliense.com.br\/cbradar\/voce-precisa-incluir-essa-bebida-na-sua-dieta\/","title":{"rendered":"Voc\u00ea precisa incluir essa bebida na sua dieta"},"content":{"rendered":"\n<p>Com a crescente busca por uma <strong>alimenta\u00e7\u00e3o equilibrada<\/strong>, o ch\u00e1 ganha destaque como alternativa de baixo teor cal\u00f3rico e por seus benef\u00edcios \u00e0 sa\u00fade. Seja na vers\u00e3o preta, verde, ou em infus\u00f5es de ervas e flores, ele se diferencia pelo sabor, capacidade de hidrata\u00e7\u00e3o e por substituir bebidas ricas em a\u00e7\u00facar e calorias sem quase acrescentar calorias \u00e0 dieta.<\/p>\n\n\n\n<h2 class=\"wp-block-heading\">Quais s\u00e3o os principais benef\u00edcios do ch\u00e1 para o metabolismo?<\/h2>\n\n\n\n<p>O ch\u00e1 \u00e9 uma escolha saud\u00e1vel para quem busca uma melhor efici\u00eancia metab\u00f3lica. Variedades como ch\u00e1 verde, preto e branco cont\u00eam cafe\u00edna e catequinas, que favorecem a termog\u00eanese e auxiliam na queima de calorias.<\/p>\n\n\n\n<p>Consumidores regulares de <strong>ch\u00e1 verde<\/strong> podem notar uma leve redu\u00e7\u00e3o de peso, impulsionada pela cafe\u00edna e o <strong>antioxidante <\/strong>EGCG. Esses efeitos s\u00e3o modestos, mas, aliados a uma alimenta\u00e7\u00e3o balanceada, tornam o ch\u00e1 um apoio interessante para controle do peso.<\/p>\n\n\n\n<figure class=\"wp-block-image size-large\"><img decoding=\"async\" width=\"1024\" height=\"576\" src=\"https:\/\/www.correiobraziliense.com.br\/cbradar\/wp-content\/uploads\/2025\/10\/cha_1760409723376-1024x576.jpg\" alt=\"Menos a\u00e7\u00facar, mais sa\u00fade: Por que o ch\u00e1 \u00e9 um aliado da dieta\" class=\"wp-image-119067\" srcset=\"https:\/\/www.correiobraziliense.com.br\/cbradar\/wp-content\/uploads\/2025\/10\/cha_1760409723376-1024x576.jpg 1024w, https:\/\/www.correiobraziliense.com.br\/cbradar\/wp-content\/uploads\/2025\/10\/cha_1760409723376-300x169.jpg 300w, https:\/\/www.correiobraziliense.com.br\/cbradar\/wp-content\/uploads\/2025\/10\/cha_1760409723376-768x432.jpg 768w, https:\/\/www.correiobraziliense.com.br\/cbradar\/wp-content\/uploads\/2025\/10\/cha_1760409723376-750x422.jpg 750w, https:\/\/www.correiobraziliense.com.br\/cbradar\/wp-content\/uploads\/2025\/10\/cha_1760409723376-1140x641.jpg 1140w, https:\/\/www.correiobraziliense.com.br\/cbradar\/wp-content\/uploads\/2025\/10\/cha_1760409723376.jpg 1280w\" sizes=\"(max-width: 1024px) 100vw, 1024px\" \/><figcaption class=\"wp-element-caption\">Enchendo x\u00edcara de ch\u00e1\nCr\u00e9ditos: depositphotos.com \/ tankist276<\/figcaption><\/figure>\n\n\n\n<h2 class=\"wp-block-heading\">Como o consumo de ch\u00e1 pode ajudar a combater o estresse?<\/h2>\n\n\n\n<p>O estresse pode prejudicar o emagrecimento ao elevar horm\u00f4nios que aumentam o apetite. O ato de apreciar uma x\u00edcara de ch\u00e1 <strong>relaxa <\/strong>e contribui para o <strong>bem-estar<\/strong>, especialmente com variedades como o ch\u00e1 verde, rico em L-teanina, que favorece a libera\u00e7\u00e3o de neurotransmissores calmantes.<\/p>\n\n\n\n<p>Para quem prefere vers\u00f5es sem <strong>cafe\u00edna<\/strong>, op\u00e7\u00f5es como tulsi (manjeric\u00e3o sagrado) e ashwagandha oferecem compostos <strong>adapt\u00f3genos<\/strong>, que ajudam o organismo a lidar melhor com situa\u00e7\u00f5es estressantes. \u00c9 sempre importante consultar um m\u00e9dico antes de consumir essas ervas, principalmente gestantes e lactantes.<\/p>\n\n\n\n<p>Leia tamb\u00e9m: <a href=\"https:\/\/www.correiobraziliense.com.br\/cbradar\/o-cha-poderoso-que-ajuda-contra-inflamacoes-na-garganta-e-gripe\/\" target=\"_blank\" rel=\"noreferrer noopener\">O ch\u00e1 poderoso que ajuda contra inflama\u00e7\u00f5es na garganta e gripe<\/a><\/p>\n\n\n\n<h2 class=\"wp-block-heading\">Como incluir o ch\u00e1 de forma saud\u00e1vel na rotina di\u00e1ria?<\/h2>\n\n\n\n<p>Vale refor\u00e7ar que o ideal \u00e9 evitar ou limitar o uso de a\u00e7\u00facar no ch\u00e1. Alternativas como stevia, lim\u00e3o ou canela podem ser adicionadas para aprimorar o sabor sem impacto cal\u00f3rico. Abaixo est\u00e3o algumas recomenda\u00e7\u00f5es pr\u00e1ticas para o consumo consciente do ch\u00e1:<\/p>\n\n\n\n<ul class=\"wp-block-list\">\n<li>Prefira variedades cafeinadas no in\u00edcio do dia, evitando poss\u00edveis impactos no sono.<\/li>\n\n\n\n<li>Sinta o sabor e aprecie o ch\u00e1 devagar durante as refei\u00e7\u00f5es para melhorar a saciedade.<\/li>\n\n\n\n<li>Opte por ingredientes naturais para dar um toque extra de sabor e benef\u00edcios.<\/li>\n<\/ul>\n","protected":false},"excerpt":{"rendered":"<p>Descubra como diferentes tipos de ch\u00e1 podem acelerar seu metabolismo e oferecer uma deliciosa alternativa \u00e0 \u00e1gua.<\/p>\n","protected":false},"author":3,"featured_media":119066,"comment_status":"open","ping_status":"open","sticky":false,"template":"","format":"standard","meta":{"_yoast_wpseo_focuskw":"ch\u00e1 metabolismo","_yoast_wpseo_title":"%%title%%","_yoast_wpseo_metadesc":"Descubra como diferentes tipos de ch\u00e1 podem acelerar seu metabolismo e oferecer uma deliciosa alternativa \u00e0 \u00e1gua.","jnews-multi-image_gallery":[],"jnews_single_post":{"format":"standard"},"jnews_primary_category":[],"jnews_social_meta":[],"jnews_override_counter":[],"footnotes":""},"categories":[112],"tags":[5395,194,535],"class_list":["post-119057","post","type-post","status-publish","format-standard","has-post-thumbnail","hentry","category-curiosidades","tag-bebida","tag-beneficios","tag-cha"],"yoast_head":"<!-- This site is optimized with the Yoast SEO plugin v24.6 - https:\/\/yoast.com\/wordpress\/plugins\/seo\/ -->\n<title>Voc\u00ea precisa incluir essa bebida na sua dieta<\/title>\n<meta name=\"description\" content=\"Descubra como diferentes tipos de ch\u00e1 podem acelerar seu metabolismo e oferecer uma deliciosa alternativa \u00e0 \u00e1gua.\" \/>\n<meta name=\"robots\" content=\"index, follow, max-snippet:-1, max-image-preview:large, max-video-preview:-1\" \/>\n<link rel=\"canonical\" href=\"https:\/\/www.correiobraziliense.com.br\/cbradar\/voce-precisa-incluir-essa-bebida-na-sua-dieta\/\" \/>\n<meta property=\"og:locale\" content=\"pt_BR\" \/>\n<meta property=\"og:type\" content=\"article\" \/>\n<meta property=\"og:title\" content=\"Voc\u00ea precisa incluir essa bebida na sua dieta\" \/>\n<meta property=\"og:description\" content=\"Descubra como diferentes tipos de ch\u00e1 podem acelerar seu metabolismo e oferecer uma deliciosa alternativa \u00e0 \u00e1gua.\" \/>\n<meta property=\"og:url\" content=\"https:\/\/www.correiobraziliense.com.br\/cbradar\/voce-precisa-incluir-essa-bebida-na-sua-dieta\/\" \/>\n<meta property=\"og:site_name\" content=\"Correio Braziliense - Radar\" \/>\n<meta property=\"article:published_time\" content=\"2025-10-16T20:25:00+00:00\" \/>\n<meta property=\"og:image\" content=\"https:\/\/www.correiobraziliense.com.br\/cbradar\/wp-content\/uploads\/2025\/10\/cha_1760409700002.jpg\" \/>\n\t<meta property=\"og:image:width\" content=\"1280\" \/>\n\t<meta property=\"og:image:height\" content=\"720\" \/>\n\t<meta property=\"og:image:type\" content=\"image\/jpeg\" \/>\n<meta name=\"author\" content=\"Larissa Carvalho\" \/>\n<meta name=\"twitter:card\" content=\"summary_large_image\" \/>\n<meta name=\"twitter:label1\" content=\"Escrito por\" \/>\n\t<meta name=\"twitter:data1\" content=\"Larissa Carvalho\" \/>\n\t<meta name=\"twitter:label2\" content=\"Est. tempo de leitura\" \/>\n\t<meta name=\"twitter:data2\" content=\"3 minutos\" \/>\n<!-- \/ Yoast SEO plugin. -->","yoast_head_json":{"title":"Voc\u00ea precisa incluir essa bebida na sua dieta","description":"Descubra como diferentes tipos de ch\u00e1 podem acelerar seu metabolismo e oferecer uma deliciosa alternativa \u00e0 \u00e1gua.","robots":{"index":"index","follow":"follow","max-snippet":"max-snippet:-1","max-image-preview":"max-image-preview:large","max-video-preview":"max-video-preview:-1"},"canonical":"https:\/\/www.correiobraziliense.com.br\/cbradar\/voce-precisa-incluir-essa-bebida-na-sua-dieta\/","og_locale":"pt_BR","og_type":"article","og_title":"Voc\u00ea precisa incluir essa bebida na sua dieta","og_description":"Descubra como diferentes tipos de ch\u00e1 podem acelerar seu metabolismo e oferecer uma deliciosa alternativa \u00e0 \u00e1gua.","og_url":"https:\/\/www.correiobraziliense.com.br\/cbradar\/voce-precisa-incluir-essa-bebida-na-sua-dieta\/","og_site_name":"Correio Braziliense - Radar","article_published_time":"2025-10-16T20:25:00+00:00","og_image":[{"width":1280,"height":720,"url":"https:\/\/www.correiobraziliense.com.br\/cbradar\/wp-content\/uploads\/2025\/10\/cha_1760409700002.jpg","type":"image\/jpeg"}],"author":"Larissa Carvalho","twitter_card":"summary_large_image","twitter_misc":{"Escrito por":"Larissa Carvalho","Est. tempo de leitura":"3 minutos"},"schema":{"@context":"https:\/\/schema.org","@graph":[{"@type":"WebPage","@id":"https:\/\/www.correiobraziliense.com.br\/cbradar\/voce-precisa-incluir-essa-bebida-na-sua-dieta\/","url":"https:\/\/www.correiobraziliense.com.br\/cbradar\/voce-precisa-incluir-essa-bebida-na-sua-dieta\/","name":"Voc\u00ea precisa incluir essa bebida na sua dieta","isPartOf":{"@id":"https:\/\/www.correiobraziliense.com.br\/cbradar\/#website"},"primaryImageOfPage":{"@id":"https:\/\/www.correiobraziliense.com.br\/cbradar\/voce-precisa-incluir-essa-bebida-na-sua-dieta\/#primaryimage"},"image":{"@id":"https:\/\/www.correiobraziliense.com.br\/cbradar\/voce-precisa-incluir-essa-bebida-na-sua-dieta\/#primaryimage"},"thumbnailUrl":"https:\/\/www.correiobraziliense.com.br\/cbradar\/wp-content\/uploads\/2025\/10\/cha_1760409700002.jpg","datePublished":"2025-10-16T20:25:00+00:00","author":{"@id":"https:\/\/www.correiobraziliense.com.br\/cbradar\/#\/schema\/person\/58422787644df994b53a19d3e56c1513"},"description":"Descubra como diferentes tipos de ch\u00e1 podem acelerar seu metabolismo e oferecer uma deliciosa alternativa \u00e0 \u00e1gua.","breadcrumb":{"@id":"https:\/\/www.correiobraziliense.com.br\/cbradar\/voce-precisa-incluir-essa-bebida-na-sua-dieta\/#breadcrumb"},"inLanguage":"pt-BR","potentialAction":[{"@type":"ReadAction","target":["https:\/\/www.correiobraziliense.com.br\/cbradar\/voce-precisa-incluir-essa-bebida-na-sua-dieta\/"]}]},{"@type":"ImageObject","inLanguage":"pt-BR","@id":"https:\/\/www.correiobraziliense.com.br\/cbradar\/voce-precisa-incluir-essa-bebida-na-sua-dieta\/#primaryimage","url":"https:\/\/www.correiobraziliense.com.br\/cbradar\/wp-content\/uploads\/2025\/10\/cha_1760409700002.jpg","contentUrl":"https:\/\/www.correiobraziliense.com.br\/cbradar\/wp-content\/uploads\/2025\/10\/cha_1760409700002.jpg","width":1280,"height":720,"caption":"Mulher servindo x\u00edcara de ch\u00e1 Cr\u00e9ditos: depositphotos.com \/ TarasMalyarevich"},{"@type":"BreadcrumbList","@id":"https:\/\/www.correiobraziliense.com.br\/cbradar\/voce-precisa-incluir-essa-bebida-na-sua-dieta\/#breadcrumb","itemListElement":[{"@type":"ListItem","position":1,"name":"In\u00edcio","item":"https:\/\/www.correiobraziliense.com.br\/cbradar\/"},{"@type":"ListItem","position":2,"name":"Voc\u00ea precisa incluir essa bebida na sua dieta"}]},{"@type":"WebSite","@id":"https:\/\/www.correiobraziliense.com.br\/cbradar\/#website","url":"https:\/\/www.correiobraziliense.com.br\/cbradar\/","name":"Correio Braziliense - Radar","description":"Acompanhe as \u00faltimas not\u00edcias e fique bem informado sobre tudo o que acontece no Brasil e no mundo.","potentialAction":[{"@type":"SearchAction","target":{"@type":"EntryPoint","urlTemplate":"https:\/\/www.correiobraziliense.com.br\/cbradar\/?s={search_term_string}"},"query-input":{"@type":"PropertyValueSpecification","valueRequired":true,"valueName":"search_term_string"}}],"inLanguage":"pt-BR"},{"@type":"Person","@id":"https:\/\/www.correiobraziliense.com.br\/cbradar\/#\/schema\/person\/58422787644df994b53a19d3e56c1513","name":"Larissa Carvalho","image":{"@type":"ImageObject","inLanguage":"pt-BR","@id":"https:\/\/www.correiobraziliense.com.br\/cbradar\/#\/schema\/person\/image\/","url":"https:\/\/secure.gravatar.com\/avatar\/fe4f91a0de32b52a838d0d612abdc1aa?s=96&d=mm&r=g","contentUrl":"https:\/\/secure.gravatar.com\/avatar\/fe4f91a0de32b52a838d0d612abdc1aa?s=96&d=mm&r=g","caption":"Larissa Carvalho"},"url":"https:\/\/www.correiobraziliense.com.br\/cbradar\/author\/larissamyth\/"}]}},"_links":{"self":[{"href":"https:\/\/www.correiobraziliense.com.br\/cbradar\/wp-json\/wp\/v2\/posts\/119057","targetHints":{"allow":["GET"]}}],"collection":[{"href":"https:\/\/www.correiobraziliense.com.br\/cbradar\/wp-json\/wp\/v2\/posts"}],"about":[{"href":"https:\/\/www.correiobraziliense.com.br\/cbradar\/wp-json\/wp\/v2\/types\/post"}],"author":[{"embeddable":true,"href":"https:\/\/www.correiobraziliense.com.br\/cbradar\/wp-json\/wp\/v2\/users\/3"}],"replies":[{"embeddable":true,"href":"https:\/\/www.correiobraziliense.com.br\/cbradar\/wp-json\/wp\/v2\/comments?post=119057"}],"version-history":[{"count":4,"href":"https:\/\/www.correiobraziliense.com.br\/cbradar\/wp-json\/wp\/v2\/posts\/119057\/revisions"}],"predecessor-version":[{"id":119879,"href":"https:\/\/www.correiobraziliense.com.br\/cbradar\/wp-json\/wp\/v2\/posts\/119057\/revisions\/119879"}],"wp:featuredmedia":[{"embeddable":true,"href":"https:\/\/www.correiobraziliense.com.br\/cbradar\/wp-json\/wp\/v2\/media\/119066"}],"wp:attachment":[{"href":"https:\/\/www.correiobraziliense.com.br\/cbradar\/wp-json\/wp\/v2\/media?parent=119057"}],"wp:term":[{"taxonomy":"category","embeddable":true,"href":"https:\/\/www.correiobraziliense.com.br\/cbradar\/wp-json\/wp\/v2\/categories?post=119057"},{"taxonomy":"post_tag","embeddable":true,"href":"https:\/\/www.correiobraziliense.com.br\/cbradar\/wp-json\/wp\/v2\/tags?post=119057"}],"curies":[{"name":"wp","href":"https:\/\/api.w.org\/{rel}","templated":true}]}}