{"id":119434,"date":"2025-10-15T18:05:52","date_gmt":"2025-10-15T21:05:52","guid":{"rendered":"https:\/\/www.correiobraziliense.com.br\/cbradar\/?p=119434"},"modified":"2025-10-14T20:45:17","modified_gmt":"2025-10-14T23:45:17","slug":"como-evitar-pes-inchados-em-viagens-longas-de-aviao-ou-carro","status":"publish","type":"post","link":"https:\/\/www.correiobraziliense.com.br\/cbradar\/como-evitar-pes-inchados-em-viagens-longas-de-aviao-ou-carro\/","title":{"rendered":"Como evitar p\u00e9s inchados em viagens longas de avi\u00e3o ou carro"},"content":{"rendered":"\n<p>O <strong>incha\u00e7o nos p\u00e9s<\/strong> durante <strong>viagens longas<\/strong> \u00e9 uma situa\u00e7\u00e3o frequente, causado principalmente pela dificuldade de <strong>circula\u00e7\u00e3o sangu\u00ednea<\/strong> devido \u00e0 imobilidade por per\u00edodos extensos. Al\u00e9m do desconforto, o <strong>edema<\/strong> pode atrapalhar o aproveitamento da viagem, sendo importante conhecer formas eficientes de <strong>preven\u00e7\u00e3o<\/strong> e cuidados.<\/p>\n\n\n\n<h2 class=\"wp-block-heading\">Descubra como evitar o incha\u00e7o nos p\u00e9s durante viagens longas<\/h2>\n\n\n\n<p>A <strong>preven\u00e7\u00e3o do incha\u00e7o nas pernas<\/strong> \u00e9 fundamental para garantir conforto em deslocamentos prolongados. Isso est\u00e1 relacionado principalmente a estrat\u00e9gias que favore\u00e7am o <strong>retorno venoso<\/strong> e ajudem a manter a boa circula\u00e7\u00e3o.<\/p>\n\n\n\n<p>Adotar uma rotina de <strong>movimenta\u00e7\u00e3o<\/strong> e utilizar alguns aliados ao longo da viagem s\u00e3o pr\u00e1ticas recomendadas. Veja dicas importantes para reduzir o risco de incha\u00e7o e proteger a <strong>sa\u00fade das pernas<\/strong>:<\/p>\n\n\n\n<ul class=\"wp-block-list\">\n<li><strong>Uso de meias de compress\u00e3o:<\/strong> Estas meias auxiliam o <strong>fluxo sangu\u00edneo<\/strong> e diminuem a sensa\u00e7\u00e3o de peso nas pernas.<\/li>\n\n\n\n<li><strong>Hidrata\u00e7\u00e3o cont\u00ednua:<\/strong> <strong>Beber \u00e1gua<\/strong> regularmente \u00e9 fundamental para evitar reten\u00e7\u00e3o de l\u00edquidos.<\/li>\n\n\n\n<li><strong>Exerc\u00edcios simples de alongamento:<\/strong> Movimentar e <strong>flexionar os p\u00e9s<\/strong> a cada hora ajuda a ativar a circula\u00e7\u00e3o.<\/li>\n<\/ul>\n\n\n\n<h2 class=\"wp-block-heading\">Saiba como a alimenta\u00e7\u00e3o pode influenciar o incha\u00e7o nos p\u00e9s<\/h2>\n\n\n\n<p>Uma <strong>dieta equilibrada<\/strong> tem impacto direto na <strong>preven\u00e7\u00e3o do <\/strong><a href=\"https:\/\/www.rededorsaoluiz.com.br\/doencas\/edema\" target=\"_blank\" rel=\"noreferrer noopener\">edema <\/a>nos p\u00e9s e tornozelos, especialmente em viagens. Escolhas alimentares adequadas ajudam a evitar o <strong>ac\u00famulo desnecess\u00e1rio de l\u00edquidos<\/strong> no corpo.<\/p>\n\n\n\n<p>Alguns alimentos podem ser aliados na <strong>redu\u00e7\u00e3o do incha\u00e7o<\/strong>, especialmente por controlarem a ingest\u00e3o de <strong>s\u00f3dio<\/strong> e promoverem a **elimina\u00e7\u00e3o de l\u00edquido**. Confira alimentos ideais para incluir e evitar durante viagens:<\/p>\n\n\n\n<ol class=\"wp-block-list\">\n<li><strong>Reduzir o consumo de sal:<\/strong> Priorize <strong>lanches naturais<\/strong> e evite alimentos industrializados.<\/li>\n\n\n\n<li><strong>Aumentar a ingest\u00e3o de pot\u00e1ssio:<\/strong> Inclua na alimenta\u00e7\u00e3o <strong>frutas<\/strong> como banana e abacate para o equil\u00edbrio dos minerais.<\/li>\n\n\n\n<li><strong>Incorporar diur\u00e9ticos naturais na dieta:<\/strong> Consuma <strong>pepino<\/strong>, <strong>melancia<\/strong> e <strong>abacaxi<\/strong> para ajudar na elimina\u00e7\u00e3o do excesso de \u00e1gua.<\/li>\n<\/ol>\n\n\n<div class=\"wp-block-image\">\n<figure class=\"aligncenter size-large\"><img decoding=\"async\" width=\"1024\" height=\"576\" src=\"https:\/\/www.correiobraziliense.com.br\/cbradar\/wp-content\/uploads\/2025\/08\/Foot-hammock_1755109054976-1024x576.jpg\" alt=\"\" class=\"wp-image-86010\" srcset=\"https:\/\/www.correiobraziliense.com.br\/cbradar\/wp-content\/uploads\/2025\/08\/Foot-hammock_1755109054976-1024x576.jpg 1024w, https:\/\/www.correiobraziliense.com.br\/cbradar\/wp-content\/uploads\/2025\/08\/Foot-hammock_1755109054976-300x169.jpg 300w, https:\/\/www.correiobraziliense.com.br\/cbradar\/wp-content\/uploads\/2025\/08\/Foot-hammock_1755109054976-768x432.jpg 768w, https:\/\/www.correiobraziliense.com.br\/cbradar\/wp-content\/uploads\/2025\/08\/Foot-hammock_1755109054976-750x422.jpg 750w, https:\/\/www.correiobraziliense.com.br\/cbradar\/wp-content\/uploads\/2025\/08\/Foot-hammock_1755109054976-1140x641.jpg 1140w, https:\/\/www.correiobraziliense.com.br\/cbradar\/wp-content\/uploads\/2025\/08\/Foot-hammock_1755109054976.jpg 1280w\" sizes=\"(max-width: 1024px) 100vw, 1024px\" \/><figcaption class=\"wp-element-caption\">Rede para os p\u00e9s &#8211; Cr\u00e9ditos: depositphotos.com \/ AnastasiiaZab<\/figcaption><\/figure><\/div>\n\n\n<p>Leia tamb\u00e9m: <a href=\"https:\/\/www.correiobraziliense.com.br\/cbradar\/os-destinos-mais-acolhedores-e-acessiveis-para-idosos-viajarem-com-seguranca\/\" target=\"_blank\" rel=\"noopener\">Os destinos mais acolhedores e acess\u00edveis para idosos viajarem com seguran\u00e7a<\/a><\/p>\n\n\n\n<h2 class=\"wp-block-heading\">Como a escolha do cal\u00e7ado pode ajudar a prevenir o incha\u00e7o<\/h2>\n\n\n\n<p>Utilizar <strong>cal\u00e7ados adequados<\/strong> \u00e9 um dos fatores determinantes para prevenir desconforto e incha\u00e7o ao longo de viagens. <strong>Sapatos confort\u00e1veis<\/strong> e que permitam a circula\u00e7\u00e3o dos p\u00e9s s\u00e3o sempre as melhores op\u00e7\u00f5es.<\/p>\n\n\n\n<p>Al\u00e9m disso, priorize modelos com <strong>amortecimento<\/strong>, evitando sapatos apertados ou com <strong>saltos altos<\/strong>. Isso facilita a circula\u00e7\u00e3o e reduz a press\u00e3o nos p\u00e9s, promovendo maior bem-estar durante todo o percurso.<\/p>\n\n\n\n<p>Ao adotar essas medidas de <strong>preven\u00e7\u00e3o<\/strong>, \u00e9 poss\u00edvel viajar com mais <strong>sa\u00fade<\/strong> e <strong>conforto<\/strong>, minimizando os riscos de incha\u00e7o nas pernas e p\u00e9s e aproveitando a experi\u00eancia com mais qualidade.<\/p>\n","protected":false},"excerpt":{"rendered":"<p>Evite incha\u00e7o nos p\u00e9s durante viagens longas com meias de compress\u00e3o, hidrata\u00e7\u00e3o, exerc\u00edcios e cal\u00e7ados confort\u00e1veis.<\/p>\n","protected":false},"author":9,"featured_media":119440,"comment_status":"open","ping_status":"open","sticky":false,"template":"","format":"standard","meta":{"_yoast_wpseo_focuskw":"evitar o incha\u00e7o nos p\u00e9s na viagem","_yoast_wpseo_title":"%%title%% %%page%%","_yoast_wpseo_metadesc":"Evite incha\u00e7o nos p\u00e9s durante viagens longas com meias de compress\u00e3o, hidrata\u00e7\u00e3o, exerc\u00edcios e cal\u00e7ados confort\u00e1veis.","jnews-multi-image_gallery":[],"jnews_single_post":{"format":"standard"},"jnews_primary_category":[],"jnews_social_meta":[],"jnews_override_counter":[],"footnotes":""},"categories":[112,111],"tags":[8364,10827,181],"class_list":["post-119434","post","type-post","status-publish","format-standard","has-post-thumbnail","hentry","category-curiosidades","category-turismo","tag-pes-inchados","tag-retencao-de-liquido","tag-viagem"],"yoast_head":"<!-- This site is optimized with the Yoast SEO plugin v24.6 - https:\/\/yoast.com\/wordpress\/plugins\/seo\/ -->\n<title>Como evitar p\u00e9s inchados em viagens longas de avi\u00e3o ou carro<\/title>\n<meta name=\"description\" content=\"Evite incha\u00e7o nos p\u00e9s durante viagens longas com meias de compress\u00e3o, hidrata\u00e7\u00e3o, exerc\u00edcios e cal\u00e7ados confort\u00e1veis.\" \/>\n<meta name=\"robots\" content=\"index, follow, max-snippet:-1, max-image-preview:large, max-video-preview:-1\" \/>\n<link rel=\"canonical\" href=\"https:\/\/www.correiobraziliense.com.br\/cbradar\/como-evitar-pes-inchados-em-viagens-longas-de-aviao-ou-carro\/\" \/>\n<meta property=\"og:locale\" content=\"pt_BR\" \/>\n<meta property=\"og:type\" content=\"article\" \/>\n<meta property=\"og:title\" content=\"Como evitar p\u00e9s inchados em viagens longas de avi\u00e3o ou carro\" \/>\n<meta property=\"og:description\" content=\"Evite incha\u00e7o nos p\u00e9s durante viagens longas com meias de compress\u00e3o, hidrata\u00e7\u00e3o, exerc\u00edcios e cal\u00e7ados confort\u00e1veis.\" \/>\n<meta property=\"og:url\" content=\"https:\/\/www.correiobraziliense.com.br\/cbradar\/como-evitar-pes-inchados-em-viagens-longas-de-aviao-ou-carro\/\" \/>\n<meta property=\"og:site_name\" content=\"Correio Braziliense - Radar\" \/>\n<meta property=\"article:published_time\" content=\"2025-10-15T21:05:52+00:00\" \/>\n<meta property=\"og:image\" content=\"https:\/\/www.correiobraziliense.com.br\/cbradar\/wp-content\/uploads\/2025\/10\/pe-inchado_1760464353732.jpg\" \/>\n\t<meta property=\"og:image:width\" content=\"1280\" \/>\n\t<meta property=\"og:image:height\" content=\"720\" \/>\n\t<meta property=\"og:image:type\" content=\"image\/jpeg\" \/>\n<meta name=\"author\" content=\"Daniely Cardoso\" \/>\n<meta name=\"twitter:card\" content=\"summary_large_image\" \/>\n<meta name=\"twitter:label1\" content=\"Escrito por\" \/>\n\t<meta name=\"twitter:data1\" content=\"Daniely Cardoso\" \/>\n\t<meta name=\"twitter:label2\" content=\"Est. tempo de leitura\" \/>\n\t<meta name=\"twitter:data2\" content=\"3 minutos\" \/>\n<!-- \/ Yoast SEO plugin. -->","yoast_head_json":{"title":"Como evitar p\u00e9s inchados em viagens longas de avi\u00e3o ou carro","description":"Evite incha\u00e7o nos p\u00e9s durante viagens longas com meias de compress\u00e3o, hidrata\u00e7\u00e3o, exerc\u00edcios e cal\u00e7ados confort\u00e1veis.","robots":{"index":"index","follow":"follow","max-snippet":"max-snippet:-1","max-image-preview":"max-image-preview:large","max-video-preview":"max-video-preview:-1"},"canonical":"https:\/\/www.correiobraziliense.com.br\/cbradar\/como-evitar-pes-inchados-em-viagens-longas-de-aviao-ou-carro\/","og_locale":"pt_BR","og_type":"article","og_title":"Como evitar p\u00e9s inchados em viagens longas de avi\u00e3o ou carro","og_description":"Evite incha\u00e7o nos p\u00e9s durante viagens longas com meias de compress\u00e3o, hidrata\u00e7\u00e3o, exerc\u00edcios e cal\u00e7ados confort\u00e1veis.","og_url":"https:\/\/www.correiobraziliense.com.br\/cbradar\/como-evitar-pes-inchados-em-viagens-longas-de-aviao-ou-carro\/","og_site_name":"Correio Braziliense - Radar","article_published_time":"2025-10-15T21:05:52+00:00","og_image":[{"width":1280,"height":720,"url":"https:\/\/www.correiobraziliense.com.br\/cbradar\/wp-content\/uploads\/2025\/10\/pe-inchado_1760464353732.jpg","type":"image\/jpeg"}],"author":"Daniely Cardoso","twitter_card":"summary_large_image","twitter_misc":{"Escrito por":"Daniely Cardoso","Est. tempo de leitura":"3 minutos"},"schema":{"@context":"https:\/\/schema.org","@graph":[{"@type":"WebPage","@id":"https:\/\/www.correiobraziliense.com.br\/cbradar\/como-evitar-pes-inchados-em-viagens-longas-de-aviao-ou-carro\/","url":"https:\/\/www.correiobraziliense.com.br\/cbradar\/como-evitar-pes-inchados-em-viagens-longas-de-aviao-ou-carro\/","name":"Como evitar p\u00e9s inchados em viagens longas de avi\u00e3o ou carro","isPartOf":{"@id":"https:\/\/www.correiobraziliense.com.br\/cbradar\/#website"},"primaryImageOfPage":{"@id":"https:\/\/www.correiobraziliense.com.br\/cbradar\/como-evitar-pes-inchados-em-viagens-longas-de-aviao-ou-carro\/#primaryimage"},"image":{"@id":"https:\/\/www.correiobraziliense.com.br\/cbradar\/como-evitar-pes-inchados-em-viagens-longas-de-aviao-ou-carro\/#primaryimage"},"thumbnailUrl":"https:\/\/www.correiobraziliense.com.br\/cbradar\/wp-content\/uploads\/2025\/10\/pe-inchado_1760464353732.jpg","datePublished":"2025-10-15T21:05:52+00:00","author":{"@id":"https:\/\/www.correiobraziliense.com.br\/cbradar\/#\/schema\/person\/7356666e12ec0ee53f348ee5db227032"},"description":"Evite incha\u00e7o nos p\u00e9s durante viagens longas com meias de compress\u00e3o, hidrata\u00e7\u00e3o, exerc\u00edcios e cal\u00e7ados confort\u00e1veis.","breadcrumb":{"@id":"https:\/\/www.correiobraziliense.com.br\/cbradar\/como-evitar-pes-inchados-em-viagens-longas-de-aviao-ou-carro\/#breadcrumb"},"inLanguage":"pt-BR","potentialAction":[{"@type":"ReadAction","target":["https:\/\/www.correiobraziliense.com.br\/cbradar\/como-evitar-pes-inchados-em-viagens-longas-de-aviao-ou-carro\/"]}]},{"@type":"ImageObject","inLanguage":"pt-BR","@id":"https:\/\/www.correiobraziliense.com.br\/cbradar\/como-evitar-pes-inchados-em-viagens-longas-de-aviao-ou-carro\/#primaryimage","url":"https:\/\/www.correiobraziliense.com.br\/cbradar\/wp-content\/uploads\/2025\/10\/pe-inchado_1760464353732.jpg","contentUrl":"https:\/\/www.correiobraziliense.com.br\/cbradar\/wp-content\/uploads\/2025\/10\/pe-inchado_1760464353732.jpg","width":1280,"height":720,"caption":"P\u00e9s inchados - Cr\u00e9ditos: depositphotos.com \/ comzeal"},{"@type":"BreadcrumbList","@id":"https:\/\/www.correiobraziliense.com.br\/cbradar\/como-evitar-pes-inchados-em-viagens-longas-de-aviao-ou-carro\/#breadcrumb","itemListElement":[{"@type":"ListItem","position":1,"name":"In\u00edcio","item":"https:\/\/www.correiobraziliense.com.br\/cbradar\/"},{"@type":"ListItem","position":2,"name":"Como evitar p\u00e9s inchados em viagens longas de avi\u00e3o ou carro"}]},{"@type":"WebSite","@id":"https:\/\/www.correiobraziliense.com.br\/cbradar\/#website","url":"https:\/\/www.correiobraziliense.com.br\/cbradar\/","name":"Correio Braziliense - Radar","description":"Acompanhe as \u00faltimas not\u00edcias e fique bem informado sobre tudo o que acontece no Brasil e no mundo.","potentialAction":[{"@type":"SearchAction","target":{"@type":"EntryPoint","urlTemplate":"https:\/\/www.correiobraziliense.com.br\/cbradar\/?s={search_term_string}"},"query-input":{"@type":"PropertyValueSpecification","valueRequired":true,"valueName":"search_term_string"}}],"inLanguage":"pt-BR"},{"@type":"Person","@id":"https:\/\/www.correiobraziliense.com.br\/cbradar\/#\/schema\/person\/7356666e12ec0ee53f348ee5db227032","name":"Daniely Cardoso","image":{"@type":"ImageObject","inLanguage":"pt-BR","@id":"https:\/\/www.correiobraziliense.com.br\/cbradar\/#\/schema\/person\/image\/","url":"https:\/\/secure.gravatar.com\/avatar\/4b80ddbd124d1f071b626d52d62e5dff?s=96&d=mm&r=g","contentUrl":"https:\/\/secure.gravatar.com\/avatar\/4b80ddbd124d1f071b626d52d62e5dff?s=96&d=mm&r=g","caption":"Daniely Cardoso"},"description":"Redatora nos portais CB Radar e EM Foco, formada pela Universidade Federal de Goi\u00e1s, em Goi\u00e2nia. Apaixonada por comunica\u00e7\u00e3o, arte, decora\u00e7\u00e3o e tend\u00eancias, atuo na produ\u00e7\u00e3o de conte\u00fados envolventes sobre curiosidades, moda, beleza e paisagismo, sempre com um olhar atento \u00e0s novidades do momento.","sameAs":["https:\/\/www.correiobraziliense.com.br\/cbradar"],"url":"https:\/\/www.correiobraziliense.com.br\/cbradar\/author\/danielymyth\/"}]}},"_links":{"self":[{"href":"https:\/\/www.correiobraziliense.com.br\/cbradar\/wp-json\/wp\/v2\/posts\/119434","targetHints":{"allow":["GET"]}}],"collection":[{"href":"https:\/\/www.correiobraziliense.com.br\/cbradar\/wp-json\/wp\/v2\/posts"}],"about":[{"href":"https:\/\/www.correiobraziliense.com.br\/cbradar\/wp-json\/wp\/v2\/types\/post"}],"author":[{"embeddable":true,"href":"https:\/\/www.correiobraziliense.com.br\/cbradar\/wp-json\/wp\/v2\/users\/9"}],"replies":[{"embeddable":true,"href":"https:\/\/www.correiobraziliense.com.br\/cbradar\/wp-json\/wp\/v2\/comments?post=119434"}],"version-history":[{"count":3,"href":"https:\/\/www.correiobraziliense.com.br\/cbradar\/wp-json\/wp\/v2\/posts\/119434\/revisions"}],"predecessor-version":[{"id":119586,"href":"https:\/\/www.correiobraziliense.com.br\/cbradar\/wp-json\/wp\/v2\/posts\/119434\/revisions\/119586"}],"wp:featuredmedia":[{"embeddable":true,"href":"https:\/\/www.correiobraziliense.com.br\/cbradar\/wp-json\/wp\/v2\/media\/119440"}],"wp:attachment":[{"href":"https:\/\/www.correiobraziliense.com.br\/cbradar\/wp-json\/wp\/v2\/media?parent=119434"}],"wp:term":[{"taxonomy":"category","embeddable":true,"href":"https:\/\/www.correiobraziliense.com.br\/cbradar\/wp-json\/wp\/v2\/categories?post=119434"},{"taxonomy":"post_tag","embeddable":true,"href":"https:\/\/www.correiobraziliense.com.br\/cbradar\/wp-json\/wp\/v2\/tags?post=119434"}],"curies":[{"name":"wp","href":"https:\/\/api.w.org\/{rel}","templated":true}]}}