{"id":119696,"date":"2025-10-16T10:45:18","date_gmt":"2025-10-16T13:45:18","guid":{"rendered":"https:\/\/www.correiobraziliense.com.br\/cbradar\/?p=119696"},"modified":"2025-10-15T09:39:18","modified_gmt":"2025-10-15T12:39:18","slug":"o-que-significa-dormir-com-a-televisao-ligada","status":"publish","type":"post","link":"https:\/\/www.correiobraziliense.com.br\/cbradar\/o-que-significa-dormir-com-a-televisao-ligada\/","title":{"rendered":"O que significa dormir com a televis\u00e3o ligada?"},"content":{"rendered":"\n<p>Muitas pessoas adotam o h\u00e1bito de <strong>dormir com a televis\u00e3o ligada<\/strong> em busca de <strong>companhia<\/strong> ou para <strong>abafar ru\u00eddos<\/strong> ao redor, acreditando que isso facilita o <strong>adormecimento<\/strong>. No entanto, esse costume pode <strong>prejudicar a qualidade do sono<\/strong> devido \u00e0 constante emiss\u00e3o de <strong>luz<\/strong> e <strong>som<\/strong>, afetando fun\u00e7\u00f5es importantes do <strong>descanso<\/strong> e at\u00e9 mesmo a sa\u00fade mental a longo prazo.<\/p>\n\n\n\n<h2 class=\"wp-block-heading\">Como dormir com a TV ligada afeta o sono?<\/h2>\n\n\n\n<p>Dormir com a <strong>televis\u00e3o ligada<\/strong> mant\u00e9m o <strong>c\u00e9rebro ativado<\/strong>, pois ele continua processando <strong>sons<\/strong> e <strong>imagens<\/strong>, mesmo durante o estado de repouso. Esse est\u00edmulo cont\u00ednuo dificulta a entrada nos <strong>est\u00e1gios mais profundos do sono<\/strong>, comprometendo a <strong>recupera\u00e7\u00e3o f\u00edsica e mental<\/strong>, al\u00e9m de aumentar a probabilidade de <strong>microdespertares<\/strong>.<\/p>\n\n\n\n<p>Al\u00e9m disso, o <strong>conte\u00fado exibido<\/strong> pode influenciar <strong>sonhos<\/strong>, causar <strong>despertares noturnos<\/strong> e provocar <strong>varia\u00e7\u00f5es emocionais<\/strong>. Isso tudo contribui para que a pessoa acorde <strong>cansada<\/strong> ou com sensa\u00e7\u00e3o de <strong>sono leve<\/strong>, mesmo depois de v\u00e1rias horas na cama \u2014 algo que pode gerar impactos negativos no humor e na <strong>produtividade di\u00e1ria<\/strong>.<\/p>\n\n\n\n<h2 class=\"wp-block-heading\">A luz da TV realmente prejudica a produ\u00e7\u00e3o de melatonina?<\/h2>\n\n\n\n<p>Sim, a <strong>luz azul<\/strong> emitida pelas <strong>telas<\/strong> interfere diretamente na produ\u00e7\u00e3o da <strong>melatonina<\/strong>, horm\u00f4nio crucial para regular o sono. Esse tipo de luz faz o <strong>c\u00e9rebro acreditar que ainda \u00e9 dia<\/strong>, dificultando o in\u00edcio e a manuten\u00e7\u00e3o do <strong>sono profundo<\/strong>.<\/p>\n\n\n\n<p>O impacto no <strong>rel\u00f3gio biol\u00f3gico<\/strong> pode ser significativo, alterando o <a href=\"https:\/\/my.clevelandclinic.org\/health\/articles\/circadian-rhythm\" target=\"_blank\" rel=\"noreferrer noopener\">ritmo circadiano<\/a> e dificultando o adormecimento natural, mesmo em ambientes escuros. Com o tempo, a <strong>dificuldade para dormir<\/strong> pode se acentuar e provocar consequ\u00eancias como altera\u00e7\u00f5es de humor e queda no rendimento cognitivo.<\/p>\n\n\n\n<figure class=\"wp-block-image aligncenter size-large\"><img decoding=\"async\" width=\"1024\" height=\"576\" src=\"https:\/\/www.correiobraziliense.com.br\/cbradar\/wp-content\/uploads\/2025\/10\/dormindo-tv-ligada_1760531776608-1024x576.jpg\" alt=\"O que significa dormir com a televis\u00e3o ligada?\n\n\" class=\"wp-image-119712\" srcset=\"https:\/\/www.correiobraziliense.com.br\/cbradar\/wp-content\/uploads\/2025\/10\/dormindo-tv-ligada_1760531776608-1024x576.jpg 1024w, https:\/\/www.correiobraziliense.com.br\/cbradar\/wp-content\/uploads\/2025\/10\/dormindo-tv-ligada_1760531776608-300x169.jpg 300w, https:\/\/www.correiobraziliense.com.br\/cbradar\/wp-content\/uploads\/2025\/10\/dormindo-tv-ligada_1760531776608-768x432.jpg 768w, https:\/\/www.correiobraziliense.com.br\/cbradar\/wp-content\/uploads\/2025\/10\/dormindo-tv-ligada_1760531776608-750x422.jpg 750w, https:\/\/www.correiobraziliense.com.br\/cbradar\/wp-content\/uploads\/2025\/10\/dormindo-tv-ligada_1760531776608-1140x641.jpg 1140w, https:\/\/www.correiobraziliense.com.br\/cbradar\/wp-content\/uploads\/2025\/10\/dormindo-tv-ligada_1760531776608.jpg 1280w\" sizes=\"(max-width: 1024px) 100vw, 1024px\" \/><figcaption class=\"wp-element-caption\">Dormindo com a TV ligada &#8211; Sim, a luz azul emitida pelas telas interfere diretamente na produ\u00e7\u00e3o da melatonina &#8211; Cr\u00e9ditos: depositphotos.com \/ AllaSerebrina<\/figcaption><\/figure>\n\n\n\n<h2 class=\"wp-block-heading\">Estrat\u00e9gias para melhorar o sono sem depender da TV<\/h2>\n\n\n\n<p>Pessoas acostumadas a <strong>dormir com a TV<\/strong> podem experimentar alternativas simples para melhorar a <strong>qualidade do sono<\/strong> gradualmente. Uma dica importante \u00e9 utilizar recursos que diminuam a interfer\u00eancia da tela sem mudan\u00e7as bruscas na rotina.<\/p>\n\n\n\n<ul class=\"wp-block-list\">\n<li><strong>Acione o temporizador<\/strong> da TV para desligar automaticamente ap\u00f3s um tempo, evitando exposi\u00e7\u00e3o prolongada \u00e0 luz e ao som.<\/li>\n\n\n\n<li>Adote <strong>rituais de relaxamento<\/strong>, como leitura, medita\u00e7\u00e3o ou t\u00e9cnicas de respira\u00e7\u00e3o sob luz suave, para preparar o corpo e a mente para o sono.<\/li>\n\n\n\n<li>Invista em <strong>cortinas blackout<\/strong> para bloquear a luz externa e criar um ambiente mais escuro e prop\u00edcio ao descanso.<\/li>\n\n\n\n<li><strong>Reduza o uso de eletr\u00f4nicos<\/strong> antes de dormir, priorizando atividades relaxantes que n\u00e3o envolvam telas.<\/li>\n<\/ul>\n\n\n\n<p>Leia tamb\u00e9m: <a href=\"https:\/\/www.correiobraziliense.com.br\/cbradar\/o-que-significa-mexer-muito-as-maos-ao-falar-segundo-a-psicologia-2\/\" target=\"_blank\" rel=\"noopener\">O que significa mexer muito as m\u00e3os ao falar, segundo a psicologia?<\/a><\/p>\n\n\n\n<h2 class=\"wp-block-heading\">Estudos indicam rela\u00e7\u00e3o entre exposi\u00e7\u00e3o \u00e0 TV e sono de m\u00e1 qualidade<\/h2>\n\n\n\n<p><strong>Pesquisas cient\u00edficas<\/strong> mostram que ambientes <strong>escuros<\/strong> e <strong>silenciosos<\/strong> favorecem o <strong>sono profundo<\/strong> e restaurador, enquanto a exposi\u00e7\u00e3o constante \u00e0 <strong>luz<\/strong> e <strong>sons artificiais<\/strong> pode prejudicar a <strong>arquitetura do sono<\/strong>. Reduzir a presen\u00e7a da TV no quarto \u00e9 uma das <strong>recomenda\u00e7\u00f5es de especialistas<\/strong> para quem busca noites mais tranquilas e descanso de melhor qualidade.<\/p>\n\n\n\n<p>Adotar <strong>pr\u00e1ticas para diminuir distra\u00e7\u00f5es<\/strong> na hora de dormir ajuda a manter os <strong>ritmos naturais do corpo<\/strong>. Com isso, \u00e9 poss\u00edvel desfrutar de um <strong>descanso mais saud\u00e1vel<\/strong>, ganhar mais <strong>disposi\u00e7\u00e3o no dia a dia<\/strong> e melhorar a <strong>qualidade de vida<\/strong> como um todo.<\/p>\n","protected":false},"excerpt":{"rendered":"<p>Muitas pessoas adotam o h\u00e1bito de dormir com a televis\u00e3o ligada em busca de companhia ou para abafar ru\u00eddos ao redor, acreditando que isso facilita o adormecimento. No entanto, esse costume pode prejudicar a qualidade do sono devido \u00e0 constante emiss\u00e3o de luz e som, afetando fun\u00e7\u00f5es importantes do descanso e at\u00e9 mesmo a sa\u00fade [&hellip;]<\/p>\n","protected":false},"author":9,"featured_media":119711,"comment_status":"open","ping_status":"open","sticky":false,"template":"","format":"standard","meta":{"_yoast_wpseo_focuskw":"dormir com a tv ligada","_yoast_wpseo_title":"%%title%% %%page%%","_yoast_wpseo_metadesc":"Veja o que dormir com a TV ligada faz com seu corpo e por que esse h\u00e1bito pode prejudicar seu sono e sua sa\u00fade mental.","jnews-multi-image_gallery":[],"jnews_single_post":{"format":"standard"},"jnews_primary_category":[],"jnews_social_meta":[],"jnews_override_counter":[],"footnotes":""},"categories":[112],"tags":[564,10846,2690],"class_list":["post-119696","post","type-post","status-publish","format-standard","has-post-thumbnail","hentry","category-curiosidades","tag-dormir","tag-dormir-com-a-tv-ligada","tag-televisao"],"yoast_head":"<!-- This site is optimized with the Yoast SEO plugin v24.6 - https:\/\/yoast.com\/wordpress\/plugins\/seo\/ -->\n<title>O que significa dormir com a televis\u00e3o ligada?<\/title>\n<meta name=\"description\" content=\"Veja o que dormir com a TV ligada faz com seu corpo e por que esse h\u00e1bito pode prejudicar seu sono e sua sa\u00fade mental.\" \/>\n<meta name=\"robots\" content=\"index, follow, max-snippet:-1, max-image-preview:large, max-video-preview:-1\" \/>\n<link rel=\"canonical\" href=\"https:\/\/www.correiobraziliense.com.br\/cbradar\/o-que-significa-dormir-com-a-televisao-ligada\/\" \/>\n<meta property=\"og:locale\" content=\"pt_BR\" \/>\n<meta property=\"og:type\" content=\"article\" \/>\n<meta property=\"og:title\" content=\"O que significa dormir com a televis\u00e3o ligada?\" \/>\n<meta property=\"og:description\" content=\"Veja o que dormir com a TV ligada faz com seu corpo e por que esse h\u00e1bito pode prejudicar seu sono e sua sa\u00fade mental.\" \/>\n<meta property=\"og:url\" content=\"https:\/\/www.correiobraziliense.com.br\/cbradar\/o-que-significa-dormir-com-a-televisao-ligada\/\" \/>\n<meta property=\"og:site_name\" content=\"Correio Braziliense - Radar\" \/>\n<meta property=\"article:published_time\" content=\"2025-10-16T13:45:18+00:00\" \/>\n<meta property=\"og:image\" content=\"https:\/\/www.correiobraziliense.com.br\/cbradar\/wp-content\/uploads\/2025\/10\/dormindo-tv-ligada_1760531730658.jpg\" \/>\n\t<meta property=\"og:image:width\" content=\"1280\" \/>\n\t<meta property=\"og:image:height\" content=\"720\" \/>\n\t<meta property=\"og:image:type\" content=\"image\/jpeg\" \/>\n<meta name=\"author\" content=\"Daniely Cardoso\" \/>\n<meta name=\"twitter:card\" content=\"summary_large_image\" \/>\n<meta name=\"twitter:label1\" content=\"Escrito por\" \/>\n\t<meta name=\"twitter:data1\" content=\"Daniely Cardoso\" \/>\n\t<meta name=\"twitter:label2\" content=\"Est. tempo de leitura\" \/>\n\t<meta name=\"twitter:data2\" content=\"4 minutos\" \/>\n<!-- \/ Yoast SEO plugin. -->","yoast_head_json":{"title":"O que significa dormir com a televis\u00e3o ligada?","description":"Veja o que dormir com a TV ligada faz com seu corpo e por que esse h\u00e1bito pode prejudicar seu sono e sua sa\u00fade mental.","robots":{"index":"index","follow":"follow","max-snippet":"max-snippet:-1","max-image-preview":"max-image-preview:large","max-video-preview":"max-video-preview:-1"},"canonical":"https:\/\/www.correiobraziliense.com.br\/cbradar\/o-que-significa-dormir-com-a-televisao-ligada\/","og_locale":"pt_BR","og_type":"article","og_title":"O que significa dormir com a televis\u00e3o ligada?","og_description":"Veja o que dormir com a TV ligada faz com seu corpo e por que esse h\u00e1bito pode prejudicar seu sono e sua sa\u00fade mental.","og_url":"https:\/\/www.correiobraziliense.com.br\/cbradar\/o-que-significa-dormir-com-a-televisao-ligada\/","og_site_name":"Correio Braziliense - Radar","article_published_time":"2025-10-16T13:45:18+00:00","og_image":[{"width":1280,"height":720,"url":"https:\/\/www.correiobraziliense.com.br\/cbradar\/wp-content\/uploads\/2025\/10\/dormindo-tv-ligada_1760531730658.jpg","type":"image\/jpeg"}],"author":"Daniely Cardoso","twitter_card":"summary_large_image","twitter_misc":{"Escrito por":"Daniely Cardoso","Est. tempo de leitura":"4 minutos"},"schema":{"@context":"https:\/\/schema.org","@graph":[{"@type":"WebPage","@id":"https:\/\/www.correiobraziliense.com.br\/cbradar\/o-que-significa-dormir-com-a-televisao-ligada\/","url":"https:\/\/www.correiobraziliense.com.br\/cbradar\/o-que-significa-dormir-com-a-televisao-ligada\/","name":"O que significa dormir com a televis\u00e3o ligada?","isPartOf":{"@id":"https:\/\/www.correiobraziliense.com.br\/cbradar\/#website"},"primaryImageOfPage":{"@id":"https:\/\/www.correiobraziliense.com.br\/cbradar\/o-que-significa-dormir-com-a-televisao-ligada\/#primaryimage"},"image":{"@id":"https:\/\/www.correiobraziliense.com.br\/cbradar\/o-que-significa-dormir-com-a-televisao-ligada\/#primaryimage"},"thumbnailUrl":"https:\/\/www.correiobraziliense.com.br\/cbradar\/wp-content\/uploads\/2025\/10\/dormindo-tv-ligada_1760531730658.jpg","datePublished":"2025-10-16T13:45:18+00:00","author":{"@id":"https:\/\/www.correiobraziliense.com.br\/cbradar\/#\/schema\/person\/7356666e12ec0ee53f348ee5db227032"},"description":"Veja o que dormir com a TV ligada faz com seu corpo e por que esse h\u00e1bito pode prejudicar seu sono e sua sa\u00fade mental.","breadcrumb":{"@id":"https:\/\/www.correiobraziliense.com.br\/cbradar\/o-que-significa-dormir-com-a-televisao-ligada\/#breadcrumb"},"inLanguage":"pt-BR","potentialAction":[{"@type":"ReadAction","target":["https:\/\/www.correiobraziliense.com.br\/cbradar\/o-que-significa-dormir-com-a-televisao-ligada\/"]}]},{"@type":"ImageObject","inLanguage":"pt-BR","@id":"https:\/\/www.correiobraziliense.com.br\/cbradar\/o-que-significa-dormir-com-a-televisao-ligada\/#primaryimage","url":"https:\/\/www.correiobraziliense.com.br\/cbradar\/wp-content\/uploads\/2025\/10\/dormindo-tv-ligada_1760531730658.jpg","contentUrl":"https:\/\/www.correiobraziliense.com.br\/cbradar\/wp-content\/uploads\/2025\/10\/dormindo-tv-ligada_1760531730658.jpg","width":1280,"height":720,"caption":"Dormir com a tv ligada - Cr\u00e9ditos: depositphotos.com \/ F01photo"},{"@type":"BreadcrumbList","@id":"https:\/\/www.correiobraziliense.com.br\/cbradar\/o-que-significa-dormir-com-a-televisao-ligada\/#breadcrumb","itemListElement":[{"@type":"ListItem","position":1,"name":"In\u00edcio","item":"https:\/\/www.correiobraziliense.com.br\/cbradar\/"},{"@type":"ListItem","position":2,"name":"O que significa dormir com a televis\u00e3o ligada?"}]},{"@type":"WebSite","@id":"https:\/\/www.correiobraziliense.com.br\/cbradar\/#website","url":"https:\/\/www.correiobraziliense.com.br\/cbradar\/","name":"Correio Braziliense - Radar","description":"Acompanhe as \u00faltimas not\u00edcias e fique bem informado sobre tudo o que acontece no Brasil e no mundo.","potentialAction":[{"@type":"SearchAction","target":{"@type":"EntryPoint","urlTemplate":"https:\/\/www.correiobraziliense.com.br\/cbradar\/?s={search_term_string}"},"query-input":{"@type":"PropertyValueSpecification","valueRequired":true,"valueName":"search_term_string"}}],"inLanguage":"pt-BR"},{"@type":"Person","@id":"https:\/\/www.correiobraziliense.com.br\/cbradar\/#\/schema\/person\/7356666e12ec0ee53f348ee5db227032","name":"Daniely Cardoso","image":{"@type":"ImageObject","inLanguage":"pt-BR","@id":"https:\/\/www.correiobraziliense.com.br\/cbradar\/#\/schema\/person\/image\/","url":"https:\/\/secure.gravatar.com\/avatar\/4b80ddbd124d1f071b626d52d62e5dff?s=96&d=mm&r=g","contentUrl":"https:\/\/secure.gravatar.com\/avatar\/4b80ddbd124d1f071b626d52d62e5dff?s=96&d=mm&r=g","caption":"Daniely Cardoso"},"description":"Redatora nos portais CB Radar e EM Foco, formada pela Universidade Federal de Goi\u00e1s, em Goi\u00e2nia. Apaixonada por comunica\u00e7\u00e3o, arte, decora\u00e7\u00e3o e tend\u00eancias, atuo na produ\u00e7\u00e3o de conte\u00fados envolventes sobre curiosidades, moda, beleza e paisagismo, sempre com um olhar atento \u00e0s novidades do momento.","sameAs":["https:\/\/www.correiobraziliense.com.br\/cbradar"],"url":"https:\/\/www.correiobraziliense.com.br\/cbradar\/author\/danielymyth\/"}]}},"_links":{"self":[{"href":"https:\/\/www.correiobraziliense.com.br\/cbradar\/wp-json\/wp\/v2\/posts\/119696","targetHints":{"allow":["GET"]}}],"collection":[{"href":"https:\/\/www.correiobraziliense.com.br\/cbradar\/wp-json\/wp\/v2\/posts"}],"about":[{"href":"https:\/\/www.correiobraziliense.com.br\/cbradar\/wp-json\/wp\/v2\/types\/post"}],"author":[{"embeddable":true,"href":"https:\/\/www.correiobraziliense.com.br\/cbradar\/wp-json\/wp\/v2\/users\/9"}],"replies":[{"embeddable":true,"href":"https:\/\/www.correiobraziliense.com.br\/cbradar\/wp-json\/wp\/v2\/comments?post=119696"}],"version-history":[{"count":2,"href":"https:\/\/www.correiobraziliense.com.br\/cbradar\/wp-json\/wp\/v2\/posts\/119696\/revisions"}],"predecessor-version":[{"id":119714,"href":"https:\/\/www.correiobraziliense.com.br\/cbradar\/wp-json\/wp\/v2\/posts\/119696\/revisions\/119714"}],"wp:featuredmedia":[{"embeddable":true,"href":"https:\/\/www.correiobraziliense.com.br\/cbradar\/wp-json\/wp\/v2\/media\/119711"}],"wp:attachment":[{"href":"https:\/\/www.correiobraziliense.com.br\/cbradar\/wp-json\/wp\/v2\/media?parent=119696"}],"wp:term":[{"taxonomy":"category","embeddable":true,"href":"https:\/\/www.correiobraziliense.com.br\/cbradar\/wp-json\/wp\/v2\/categories?post=119696"},{"taxonomy":"post_tag","embeddable":true,"href":"https:\/\/www.correiobraziliense.com.br\/cbradar\/wp-json\/wp\/v2\/tags?post=119696"}],"curies":[{"name":"wp","href":"https:\/\/api.w.org\/{rel}","templated":true}]}}