{"id":119704,"date":"2025-10-15T10:35:00","date_gmt":"2025-10-15T13:35:00","guid":{"rendered":"https:\/\/www.correiobraziliense.com.br\/cbradar\/?p=119704"},"modified":"2025-10-15T09:39:00","modified_gmt":"2025-10-15T12:39:00","slug":"o-que-significa-acumular-roupa-na-cadeira-com-frequencia-segundo-a-psicologia-2","status":"publish","type":"post","link":"https:\/\/www.correiobraziliense.com.br\/cbradar\/o-que-significa-acumular-roupa-na-cadeira-com-frequencia-segundo-a-psicologia-2\/","title":{"rendered":"O que significa acumular roupa na cadeira com frequ\u00eancia, segundo a psicologia"},"content":{"rendered":"\n<p>O h\u00e1bito de acumular roupas na cadeira \u00e9 bastante comum em muitos lares, mas suas causas podem envolver mais que simples desorganiza\u00e7\u00e3o. Muitas vezes, esse comportamento est\u00e1 relacionado \u00e0 <strong>procrastina\u00e7\u00e3o<\/strong>, pois tarefas r\u00e1pidas, como guardar um casaco, s\u00e3o adiadas diante da falta de energia ou <strong>motiva\u00e7\u00e3o<\/strong>. Para alguns, ainda, pode ser reflexo de uma rotina intensa, na qual a <strong>organiza\u00e7\u00e3o <\/strong>n\u00e3o \u00e9 prioridade.<\/p>\n\n\n\n<h2 class=\"wp-block-heading\">Por que tantas pessoas deixam roupas na cadeira?<\/h2>\n\n\n\n<p>Existem diversos motivos que levam as pessoas a adiar a tarefa de guardar as roupas. Entre eles, a <strong>ansiedade<\/strong>, o <strong>estresse<\/strong> e at\u00e9 mesmo a prefer\u00eancia por relaxar ap\u00f3s um dia cansativo acabam deixando a organiza\u00e7\u00e3o em segundo plano.<\/p>\n\n\n\n<p>Al\u00e9m desses fatores, \u00e9 importante considerar situa\u00e7\u00f5es do cotidiano como hor\u00e1rios apertados e a praticidade de deixar pe\u00e7as \u00e0 m\u00e3o, o que contribui para o ac\u00famulo tempor\u00e1rio de roupas em cadeiras e outros m\u00f3veis.<\/p>\n\n\n\n<h2 class=\"wp-block-heading\">Como a desordem pode impactar a sa\u00fade mental?<\/h2>\n\n\n\n<p>Ambientes <strong>desorganizados<\/strong> tendem a elevar os n\u00edveis de <strong>ansiedade<\/strong> e dificultar o relaxamento. O excesso de objetos \u00e0 vista pode tornar o c\u00e9rebro mais suscet\u00edvel ao <strong>estresse<\/strong> e at\u00e9 prejudicar o sono.<\/p>\n\n\n\n<p>Outro ponto importante \u00e9 que o ac\u00famulo de roupas pode carregar mem\u00f3rias e sentimentos, servindo como uma barreira inconsciente para evitar enfrentar determinadas emo\u00e7\u00f5es.<\/p>\n\n\n\n<figure class=\"wp-block-image size-large\"><img decoding=\"async\" width=\"1024\" height=\"576\" src=\"https:\/\/www.correiobraziliense.com.br\/cbradar\/wp-content\/uploads\/2025\/09\/roupas-cadeira_1757338791789-1024x576.jpg\" alt=\"O h\u00e1bito de acumular roupas na cadeira pode ter um significado oculto\" class=\"wp-image-100515\" srcset=\"https:\/\/www.correiobraziliense.com.br\/cbradar\/wp-content\/uploads\/2025\/09\/roupas-cadeira_1757338791789-1024x576.jpg 1024w, https:\/\/www.correiobraziliense.com.br\/cbradar\/wp-content\/uploads\/2025\/09\/roupas-cadeira_1757338791789-300x169.jpg 300w, https:\/\/www.correiobraziliense.com.br\/cbradar\/wp-content\/uploads\/2025\/09\/roupas-cadeira_1757338791789-768x432.jpg 768w, https:\/\/www.correiobraziliense.com.br\/cbradar\/wp-content\/uploads\/2025\/09\/roupas-cadeira_1757338791789-750x422.jpg 750w, https:\/\/www.correiobraziliense.com.br\/cbradar\/wp-content\/uploads\/2025\/09\/roupas-cadeira_1757338791789-1140x641.jpg 1140w, https:\/\/www.correiobraziliense.com.br\/cbradar\/wp-content\/uploads\/2025\/09\/roupas-cadeira_1757338791789.jpg 1280w\" sizes=\"(max-width: 1024px) 100vw, 1024px\" \/><figcaption class=\"wp-element-caption\">roupas cadeira. Cr\u00e9ditos: depositphotos.com \/ StudioLightAndShade<\/figcaption><\/figure>\n\n\n\n<h2 class=\"wp-block-heading\">Quando acumular roupas na cadeira se torna um problema?<\/h2>\n\n\n\n<p>Nem sempre <strong>acumular roupas<\/strong> implica em um problema s\u00e9rio. Em muitos casos, \u00e9 apenas uma quest\u00e3o de praticidade, facilitando o acesso r\u00e1pido \u00e0s roupas que ser\u00e3o usadas em breve, sem envolver maiores quest\u00f5es emocionais.<\/p>\n\n\n\n<p>No entanto, \u00e9 fundamental observar se esse comportamento come\u00e7a a prejudicar a <strong>qualidade de vida<\/strong> ou refletir sobrecarga emocional, pois, nesses casos, pode indicar a necessidade de aten\u00e7\u00e3o especial.<\/p>\n\n\n\n<h2 class=\"wp-block-heading\">Quais estrat\u00e9gias simples ajudam a evitar o ac\u00famulo de roupas?<\/h2>\n\n\n\n<p>Adotar algumas estrat\u00e9gias pode tornar mais f\u00e1cil impedir a desordem com roupas. Uma boa organiza\u00e7\u00e3o pode ser alcan\u00e7ada com pequenas mudan\u00e7as no dia a dia, promovendo mais bem-estar em casa. Veja algumas sugest\u00f5es pr\u00e1ticas a seguir:<\/p>\n\n\n\n<ul class=\"wp-block-list\">\n<li>Estabele\u00e7a uma rotina r\u00e1pida de organiza\u00e7\u00e3o ao final do dia.<\/li>\n\n\n\n<li>Crie um sistema acess\u00edvel para armazenar as roupas mais utilizadas.<\/li>\n\n\n\n<li>Identifique poss\u00edveis gatilhos emocionais que levam \u00e0 procrastina\u00e7\u00e3o.<\/li>\n\n\n\n<li>Reserve um espa\u00e7o espec\u00edfico para pe\u00e7as em uso, evitando espalh\u00e1-las.<\/li>\n<\/ul>\n\n\n\n<p>Em resumo, o costume de empilhar roupas na cadeira pode ser sinal de <strong>procrastina\u00e7\u00e3o <\/strong>ou <strong>estresse<\/strong>, mas nem sempre representa um grande problema. Com pequenas mudan\u00e7as de h\u00e1bito e aten\u00e7\u00e3o aos pr\u00f3prios sentimentos, \u00e9 poss\u00edvel encontrar um equil\u00edbrio entre <strong>organiza\u00e7\u00e3o<\/strong> e praticidade no espa\u00e7o pessoal.<\/p>\n","protected":false},"excerpt":{"rendered":"<p>Descubra por que &#8216;roupa na cadeira&#8217; vai al\u00e9m da desorganiza\u00e7\u00e3o: explore as liga\u00e7\u00f5es com procrastina\u00e7\u00e3o, estresse e o impacto na sa\u00fade mental.<\/p>\n","protected":false},"author":3,"featured_media":100513,"comment_status":"open","ping_status":"open","sticky":false,"template":"","format":"standard","meta":{"_yoast_wpseo_focuskw":"acumular roupa cadeira","_yoast_wpseo_title":"%%title%%","_yoast_wpseo_metadesc":"Descubra por que 'roupa na cadeira' vai al\u00e9m da desorganiza\u00e7\u00e3o: explore as liga\u00e7\u00f5es com procrastina\u00e7\u00e3o, estresse e o impacto na sa\u00fade mental.","jnews-multi-image_gallery":[],"jnews_single_post":{"format":"standard"},"jnews_primary_category":[],"jnews_social_meta":[],"jnews_override_counter":[],"footnotes":""},"categories":[112],"tags":[10848,144,404,3967],"class_list":["post-119704","post","type-post","status-publish","format-standard","has-post-thumbnail","hentry","category-curiosidades","tag-cadeira","tag-curiosidades","tag-psicologia","tag-roupas"],"yoast_head":"<!-- This site is optimized with the Yoast SEO plugin v24.6 - https:\/\/yoast.com\/wordpress\/plugins\/seo\/ -->\n<title>O que significa acumular roupa na cadeira com frequ\u00eancia, segundo a psicologia<\/title>\n<meta name=\"description\" content=\"Descubra por que &#039;roupa na cadeira&#039; vai al\u00e9m da desorganiza\u00e7\u00e3o: explore as liga\u00e7\u00f5es com procrastina\u00e7\u00e3o, estresse e o impacto na sa\u00fade mental.\" \/>\n<meta name=\"robots\" content=\"index, follow, max-snippet:-1, max-image-preview:large, max-video-preview:-1\" \/>\n<link rel=\"canonical\" href=\"https:\/\/www.correiobraziliense.com.br\/cbradar\/o-que-significa-acumular-roupa-na-cadeira-com-frequencia-segundo-a-psicologia-2\/\" \/>\n<meta property=\"og:locale\" content=\"pt_BR\" \/>\n<meta property=\"og:type\" content=\"article\" \/>\n<meta property=\"og:title\" content=\"O que significa acumular roupa na cadeira com frequ\u00eancia, segundo a psicologia\" \/>\n<meta property=\"og:description\" content=\"Descubra por que &#039;roupa na cadeira&#039; vai al\u00e9m da desorganiza\u00e7\u00e3o: explore as liga\u00e7\u00f5es com procrastina\u00e7\u00e3o, estresse e o impacto na sa\u00fade mental.\" \/>\n<meta property=\"og:url\" content=\"https:\/\/www.correiobraziliense.com.br\/cbradar\/o-que-significa-acumular-roupa-na-cadeira-com-frequencia-segundo-a-psicologia-2\/\" \/>\n<meta property=\"og:site_name\" content=\"Correio Braziliense - Radar\" \/>\n<meta property=\"article:published_time\" content=\"2025-10-15T13:35:00+00:00\" \/>\n<meta property=\"og:image\" content=\"https:\/\/www.correiobraziliense.com.br\/cbradar\/wp-content\/uploads\/2025\/09\/roupas-cadeira_1757338629079.jpg\" \/>\n\t<meta property=\"og:image:width\" content=\"1280\" \/>\n\t<meta property=\"og:image:height\" content=\"720\" \/>\n\t<meta property=\"og:image:type\" content=\"image\/jpeg\" \/>\n<meta name=\"author\" content=\"Larissa Carvalho\" \/>\n<meta name=\"twitter:card\" content=\"summary_large_image\" \/>\n<meta name=\"twitter:label1\" content=\"Escrito por\" \/>\n\t<meta name=\"twitter:data1\" content=\"Larissa Carvalho\" \/>\n\t<meta name=\"twitter:label2\" content=\"Est. tempo de leitura\" \/>\n\t<meta name=\"twitter:data2\" content=\"3 minutos\" \/>\n<!-- \/ Yoast SEO plugin. -->","yoast_head_json":{"title":"O que significa acumular roupa na cadeira com frequ\u00eancia, segundo a psicologia","description":"Descubra por que 'roupa na cadeira' vai al\u00e9m da desorganiza\u00e7\u00e3o: explore as liga\u00e7\u00f5es com procrastina\u00e7\u00e3o, estresse e o impacto na sa\u00fade mental.","robots":{"index":"index","follow":"follow","max-snippet":"max-snippet:-1","max-image-preview":"max-image-preview:large","max-video-preview":"max-video-preview:-1"},"canonical":"https:\/\/www.correiobraziliense.com.br\/cbradar\/o-que-significa-acumular-roupa-na-cadeira-com-frequencia-segundo-a-psicologia-2\/","og_locale":"pt_BR","og_type":"article","og_title":"O que significa acumular roupa na cadeira com frequ\u00eancia, segundo a psicologia","og_description":"Descubra por que 'roupa na cadeira' vai al\u00e9m da desorganiza\u00e7\u00e3o: explore as liga\u00e7\u00f5es com procrastina\u00e7\u00e3o, estresse e o impacto na sa\u00fade mental.","og_url":"https:\/\/www.correiobraziliense.com.br\/cbradar\/o-que-significa-acumular-roupa-na-cadeira-com-frequencia-segundo-a-psicologia-2\/","og_site_name":"Correio Braziliense - Radar","article_published_time":"2025-10-15T13:35:00+00:00","og_image":[{"width":1280,"height":720,"url":"https:\/\/www.correiobraziliense.com.br\/cbradar\/wp-content\/uploads\/2025\/09\/roupas-cadeira_1757338629079.jpg","type":"image\/jpeg"}],"author":"Larissa Carvalho","twitter_card":"summary_large_image","twitter_misc":{"Escrito por":"Larissa Carvalho","Est. tempo de leitura":"3 minutos"},"schema":{"@context":"https:\/\/schema.org","@graph":[{"@type":"WebPage","@id":"https:\/\/www.correiobraziliense.com.br\/cbradar\/o-que-significa-acumular-roupa-na-cadeira-com-frequencia-segundo-a-psicologia-2\/","url":"https:\/\/www.correiobraziliense.com.br\/cbradar\/o-que-significa-acumular-roupa-na-cadeira-com-frequencia-segundo-a-psicologia-2\/","name":"O que significa acumular roupa na cadeira com frequ\u00eancia, segundo a psicologia","isPartOf":{"@id":"https:\/\/www.correiobraziliense.com.br\/cbradar\/#website"},"primaryImageOfPage":{"@id":"https:\/\/www.correiobraziliense.com.br\/cbradar\/o-que-significa-acumular-roupa-na-cadeira-com-frequencia-segundo-a-psicologia-2\/#primaryimage"},"image":{"@id":"https:\/\/www.correiobraziliense.com.br\/cbradar\/o-que-significa-acumular-roupa-na-cadeira-com-frequencia-segundo-a-psicologia-2\/#primaryimage"},"thumbnailUrl":"https:\/\/www.correiobraziliense.com.br\/cbradar\/wp-content\/uploads\/2025\/09\/roupas-cadeira_1757338629079.jpg","datePublished":"2025-10-15T13:35:00+00:00","author":{"@id":"https:\/\/www.correiobraziliense.com.br\/cbradar\/#\/schema\/person\/58422787644df994b53a19d3e56c1513"},"description":"Descubra por que 'roupa na cadeira' vai al\u00e9m da desorganiza\u00e7\u00e3o: explore as liga\u00e7\u00f5es com procrastina\u00e7\u00e3o, estresse e o impacto na sa\u00fade mental.","breadcrumb":{"@id":"https:\/\/www.correiobraziliense.com.br\/cbradar\/o-que-significa-acumular-roupa-na-cadeira-com-frequencia-segundo-a-psicologia-2\/#breadcrumb"},"inLanguage":"pt-BR","potentialAction":[{"@type":"ReadAction","target":["https:\/\/www.correiobraziliense.com.br\/cbradar\/o-que-significa-acumular-roupa-na-cadeira-com-frequencia-segundo-a-psicologia-2\/"]}]},{"@type":"ImageObject","inLanguage":"pt-BR","@id":"https:\/\/www.correiobraziliense.com.br\/cbradar\/o-que-significa-acumular-roupa-na-cadeira-com-frequencia-segundo-a-psicologia-2\/#primaryimage","url":"https:\/\/www.correiobraziliense.com.br\/cbradar\/wp-content\/uploads\/2025\/09\/roupas-cadeira_1757338629079.jpg","contentUrl":"https:\/\/www.correiobraziliense.com.br\/cbradar\/wp-content\/uploads\/2025\/09\/roupas-cadeira_1757338629079.jpg","width":1280,"height":720,"caption":"roupas cadeira. Cr\u00e9ditos: depositphotos.com \/ Ischukigor"},{"@type":"BreadcrumbList","@id":"https:\/\/www.correiobraziliense.com.br\/cbradar\/o-que-significa-acumular-roupa-na-cadeira-com-frequencia-segundo-a-psicologia-2\/#breadcrumb","itemListElement":[{"@type":"ListItem","position":1,"name":"In\u00edcio","item":"https:\/\/www.correiobraziliense.com.br\/cbradar\/"},{"@type":"ListItem","position":2,"name":"O que significa acumular roupa na cadeira com frequ\u00eancia, segundo a psicologia"}]},{"@type":"WebSite","@id":"https:\/\/www.correiobraziliense.com.br\/cbradar\/#website","url":"https:\/\/www.correiobraziliense.com.br\/cbradar\/","name":"Correio Braziliense - Radar","description":"Acompanhe as \u00faltimas not\u00edcias e fique bem informado sobre tudo o que acontece no Brasil e no mundo.","potentialAction":[{"@type":"SearchAction","target":{"@type":"EntryPoint","urlTemplate":"https:\/\/www.correiobraziliense.com.br\/cbradar\/?s={search_term_string}"},"query-input":{"@type":"PropertyValueSpecification","valueRequired":true,"valueName":"search_term_string"}}],"inLanguage":"pt-BR"},{"@type":"Person","@id":"https:\/\/www.correiobraziliense.com.br\/cbradar\/#\/schema\/person\/58422787644df994b53a19d3e56c1513","name":"Larissa Carvalho","image":{"@type":"ImageObject","inLanguage":"pt-BR","@id":"https:\/\/www.correiobraziliense.com.br\/cbradar\/#\/schema\/person\/image\/","url":"https:\/\/secure.gravatar.com\/avatar\/fe4f91a0de32b52a838d0d612abdc1aa?s=96&d=mm&r=g","contentUrl":"https:\/\/secure.gravatar.com\/avatar\/fe4f91a0de32b52a838d0d612abdc1aa?s=96&d=mm&r=g","caption":"Larissa Carvalho"},"url":"https:\/\/www.correiobraziliense.com.br\/cbradar\/author\/larissamyth\/"}]}},"_links":{"self":[{"href":"https:\/\/www.correiobraziliense.com.br\/cbradar\/wp-json\/wp\/v2\/posts\/119704","targetHints":{"allow":["GET"]}}],"collection":[{"href":"https:\/\/www.correiobraziliense.com.br\/cbradar\/wp-json\/wp\/v2\/posts"}],"about":[{"href":"https:\/\/www.correiobraziliense.com.br\/cbradar\/wp-json\/wp\/v2\/types\/post"}],"author":[{"embeddable":true,"href":"https:\/\/www.correiobraziliense.com.br\/cbradar\/wp-json\/wp\/v2\/users\/3"}],"replies":[{"embeddable":true,"href":"https:\/\/www.correiobraziliense.com.br\/cbradar\/wp-json\/wp\/v2\/comments?post=119704"}],"version-history":[{"count":2,"href":"https:\/\/www.correiobraziliense.com.br\/cbradar\/wp-json\/wp\/v2\/posts\/119704\/revisions"}],"predecessor-version":[{"id":119715,"href":"https:\/\/www.correiobraziliense.com.br\/cbradar\/wp-json\/wp\/v2\/posts\/119704\/revisions\/119715"}],"wp:featuredmedia":[{"embeddable":true,"href":"https:\/\/www.correiobraziliense.com.br\/cbradar\/wp-json\/wp\/v2\/media\/100513"}],"wp:attachment":[{"href":"https:\/\/www.correiobraziliense.com.br\/cbradar\/wp-json\/wp\/v2\/media?parent=119704"}],"wp:term":[{"taxonomy":"category","embeddable":true,"href":"https:\/\/www.correiobraziliense.com.br\/cbradar\/wp-json\/wp\/v2\/categories?post=119704"},{"taxonomy":"post_tag","embeddable":true,"href":"https:\/\/www.correiobraziliense.com.br\/cbradar\/wp-json\/wp\/v2\/tags?post=119704"}],"curies":[{"name":"wp","href":"https:\/\/api.w.org\/{rel}","templated":true}]}}