{"id":119733,"date":"2025-10-16T20:45:00","date_gmt":"2025-10-16T23:45:00","guid":{"rendered":"https:\/\/www.correiobraziliense.com.br\/cbradar\/?p=119733"},"modified":"2025-10-15T12:29:14","modified_gmt":"2025-10-15T15:29:14","slug":"o-que-acontece-com-seus-musculos-e-cerebro-quando-voce-consome-creatina","status":"publish","type":"post","link":"https:\/\/www.correiobraziliense.com.br\/cbradar\/o-que-acontece-com-seus-musculos-e-cerebro-quando-voce-consome-creatina\/","title":{"rendered":"O que acontece com seus m\u00fasculos e c\u00e9rebro quando voc\u00ea consome creatina?"},"content":{"rendered":"\n<p>A creatina \u00e9 universalmente reconhecida no mundo do esporte como um dos suplementos mais eficazes para o aumento da for\u00e7a e da pot\u00eancia muscular. \u00c9 crucial e inegoci\u00e1vel afirmar desde o in\u00edcio: <strong>dificuldades de mem\u00f3ria, foco ou fadiga mental podem ser sintomas de condi\u00e7\u00f5es m\u00e9dicas s\u00e9rias e exigem um diagn\u00f3stico profissional.<\/strong> Nenhuma suplementa\u00e7\u00e3o deve ser feita sem a orienta\u00e7\u00e3o de um m\u00e9dico.<\/p>\n\n\n\n<p>No entanto, um corpo crescente de pesquisas tem expandido o horizonte de seu uso, revelando que os benef\u00edcios desta mol\u00e9cula podem se estender ao c\u00e9rebro. Este artigo ir\u00e1 explorar, de forma segura e baseada em evid\u00eancias, a ci\u00eancia por tr\u00e1s de como a creatina atua no metabolismo energ\u00e9tico cerebral e qual o seu potencial como suporte para a fun\u00e7\u00e3o cognitiva.<\/p>\n\n\n\n<h2 class=\"wp-block-heading\">Como a creatina atua como uma &#8220;bateria de recarga r\u00e1pida&#8221; no corpo?<\/h2>\n\n\n<div class=\"wp-block-image\">\n<figure class=\"aligncenter size-large\"><img decoding=\"async\" width=\"1024\" height=\"576\" src=\"https:\/\/www.correiobraziliense.com.br\/cbradar\/wp-content\/uploads\/2025\/09\/creatina_1756901917932-1024x576.jpg\" alt=\"O que acontece com seus m\u00fasculos e c\u00e9rebro quando voc\u00ea consome creatina?\" class=\"wp-image-97784\" srcset=\"https:\/\/www.correiobraziliense.com.br\/cbradar\/wp-content\/uploads\/2025\/09\/creatina_1756901917932-1024x576.jpg 1024w, https:\/\/www.correiobraziliense.com.br\/cbradar\/wp-content\/uploads\/2025\/09\/creatina_1756901917932-300x169.jpg 300w, https:\/\/www.correiobraziliense.com.br\/cbradar\/wp-content\/uploads\/2025\/09\/creatina_1756901917932-768x432.jpg 768w, https:\/\/www.correiobraziliense.com.br\/cbradar\/wp-content\/uploads\/2025\/09\/creatina_1756901917932-750x422.jpg 750w, https:\/\/www.correiobraziliense.com.br\/cbradar\/wp-content\/uploads\/2025\/09\/creatina_1756901917932-1140x641.jpg 1140w, https:\/\/www.correiobraziliense.com.br\/cbradar\/wp-content\/uploads\/2025\/09\/creatina_1756901917932.jpg 1280w\" sizes=\"(max-width: 1024px) 100vw, 1024px\" \/><figcaption class=\"wp-element-caption\">Creatina &#8211; Cr\u00e9ditos: depositphotos.com \/ robertohunger<\/figcaption><\/figure><\/div>\n\n\n<p>Para entender os benef\u00edcios da creatina, \u00e9 preciso dissoci\u00e1-la apenas do &#8220;m\u00fasculo&#8221;. A creatina \u00e9 uma mol\u00e9cula fundamental para o metabolismo energ\u00e9tico de c\u00e9lulas com alta e flutuante demanda de energia. Ela funciona como uma &#8220;bateria de recarga r\u00e1pida&#8221; para a principal moeda de energia celular, o <strong>ATP (Trifosfato de Adenosina)<\/strong>.<\/p>\n\n\n\n<p>Tecidos como os m\u00fasculos e, crucialmente, o <strong>c\u00e9rebro<\/strong>, consomem grandes quantidades de ATP para funcionar. A fosfocreatina (a forma armazenada da creatina) doa rapidamente sua energia para reciclar o ATP gasto, garantindo um suprimento de energia constante para as fun\u00e7\u00f5es celulares. Portanto, a creatina n\u00e3o \u00e9 um suplemento &#8220;para m\u00fasculos&#8221;, mas sim um suplemento &#8220;para energia celular&#8221;.<\/p>\n\n\n\n<h2 class=\"wp-block-heading\">Por que o c\u00e9rebro \u00e9 um dos maiores consumidores de energia do corpo?<\/h2>\n\n\n\n<p>O c\u00e9rebro, embora represente apenas cerca de 2% do nosso peso, consome aproximadamente 20% da nossa energia metab\u00f3lica em repouso. Cada pensamento, cada decis\u00e3o e cada momento de foco dependem de um fornecimento massivo e cont\u00ednuo de ATP.<\/p>\n\n\n\n<p>Durante tarefas mentais complexas, resolu\u00e7\u00e3o de problemas ou em situa\u00e7\u00f5es de estresse, a taxa de consumo de ATP pelos neur\u00f4nios aumenta drasticamente. A fadiga mental que sentimos ap\u00f3s horas de estudo ou trabalho intenso \u00e9, em parte, um reflexo do esgotamento desses recursos energ\u00e9ticos. Manter um suprimento de energia est\u00e1vel \u00e9, portanto, fundamental para a performance cognitiva.<\/p>\n\n\n\n<p>Leia tamb\u00e9m: <a href=\"https:\/\/www.correiobraziliense.com.br\/cbradar\/o-efeito-de-incluir-a-beterraba-na-dieta-de-pre-treino\" target=\"_blank\" rel=\"noreferrer noopener\">O efeito de incluir a beterraba na dieta de pr\u00e9-treino<\/a><\/p>\n\n\n\n<h2 class=\"wp-block-heading\">O que as pesquisas cient\u00edficas sugerem sobre os efeitos cognitivos?<\/h2>\n\n\n\n<p>As evid\u00eancias cient\u00edficas sobre os benef\u00edcios cognitivos da creatina s\u00e3o mais fortes em situa\u00e7\u00f5es onde o sistema energ\u00e9tico do c\u00e9rebro est\u00e1 sob estresse. Os estudos n\u00e3o sugerem que a creatina &#8220;aumente a intelig\u00eancia&#8221;, mas que ela ajuda a <strong>manter a performance cognitiva<\/strong> quando o c\u00e9rebro est\u00e1 fatigado.<\/p>\n\n\n\n<p>Conforme aponta uma revis\u00e3o de estudos publicada pelo <strong><a target=\"_blank\" rel=\"noreferrer noopener\" href=\"https:\/\/www.ncbi.nlm.nih.gov\/pmc\/articles\/PMC7916590\/\">National Center for Biotechnology Information (NCBI)<\/a><\/strong>, os benef\u00edcios s\u00e3o mais pronunciados em contextos como:<\/p>\n\n\n\n<ul class=\"wp-block-list\">\n<li><strong>Priva\u00e7\u00e3o de Sono:<\/strong> A suplementa\u00e7\u00e3o demonstrou ajudar a atenuar parte do decl\u00ednio no foco e no racioc\u00ednio causado por uma noite mal dormida.<\/li>\n\n\n\n<li><strong>Tarefas Cognitivas Complexas:<\/strong> Durante testes mentais longos, a creatina pode ajudar a reduzir a fadiga mental.<\/li>\n\n\n\n<li><strong>Popula\u00e7\u00f5es com N\u00edveis Mais Baixos:<\/strong> Os efeitos s\u00e3o frequentemente mais not\u00e1veis em vegetarianos e idosos, que tendem a ter estoques de creatina cerebral naturalmente mais baixos.<\/li>\n<\/ul>\n\n\n<div class=\"wp-block-image\">\n<figure class=\"aligncenter size-large\"><img decoding=\"async\" width=\"1024\" height=\"576\" src=\"https:\/\/www.correiobraziliense.com.br\/cbradar\/wp-content\/uploads\/2025\/03\/cerebro_1741354008920-1024x576.jpg\" alt=\"O que acontece com seus m\u00fasculos e c\u00e9rebro quando voc\u00ea consome creatina?\" class=\"wp-image-10250\" srcset=\"https:\/\/www.correiobraziliense.com.br\/cbradar\/wp-content\/uploads\/2025\/03\/cerebro_1741354008920-1024x576.jpg 1024w, https:\/\/www.correiobraziliense.com.br\/cbradar\/wp-content\/uploads\/2025\/03\/cerebro_1741354008920-300x169.jpg 300w, https:\/\/www.correiobraziliense.com.br\/cbradar\/wp-content\/uploads\/2025\/03\/cerebro_1741354008920-768x432.jpg 768w, https:\/\/www.correiobraziliense.com.br\/cbradar\/wp-content\/uploads\/2025\/03\/cerebro_1741354008920-750x422.jpg 750w, https:\/\/www.correiobraziliense.com.br\/cbradar\/wp-content\/uploads\/2025\/03\/cerebro_1741354008920-1140x641.jpg 1140w, https:\/\/www.correiobraziliense.com.br\/cbradar\/wp-content\/uploads\/2025\/03\/cerebro_1741354008920.jpg 1280w\" sizes=\"(max-width: 1024px) 100vw, 1024px\" \/><figcaption class=\"wp-element-caption\">C\u00e9rebro &#8211; Cr\u00e9ditos: depositphotos.com \/ hessyz<\/figcaption><\/figure><\/div>\n\n\n<h2 class=\"wp-block-heading\">A creatina pode prevenir doen\u00e7as neurodegenerativas?<\/h2>\n\n\n\n<p>A resposta da ci\u00eancia atual \u00e9 <strong>n\u00e3o<\/strong>. Embora algumas pesquisas em laborat\u00f3rio sugiram que a creatina possa ter propriedades neuroprotetoras, <strong>n\u00e3o existem evid\u00eancias cient\u00edficas em humanos<\/strong> que comprovem que a suplementa\u00e7\u00e3o de creatina possa prevenir o desenvolvimento de doen\u00e7as como o <strong>Alzheimer <\/strong>ou o <strong>Parkinson<\/strong>. Essa \u00e9 uma \u00e1rea de pesquisa muito inicial e qualquer alega\u00e7\u00e3o nesse sentido \u00e9 infundada e perigosa.<\/p>\n\n\n\n<p>Leia tamb\u00e9m: <a href=\"https:\/\/www.correiobraziliense.com.br\/cbradar\/como-essa-vitamina-influencia-na-sua-imunidade-e-energia-diaria\" target=\"_blank\" rel=\"noreferrer noopener\">Como essa vitamina influencia na sua imunidade e energia di\u00e1ria?<\/a><\/p>\n\n\n\n<h2 class=\"wp-block-heading\">A suplementa\u00e7\u00e3o para o c\u00e9rebro \u00e9 segura sem orienta\u00e7\u00e3o profissional?<\/h2>\n\n\n\n<p>A resposta \u00e9 um enf\u00e1tico e inequ\u00edvoco <strong>N\u00c3O<\/strong>. Embora a creatina monohidratada seja considerada segura para indiv\u00edduos saud\u00e1veis, a automedica\u00e7\u00e3o para fins cognitivos \u00e9 uma pr\u00e1tica arriscada.<\/p>\n\n\n\n<p>Conforme o posicionamento da <strong><a target=\"_blank\" rel=\"noreferrer noopener\" href=\"https:\/\/jissn.biomedcentral.com\/articles\/10.1186\/s12970-017-0173-z\">International Society of Sports Nutrition (ISSN)<\/a><\/strong>, a seguran\u00e7a da creatina foi estabelecida em centenas de estudos, mas isso n\u00e3o elimina a necessidade de supervis\u00e3o. Indiv\u00edduos com <strong>doen\u00e7a renal pr\u00e9-existente<\/strong> n\u00e3o devem utilizar o suplemento. A \u00fanica abordagem segura \u00e9:<\/p>\n\n\n\n<ol start=\"1\" class=\"wp-block-list\">\n<li><strong>Consulta M\u00e9dica:<\/strong> Realizar uma avalia\u00e7\u00e3o de sa\u00fade completa com um <strong>m\u00e9dico<\/strong>, incluindo exames de sangue para verificar a fun\u00e7\u00e3o renal, antes de considerar a suplementa\u00e7\u00e3o.<\/li>\n\n\n\n<li><strong>Orienta\u00e7\u00e3o Nutricional:<\/strong> Discutir seus objetivos com um <strong>nutricionista<\/strong>. Ele poder\u00e1 avaliar sua dieta e determinar se a suplementa\u00e7\u00e3o \u00e9 apropriada, qual a dose correta e como integr\u00e1-la \u00e0 sua rotina de forma segura.<\/li>\n<\/ol>\n\n\n\n<p>Lembre-se, os pilares da sa\u00fade cerebral s\u00e3o o sono de qualidade, uma dieta nutritiva e o exerc\u00edcio f\u00edsico. Os suplementos, na melhor das hip\u00f3teses, s\u00e3o um suporte a essa base s\u00f3lida.<\/p>\n","protected":false},"excerpt":{"rendered":"<p>Efeitos do consumo de creatina nos m\u00fasculos e c\u00e9rebro, potencializando for\u00e7a, desempenho f\u00edsico e fun\u00e7\u00e3o cognitiva de forma natural<\/p>\n","protected":false},"author":11,"featured_media":92806,"comment_status":"open","ping_status":"open","sticky":false,"template":"","format":"standard","meta":{"_yoast_wpseo_focuskw":"o que acontece creatina","_yoast_wpseo_title":"%%title%%","_yoast_wpseo_metadesc":"Efeitos do consumo de creatina nos m\u00fasculos e c\u00e9rebro, potencializando for\u00e7a, desempenho f\u00edsico e fun\u00e7\u00e3o cognitiva de forma natural","jnews-multi-image_gallery":[],"jnews_single_post":{"format":"standard"},"jnews_primary_category":[],"jnews_social_meta":[],"jnews_override_counter":[],"footnotes":""},"categories":[119],"post_tag":[698,398,8550,1318],"class_list":["post-119733","post","type-post","status-publish","format-standard","has-post-thumbnail","hentry","category-bem-estar","tag-cerebro","tag-creatina","tag-musculos-2","tag-saude-2"],"yoast_head":"<!-- This site is optimized with the Yoast SEO plugin v24.6 - https:\/\/yoast.com\/wordpress\/plugins\/seo\/ -->\n<title>O que acontece com seus m\u00fasculos e c\u00e9rebro quando voc\u00ea consome creatina?<\/title>\n<meta name=\"description\" content=\"Efeitos do consumo de creatina nos m\u00fasculos e c\u00e9rebro, potencializando for\u00e7a, desempenho f\u00edsico e fun\u00e7\u00e3o cognitiva de forma natural\" \/>\n<meta name=\"robots\" content=\"index, follow, max-snippet:-1, max-image-preview:large, max-video-preview:-1\" \/>\n<link rel=\"canonical\" href=\"https:\/\/www.correiobraziliense.com.br\/cbradar\/o-que-acontece-com-seus-musculos-e-cerebro-quando-voce-consome-creatina\/\" \/>\n<meta property=\"og:locale\" content=\"pt_BR\" \/>\n<meta property=\"og:type\" content=\"article\" \/>\n<meta property=\"og:title\" content=\"O que acontece com seus m\u00fasculos e c\u00e9rebro quando voc\u00ea consome creatina?\" \/>\n<meta property=\"og:description\" content=\"Efeitos do consumo de creatina nos m\u00fasculos e c\u00e9rebro, potencializando for\u00e7a, desempenho f\u00edsico e fun\u00e7\u00e3o cognitiva de forma natural\" \/>\n<meta property=\"og:url\" content=\"https:\/\/www.correiobraziliense.com.br\/cbradar\/o-que-acontece-com-seus-musculos-e-cerebro-quando-voce-consome-creatina\/\" \/>\n<meta property=\"og:site_name\" content=\"Correio Braziliense - Radar\" \/>\n<meta property=\"article:published_time\" content=\"2025-10-16T23:45:00+00:00\" \/>\n<meta property=\"og:image\" content=\"https:\/\/www.correiobraziliense.com.br\/cbradar\/wp-content\/uploads\/2025\/08\/creatina_1756112685850.jpg\" \/>\n\t<meta property=\"og:image:width\" content=\"1280\" \/>\n\t<meta property=\"og:image:height\" content=\"720\" \/>\n\t<meta property=\"og:image:type\" content=\"image\/jpeg\" \/>\n<meta name=\"author\" content=\"Paulo Custodio\" \/>\n<meta name=\"twitter:card\" content=\"summary_large_image\" \/>\n<meta name=\"twitter:label1\" content=\"Escrito por\" \/>\n\t<meta name=\"twitter:data1\" content=\"Paulo Custodio\" \/>\n\t<meta name=\"twitter:label2\" content=\"Est. tempo de leitura\" \/>\n\t<meta name=\"twitter:data2\" content=\"5 minutos\" \/>\n<!-- \/ Yoast SEO plugin. -->","yoast_head_json":{"title":"O que acontece com seus m\u00fasculos e c\u00e9rebro quando voc\u00ea consome creatina?","description":"Efeitos do consumo de creatina nos m\u00fasculos e c\u00e9rebro, potencializando for\u00e7a, desempenho f\u00edsico e fun\u00e7\u00e3o cognitiva de forma natural","robots":{"index":"index","follow":"follow","max-snippet":"max-snippet:-1","max-image-preview":"max-image-preview:large","max-video-preview":"max-video-preview:-1"},"canonical":"https:\/\/www.correiobraziliense.com.br\/cbradar\/o-que-acontece-com-seus-musculos-e-cerebro-quando-voce-consome-creatina\/","og_locale":"pt_BR","og_type":"article","og_title":"O que acontece com seus m\u00fasculos e c\u00e9rebro quando voc\u00ea consome creatina?","og_description":"Efeitos do consumo de creatina nos m\u00fasculos e c\u00e9rebro, potencializando for\u00e7a, desempenho f\u00edsico e fun\u00e7\u00e3o cognitiva de forma natural","og_url":"https:\/\/www.correiobraziliense.com.br\/cbradar\/o-que-acontece-com-seus-musculos-e-cerebro-quando-voce-consome-creatina\/","og_site_name":"Correio Braziliense - Radar","article_published_time":"2025-10-16T23:45:00+00:00","og_image":[{"width":1280,"height":720,"url":"https:\/\/www.correiobraziliense.com.br\/cbradar\/wp-content\/uploads\/2025\/08\/creatina_1756112685850.jpg","type":"image\/jpeg"}],"author":"Paulo Custodio","twitter_card":"summary_large_image","twitter_misc":{"Escrito por":"Paulo Custodio","Est. tempo de leitura":"5 minutos"},"schema":{"@context":"https:\/\/schema.org","@graph":[{"@type":"WebPage","@id":"https:\/\/www.correiobraziliense.com.br\/cbradar\/o-que-acontece-com-seus-musculos-e-cerebro-quando-voce-consome-creatina\/","url":"https:\/\/www.correiobraziliense.com.br\/cbradar\/o-que-acontece-com-seus-musculos-e-cerebro-quando-voce-consome-creatina\/","name":"O que acontece com seus m\u00fasculos e c\u00e9rebro quando voc\u00ea consome creatina?","isPartOf":{"@id":"https:\/\/www.correiobraziliense.com.br\/cbradar\/#website"},"primaryImageOfPage":{"@id":"https:\/\/www.correiobraziliense.com.br\/cbradar\/o-que-acontece-com-seus-musculos-e-cerebro-quando-voce-consome-creatina\/#primaryimage"},"image":{"@id":"https:\/\/www.correiobraziliense.com.br\/cbradar\/o-que-acontece-com-seus-musculos-e-cerebro-quando-voce-consome-creatina\/#primaryimage"},"thumbnailUrl":"https:\/\/www.correiobraziliense.com.br\/cbradar\/wp-content\/uploads\/2025\/08\/creatina_1756112685850.jpg","datePublished":"2025-10-16T23:45:00+00:00","author":{"@id":"https:\/\/www.correiobraziliense.com.br\/cbradar\/#\/schema\/person\/4cec7857301a9a1a2ef249893cd908d3"},"description":"Efeitos do consumo de creatina nos m\u00fasculos e c\u00e9rebro, potencializando for\u00e7a, desempenho f\u00edsico e fun\u00e7\u00e3o cognitiva de forma natural","breadcrumb":{"@id":"https:\/\/www.correiobraziliense.com.br\/cbradar\/o-que-acontece-com-seus-musculos-e-cerebro-quando-voce-consome-creatina\/#breadcrumb"},"inLanguage":"pt-BR","potentialAction":[{"@type":"ReadAction","target":["https:\/\/www.correiobraziliense.com.br\/cbradar\/o-que-acontece-com-seus-musculos-e-cerebro-quando-voce-consome-creatina\/"]}]},{"@type":"ImageObject","inLanguage":"pt-BR","@id":"https:\/\/www.correiobraziliense.com.br\/cbradar\/o-que-acontece-com-seus-musculos-e-cerebro-quando-voce-consome-creatina\/#primaryimage","url":"https:\/\/www.correiobraziliense.com.br\/cbradar\/wp-content\/uploads\/2025\/08\/creatina_1756112685850.jpg","contentUrl":"https:\/\/www.correiobraziliense.com.br\/cbradar\/wp-content\/uploads\/2025\/08\/creatina_1756112685850.jpg","width":1280,"height":720,"caption":"Creatina - Cr\u00e9ditos: depositphotos.com \/ ogichobanov"},{"@type":"BreadcrumbList","@id":"https:\/\/www.correiobraziliense.com.br\/cbradar\/o-que-acontece-com-seus-musculos-e-cerebro-quando-voce-consome-creatina\/#breadcrumb","itemListElement":[{"@type":"ListItem","position":1,"name":"In\u00edcio","item":"https:\/\/www.correiobraziliense.com.br\/cbradar\/"},{"@type":"ListItem","position":2,"name":"O que acontece com seus m\u00fasculos e c\u00e9rebro quando voc\u00ea consome creatina?"}]},{"@type":"WebSite","@id":"https:\/\/www.correiobraziliense.com.br\/cbradar\/#website","url":"https:\/\/www.correiobraziliense.com.br\/cbradar\/","name":"Correio Braziliense - Radar","description":"Acompanhe as \u00faltimas not\u00edcias e fique bem informado sobre tudo o que acontece no Brasil e no mundo.","potentialAction":[{"@type":"SearchAction","target":{"@type":"EntryPoint","urlTemplate":"https:\/\/www.correiobraziliense.com.br\/cbradar\/?s={search_term_string}"},"query-input":{"@type":"PropertyValueSpecification","valueRequired":true,"valueName":"search_term_string"}}],"inLanguage":"pt-BR"},{"@type":"Person","@id":"https:\/\/www.correiobraziliense.com.br\/cbradar\/#\/schema\/person\/4cec7857301a9a1a2ef249893cd908d3","name":"Paulo Custodio","image":{"@type":"ImageObject","inLanguage":"pt-BR","@id":"https:\/\/www.correiobraziliense.com.br\/cbradar\/#\/schema\/person\/image\/","url":"https:\/\/secure.gravatar.com\/avatar\/bcd67168d1534e8fcf4f45c726a87cea?s=96&d=mm&r=g","contentUrl":"https:\/\/secure.gravatar.com\/avatar\/bcd67168d1534e8fcf4f45c726a87cea?s=96&d=mm&r=g","caption":"Paulo Custodio"},"sameAs":["https:\/\/www.correiobraziliense.com.br\/cbradar"],"url":"https:\/\/www.correiobraziliense.com.br\/cbradar\/author\/paulomyth\/"}]}},"_links":{"self":[{"href":"https:\/\/www.correiobraziliense.com.br\/cbradar\/wp-json\/wp\/v2\/posts\/119733","targetHints":{"allow":["GET"]}}],"collection":[{"href":"https:\/\/www.correiobraziliense.com.br\/cbradar\/wp-json\/wp\/v2\/posts"}],"about":[{"href":"https:\/\/www.correiobraziliense.com.br\/cbradar\/wp-json\/wp\/v2\/types\/post"}],"author":[{"embeddable":true,"href":"https:\/\/www.correiobraziliense.com.br\/cbradar\/wp-json\/wp\/v2\/users\/11"}],"replies":[{"embeddable":true,"href":"https:\/\/www.correiobraziliense.com.br\/cbradar\/wp-json\/wp\/v2\/comments?post=119733"}],"version-history":[{"count":2,"href":"https:\/\/www.correiobraziliense.com.br\/cbradar\/wp-json\/wp\/v2\/posts\/119733\/revisions"}],"predecessor-version":[{"id":119852,"href":"https:\/\/www.correiobraziliense.com.br\/cbradar\/wp-json\/wp\/v2\/posts\/119733\/revisions\/119852"}],"wp:featuredmedia":[{"embeddable":true,"href":"https:\/\/www.correiobraziliense.com.br\/cbradar\/wp-json\/wp\/v2\/media\/92806"}],"wp:attachment":[{"href":"https:\/\/www.correiobraziliense.com.br\/cbradar\/wp-json\/wp\/v2\/media?parent=119733"}],"wp:term":[{"taxonomy":"category","embeddable":true,"href":"https:\/\/www.correiobraziliense.com.br\/cbradar\/wp-json\/wp\/v2\/categories?post=119733"},{"taxonomy":"post_tag","embeddable":true,"href":"https:\/\/www.correiobraziliense.com.br\/cbradar\/wp-json\/wp\/v2\/post_tag?post=119733"}],"curies":[{"name":"wp","href":"https:\/\/api.w.org\/{rel}","templated":true}]}}