{"id":119758,"date":"2025-10-16T08:45:02","date_gmt":"2025-10-16T11:45:02","guid":{"rendered":"https:\/\/www.correiobraziliense.com.br\/cbradar\/?p=119758"},"modified":"2025-10-15T10:46:51","modified_gmt":"2025-10-15T13:46:51","slug":"o-tuberculo-que-protege-o-coracao-e-turbina-a-concentracao","status":"publish","type":"post","link":"https:\/\/www.correiobraziliense.com.br\/cbradar\/o-tuberculo-que-protege-o-coracao-e-turbina-a-concentracao\/","title":{"rendered":"O tub\u00e9rculo que protege o cora\u00e7\u00e3o e turbina a concentra\u00e7\u00e3o"},"content":{"rendered":"\n<p>O <strong>inhame<\/strong> \u00e9 um tub\u00e9rculo muito utilizado na alimenta\u00e7\u00e3o em diferentes culturas, reconhecido por seu alto valor nutricional e por trazer benef\u00edcios tanto para o corpo quanto para a mente, sendo uma fonte de <strong>carboidratos complexos<\/strong>, <strong>fibras<\/strong>, <strong>vitaminas<\/strong> e <strong>minerais essenciais<\/strong> que favorecem a <strong>sa\u00fade cognitiva<\/strong>.<\/p>\n\n\n\n<h2 class=\"wp-block-heading\">Quais s\u00e3o os benef\u00edcios do inhame para o organismo al\u00e9m da nutri\u00e7\u00e3o?<\/h2>\n\n\n\n<p>Consumir <strong>inhame<\/strong> regularmente pode fortalecer o <strong>sistema imunol\u00f3gico<\/strong> gra\u00e7as \u00e0 <strong>vitamina C<\/strong>, al\u00e9m de promover o bom funcionamento cerebral por conter <strong>vitamina B6<\/strong>. O tub\u00e9rculo possui compostos <strong>antioxidantes<\/strong>, que previnem danos celulares, colaborando para reduzir o risco de <strong>doen\u00e7as cr\u00f4nicas<\/strong> e retardar o envelhecimento.<\/p>\n\n\n\n<p>O <strong>inhame<\/strong> tamb\u00e9m \u00e9 rico em <strong>pot\u00e1ssio<\/strong>, mineral fundamental para a sa\u00fade dos <strong>vasos sangu\u00edneos<\/strong> e do <strong>cora\u00e7\u00e3o<\/strong>. Ele auxilia na regula\u00e7\u00e3o da <strong>press\u00e3o arterial<\/strong>, al\u00e9m de ser aliado do <strong>tr\u00e2nsito intestinal<\/strong> devido \u00e0 boa quantidade de <strong>fibras<\/strong>. Isso faz dele um alimento vers\u00e1til e ben\u00e9fico para diversas fun\u00e7\u00f5es do organismo. Al\u00e9m disso, o inhame pode contribuir para a <strong>detoxifica\u00e7\u00e3o do organismo<\/strong>, auxiliando na elimina\u00e7\u00e3o de toxinas e fortalecendo a sa\u00fade da pele gra\u00e7as a seus fitoqu\u00edmicos naturais.<\/p>\n\n\n\n<h2 class=\"wp-block-heading\">Como o inhame apoia a fun\u00e7\u00e3o cerebral de modo pr\u00e1tico?<\/h2>\n\n\n\n<p>O <strong>inhame<\/strong> se destaca por seu perfil vitam\u00ednico, especialmente as <strong>vitaminas do complexo B<\/strong>, que s\u00e3o cruciais para a produ\u00e7\u00e3o e funcionamento dos <strong>neurotransmissores<\/strong>, melhorando a comunica\u00e7\u00e3o entre as c\u00e9lulas do c\u00e9rebro e a <strong>sa\u00fade mental<\/strong> geral.<\/p>\n\n\n\n<p><a href=\"https:\/\/pmc.ncbi.nlm.nih.gov\/articles\/PMC7555206\/\" target=\"_blank\" rel=\"noreferrer noopener\">Estudos sugerem que compostos bioativos do inhame <\/a>podem ajudar na <strong>mem\u00f3ria<\/strong> e na <strong>capacidade de aprendizagem<\/strong>. Dessa forma, incluir este alimento na rotina pode ser uma escolha estrat\u00e9gica para manter a sa\u00fade cognitiva e o foco no dia a dia. Al\u00e9m disso, alguns nutrientes presentes no inhame, como o <strong>magn\u00e9sio<\/strong>, tamb\u00e9m contribuem para a redu\u00e7\u00e3o do <strong>estresse<\/strong> e melhoria do <strong>humor<\/strong>.<\/p>\n\n\n<div class=\"wp-block-image\">\n<figure class=\"aligncenter size-large\"><img decoding=\"async\" width=\"1024\" height=\"576\" src=\"https:\/\/www.correiobraziliense.com.br\/cbradar\/wp-content\/uploads\/2025\/07\/inhame-roxo_1752262380379-1024x576.jpg\" alt=\"\" class=\"wp-image-68010\" srcset=\"https:\/\/www.correiobraziliense.com.br\/cbradar\/wp-content\/uploads\/2025\/07\/inhame-roxo_1752262380379-1024x576.jpg 1024w, https:\/\/www.correiobraziliense.com.br\/cbradar\/wp-content\/uploads\/2025\/07\/inhame-roxo_1752262380379-300x169.jpg 300w, https:\/\/www.correiobraziliense.com.br\/cbradar\/wp-content\/uploads\/2025\/07\/inhame-roxo_1752262380379-768x432.jpg 768w, https:\/\/www.correiobraziliense.com.br\/cbradar\/wp-content\/uploads\/2025\/07\/inhame-roxo_1752262380379-750x422.jpg 750w, https:\/\/www.correiobraziliense.com.br\/cbradar\/wp-content\/uploads\/2025\/07\/inhame-roxo_1752262380379-1140x641.jpg 1140w, https:\/\/www.correiobraziliense.com.br\/cbradar\/wp-content\/uploads\/2025\/07\/inhame-roxo_1752262380379.jpg 1280w\" sizes=\"(max-width: 1024px) 100vw, 1024px\" \/><figcaption class=\"wp-element-caption\">Auxilia no al\u00edvio de dores articulares e musculares &#8211; Cr\u00e9ditos: depositphotos.com \/ lamaip<\/figcaption><\/figure><\/div>\n\n\n<h2 class=\"wp-block-heading\">Ideias simples para acrescentar inhame ao seu card\u00e1pio<\/h2>\n\n\n\n<p>O <strong>inhame<\/strong> \u00e9 muito vers\u00e1til e pode ser incorporado facilmente em diversas refei\u00e7\u00f5es do cotidiano, trazendo <strong>variedade<\/strong> e <strong>nutri\u00e7\u00e3o<\/strong> ao card\u00e1pio. Veja recomenda\u00e7\u00f5es pr\u00e1ticas de preparo para experimentar novos sabores:<\/p>\n\n\n\n<ul class=\"wp-block-list\">\n<li><strong>Pur\u00eas:<\/strong> Substitua o pur\u00ea de batatas por <strong>inhame<\/strong> para um prato de sabor suave e textura cremosa.<\/li>\n\n\n\n<li><strong>Assados:<\/strong> <strong>Inhame<\/strong> cortado em peda\u00e7os, assado com azeite e ervas, cria um acompanhamento saboroso.<\/li>\n\n\n\n<li><strong>Sopas:<\/strong> Adicionar <strong>inhame<\/strong> em sopas ou caldos resulta em refei\u00e7\u00f5es mais encorpadas e nutritivas.<\/li>\n<\/ul>\n\n\n\n<p>Leia tamb\u00e9m: <a href=\"https:\/\/www.correiobraziliense.com.br\/cbradar\/a-verdade-sobre-o-chuchu-e-por-que-ele-e-otimo-para-a-saude\/\" target=\"_blank\" rel=\"noopener\">A verdade sobre o chuchu e por que ele \u00e9 \u00f3timo para a sa\u00fade<\/a><\/p>\n\n\n\n<h2 class=\"wp-block-heading\">O inhame \u00e9 suficiente para substituir o peixe na alimenta\u00e7\u00e3o?<\/h2>\n\n\n\n<p>Apesar de o <strong>inhame<\/strong> ter muitos nutrientes valiosos, ele n\u00e3o substitui completamente o <strong>peixe<\/strong> \u2013 especialmente em rela\u00e7\u00e3o \u00e0 <strong>prote\u00edna de alta qualidade<\/strong> e ao <strong>\u00f4mega-3<\/strong>, presente em maior quantidade nos peixes e importante para a <strong>sa\u00fade cerebral<\/strong> e <strong>cardiovascular<\/strong>.<\/p>\n\n\n\n<p>Para quem prefere alternativas <strong>vegetais<\/strong>, o <strong>inhame<\/strong> pode fazer parte de uma <strong>dieta equilibrada<\/strong>, compondo refei\u00e7\u00f5es ricas em fibras, vitaminas e antioxidantes. Ele soma benef\u00edcios, mas o ideal \u00e9 combin\u00e1-lo a outras fontes <strong>proteicas<\/strong> e <strong>gorduras saud\u00e1veis<\/strong> para garantir uma <strong>nutri\u00e7\u00e3o completa<\/strong>. Aproveitar a diversidade de alimentos \u00e9 fundamental para um card\u00e1pio saud\u00e1vel e adaptado \u00e0s necessidades individuais.<\/p>\n","protected":false},"excerpt":{"rendered":"<p>O inhame \u00e9 um tub\u00e9rculo muito utilizado na alimenta\u00e7\u00e3o em diferentes culturas, reconhecido por seu alto valor nutricional e por trazer benef\u00edcios tanto para o corpo quanto para a mente, sendo uma fonte de carboidratos complexos, fibras, vitaminas e minerais essenciais que favorecem a sa\u00fade cognitiva. Quais s\u00e3o os benef\u00edcios do inhame para o organismo [&hellip;]<\/p>\n","protected":false},"author":9,"featured_media":8210,"comment_status":"open","ping_status":"open","sticky":false,"template":"","format":"standard","meta":{"_yoast_wpseo_focuskw":"tub\u00e9rculo que protege o cora\u00e7\u00e3o","_yoast_wpseo_title":"%%title%% %%page%%","_yoast_wpseo_metadesc":"O inhame \u00e9 fonte de energia e bem-estar, com benef\u00edcios que v\u00e3o do cora\u00e7\u00e3o ao c\u00e9rebro. Veja por que ele virou destaque nas dietas naturais.","jnews-multi-image_gallery":[],"jnews_single_post":{"format":"standard"},"jnews_primary_category":[],"jnews_social_meta":[],"jnews_override_counter":[],"footnotes":""},"categories":[119,4404],"tags":[2339,1393,565,9542],"class_list":["post-119758","post","type-post","status-publish","format-standard","has-post-thumbnail","hentry","category-bem-estar","category-saude","tag-corpo","tag-inhame","tag-saude","tag-tuberculo"],"yoast_head":"<!-- This site is optimized with the Yoast SEO plugin v24.6 - https:\/\/yoast.com\/wordpress\/plugins\/seo\/ -->\n<title>O tub\u00e9rculo que protege o cora\u00e7\u00e3o e turbina a concentra\u00e7\u00e3o<\/title>\n<meta name=\"description\" content=\"O inhame \u00e9 fonte de energia e bem-estar, com benef\u00edcios que v\u00e3o do cora\u00e7\u00e3o ao c\u00e9rebro. Veja por que ele virou destaque nas dietas naturais.\" \/>\n<meta name=\"robots\" content=\"index, follow, max-snippet:-1, max-image-preview:large, max-video-preview:-1\" \/>\n<link rel=\"canonical\" href=\"https:\/\/www.correiobraziliense.com.br\/cbradar\/o-tuberculo-que-protege-o-coracao-e-turbina-a-concentracao\/\" \/>\n<meta property=\"og:locale\" content=\"pt_BR\" \/>\n<meta property=\"og:type\" content=\"article\" \/>\n<meta property=\"og:title\" content=\"O tub\u00e9rculo que protege o cora\u00e7\u00e3o e turbina a concentra\u00e7\u00e3o\" \/>\n<meta property=\"og:description\" content=\"O inhame \u00e9 fonte de energia e bem-estar, com benef\u00edcios que v\u00e3o do cora\u00e7\u00e3o ao c\u00e9rebro. Veja por que ele virou destaque nas dietas naturais.\" \/>\n<meta property=\"og:url\" content=\"https:\/\/www.correiobraziliense.com.br\/cbradar\/o-tuberculo-que-protege-o-coracao-e-turbina-a-concentracao\/\" \/>\n<meta property=\"og:site_name\" content=\"Correio Braziliense - Radar\" \/>\n<meta property=\"article:published_time\" content=\"2025-10-16T11:45:02+00:00\" \/>\n<meta property=\"og:image\" content=\"https:\/\/www.correiobraziliense.com.br\/cbradar\/wp-content\/uploads\/2025\/03\/Inhame_1740858478827.jpg\" \/>\n\t<meta property=\"og:image:width\" content=\"1280\" \/>\n\t<meta property=\"og:image:height\" content=\"720\" \/>\n\t<meta property=\"og:image:type\" content=\"image\/jpeg\" \/>\n<meta name=\"author\" content=\"Daniely Cardoso\" \/>\n<meta name=\"twitter:card\" content=\"summary_large_image\" \/>\n<meta name=\"twitter:label1\" content=\"Escrito por\" \/>\n\t<meta name=\"twitter:data1\" content=\"Daniely Cardoso\" \/>\n\t<meta name=\"twitter:label2\" content=\"Est. tempo de leitura\" \/>\n\t<meta name=\"twitter:data2\" content=\"4 minutos\" \/>\n<!-- \/ Yoast SEO plugin. -->","yoast_head_json":{"title":"O tub\u00e9rculo que protege o cora\u00e7\u00e3o e turbina a concentra\u00e7\u00e3o","description":"O inhame \u00e9 fonte de energia e bem-estar, com benef\u00edcios que v\u00e3o do cora\u00e7\u00e3o ao c\u00e9rebro. Veja por que ele virou destaque nas dietas naturais.","robots":{"index":"index","follow":"follow","max-snippet":"max-snippet:-1","max-image-preview":"max-image-preview:large","max-video-preview":"max-video-preview:-1"},"canonical":"https:\/\/www.correiobraziliense.com.br\/cbradar\/o-tuberculo-que-protege-o-coracao-e-turbina-a-concentracao\/","og_locale":"pt_BR","og_type":"article","og_title":"O tub\u00e9rculo que protege o cora\u00e7\u00e3o e turbina a concentra\u00e7\u00e3o","og_description":"O inhame \u00e9 fonte de energia e bem-estar, com benef\u00edcios que v\u00e3o do cora\u00e7\u00e3o ao c\u00e9rebro. Veja por que ele virou destaque nas dietas naturais.","og_url":"https:\/\/www.correiobraziliense.com.br\/cbradar\/o-tuberculo-que-protege-o-coracao-e-turbina-a-concentracao\/","og_site_name":"Correio Braziliense - Radar","article_published_time":"2025-10-16T11:45:02+00:00","og_image":[{"width":1280,"height":720,"url":"https:\/\/www.correiobraziliense.com.br\/cbradar\/wp-content\/uploads\/2025\/03\/Inhame_1740858478827.jpg","type":"image\/jpeg"}],"author":"Daniely Cardoso","twitter_card":"summary_large_image","twitter_misc":{"Escrito por":"Daniely Cardoso","Est. tempo de leitura":"4 minutos"},"schema":{"@context":"https:\/\/schema.org","@graph":[{"@type":"WebPage","@id":"https:\/\/www.correiobraziliense.com.br\/cbradar\/o-tuberculo-que-protege-o-coracao-e-turbina-a-concentracao\/","url":"https:\/\/www.correiobraziliense.com.br\/cbradar\/o-tuberculo-que-protege-o-coracao-e-turbina-a-concentracao\/","name":"O tub\u00e9rculo que protege o cora\u00e7\u00e3o e turbina a concentra\u00e7\u00e3o","isPartOf":{"@id":"https:\/\/www.correiobraziliense.com.br\/cbradar\/#website"},"primaryImageOfPage":{"@id":"https:\/\/www.correiobraziliense.com.br\/cbradar\/o-tuberculo-que-protege-o-coracao-e-turbina-a-concentracao\/#primaryimage"},"image":{"@id":"https:\/\/www.correiobraziliense.com.br\/cbradar\/o-tuberculo-que-protege-o-coracao-e-turbina-a-concentracao\/#primaryimage"},"thumbnailUrl":"https:\/\/www.correiobraziliense.com.br\/cbradar\/wp-content\/uploads\/2025\/03\/Inhame_1740858478827.jpg","datePublished":"2025-10-16T11:45:02+00:00","author":{"@id":"https:\/\/www.correiobraziliense.com.br\/cbradar\/#\/schema\/person\/7356666e12ec0ee53f348ee5db227032"},"description":"O inhame \u00e9 fonte de energia e bem-estar, com benef\u00edcios que v\u00e3o do cora\u00e7\u00e3o ao c\u00e9rebro. Veja por que ele virou destaque nas dietas naturais.","breadcrumb":{"@id":"https:\/\/www.correiobraziliense.com.br\/cbradar\/o-tuberculo-que-protege-o-coracao-e-turbina-a-concentracao\/#breadcrumb"},"inLanguage":"pt-BR","potentialAction":[{"@type":"ReadAction","target":["https:\/\/www.correiobraziliense.com.br\/cbradar\/o-tuberculo-que-protege-o-coracao-e-turbina-a-concentracao\/"]}]},{"@type":"ImageObject","inLanguage":"pt-BR","@id":"https:\/\/www.correiobraziliense.com.br\/cbradar\/o-tuberculo-que-protege-o-coracao-e-turbina-a-concentracao\/#primaryimage","url":"https:\/\/www.correiobraziliense.com.br\/cbradar\/wp-content\/uploads\/2025\/03\/Inhame_1740858478827.jpg","contentUrl":"https:\/\/www.correiobraziliense.com.br\/cbradar\/wp-content\/uploads\/2025\/03\/Inhame_1740858478827.jpg","width":1280,"height":720,"caption":"Prote\u00e7\u00e3o antioxidante contra danos celulares - Cr\u00e9ditos: depositphotos.com \/ asimojet"},{"@type":"BreadcrumbList","@id":"https:\/\/www.correiobraziliense.com.br\/cbradar\/o-tuberculo-que-protege-o-coracao-e-turbina-a-concentracao\/#breadcrumb","itemListElement":[{"@type":"ListItem","position":1,"name":"In\u00edcio","item":"https:\/\/www.correiobraziliense.com.br\/cbradar\/"},{"@type":"ListItem","position":2,"name":"O tub\u00e9rculo que protege o cora\u00e7\u00e3o e turbina a concentra\u00e7\u00e3o"}]},{"@type":"WebSite","@id":"https:\/\/www.correiobraziliense.com.br\/cbradar\/#website","url":"https:\/\/www.correiobraziliense.com.br\/cbradar\/","name":"Correio Braziliense - Radar","description":"Acompanhe as \u00faltimas not\u00edcias e fique bem informado sobre tudo o que acontece no Brasil e no mundo.","potentialAction":[{"@type":"SearchAction","target":{"@type":"EntryPoint","urlTemplate":"https:\/\/www.correiobraziliense.com.br\/cbradar\/?s={search_term_string}"},"query-input":{"@type":"PropertyValueSpecification","valueRequired":true,"valueName":"search_term_string"}}],"inLanguage":"pt-BR"},{"@type":"Person","@id":"https:\/\/www.correiobraziliense.com.br\/cbradar\/#\/schema\/person\/7356666e12ec0ee53f348ee5db227032","name":"Daniely Cardoso","image":{"@type":"ImageObject","inLanguage":"pt-BR","@id":"https:\/\/www.correiobraziliense.com.br\/cbradar\/#\/schema\/person\/image\/","url":"https:\/\/secure.gravatar.com\/avatar\/4b80ddbd124d1f071b626d52d62e5dff?s=96&d=mm&r=g","contentUrl":"https:\/\/secure.gravatar.com\/avatar\/4b80ddbd124d1f071b626d52d62e5dff?s=96&d=mm&r=g","caption":"Daniely Cardoso"},"description":"Redatora nos portais CB Radar e EM Foco, formada pela Universidade Federal de Goi\u00e1s, em Goi\u00e2nia. Apaixonada por comunica\u00e7\u00e3o, arte, decora\u00e7\u00e3o e tend\u00eancias, atuo na produ\u00e7\u00e3o de conte\u00fados envolventes sobre curiosidades, moda, beleza e paisagismo, sempre com um olhar atento \u00e0s novidades do momento.","sameAs":["https:\/\/www.correiobraziliense.com.br\/cbradar"],"url":"https:\/\/www.correiobraziliense.com.br\/cbradar\/author\/danielymyth\/"}]}},"_links":{"self":[{"href":"https:\/\/www.correiobraziliense.com.br\/cbradar\/wp-json\/wp\/v2\/posts\/119758","targetHints":{"allow":["GET"]}}],"collection":[{"href":"https:\/\/www.correiobraziliense.com.br\/cbradar\/wp-json\/wp\/v2\/posts"}],"about":[{"href":"https:\/\/www.correiobraziliense.com.br\/cbradar\/wp-json\/wp\/v2\/types\/post"}],"author":[{"embeddable":true,"href":"https:\/\/www.correiobraziliense.com.br\/cbradar\/wp-json\/wp\/v2\/users\/9"}],"replies":[{"embeddable":true,"href":"https:\/\/www.correiobraziliense.com.br\/cbradar\/wp-json\/wp\/v2\/comments?post=119758"}],"version-history":[{"count":2,"href":"https:\/\/www.correiobraziliense.com.br\/cbradar\/wp-json\/wp\/v2\/posts\/119758\/revisions"}],"predecessor-version":[{"id":119771,"href":"https:\/\/www.correiobraziliense.com.br\/cbradar\/wp-json\/wp\/v2\/posts\/119758\/revisions\/119771"}],"wp:featuredmedia":[{"embeddable":true,"href":"https:\/\/www.correiobraziliense.com.br\/cbradar\/wp-json\/wp\/v2\/media\/8210"}],"wp:attachment":[{"href":"https:\/\/www.correiobraziliense.com.br\/cbradar\/wp-json\/wp\/v2\/media?parent=119758"}],"wp:term":[{"taxonomy":"category","embeddable":true,"href":"https:\/\/www.correiobraziliense.com.br\/cbradar\/wp-json\/wp\/v2\/categories?post=119758"},{"taxonomy":"post_tag","embeddable":true,"href":"https:\/\/www.correiobraziliense.com.br\/cbradar\/wp-json\/wp\/v2\/tags?post=119758"}],"curies":[{"name":"wp","href":"https:\/\/api.w.org\/{rel}","templated":true}]}}