{"id":120256,"date":"2025-10-17T09:05:00","date_gmt":"2025-10-17T12:05:00","guid":{"rendered":"https:\/\/www.correiobraziliense.com.br\/cbradar\/?p=120256"},"modified":"2025-10-16T17:20:47","modified_gmt":"2025-10-16T20:20:47","slug":"cancer-colorretal-um-sintoma-que-nao-deve-ser-ignorado-para-detectar-a-doenca-foi-identificado","status":"publish","type":"post","link":"https:\/\/www.correiobraziliense.com.br\/cbradar\/cancer-colorretal-um-sintoma-que-nao-deve-ser-ignorado-para-detectar-a-doenca-foi-identificado\/","title":{"rendered":"O sintoma que n\u00e3o deve ser ignorado para detectar um tipo de c\u00e2ncer foi identificado"},"content":{"rendered":"\n<p>O&nbsp;<strong>c\u00e2ncer colorretal<\/strong>, antes considerado uma doen\u00e7a de pessoas mais velhas, agora est\u00e1 aumentando entre adultos com menos de 50 anos. Estudos recentes<strong> <\/strong>identificam o&nbsp;<strong>sangramento retal<\/strong>&nbsp;como um sintoma chave para detectar a doen\u00e7a de forma precoce.<\/p>\n\n\n\n<ul class=\"wp-block-list\">\n<li><strong>Sangramento retal<\/strong>: sintoma fundamental para o diagn\u00f3stico precoce.<\/li>\n\n\n\n<li>Import\u00e2ncia da&nbsp;<strong>colonoscopia<\/strong>&nbsp;em jovens com sintomas.<\/li>\n\n\n\n<li>Apenas 13% dos casos est\u00e3o ligados a&nbsp;<strong>fatores gen\u00e9ticos heredit\u00e1rios<\/strong>.<\/li>\n<\/ul>\n\n\n\n<h2 class=\"wp-block-heading\">Por que est\u00e1 aumentando o c\u00e2ncer colorretal em adultos jovens?<\/h2>\n\n\n\n<p>Pesquisadores destacam que esse tipo de&nbsp;<strong>c\u00e2ncer<\/strong>&nbsp;est\u00e1 crescendo entre pessoas com menos de 50 anos. Os estudos realizados<strong> <\/strong>analisam pacientes jovens e encontrou que 44% deles foram diagnosticados com&nbsp;<strong>c\u00e2ncer colorretal<\/strong>&nbsp;em est\u00e1gio inicial.<\/p>\n\n\n\n<h2 class=\"wp-block-heading\">Qual o papel do sangramento retal na detec\u00e7\u00e3o?<\/h2>\n\n\n\n<p>O&nbsp;<strong><a href=\"https:\/\/www-ncbi-nlm-nih-gov.translate.goog\/books\/NBK563143\/?_x_tr_sl=en&amp;_x_tr_tl=pt&amp;_x_tr_hl=pt&amp;_x_tr_pto=tc\" target=\"_blank\" rel=\"noreferrer noopener\">sangramento retal<\/a><\/strong>&nbsp;foi identificado como um sinal de alerta. A&nbsp;<strong>colonoscopia<\/strong>&nbsp;realizada ap\u00f3s a presen\u00e7a desse sintoma aumenta a chance de um diagn\u00f3stico precoce do c\u00e2ncer.<\/p>\n\n\n\n<p>Leia tamb\u00e9m: <a href=\"https:\/\/www.correiobraziliense.com.br\/cbradar\/como-um-suplemento-barato-pode-melhorar-energia-e-foco-mental-diariamente\" target=\"_blank\" rel=\"noreferrer noopener\">Como um suplemento barato pode melhorar energia e foco mental diariamente<\/a><\/p>\n\n\n<div class=\"wp-block-image\">\n<figure class=\"aligncenter size-large\"><img decoding=\"async\" width=\"1024\" height=\"576\" src=\"https:\/\/www.correiobraziliense.com.br\/cbradar\/wp-content\/uploads\/2025\/10\/cancer-colorretal_1760618413797-1024x576.jpg\" alt=\"C\u00e2ncer colorretal: um sintoma que n\u00e3o deve ser ignorado para detectar a doen\u00e7a foi identificado\" class=\"wp-image-120266\" srcset=\"https:\/\/www.correiobraziliense.com.br\/cbradar\/wp-content\/uploads\/2025\/10\/cancer-colorretal_1760618413797-1024x576.jpg 1024w, https:\/\/www.correiobraziliense.com.br\/cbradar\/wp-content\/uploads\/2025\/10\/cancer-colorretal_1760618413797-300x169.jpg 300w, https:\/\/www.correiobraziliense.com.br\/cbradar\/wp-content\/uploads\/2025\/10\/cancer-colorretal_1760618413797-768x432.jpg 768w, https:\/\/www.correiobraziliense.com.br\/cbradar\/wp-content\/uploads\/2025\/10\/cancer-colorretal_1760618413797-750x422.jpg 750w, https:\/\/www.correiobraziliense.com.br\/cbradar\/wp-content\/uploads\/2025\/10\/cancer-colorretal_1760618413797-1140x641.jpg 1140w, https:\/\/www.correiobraziliense.com.br\/cbradar\/wp-content\/uploads\/2025\/10\/cancer-colorretal_1760618413797.jpg 1280w\" sizes=\"(max-width: 1024px) 100vw, 1024px\" \/><figcaption class=\"wp-element-caption\">C\u00e2ncer colorretal &#8211; Cr\u00e9ditos: depositphotos.com \/ AnatomyInsider<\/figcaption><\/figure><\/div>\n\n\n<h2 class=\"wp-block-heading\">Fatores de risco e a import\u00e2ncia da colonoscopia<\/h2>\n\n\n\n<p>Ao contr\u00e1rio do esperado, somente 13% dos casos possuem rela\u00e7\u00e3o com&nbsp;<strong>fatores heredit\u00e1rios<\/strong>. O consumo de tabaco, dieta pouco balanceada e aus\u00eancia de hist\u00f3rico familiar tamb\u00e9m influenciam no diagn\u00f3stico. Al\u00e9m desses fatores, sedentarismo e obesidade t\u00eam sido apontados em estudos recentes como contribuintes para o aumento da incid\u00eancia entre jovens.<\/p>\n\n\n\n<h2 class=\"wp-block-heading\">Recomenda\u00e7\u00f5es para uma detec\u00e7\u00e3o precoce<\/h2>\n\n\n\n<p>Especialistas sugerem que ao notar sintomas como&nbsp;<strong>sangramento retal<\/strong>&nbsp;ou&nbsp;<strong>dor abdominal<\/strong>, deve-se procurar atendimento m\u00e9dico imediatamente. A detec\u00e7\u00e3o precoce melhora significativamente as taxas de sobrevida. Exames anuais para pessoas em grupos de risco e a ado\u00e7\u00e3o de h\u00e1bitos de vida saud\u00e1veis s\u00e3o fortemente recomendados.<\/p>\n\n\n\n<p>Leia tamb\u00e9m: <a href=\"https:\/\/www.correiobraziliense.com.br\/cbradar\/esse-alimento-contem-maior-quantidade-de-potassio-que-a-banana-e-ajuda-a-combater-a-hipertensao\" target=\"_blank\" rel=\"noreferrer noopener\">Esse alimento cont\u00e9m maior quantidade de pot\u00e1ssio que a banana e ajuda a combater a hipertens\u00e3o<\/a><\/p>\n\n\n\n<h2 class=\"wp-block-heading\">Oportunidades para melhorar a detec\u00e7\u00e3o em jovens<\/h2>\n\n\n\n<p>Este estudo ressalta a necessidade de incluir adultos jovens em programas de rastreamento. Est\u00e1 sendo desenvolvida uma calculadora de&nbsp;<strong>risco de c\u00e2ncer<\/strong>&nbsp;para facilitar decis\u00f5es cl\u00ednicas, focando tamb\u00e9m na avalia\u00e7\u00e3o de fatores ligados ao estilo de vida.<\/p>\n\n\n\n<h2 class=\"wp-block-heading\">Elementos essenciais para considerar<\/h2>\n\n\n\n<ul class=\"wp-block-list\">\n<li>O&nbsp;<strong>sangramento retal<\/strong>&nbsp;\u00e9 um sinal de alerta para o c\u00e2ncer colorretal em est\u00e1gio inicial.<\/li>\n\n\n\n<li>A&nbsp;<strong>colonoscopia<\/strong>&nbsp;deve ser levada em conta diante de sintomas, independentemente da idade do paciente.<\/li>\n\n\n\n<li>A aus\u00eancia de hist\u00f3rico familiar n\u00e3o exclui o risco de desenvolver a doen\u00e7a.<\/li>\n<\/ul>\n","protected":false},"excerpt":{"rendered":"<p>O&nbsp;c\u00e2ncer colorretal, antes considerado uma doen\u00e7a de pessoas mais velhas, agora est\u00e1 aumentando entre adultos com menos de 50 anos. Estudos recentes identificam o&nbsp;sangramento retal&nbsp;como um sintoma chave para detectar a doen\u00e7a de forma precoce. Por que est\u00e1 aumentando o c\u00e2ncer colorretal em adultos jovens? Pesquisadores destacam que esse tipo de&nbsp;c\u00e2ncer&nbsp;est\u00e1 crescendo entre pessoas com [&hellip;]<\/p>\n","protected":false},"author":11,"featured_media":120261,"comment_status":"open","ping_status":"open","sticky":false,"template":"","format":"standard","meta":{"_yoast_wpseo_focuskw":"c\u00e2ncer colorretal sintoma","_yoast_wpseo_title":"%%title%%","_yoast_wpseo_metadesc":"Sintoma do c\u00e2ncer colorretal que n\u00e3o deve ser ignorado foi identificado e pode ajudar na detec\u00e7\u00e3o precoce e no tratamento eficaz","jnews-multi-image_gallery":[],"jnews_single_post":{"format":"standard"},"jnews_primary_category":[],"jnews_social_meta":[],"jnews_override_counter":[],"footnotes":""},"categories":[119],"post_tag":[5852,1318],"class_list":["post-120256","post","type-post","status-publish","format-standard","has-post-thumbnail","hentry","category-bem-estar","tag-cancer-colorretal","tag-saude-2"],"yoast_head":"<!-- This site is optimized with the Yoast SEO plugin v24.6 - https:\/\/yoast.com\/wordpress\/plugins\/seo\/ -->\n<title>O sintoma que n\u00e3o deve ser ignorado para detectar um tipo de c\u00e2ncer foi identificado<\/title>\n<meta name=\"description\" content=\"Sintoma do c\u00e2ncer colorretal que n\u00e3o deve ser ignorado foi identificado e pode ajudar na detec\u00e7\u00e3o precoce e no tratamento eficaz\" \/>\n<meta name=\"robots\" content=\"index, follow, max-snippet:-1, max-image-preview:large, max-video-preview:-1\" \/>\n<link rel=\"canonical\" href=\"https:\/\/www.correiobraziliense.com.br\/cbradar\/cancer-colorretal-um-sintoma-que-nao-deve-ser-ignorado-para-detectar-a-doenca-foi-identificado\/\" \/>\n<meta property=\"og:locale\" content=\"pt_BR\" \/>\n<meta property=\"og:type\" content=\"article\" \/>\n<meta property=\"og:title\" content=\"O sintoma que n\u00e3o deve ser ignorado para detectar um tipo de c\u00e2ncer foi identificado\" \/>\n<meta property=\"og:description\" content=\"Sintoma do c\u00e2ncer colorretal que n\u00e3o deve ser ignorado foi identificado e pode ajudar na detec\u00e7\u00e3o precoce e no tratamento eficaz\" \/>\n<meta property=\"og:url\" content=\"https:\/\/www.correiobraziliense.com.br\/cbradar\/cancer-colorretal-um-sintoma-que-nao-deve-ser-ignorado-para-detectar-a-doenca-foi-identificado\/\" \/>\n<meta property=\"og:site_name\" content=\"Correio Braziliense - Radar\" \/>\n<meta property=\"article:published_time\" content=\"2025-10-17T12:05:00+00:00\" \/>\n<meta property=\"og:image\" content=\"https:\/\/www.correiobraziliense.com.br\/cbradar\/wp-content\/uploads\/2025\/10\/cancer-colorretal_1760618260949.jpg\" \/>\n\t<meta property=\"og:image:width\" content=\"1280\" \/>\n\t<meta property=\"og:image:height\" content=\"720\" \/>\n\t<meta property=\"og:image:type\" content=\"image\/jpeg\" \/>\n<meta name=\"author\" content=\"Paulo Custodio\" \/>\n<meta name=\"twitter:card\" content=\"summary_large_image\" \/>\n<meta name=\"twitter:label1\" content=\"Escrito por\" \/>\n\t<meta name=\"twitter:data1\" content=\"Paulo Custodio\" \/>\n\t<meta name=\"twitter:label2\" content=\"Est. tempo de leitura\" \/>\n\t<meta name=\"twitter:data2\" content=\"3 minutos\" \/>\n<!-- \/ Yoast SEO plugin. -->","yoast_head_json":{"title":"O sintoma que n\u00e3o deve ser ignorado para detectar um tipo de c\u00e2ncer foi identificado","description":"Sintoma do c\u00e2ncer colorretal que n\u00e3o deve ser ignorado foi identificado e pode ajudar na detec\u00e7\u00e3o precoce e no tratamento eficaz","robots":{"index":"index","follow":"follow","max-snippet":"max-snippet:-1","max-image-preview":"max-image-preview:large","max-video-preview":"max-video-preview:-1"},"canonical":"https:\/\/www.correiobraziliense.com.br\/cbradar\/cancer-colorretal-um-sintoma-que-nao-deve-ser-ignorado-para-detectar-a-doenca-foi-identificado\/","og_locale":"pt_BR","og_type":"article","og_title":"O sintoma que n\u00e3o deve ser ignorado para detectar um tipo de c\u00e2ncer foi identificado","og_description":"Sintoma do c\u00e2ncer colorretal que n\u00e3o deve ser ignorado foi identificado e pode ajudar na detec\u00e7\u00e3o precoce e no tratamento eficaz","og_url":"https:\/\/www.correiobraziliense.com.br\/cbradar\/cancer-colorretal-um-sintoma-que-nao-deve-ser-ignorado-para-detectar-a-doenca-foi-identificado\/","og_site_name":"Correio Braziliense - Radar","article_published_time":"2025-10-17T12:05:00+00:00","og_image":[{"width":1280,"height":720,"url":"https:\/\/www.correiobraziliense.com.br\/cbradar\/wp-content\/uploads\/2025\/10\/cancer-colorretal_1760618260949.jpg","type":"image\/jpeg"}],"author":"Paulo Custodio","twitter_card":"summary_large_image","twitter_misc":{"Escrito por":"Paulo Custodio","Est. tempo de leitura":"3 minutos"},"schema":{"@context":"https:\/\/schema.org","@graph":[{"@type":"WebPage","@id":"https:\/\/www.correiobraziliense.com.br\/cbradar\/cancer-colorretal-um-sintoma-que-nao-deve-ser-ignorado-para-detectar-a-doenca-foi-identificado\/","url":"https:\/\/www.correiobraziliense.com.br\/cbradar\/cancer-colorretal-um-sintoma-que-nao-deve-ser-ignorado-para-detectar-a-doenca-foi-identificado\/","name":"O sintoma que n\u00e3o deve ser ignorado para detectar um tipo de c\u00e2ncer foi identificado","isPartOf":{"@id":"https:\/\/www.correiobraziliense.com.br\/cbradar\/#website"},"primaryImageOfPage":{"@id":"https:\/\/www.correiobraziliense.com.br\/cbradar\/cancer-colorretal-um-sintoma-que-nao-deve-ser-ignorado-para-detectar-a-doenca-foi-identificado\/#primaryimage"},"image":{"@id":"https:\/\/www.correiobraziliense.com.br\/cbradar\/cancer-colorretal-um-sintoma-que-nao-deve-ser-ignorado-para-detectar-a-doenca-foi-identificado\/#primaryimage"},"thumbnailUrl":"https:\/\/www.correiobraziliense.com.br\/cbradar\/wp-content\/uploads\/2025\/10\/cancer-colorretal_1760618260949.jpg","datePublished":"2025-10-17T12:05:00+00:00","author":{"@id":"https:\/\/www.correiobraziliense.com.br\/cbradar\/#\/schema\/person\/4cec7857301a9a1a2ef249893cd908d3"},"description":"Sintoma do c\u00e2ncer colorretal que n\u00e3o deve ser ignorado foi identificado e pode ajudar na detec\u00e7\u00e3o precoce e no tratamento eficaz","breadcrumb":{"@id":"https:\/\/www.correiobraziliense.com.br\/cbradar\/cancer-colorretal-um-sintoma-que-nao-deve-ser-ignorado-para-detectar-a-doenca-foi-identificado\/#breadcrumb"},"inLanguage":"pt-BR","potentialAction":[{"@type":"ReadAction","target":["https:\/\/www.correiobraziliense.com.br\/cbradar\/cancer-colorretal-um-sintoma-que-nao-deve-ser-ignorado-para-detectar-a-doenca-foi-identificado\/"]}]},{"@type":"ImageObject","inLanguage":"pt-BR","@id":"https:\/\/www.correiobraziliense.com.br\/cbradar\/cancer-colorretal-um-sintoma-que-nao-deve-ser-ignorado-para-detectar-a-doenca-foi-identificado\/#primaryimage","url":"https:\/\/www.correiobraziliense.com.br\/cbradar\/wp-content\/uploads\/2025\/10\/cancer-colorretal_1760618260949.jpg","contentUrl":"https:\/\/www.correiobraziliense.com.br\/cbradar\/wp-content\/uploads\/2025\/10\/cancer-colorretal_1760618260949.jpg","width":1280,"height":720,"caption":"C\u00e2ncer colorretal - Cr\u00e9ditos: depositphotos.com \/ AnatomyInsider"},{"@type":"BreadcrumbList","@id":"https:\/\/www.correiobraziliense.com.br\/cbradar\/cancer-colorretal-um-sintoma-que-nao-deve-ser-ignorado-para-detectar-a-doenca-foi-identificado\/#breadcrumb","itemListElement":[{"@type":"ListItem","position":1,"name":"In\u00edcio","item":"https:\/\/www.correiobraziliense.com.br\/cbradar\/"},{"@type":"ListItem","position":2,"name":"O sintoma que n\u00e3o deve ser ignorado para detectar um tipo de c\u00e2ncer foi identificado"}]},{"@type":"WebSite","@id":"https:\/\/www.correiobraziliense.com.br\/cbradar\/#website","url":"https:\/\/www.correiobraziliense.com.br\/cbradar\/","name":"Correio Braziliense - Radar","description":"Acompanhe as \u00faltimas not\u00edcias e fique bem informado sobre tudo o que acontece no Brasil e no mundo.","potentialAction":[{"@type":"SearchAction","target":{"@type":"EntryPoint","urlTemplate":"https:\/\/www.correiobraziliense.com.br\/cbradar\/?s={search_term_string}"},"query-input":{"@type":"PropertyValueSpecification","valueRequired":true,"valueName":"search_term_string"}}],"inLanguage":"pt-BR"},{"@type":"Person","@id":"https:\/\/www.correiobraziliense.com.br\/cbradar\/#\/schema\/person\/4cec7857301a9a1a2ef249893cd908d3","name":"Paulo Custodio","image":{"@type":"ImageObject","inLanguage":"pt-BR","@id":"https:\/\/www.correiobraziliense.com.br\/cbradar\/#\/schema\/person\/image\/","url":"https:\/\/secure.gravatar.com\/avatar\/bcd67168d1534e8fcf4f45c726a87cea?s=96&d=mm&r=g","contentUrl":"https:\/\/secure.gravatar.com\/avatar\/bcd67168d1534e8fcf4f45c726a87cea?s=96&d=mm&r=g","caption":"Paulo Custodio"},"sameAs":["https:\/\/www.correiobraziliense.com.br\/cbradar"],"url":"https:\/\/www.correiobraziliense.com.br\/cbradar\/author\/paulomyth\/"}]}},"_links":{"self":[{"href":"https:\/\/www.correiobraziliense.com.br\/cbradar\/wp-json\/wp\/v2\/posts\/120256","targetHints":{"allow":["GET"]}}],"collection":[{"href":"https:\/\/www.correiobraziliense.com.br\/cbradar\/wp-json\/wp\/v2\/posts"}],"about":[{"href":"https:\/\/www.correiobraziliense.com.br\/cbradar\/wp-json\/wp\/v2\/types\/post"}],"author":[{"embeddable":true,"href":"https:\/\/www.correiobraziliense.com.br\/cbradar\/wp-json\/wp\/v2\/users\/11"}],"replies":[{"embeddable":true,"href":"https:\/\/www.correiobraziliense.com.br\/cbradar\/wp-json\/wp\/v2\/comments?post=120256"}],"version-history":[{"count":2,"href":"https:\/\/www.correiobraziliense.com.br\/cbradar\/wp-json\/wp\/v2\/posts\/120256\/revisions"}],"predecessor-version":[{"id":120600,"href":"https:\/\/www.correiobraziliense.com.br\/cbradar\/wp-json\/wp\/v2\/posts\/120256\/revisions\/120600"}],"wp:featuredmedia":[{"embeddable":true,"href":"https:\/\/www.correiobraziliense.com.br\/cbradar\/wp-json\/wp\/v2\/media\/120261"}],"wp:attachment":[{"href":"https:\/\/www.correiobraziliense.com.br\/cbradar\/wp-json\/wp\/v2\/media?parent=120256"}],"wp:term":[{"taxonomy":"category","embeddable":true,"href":"https:\/\/www.correiobraziliense.com.br\/cbradar\/wp-json\/wp\/v2\/categories?post=120256"},{"taxonomy":"post_tag","embeddable":true,"href":"https:\/\/www.correiobraziliense.com.br\/cbradar\/wp-json\/wp\/v2\/post_tag?post=120256"}],"curies":[{"name":"wp","href":"https:\/\/api.w.org\/{rel}","templated":true}]}}