{"id":120272,"date":"2025-10-16T10:08:00","date_gmt":"2025-10-16T13:08:00","guid":{"rendered":"https:\/\/www.correiobraziliense.com.br\/cbradar\/?p=120272"},"modified":"2025-10-16T09:50:58","modified_gmt":"2025-10-16T12:50:58","slug":"se-voce-quer-viver-uma-vida-mais-feliz-aos-60-anos-de-adeus-a-esses-habitos","status":"publish","type":"post","link":"https:\/\/www.correiobraziliense.com.br\/cbradar\/se-voce-quer-viver-uma-vida-mais-feliz-aos-60-anos-de-adeus-a-esses-habitos\/","title":{"rendered":"Se voc\u00ea quer viver uma vida mais feliz aos 60 anos, d\u00ea adeus a esses h\u00e1bitos"},"content":{"rendered":"\n<p>Chegar \u00e0 <strong>terceira idade<\/strong> n\u00e3o significa encarar aposentadoria e limita\u00e7\u00f5es autoimpostas: essa fase pode ser uma das mais enriquecedoras da vida, desde que novas abordagens e perspectivas sejam adotadas, e h\u00e1bitos que n\u00e3o trazem benef\u00edcios fiquem para tr\u00e1s, promovendo sa\u00fade f\u00edsica e mental enquanto se valoriza o aprendizado cont\u00ednuo.<\/p>\n\n\n\n<h2 class=\"wp-block-heading\">Manter o aprendizado depois dos 60 anos \u00e9 fundamental<\/h2>\n\n\n\n<p>Aprender coisas novas \u00e9 ben\u00e9fico em qualquer idade, mas ganha ainda mais import\u00e2ncia ap\u00f3s os 60 anos. Novas habilidades e experi\u00eancias estimulam o c\u00e9rebro e podem prevenir decl\u00ednio cognitivo.<\/p>\n\n\n\n<p>Estudos mostram que a aquisi\u00e7\u00e3o de novos conhecimentos contribui para manter a mente ativa e as conex\u00f5es neurais, promovendo bem-estar e crescimento pessoal.<\/p>\n\n\n\n<h2 class=\"wp-block-heading\">O que fazer para deixar o passado para tr\u00e1s<\/h2>\n\n\n\n<p>Viver preso ao passado impede de aproveitar plenamente o presente. Aceitar mudan\u00e7as e buscar novas aventuras \u00e9 essencial para criar um futuro mais feliz.<\/p>\n\n\n\n<p>Existem v\u00e1rias maneiras de construir mem\u00f3rias positivas e facilitar a adapta\u00e7\u00e3o \u00e0 uma nova fase. Confira algumas sugest\u00f5es para come\u00e7ar:<\/p>\n\n\n\n<ul class=\"wp-block-list\">\n<li>Engaje-se em atividades inovadoras e criativas<\/li>\n\n\n\n<li>Participe de grupos sociais ou voluntariado<\/li>\n\n\n\n<li>Compartilhe experi\u00eancias com familiares e amigos<\/li>\n<\/ul>\n\n\n<div class=\"wp-block-image\">\n<figure class=\"aligncenter size-large\"><img decoding=\"async\" width=\"1024\" height=\"576\" src=\"https:\/\/www.correiobraziliense.com.br\/cbradar\/wp-content\/uploads\/2025\/10\/idoso_1760618959304-1024x576.jpg\" alt=\"A terceira idade pode ser um novo come\u00e7o cheio de aprendizado e plenitude - Cr\u00e9ditos: depositphotos.com \/ HayDmitriy\" class=\"wp-image-120283\" srcset=\"https:\/\/www.correiobraziliense.com.br\/cbradar\/wp-content\/uploads\/2025\/10\/idoso_1760618959304-1024x576.jpg 1024w, https:\/\/www.correiobraziliense.com.br\/cbradar\/wp-content\/uploads\/2025\/10\/idoso_1760618959304-300x169.jpg 300w, https:\/\/www.correiobraziliense.com.br\/cbradar\/wp-content\/uploads\/2025\/10\/idoso_1760618959304-768x432.jpg 768w, https:\/\/www.correiobraziliense.com.br\/cbradar\/wp-content\/uploads\/2025\/10\/idoso_1760618959304-750x422.jpg 750w, https:\/\/www.correiobraziliense.com.br\/cbradar\/wp-content\/uploads\/2025\/10\/idoso_1760618959304-1140x641.jpg 1140w, https:\/\/www.correiobraziliense.com.br\/cbradar\/wp-content\/uploads\/2025\/10\/idoso_1760618959304.jpg 1280w\" sizes=\"(max-width: 1024px) 100vw, 1024px\" \/><figcaption class=\"wp-element-caption\">A terceira idade pode ser um novo come\u00e7o cheio de aprendizado e plenitude &#8211; Cr\u00e9ditos: depositphotos.com \/ HayDmitriy<\/figcaption><\/figure><\/div>\n\n\n<h2 class=\"wp-block-heading\">A import\u00e2ncia do cuidado com o corpo nesta fase<\/h2>\n\n\n\n<p>Cuidar do corpo ap\u00f3s os 60 anos \u00e9 essencial para garantir disposi\u00e7\u00e3o e bem-estar. Al\u00e9m de melhorar a qualidade de vida, pr\u00e1ticas saud\u00e1veis ajudam na preven\u00e7\u00e3o de doen\u00e7as.<\/p>\n\n\n\n<p>Manter uma alimenta\u00e7\u00e3o equilibrada, praticar exerc\u00edcios f\u00edsicos e realizar exames m\u00e9dicos regularmente fortalece a sa\u00fade e a autonomia diariamente.<\/p>\n\n\n\n<h2 class=\"wp-block-heading\">Evitar o rancor \u00e9 importante para o bem-estar emocional<\/h2>\n\n\n\n<p>Sentimentos negativos, como o rancor, podem sobrecarregar emocionalmente e prejudicar rela\u00e7\u00f5es. Praticar o perd\u00e3o favorece a paz interior e conviv\u00eancia harmoniosa com os outros.<\/p>\n\n\n\n<p>Deixar ressentimentos de lado abre espa\u00e7o para rela\u00e7\u00f5es mais leves, cultivando empatia e criando um ambiente de satisfa\u00e7\u00e3o e entendimento m\u00fatuo.<\/p>\n\n\n\n<h2 class=\"wp-block-heading\">Como desenvolver gratid\u00e3o diariamente<\/h2>\n\n\n\n<p>A gratid\u00e3o transforma a percep\u00e7\u00e3o do mundo, tornando as pequenas conquistas do dia a dia mais significativas. Praticar o h\u00e1bito de reconhecer e valorizar esses momentos \u00e9 simples e poderoso.<\/p>\n\n\n\n<p>Uma maneira pr\u00e1tica de incluir a gratid\u00e3o na rotina \u00e9 atrav\u00e9s de a\u00e7\u00f5es que refor\u00e7am este sentimento. Veja como come\u00e7ar:<\/p>\n\n\n\n<ul class=\"wp-block-list\">\n<li>Escreva diariamente em um di\u00e1rio de gratid\u00e3o<\/li>\n\n\n\n<li>Expresse agradecimento verbalmente para as pessoas pr\u00f3ximas<\/li>\n\n\n\n<li>Reconhe\u00e7a e celebre pequenas vit\u00f3rias cotidianas<\/li>\n<\/ul>\n\n\n\n<h2 class=\"wp-block-heading\">Preservar hobbies traz diversos benef\u00edcios<\/h2>\n\n\n\n<p>Ter hobbies \u00e9 importante para a sa\u00fade mental e emocional na terceira idade. Eles proporcionam prazer, oportunidades de socializa\u00e7\u00e3o e estimulam o desenvolvimento de novas habilidades.<\/p>\n\n\n\n<p>Envolver-se em atividades como jardinagem, leitura, dan\u00e7a ou pintura contribui para manter o entusiasmo e a mente ativa, resultando em uma vida mais enriquecedora.<\/p>\n\n\n\n<h2 class=\"wp-block-heading\">Aproveitar o presente garante mais plenitude nesta fase<\/h2>\n\n\n\n<p>Valorizar o momento presente \u00e9 essencial para alcan\u00e7ar satisfa\u00e7\u00e3o e aproveitar experi\u00eancias de forma intensa. Autocuidado e foco no agora s\u00e3o ferramentas para viver com mais alegria.<\/p>\n\n\n\n<p>Pr\u00e1ticas como medita\u00e7\u00e3o e mindfulness ajudam a concentrar-se no presente, tornando o dia a dia mais gratificante e significativo.<\/p>\n","protected":false},"excerpt":{"rendered":"<p>Chegar \u00e0 terceira idade n\u00e3o significa encarar aposentadoria e limita\u00e7\u00f5es autoimpostas: essa fase pode ser uma das mais enriquecedoras da vida, desde que novas abordagens e perspectivas sejam adotadas, e h\u00e1bitos que n\u00e3o trazem benef\u00edcios fiquem para tr\u00e1s, promovendo sa\u00fade f\u00edsica e mental enquanto se valoriza o aprendizado cont\u00ednuo. Manter o aprendizado depois dos 60 [&hellip;]<\/p>\n","protected":false},"author":12,"featured_media":120282,"comment_status":"open","ping_status":"open","sticky":false,"template":"","format":"standard","meta":{"_yoast_wpseo_focuskw":"terceira idade","_yoast_wpseo_title":"","_yoast_wpseo_metadesc":"Aprenda como cultivar h\u00e1bitos saud\u00e1veis e viver a terceira idade com mais leveza e entusiasmo.","jnews-multi-image_gallery":[],"jnews_single_post":{"format":"standard"},"jnews_primary_category":[],"jnews_social_meta":[],"jnews_override_counter":[],"footnotes":""},"categories":[119],"post_tag":[10862,10863,201,10864],"class_list":["post-120272","post","type-post","status-publish","format-standard","has-post-thumbnail","hentry","category-bem-estar","tag-bem-estar-na-maturidade","tag-envelhecer-com-saude","tag-terceira-idade","tag-vida-ativa-apos-os-60"],"yoast_head":"<!-- This site is optimized with the Yoast SEO plugin v24.6 - https:\/\/yoast.com\/wordpress\/plugins\/seo\/ -->\n<title>Se voc\u00ea quer viver uma vida mais feliz aos 60 anos, d\u00ea adeus a esses h\u00e1bitos - Correio Braziliense - Radar<\/title>\n<meta name=\"description\" content=\"Aprenda como cultivar h\u00e1bitos saud\u00e1veis e viver a terceira idade com mais leveza e entusiasmo.\" \/>\n<meta name=\"robots\" content=\"index, follow, max-snippet:-1, max-image-preview:large, max-video-preview:-1\" \/>\n<link rel=\"canonical\" href=\"https:\/\/www.correiobraziliense.com.br\/cbradar\/se-voce-quer-viver-uma-vida-mais-feliz-aos-60-anos-de-adeus-a-esses-habitos\/\" \/>\n<meta property=\"og:locale\" content=\"pt_BR\" \/>\n<meta property=\"og:type\" content=\"article\" \/>\n<meta property=\"og:title\" content=\"Se voc\u00ea quer viver uma vida mais feliz aos 60 anos, d\u00ea adeus a esses h\u00e1bitos - Correio Braziliense - Radar\" \/>\n<meta property=\"og:description\" content=\"Aprenda como cultivar h\u00e1bitos saud\u00e1veis e viver a terceira idade com mais leveza e entusiasmo.\" \/>\n<meta property=\"og:url\" content=\"https:\/\/www.correiobraziliense.com.br\/cbradar\/se-voce-quer-viver-uma-vida-mais-feliz-aos-60-anos-de-adeus-a-esses-habitos\/\" \/>\n<meta property=\"og:site_name\" content=\"Correio Braziliense - Radar\" \/>\n<meta property=\"article:published_time\" content=\"2025-10-16T13:08:00+00:00\" \/>\n<meta property=\"og:image\" content=\"https:\/\/www.correiobraziliense.com.br\/cbradar\/wp-content\/uploads\/2025\/10\/idoso_1760618909318.jpg\" \/>\n\t<meta property=\"og:image:width\" content=\"1280\" \/>\n\t<meta property=\"og:image:height\" content=\"720\" \/>\n\t<meta property=\"og:image:type\" content=\"image\/jpeg\" \/>\n<meta name=\"author\" content=\"Gabriel Leme\" \/>\n<meta name=\"twitter:card\" content=\"summary_large_image\" \/>\n<meta name=\"twitter:label1\" content=\"Escrito por\" \/>\n\t<meta name=\"twitter:data1\" content=\"Gabriel Leme\" \/>\n\t<meta name=\"twitter:label2\" content=\"Est. tempo de leitura\" \/>\n\t<meta name=\"twitter:data2\" content=\"4 minutos\" \/>\n<!-- \/ Yoast SEO plugin. -->","yoast_head_json":{"title":"Se voc\u00ea quer viver uma vida mais feliz aos 60 anos, d\u00ea adeus a esses h\u00e1bitos - Correio Braziliense - Radar","description":"Aprenda como cultivar h\u00e1bitos saud\u00e1veis e viver a terceira idade com mais leveza e entusiasmo.","robots":{"index":"index","follow":"follow","max-snippet":"max-snippet:-1","max-image-preview":"max-image-preview:large","max-video-preview":"max-video-preview:-1"},"canonical":"https:\/\/www.correiobraziliense.com.br\/cbradar\/se-voce-quer-viver-uma-vida-mais-feliz-aos-60-anos-de-adeus-a-esses-habitos\/","og_locale":"pt_BR","og_type":"article","og_title":"Se voc\u00ea quer viver uma vida mais feliz aos 60 anos, d\u00ea adeus a esses h\u00e1bitos - Correio Braziliense - Radar","og_description":"Aprenda como cultivar h\u00e1bitos saud\u00e1veis e viver a terceira idade com mais leveza e entusiasmo.","og_url":"https:\/\/www.correiobraziliense.com.br\/cbradar\/se-voce-quer-viver-uma-vida-mais-feliz-aos-60-anos-de-adeus-a-esses-habitos\/","og_site_name":"Correio Braziliense - Radar","article_published_time":"2025-10-16T13:08:00+00:00","og_image":[{"width":1280,"height":720,"url":"https:\/\/www.correiobraziliense.com.br\/cbradar\/wp-content\/uploads\/2025\/10\/idoso_1760618909318.jpg","type":"image\/jpeg"}],"author":"Gabriel Leme","twitter_card":"summary_large_image","twitter_misc":{"Escrito por":"Gabriel Leme","Est. tempo de leitura":"4 minutos"},"schema":{"@context":"https:\/\/schema.org","@graph":[{"@type":"WebPage","@id":"https:\/\/www.correiobraziliense.com.br\/cbradar\/se-voce-quer-viver-uma-vida-mais-feliz-aos-60-anos-de-adeus-a-esses-habitos\/","url":"https:\/\/www.correiobraziliense.com.br\/cbradar\/se-voce-quer-viver-uma-vida-mais-feliz-aos-60-anos-de-adeus-a-esses-habitos\/","name":"Se voc\u00ea quer viver uma vida mais feliz aos 60 anos, d\u00ea adeus a esses h\u00e1bitos - Correio Braziliense - Radar","isPartOf":{"@id":"https:\/\/www.correiobraziliense.com.br\/cbradar\/#website"},"primaryImageOfPage":{"@id":"https:\/\/www.correiobraziliense.com.br\/cbradar\/se-voce-quer-viver-uma-vida-mais-feliz-aos-60-anos-de-adeus-a-esses-habitos\/#primaryimage"},"image":{"@id":"https:\/\/www.correiobraziliense.com.br\/cbradar\/se-voce-quer-viver-uma-vida-mais-feliz-aos-60-anos-de-adeus-a-esses-habitos\/#primaryimage"},"thumbnailUrl":"https:\/\/www.correiobraziliense.com.br\/cbradar\/wp-content\/uploads\/2025\/10\/idoso_1760618909318.jpg","datePublished":"2025-10-16T13:08:00+00:00","author":{"@id":"https:\/\/www.correiobraziliense.com.br\/cbradar\/#\/schema\/person\/67a081d63a0fe55fb267145a7be2f7c1"},"description":"Aprenda como cultivar h\u00e1bitos saud\u00e1veis e viver a terceira idade com mais leveza e entusiasmo.","breadcrumb":{"@id":"https:\/\/www.correiobraziliense.com.br\/cbradar\/se-voce-quer-viver-uma-vida-mais-feliz-aos-60-anos-de-adeus-a-esses-habitos\/#breadcrumb"},"inLanguage":"pt-BR","potentialAction":[{"@type":"ReadAction","target":["https:\/\/www.correiobraziliense.com.br\/cbradar\/se-voce-quer-viver-uma-vida-mais-feliz-aos-60-anos-de-adeus-a-esses-habitos\/"]}]},{"@type":"ImageObject","inLanguage":"pt-BR","@id":"https:\/\/www.correiobraziliense.com.br\/cbradar\/se-voce-quer-viver-uma-vida-mais-feliz-aos-60-anos-de-adeus-a-esses-habitos\/#primaryimage","url":"https:\/\/www.correiobraziliense.com.br\/cbradar\/wp-content\/uploads\/2025\/10\/idoso_1760618909318.jpg","contentUrl":"https:\/\/www.correiobraziliense.com.br\/cbradar\/wp-content\/uploads\/2025\/10\/idoso_1760618909318.jpg","width":1280,"height":720,"caption":"Viver depois dos 60 pode ser o come\u00e7o da fase mais inspiradora da sua vida - Cr\u00e9ditos: depositphotos.com \/ AllaSerebrina"},{"@type":"BreadcrumbList","@id":"https:\/\/www.correiobraziliense.com.br\/cbradar\/se-voce-quer-viver-uma-vida-mais-feliz-aos-60-anos-de-adeus-a-esses-habitos\/#breadcrumb","itemListElement":[{"@type":"ListItem","position":1,"name":"In\u00edcio","item":"https:\/\/www.correiobraziliense.com.br\/cbradar\/"},{"@type":"ListItem","position":2,"name":"Se voc\u00ea quer viver uma vida mais feliz aos 60 anos, d\u00ea adeus a esses h\u00e1bitos"}]},{"@type":"WebSite","@id":"https:\/\/www.correiobraziliense.com.br\/cbradar\/#website","url":"https:\/\/www.correiobraziliense.com.br\/cbradar\/","name":"Correio Braziliense - Radar","description":"Acompanhe as \u00faltimas not\u00edcias e fique bem informado sobre tudo o que acontece no Brasil e no mundo.","potentialAction":[{"@type":"SearchAction","target":{"@type":"EntryPoint","urlTemplate":"https:\/\/www.correiobraziliense.com.br\/cbradar\/?s={search_term_string}"},"query-input":{"@type":"PropertyValueSpecification","valueRequired":true,"valueName":"search_term_string"}}],"inLanguage":"pt-BR"},{"@type":"Person","@id":"https:\/\/www.correiobraziliense.com.br\/cbradar\/#\/schema\/person\/67a081d63a0fe55fb267145a7be2f7c1","name":"Gabriel Leme","image":{"@type":"ImageObject","inLanguage":"pt-BR","@id":"https:\/\/www.correiobraziliense.com.br\/cbradar\/#\/schema\/person\/image\/","url":"https:\/\/secure.gravatar.com\/avatar\/85bf2e3517d27149969b72412b460c20?s=96&d=mm&r=g","contentUrl":"https:\/\/secure.gravatar.com\/avatar\/85bf2e3517d27149969b72412b460c20?s=96&d=mm&r=g","caption":"Gabriel Leme"},"sameAs":["https:\/\/www.correiobraziliense.com.br\/"],"url":"https:\/\/www.correiobraziliense.com.br\/cbradar\/author\/gabrielmyth\/"}]}},"_links":{"self":[{"href":"https:\/\/www.correiobraziliense.com.br\/cbradar\/wp-json\/wp\/v2\/posts\/120272","targetHints":{"allow":["GET"]}}],"collection":[{"href":"https:\/\/www.correiobraziliense.com.br\/cbradar\/wp-json\/wp\/v2\/posts"}],"about":[{"href":"https:\/\/www.correiobraziliense.com.br\/cbradar\/wp-json\/wp\/v2\/types\/post"}],"author":[{"embeddable":true,"href":"https:\/\/www.correiobraziliense.com.br\/cbradar\/wp-json\/wp\/v2\/users\/12"}],"replies":[{"embeddable":true,"href":"https:\/\/www.correiobraziliense.com.br\/cbradar\/wp-json\/wp\/v2\/comments?post=120272"}],"version-history":[{"count":2,"href":"https:\/\/www.correiobraziliense.com.br\/cbradar\/wp-json\/wp\/v2\/posts\/120272\/revisions"}],"predecessor-version":[{"id":120285,"href":"https:\/\/www.correiobraziliense.com.br\/cbradar\/wp-json\/wp\/v2\/posts\/120272\/revisions\/120285"}],"wp:featuredmedia":[{"embeddable":true,"href":"https:\/\/www.correiobraziliense.com.br\/cbradar\/wp-json\/wp\/v2\/media\/120282"}],"wp:attachment":[{"href":"https:\/\/www.correiobraziliense.com.br\/cbradar\/wp-json\/wp\/v2\/media?parent=120272"}],"wp:term":[{"taxonomy":"category","embeddable":true,"href":"https:\/\/www.correiobraziliense.com.br\/cbradar\/wp-json\/wp\/v2\/categories?post=120272"},{"taxonomy":"post_tag","embeddable":true,"href":"https:\/\/www.correiobraziliense.com.br\/cbradar\/wp-json\/wp\/v2\/post_tag?post=120272"}],"curies":[{"name":"wp","href":"https:\/\/api.w.org\/{rel}","templated":true}]}}