{"id":120332,"date":"2025-10-17T17:15:00","date_gmt":"2025-10-17T20:15:00","guid":{"rendered":"https:\/\/www.correiobraziliense.com.br\/cbradar\/?p=120332"},"modified":"2025-10-16T10:45:32","modified_gmt":"2025-10-16T13:45:32","slug":"pesquisas-revelam-os-verdadeiros-beneficios-do-jejum-na-longevidade","status":"publish","type":"post","link":"https:\/\/www.correiobraziliense.com.br\/cbradar\/pesquisas-revelam-os-verdadeiros-beneficios-do-jejum-na-longevidade\/","title":{"rendered":"Pesquisas revelam os verdadeiros benef\u00edcios do jejum na longevidade"},"content":{"rendered":"\n<p>O<strong> jejum intermitente (JI)<\/strong> emergiu como uma das estrat\u00e9gias de sa\u00fade mais populares da atualidade, frequentemente associado a promessas de emagrecimento, melhora metab\u00f3lica e, o mais intrigante, uma vida mais longa. \u00c9 crucial e inegoci\u00e1vel afirmar desde o in\u00edcio: <strong>o jejum intermitente \u00e9 uma interven\u00e7\u00e3o metab\u00f3lica intensa, n\u00e3o \u00e9 seguro ou adequado para todas as pessoas e nunca deve ser iniciado sem a avalia\u00e7\u00e3o e o acompanhamento de um profissional de sa\u00fade.<\/strong><\/p>\n\n\n\n<p>Este artigo ir\u00e1 explorar, de forma segura e baseada em evid\u00eancias, os mecanismos biol\u00f3gicos que conectam o jejum \u00e0 sa\u00fade celular e ao envelhecimento, e apresentar o que as pesquisas recentes revelam, separando os fatos comprovados dos mitos.<\/p>\n\n\n\n<h2 class=\"wp-block-heading\">Como o jejum intermitente &#8220;conversa&#8221; com nossas c\u00e9lulas?<\/h2>\n\n\n\n<p>A pr\u00e1tica do jejum desencadeia uma s\u00e9rie de adapta\u00e7\u00f5es celulares e moleculares que s\u00e3o, em ess\u00eancia, respostas ancestrais \u00e0 escassez de alimentos. Uma das principais respostas \u00e9 a <strong>troca metab\u00f3lica (metabolic switching)<\/strong>. Quando o corpo esgota suas reservas de glicose ap\u00f3s v\u00e1rias horas sem comer, ele come\u00e7a a queimar gordura como fonte prim\u00e1ria de energia, produzindo corpos cet\u00f4nicos. <\/p>\n\n\n\n<p>Pesquisas, como uma revis\u00e3o abrangente publicada no <strong>The New England Journal of Medicine<\/strong>, sugerem que essa troca metab\u00f3lica, e n\u00e3o apenas a restri\u00e7\u00e3o cal\u00f3rica, pode acionar vias de sinaliza\u00e7\u00e3o celular associadas \u00e0 resili\u00eancia e \u00e0 longevidade.<\/p>\n\n\n<div class=\"wp-block-image\">\n<figure class=\"aligncenter size-large\"><img decoding=\"async\" width=\"1024\" height=\"576\" src=\"https:\/\/www.correiobraziliense.com.br\/cbradar\/wp-content\/uploads\/2025\/03\/jejum_1742398850170-1024x576.jpg\" alt=\"Pesquisas revelam os verdadeiros benef\u00edcios do jejum na longevidade\" class=\"wp-image-13967\" srcset=\"https:\/\/www.correiobraziliense.com.br\/cbradar\/wp-content\/uploads\/2025\/03\/jejum_1742398850170-1024x576.jpg 1024w, https:\/\/www.correiobraziliense.com.br\/cbradar\/wp-content\/uploads\/2025\/03\/jejum_1742398850170-300x169.jpg 300w, https:\/\/www.correiobraziliense.com.br\/cbradar\/wp-content\/uploads\/2025\/03\/jejum_1742398850170-768x432.jpg 768w, https:\/\/www.correiobraziliense.com.br\/cbradar\/wp-content\/uploads\/2025\/03\/jejum_1742398850170-750x422.jpg 750w, https:\/\/www.correiobraziliense.com.br\/cbradar\/wp-content\/uploads\/2025\/03\/jejum_1742398850170-1140x641.jpg 1140w, https:\/\/www.correiobraziliense.com.br\/cbradar\/wp-content\/uploads\/2025\/03\/jejum_1742398850170.jpg 1280w\" sizes=\"(max-width: 1024px) 100vw, 1024px\" \/><figcaption class=\"wp-element-caption\">Jejum &#8211; Cr\u00e9ditos: depositphotos.com \/ duskbabe<\/figcaption><\/figure><\/div>\n\n\n<p>Leia tamb\u00e9m: <a href=\"https:\/\/www.correiobraziliense.com.br\/cbradar\/como-um-suplemento-barato-pode-melhorar-energia-e-foco-mental-diariamente\" target=\"_blank\" rel=\"noreferrer noopener\">Como um suplemento barato pode melhorar energia e foco mental diariamente<\/a><\/p>\n\n\n\n<h2 class=\"wp-block-heading\">O que \u00e9 a autofagia e qual sua rela\u00e7\u00e3o com o envelhecimento saud\u00e1vel?<\/h2>\n\n\n\n<p>Um dos processos mais fascinantes ativados pelo jejum \u00e9 a <strong>autofagia<\/strong>, termo que significa &#8220;comer a si mesmo&#8221;. Este \u00e9 um mecanismo de controle de qualidade e reciclagem intracelular. Durante a autofagia, as c\u00e9lulas desmontam componentes velhos, danificados ou disfuncionais \u2014 como prote\u00ednas malformadas e organelas gastas \u2014 e reciclam seus componentes b\u00e1sicos.<\/p>\n\n\n\n<p>Conforme detalhado por pesquisas do <strong><a target=\"_blank\" rel=\"noreferrer noopener\" href=\"https:\/\/www.pasteur.fr\/en\/research-journal\/news\/intermittent-fasting-cellular-cleansing-improve-health\">Institut Pasteur<\/a><\/strong>, este processo de &#8220;limpeza&#8221; \u00e9 vital para a sa\u00fade celular. Acredita-se que um decl\u00ednio na efici\u00eancia da autofagia com a idade contribui para o ac\u00famulo de danos celulares associados ao envelhecimento e a doen\u00e7as neurodegenerativas. O jejum \u00e9 um dos est\u00edmulos mais potentes conhecidos para induzir a autofagia.<\/p>\n\n\n\n<p>Leia tamb\u00e9m: <a href=\"https:\/\/www.correiobraziliense.com.br\/cbradar\/esse-alimento-contem-maior-quantidade-de-potassio-que-a-banana-e-ajuda-a-combater-a-hipertensao\" target=\"_blank\" rel=\"noreferrer noopener\">Esse alimento cont\u00e9m maior quantidade de pot\u00e1ssio que a banana e ajuda a combater a hipertens\u00e3o<\/a><\/p>\n\n\n\n<h2 class=\"wp-block-heading\">O que as pesquisas em humanos revelam sobre os benef\u00edcios do jejum?<\/h2>\n\n\n\n<p>\u00c9 aqui que a distin\u00e7\u00e3o \u00e9 crucial. A maior parte das evid\u00eancias robustas que ligam o jejum a um aumento direto da <strong>expectativa de vida (lifespan)<\/strong> vem de estudos com leveduras, vermes, moscas e roedores. Em humanos, a pesquisa ainda est\u00e1 em andamento e os resultados s\u00e3o mais focados na <strong>expectativa de sa\u00fade (healthspan)<\/strong>, ou seja, na qualidade de vida durante o envelhecimento.<\/p>\n\n\n\n<p>Estudos cl\u00ednicos em humanos, como uma meta-an\u00e1lise publicada pelo <strong><a target=\"_blank\" rel=\"noreferrer noopener\" href=\"https:\/\/www.bmj.com\/content\/389\/bmj-2024-082007\">The BMJ<\/a><\/strong>, mostraram que o jejum intermitente pode ser t\u00e3o eficaz quanto a restri\u00e7\u00e3o cal\u00f3rica cont\u00ednua para a melhora de importantes marcadores de sa\u00fade, como:<\/p>\n\n\n\n<ul class=\"wp-block-list\">\n<li>Melhora da sensibilidade \u00e0 insulina e controle do a\u00e7\u00facar no sangue.<\/li>\n\n\n\n<li>Redu\u00e7\u00e3o da press\u00e3o arterial.<\/li>\n\n\n\n<li>Diminui\u00e7\u00e3o dos n\u00edveis de triglicer\u00eddeos e colesterol LDL.<\/li>\n\n\n\n<li>Redu\u00e7\u00e3o de marcadores inflamat\u00f3rios.<\/li>\n<\/ul>\n\n\n\n<p>Ao melhorar esses fatores de risco, o jejum pode, teoricamente, contribuir para uma vida mais longa e saud\u00e1vel, mas a prova direta de que ele aumenta a longevidade humana ainda n\u00e3o existe.<\/p>\n\n\n\n<h2 class=\"wp-block-heading\">O jejum intermitente \u00e9 seguro? Quando a consulta m\u00e9dica \u00e9 indispens\u00e1vel?<\/h2>\n\n\n\n<p>A resposta \u00e9 um enf\u00e1tico e inequ\u00edvoco <strong>N\u00c3O<\/strong>, o jejum intermitente n\u00e3o \u00e9 seguro para todos. Esta pr\u00e1tica \u00e9 uma interven\u00e7\u00e3o fisiol\u00f3gica intensa e \u00e9 absolutamente contraindicada para diversos grupos, incluindo:<\/p>\n\n\n\n<ul class=\"wp-block-list\">\n<li>Pessoas com hist\u00f3rico de transtornos alimentares.<\/li>\n\n\n\n<li>Gestantes ou lactantes.<\/li>\n\n\n\n<li>Crian\u00e7as e adolescentes em fase de crescimento.<\/li>\n\n\n\n<li>Indiv\u00edduos com diabetes tipo 1 ou que usam insulina.<\/li>\n\n\n\n<li>Pessoas com baixo peso ou desnutridas.<\/li>\n<\/ul>\n\n\n\n<p>A automedica\u00e7\u00e3o com jejum para tratar a obesidade ou outros problemas de sa\u00fade \u00e9 extremamente perigosa. A \u00fanica forma segura de abordar essa pr\u00e1tica \u00e9 atrav\u00e9s de uma avalia\u00e7\u00e3o completa e da supervis\u00e3o cont\u00ednua de profissionais. Um <strong>m\u00e9dico<\/strong> deve avaliar sua sa\u00fade geral para garantir que n\u00e3o h\u00e1 contraindica\u00e7\u00f5es. Um <strong>nutricionista<\/strong> \u00e9 o profissional indispens\u00e1vel para estruturar a janela de alimenta\u00e7\u00e3o de forma que todas as suas necessidades nutricionais sejam atendidas, evitando a desnutri\u00e7\u00e3o e outros riscos \u00e0 sa\u00fade.<\/p>\n","protected":false},"excerpt":{"rendered":"<p>O jejum intermitente (JI) emergiu como uma das estrat\u00e9gias de sa\u00fade mais populares da atualidade, frequentemente associado a promessas de emagrecimento, melhora metab\u00f3lica e, o mais intrigante, uma vida mais longa. \u00c9 crucial e inegoci\u00e1vel afirmar desde o in\u00edcio: o jejum intermitente \u00e9 uma interven\u00e7\u00e3o metab\u00f3lica intensa, n\u00e3o \u00e9 seguro ou adequado para todas as [&hellip;]<\/p>\n","protected":false},"author":11,"featured_media":8862,"comment_status":"open","ping_status":"open","sticky":false,"template":"","format":"standard","meta":{"_yoast_wpseo_focuskw":"benef\u00edcios do jejum na longevidade","_yoast_wpseo_title":"","_yoast_wpseo_metadesc":"Pesquisas comprovam os benef\u00edcios do jejum na longevidade, mostrando impacto positivo na sa\u00fade, energia e envelhecimento saud\u00e1vel","jnews-multi-image_gallery":[],"jnews_single_post":{"format":"standard"},"jnews_primary_category":[],"jnews_social_meta":[],"jnews_override_counter":[],"footnotes":""},"categories":[119],"post_tag":[1487,232,1318],"class_list":["post-120332","post","type-post","status-publish","format-standard","has-post-thumbnail","hentry","category-bem-estar","tag-jejum","tag-longevidade","tag-saude-2"],"yoast_head":"<!-- This site is optimized with the Yoast SEO plugin v24.6 - https:\/\/yoast.com\/wordpress\/plugins\/seo\/ -->\n<title>Pesquisas revelam os verdadeiros benef\u00edcios do jejum na longevidade - Correio Braziliense - Radar<\/title>\n<meta name=\"description\" content=\"Pesquisas comprovam os benef\u00edcios do jejum na longevidade, mostrando impacto positivo na sa\u00fade, energia e envelhecimento saud\u00e1vel\" \/>\n<meta name=\"robots\" content=\"index, follow, max-snippet:-1, max-image-preview:large, max-video-preview:-1\" \/>\n<link rel=\"canonical\" href=\"https:\/\/www.correiobraziliense.com.br\/cbradar\/pesquisas-revelam-os-verdadeiros-beneficios-do-jejum-na-longevidade\/\" \/>\n<meta property=\"og:locale\" content=\"pt_BR\" \/>\n<meta property=\"og:type\" content=\"article\" \/>\n<meta property=\"og:title\" content=\"Pesquisas revelam os verdadeiros benef\u00edcios do jejum na longevidade - Correio Braziliense - Radar\" \/>\n<meta property=\"og:description\" content=\"Pesquisas comprovam os benef\u00edcios do jejum na longevidade, mostrando impacto positivo na sa\u00fade, energia e envelhecimento saud\u00e1vel\" \/>\n<meta property=\"og:url\" content=\"https:\/\/www.correiobraziliense.com.br\/cbradar\/pesquisas-revelam-os-verdadeiros-beneficios-do-jejum-na-longevidade\/\" \/>\n<meta property=\"og:site_name\" content=\"Correio Braziliense - Radar\" \/>\n<meta property=\"article:published_time\" content=\"2025-10-17T20:15:00+00:00\" \/>\n<meta property=\"og:image\" content=\"https:\/\/www.correiobraziliense.com.br\/cbradar\/wp-content\/uploads\/2025\/03\/jejum_1741093418130.jpg\" \/>\n\t<meta property=\"og:image:width\" content=\"1280\" \/>\n\t<meta property=\"og:image:height\" content=\"720\" \/>\n\t<meta property=\"og:image:type\" content=\"image\/jpeg\" \/>\n<meta name=\"author\" content=\"Paulo Custodio\" \/>\n<meta name=\"twitter:card\" content=\"summary_large_image\" \/>\n<meta name=\"twitter:label1\" content=\"Escrito por\" \/>\n\t<meta name=\"twitter:data1\" content=\"Paulo Custodio\" \/>\n\t<meta name=\"twitter:label2\" content=\"Est. tempo de leitura\" \/>\n\t<meta name=\"twitter:data2\" content=\"5 minutos\" \/>\n<!-- \/ Yoast SEO plugin. -->","yoast_head_json":{"title":"Pesquisas revelam os verdadeiros benef\u00edcios do jejum na longevidade - Correio Braziliense - Radar","description":"Pesquisas comprovam os benef\u00edcios do jejum na longevidade, mostrando impacto positivo na sa\u00fade, energia e envelhecimento saud\u00e1vel","robots":{"index":"index","follow":"follow","max-snippet":"max-snippet:-1","max-image-preview":"max-image-preview:large","max-video-preview":"max-video-preview:-1"},"canonical":"https:\/\/www.correiobraziliense.com.br\/cbradar\/pesquisas-revelam-os-verdadeiros-beneficios-do-jejum-na-longevidade\/","og_locale":"pt_BR","og_type":"article","og_title":"Pesquisas revelam os verdadeiros benef\u00edcios do jejum na longevidade - Correio Braziliense - Radar","og_description":"Pesquisas comprovam os benef\u00edcios do jejum na longevidade, mostrando impacto positivo na sa\u00fade, energia e envelhecimento saud\u00e1vel","og_url":"https:\/\/www.correiobraziliense.com.br\/cbradar\/pesquisas-revelam-os-verdadeiros-beneficios-do-jejum-na-longevidade\/","og_site_name":"Correio Braziliense - Radar","article_published_time":"2025-10-17T20:15:00+00:00","og_image":[{"width":1280,"height":720,"url":"https:\/\/www.correiobraziliense.com.br\/cbradar\/wp-content\/uploads\/2025\/03\/jejum_1741093418130.jpg","type":"image\/jpeg"}],"author":"Paulo Custodio","twitter_card":"summary_large_image","twitter_misc":{"Escrito por":"Paulo Custodio","Est. tempo de leitura":"5 minutos"},"schema":{"@context":"https:\/\/schema.org","@graph":[{"@type":"WebPage","@id":"https:\/\/www.correiobraziliense.com.br\/cbradar\/pesquisas-revelam-os-verdadeiros-beneficios-do-jejum-na-longevidade\/","url":"https:\/\/www.correiobraziliense.com.br\/cbradar\/pesquisas-revelam-os-verdadeiros-beneficios-do-jejum-na-longevidade\/","name":"Pesquisas revelam os verdadeiros benef\u00edcios do jejum na longevidade - Correio Braziliense - Radar","isPartOf":{"@id":"https:\/\/www.correiobraziliense.com.br\/cbradar\/#website"},"primaryImageOfPage":{"@id":"https:\/\/www.correiobraziliense.com.br\/cbradar\/pesquisas-revelam-os-verdadeiros-beneficios-do-jejum-na-longevidade\/#primaryimage"},"image":{"@id":"https:\/\/www.correiobraziliense.com.br\/cbradar\/pesquisas-revelam-os-verdadeiros-beneficios-do-jejum-na-longevidade\/#primaryimage"},"thumbnailUrl":"https:\/\/www.correiobraziliense.com.br\/cbradar\/wp-content\/uploads\/2025\/03\/jejum_1741093418130.jpg","datePublished":"2025-10-17T20:15:00+00:00","author":{"@id":"https:\/\/www.correiobraziliense.com.br\/cbradar\/#\/schema\/person\/4cec7857301a9a1a2ef249893cd908d3"},"description":"Pesquisas comprovam os benef\u00edcios do jejum na longevidade, mostrando impacto positivo na sa\u00fade, energia e envelhecimento saud\u00e1vel","breadcrumb":{"@id":"https:\/\/www.correiobraziliense.com.br\/cbradar\/pesquisas-revelam-os-verdadeiros-beneficios-do-jejum-na-longevidade\/#breadcrumb"},"inLanguage":"pt-BR","potentialAction":[{"@type":"ReadAction","target":["https:\/\/www.correiobraziliense.com.br\/cbradar\/pesquisas-revelam-os-verdadeiros-beneficios-do-jejum-na-longevidade\/"]}]},{"@type":"ImageObject","inLanguage":"pt-BR","@id":"https:\/\/www.correiobraziliense.com.br\/cbradar\/pesquisas-revelam-os-verdadeiros-beneficios-do-jejum-na-longevidade\/#primaryimage","url":"https:\/\/www.correiobraziliense.com.br\/cbradar\/wp-content\/uploads\/2025\/03\/jejum_1741093418130.jpg","contentUrl":"https:\/\/www.correiobraziliense.com.br\/cbradar\/wp-content\/uploads\/2025\/03\/jejum_1741093418130.jpg","width":1280,"height":720,"caption":"Um rel\u00f3gio em um prato - Cr\u00e9ditos: depositphotos.com \/ silver_wings"},{"@type":"BreadcrumbList","@id":"https:\/\/www.correiobraziliense.com.br\/cbradar\/pesquisas-revelam-os-verdadeiros-beneficios-do-jejum-na-longevidade\/#breadcrumb","itemListElement":[{"@type":"ListItem","position":1,"name":"In\u00edcio","item":"https:\/\/www.correiobraziliense.com.br\/cbradar\/"},{"@type":"ListItem","position":2,"name":"Pesquisas revelam os verdadeiros benef\u00edcios do jejum na longevidade"}]},{"@type":"WebSite","@id":"https:\/\/www.correiobraziliense.com.br\/cbradar\/#website","url":"https:\/\/www.correiobraziliense.com.br\/cbradar\/","name":"Correio Braziliense - Radar","description":"Acompanhe as \u00faltimas not\u00edcias e fique bem informado sobre tudo o que acontece no Brasil e no mundo.","potentialAction":[{"@type":"SearchAction","target":{"@type":"EntryPoint","urlTemplate":"https:\/\/www.correiobraziliense.com.br\/cbradar\/?s={search_term_string}"},"query-input":{"@type":"PropertyValueSpecification","valueRequired":true,"valueName":"search_term_string"}}],"inLanguage":"pt-BR"},{"@type":"Person","@id":"https:\/\/www.correiobraziliense.com.br\/cbradar\/#\/schema\/person\/4cec7857301a9a1a2ef249893cd908d3","name":"Paulo Custodio","image":{"@type":"ImageObject","inLanguage":"pt-BR","@id":"https:\/\/www.correiobraziliense.com.br\/cbradar\/#\/schema\/person\/image\/","url":"https:\/\/secure.gravatar.com\/avatar\/bcd67168d1534e8fcf4f45c726a87cea?s=96&d=mm&r=g","contentUrl":"https:\/\/secure.gravatar.com\/avatar\/bcd67168d1534e8fcf4f45c726a87cea?s=96&d=mm&r=g","caption":"Paulo Custodio"},"sameAs":["https:\/\/www.correiobraziliense.com.br\/cbradar"],"url":"https:\/\/www.correiobraziliense.com.br\/cbradar\/author\/paulomyth\/"}]}},"_links":{"self":[{"href":"https:\/\/www.correiobraziliense.com.br\/cbradar\/wp-json\/wp\/v2\/posts\/120332","targetHints":{"allow":["GET"]}}],"collection":[{"href":"https:\/\/www.correiobraziliense.com.br\/cbradar\/wp-json\/wp\/v2\/posts"}],"about":[{"href":"https:\/\/www.correiobraziliense.com.br\/cbradar\/wp-json\/wp\/v2\/types\/post"}],"author":[{"embeddable":true,"href":"https:\/\/www.correiobraziliense.com.br\/cbradar\/wp-json\/wp\/v2\/users\/11"}],"replies":[{"embeddable":true,"href":"https:\/\/www.correiobraziliense.com.br\/cbradar\/wp-json\/wp\/v2\/comments?post=120332"}],"version-history":[{"count":1,"href":"https:\/\/www.correiobraziliense.com.br\/cbradar\/wp-json\/wp\/v2\/posts\/120332\/revisions"}],"predecessor-version":[{"id":120344,"href":"https:\/\/www.correiobraziliense.com.br\/cbradar\/wp-json\/wp\/v2\/posts\/120332\/revisions\/120344"}],"wp:featuredmedia":[{"embeddable":true,"href":"https:\/\/www.correiobraziliense.com.br\/cbradar\/wp-json\/wp\/v2\/media\/8862"}],"wp:attachment":[{"href":"https:\/\/www.correiobraziliense.com.br\/cbradar\/wp-json\/wp\/v2\/media?parent=120332"}],"wp:term":[{"taxonomy":"category","embeddable":true,"href":"https:\/\/www.correiobraziliense.com.br\/cbradar\/wp-json\/wp\/v2\/categories?post=120332"},{"taxonomy":"post_tag","embeddable":true,"href":"https:\/\/www.correiobraziliense.com.br\/cbradar\/wp-json\/wp\/v2\/post_tag?post=120332"}],"curies":[{"name":"wp","href":"https:\/\/api.w.org\/{rel}","templated":true}]}}