{"id":120642,"date":"2025-10-17T12:35:00","date_gmt":"2025-10-17T15:35:00","guid":{"rendered":"https:\/\/www.correiobraziliense.com.br\/cbradar\/?p=120642"},"modified":"2025-10-16T21:28:53","modified_gmt":"2025-10-17T00:28:53","slug":"nova-descoberta-identifica-relacao-entre-neuronios-e-o-efeito-perdedor","status":"publish","type":"post","link":"https:\/\/www.correiobraziliense.com.br\/cbradar\/nova-descoberta-identifica-relacao-entre-neuronios-e-o-efeito-perdedor\/","title":{"rendered":"Nova descoberta identifica rela\u00e7\u00e3o entre neur\u00f4nios e o &#8216;efeito perdedor&#8217;"},"content":{"rendered":"\n<p>Um <a href=\"https:\/\/www.oist.jp\/news-center\/news\/2025\/10\/14\/losers-brain-how-neuroscience-controls-social-behavior\" target=\"_blank\" rel=\"noreferrer noopener\">estudo <\/a>recente realizado no <b><a href=\"https:\/\/www.oist.jp\/\" target=\"_blank\" rel=\"noreferrer noopener\">Instituto de Ci\u00eancia e Tecnologia de Okinawa<\/a><\/b> revelou novas perspectivas sobre como as <b>intera\u00e7\u00f5es cerebrais<\/b> afetam a posi\u00e7\u00e3o de um indiv\u00edduo dentro de sua <b>hierarquia social<\/b>. Agora sabe-se que, al\u00e9m das caracter\u00edsticas f\u00edsicas vis\u00edveis, certos <b>processos neuronais<\/b> determinam de maneira significativa a configura\u00e7\u00e3o dessas estruturas. <\/p>\n\n\n\n<p>Isso desafia a compreens\u00e3o anterior de que a domin\u00e2ncia seria atribu\u00edda principalmente ao tamanho corporal, demonstrando que a <b>atividade cerebral<\/b> e as experi\u00eancias vividas t\u00eam grande influ\u00eancia no status social. Recentemente, estudos complementares sugerem que fatores como gen\u00e9tica e estresse ambiental tamb\u00e9m desempenham um papel relevante nessas din\u00e2micas sociais, ampliando a discuss\u00e3o sobre o tema.<\/p>\n\n\n\n<h2 class=\"wp-block-heading\">Como funciona o teste que avalia a hierarquia social dos camundongos?<\/h2>\n\n\n\n<p>A equipe de pesquisa, liderada por <b><a href=\"https:\/\/groups.oist.jp\/nru\/jeff-wickens\" target=\"_blank\" rel=\"noreferrer noopener\">Jeffery Wickens<\/a><\/b> e <b>Mao-Ting Hsu<\/b>, examinou a posi\u00e7\u00e3o social de camundongos por meio do experimento chamado <b>dominator tube test<\/b>. Nesse teste, dois camundongos competem para ver quem consegue avan\u00e7ar em um espa\u00e7o reduzido.<\/p>\n\n\n\n<p>Observa\u00e7\u00f5es durante v\u00e1rios dias mostraram que experi\u00eancias anteriores de confrontos s\u00e3o cruciais para determinar qual camundongo se tornar\u00e1 dominante. Isso desafia a ideia tradicional de que o tamanho f\u00edsico \u00e9 o fator decisivo na hierarquia. Al\u00e9m disso, algumas abordagens recentes incorporam marcadores comportamentais adicionais, analisando n\u00edveis de horm\u00f4nios ligados \u00e0 competitividade, para compreender melhor os fatores envolvidos.<\/p>\n\n\n\n<h2 class=\"wp-block-heading\">Neur\u00f4nios espec\u00edficos podem determinar o efeito perdedor e o comportamento social?<\/h2>\n\n\n\n<p>O estudo focou em <b>interneur\u00f4nios colin\u00e9rgicos<\/b>, que s\u00e3o essenciais para o chamado \u201c<b>efeito perdedor<\/b>\u201d. Este fen\u00f4meno ocorre quando um indiv\u00edduo, ao sofrer uma derrota, passa a reduzir sua domin\u00e2ncia em pr\u00f3ximos encontros sociais.<\/p>\n\n\n\n<p>Os pesquisadores modificaram esses neur\u00f4nios em \u00e1reas cerebrais espec\u00edficas dos camundongos, observando que a tend\u00eancia de agir como \u201cperdedor\u201d ap\u00f3s uma derrota desaparecia. Dessa forma, a presen\u00e7a ativa dessas c\u00e9lulas mostrou ser crucial para esse comportamento. Vale mencionar que experimentos futuros pretendem investigar como a plasticidade sin\u00e1ptica desses neur\u00f4nios pode afetar ainda mais outras formas de comportamento social.<\/p>\n\n\n\n<figure class=\"wp-block-image size-large\"><img decoding=\"async\" width=\"1024\" height=\"576\" src=\"https:\/\/www.correiobraziliense.com.br\/cbradar\/wp-content\/uploads\/2025\/10\/camundongo_1760650529854-1024x576.jpg\" alt=\"Nova descoberta identifica rela\u00e7\u00e3o entre neur\u00f4nios e o 'efeito perdedor' em camundongos\" class=\"wp-image-120663\" srcset=\"https:\/\/www.correiobraziliense.com.br\/cbradar\/wp-content\/uploads\/2025\/10\/camundongo_1760650529854-1024x576.jpg 1024w, https:\/\/www.correiobraziliense.com.br\/cbradar\/wp-content\/uploads\/2025\/10\/camundongo_1760650529854-300x169.jpg 300w, https:\/\/www.correiobraziliense.com.br\/cbradar\/wp-content\/uploads\/2025\/10\/camundongo_1760650529854-768x432.jpg 768w, https:\/\/www.correiobraziliense.com.br\/cbradar\/wp-content\/uploads\/2025\/10\/camundongo_1760650529854-750x422.jpg 750w, https:\/\/www.correiobraziliense.com.br\/cbradar\/wp-content\/uploads\/2025\/10\/camundongo_1760650529854-1140x641.jpg 1140w, https:\/\/www.correiobraziliense.com.br\/cbradar\/wp-content\/uploads\/2025\/10\/camundongo_1760650529854.jpg 1280w\" sizes=\"(max-width: 1024px) 100vw, 1024px\" \/><figcaption class=\"wp-element-caption\">Camundongo de laborat\u00f3rio\nCr\u00e9ditos: depositphotos.com \/ kyslynskyy<\/figcaption><\/figure>\n\n\n\n<h2 class=\"wp-block-heading\">Quais diferen\u00e7as existem entre os efeitos perdedor e vencedor segundo os circuitos cerebrais?<\/h2>\n\n\n\n<p>A elimina\u00e7\u00e3o desses interneur\u00f4nios suprimiu o \u201cefeito perdedor\u201d, mas n\u00e3o o \u201c<b>efeito vencedor<\/b>\u201d, associado a processos de recompensa cerebral. Com base nisso, diferentes circuitos cerebrais parecem controlar rea\u00e7\u00f5es distintas frente a vit\u00f3rias e derrotas.<\/p>\n\n\n\n<p>Entender essa separa\u00e7\u00e3o ajuda a explicar como esp\u00e9cies diferentes se adaptam ao sucesso ou insucesso. Confira alguns aspectos implicados nessas adapta\u00e7\u00f5es:<\/p>\n\n\n\n<ul class=\"wp-block-list\">\n<li>Diferentes \u00e1reas cerebrais regulam comportamentos diante da vit\u00f3ria e da derrota;<\/li>\n\n\n\n<li>Fatores emocionais como autoestima e ansiedade podem ser influenciados por esses circuitos;<\/li>\n\n\n\n<li>Estudos em camundongos podem trazer insights sobre socializa\u00e7\u00e3o humana.<\/li>\n<\/ul>\n\n\n\n<p>Leia tamb\u00e9m: <a href=\"https:\/\/www.correiobraziliense.com.br\/cbradar\/cientistas-descobrem-que-as-bacterias-intestinais-se-comunicam-diretamente-com-os-neuronios\/\" target=\"_blank\" rel=\"noreferrer noopener\">Cientistas descobrem que as bact\u00e9rias intestinais se comunicam diretamente com os neur\u00f4nios<\/a><\/p>\n\n\n\n<h2 class=\"wp-block-heading\">Qual a import\u00e2ncia dessas descobertas para o entendimento das rela\u00e7\u00f5es sociais humanas?<\/h2>\n\n\n\n<p>O reconhecimento da influ\u00eancia dos circuitos neuronais no sucesso ou fracasso permite uma nova compreens\u00e3o das din\u00e2micas sociais humanas. A semelhan\u00e7a estrutural entre os c\u00e9rebros de camundongos e humanos refor\u00e7a essa possibilidade.<\/p>\n\n\n\n<p>Os resultados sugerem caminhos para explorar como experi\u00eancias e decis\u00f5es constroem hierarquias, e como interven\u00e7\u00f5es psicossociais podem promover resili\u00eancia e melhorar o desempenho social, inclusive a autoestima dos indiv\u00edduos. Pesquisadores ressaltam que essa abordagem pode ser \u00fatil no estudo de transtornos neuropsiqui\u00e1tricos, al\u00e9m de inspirar novas estrat\u00e9gias terap\u00eauticas para popula\u00e7\u00f5es vulner\u00e1veis em ambientes competitivos.<\/p>\n\n\n\n<p>Em conclus\u00e3o, este estudo avan\u00e7a na compreens\u00e3o do papel dos neur\u00f4nios na constru\u00e7\u00e3o de hierarquias sociais, abrindo caminho para an\u00e1lises mais aprofundadas do comportamento humano e animal a partir da complexidade do c\u00e9rebro e suas consequ\u00eancias nas intera\u00e7\u00f5es sociais.<\/p>\n","protected":false},"excerpt":{"rendered":"<p>Descubra como a elimina\u00e7\u00e3o de interneuronas colin\u00e9rgicas nos ratos desafia a hierarquia social, redefinindo o &#8216;efeito perdedor&#8217;.<\/p>\n","protected":false},"author":3,"featured_media":120662,"comment_status":"open","ping_status":"open","sticky":false,"template":"","format":"standard","meta":{"_yoast_wpseo_focuskw":"neur\u00f4nios eliminados e hierarquia social","_yoast_wpseo_title":"%%title%%","_yoast_wpseo_metadesc":"Descubra como a elimina\u00e7\u00e3o de interneuronas colin\u00e9rgicas nos ratos desafia a hierarquia social, redefinindo o 'efeito perdedor'.","jnews-multi-image_gallery":[],"jnews_single_post":{"format":"standard"},"jnews_primary_category":[],"jnews_social_meta":[],"jnews_override_counter":[],"footnotes":""},"categories":[112],"tags":[698,10877,10741],"class_list":["post-120642","post","type-post","status-publish","format-standard","has-post-thumbnail","hentry","category-curiosidades","tag-cerebro","tag-hierarquia-social","tag-neurologia"],"yoast_head":"<!-- This site is optimized with the Yoast SEO plugin v24.6 - https:\/\/yoast.com\/wordpress\/plugins\/seo\/ -->\n<title>Nova descoberta identifica rela\u00e7\u00e3o entre neur\u00f4nios e o &#039;efeito perdedor&#039;<\/title>\n<meta name=\"description\" content=\"Descubra como a elimina\u00e7\u00e3o de interneuronas colin\u00e9rgicas nos ratos desafia a hierarquia social, redefinindo o &#039;efeito perdedor&#039;.\" \/>\n<meta name=\"robots\" content=\"index, follow, max-snippet:-1, max-image-preview:large, max-video-preview:-1\" \/>\n<link rel=\"canonical\" href=\"https:\/\/www.correiobraziliense.com.br\/cbradar\/nova-descoberta-identifica-relacao-entre-neuronios-e-o-efeito-perdedor\/\" \/>\n<meta property=\"og:locale\" content=\"pt_BR\" \/>\n<meta property=\"og:type\" content=\"article\" \/>\n<meta property=\"og:title\" content=\"Nova descoberta identifica rela\u00e7\u00e3o entre neur\u00f4nios e o &#039;efeito perdedor&#039;\" \/>\n<meta property=\"og:description\" content=\"Descubra como a elimina\u00e7\u00e3o de interneuronas colin\u00e9rgicas nos ratos desafia a hierarquia social, redefinindo o &#039;efeito perdedor&#039;.\" \/>\n<meta property=\"og:url\" content=\"https:\/\/www.correiobraziliense.com.br\/cbradar\/nova-descoberta-identifica-relacao-entre-neuronios-e-o-efeito-perdedor\/\" \/>\n<meta property=\"og:site_name\" content=\"Correio Braziliense - Radar\" \/>\n<meta property=\"article:published_time\" content=\"2025-10-17T15:35:00+00:00\" \/>\n<meta property=\"og:image\" content=\"https:\/\/www.correiobraziliense.com.br\/cbradar\/wp-content\/uploads\/2025\/10\/neuronio_1760650495126.jpg\" \/>\n\t<meta property=\"og:image:width\" content=\"1280\" \/>\n\t<meta property=\"og:image:height\" content=\"720\" \/>\n\t<meta property=\"og:image:type\" content=\"image\/jpeg\" \/>\n<meta name=\"author\" content=\"Larissa Carvalho\" \/>\n<meta name=\"twitter:card\" content=\"summary_large_image\" \/>\n<meta name=\"twitter:label1\" content=\"Escrito por\" \/>\n\t<meta name=\"twitter:data1\" content=\"Larissa Carvalho\" \/>\n\t<meta name=\"twitter:label2\" content=\"Est. tempo de leitura\" \/>\n\t<meta name=\"twitter:data2\" content=\"4 minutos\" \/>\n<!-- \/ Yoast SEO plugin. -->","yoast_head_json":{"title":"Nova descoberta identifica rela\u00e7\u00e3o entre neur\u00f4nios e o 'efeito perdedor'","description":"Descubra como a elimina\u00e7\u00e3o de interneuronas colin\u00e9rgicas nos ratos desafia a hierarquia social, redefinindo o 'efeito perdedor'.","robots":{"index":"index","follow":"follow","max-snippet":"max-snippet:-1","max-image-preview":"max-image-preview:large","max-video-preview":"max-video-preview:-1"},"canonical":"https:\/\/www.correiobraziliense.com.br\/cbradar\/nova-descoberta-identifica-relacao-entre-neuronios-e-o-efeito-perdedor\/","og_locale":"pt_BR","og_type":"article","og_title":"Nova descoberta identifica rela\u00e7\u00e3o entre neur\u00f4nios e o 'efeito perdedor'","og_description":"Descubra como a elimina\u00e7\u00e3o de interneuronas colin\u00e9rgicas nos ratos desafia a hierarquia social, redefinindo o 'efeito perdedor'.","og_url":"https:\/\/www.correiobraziliense.com.br\/cbradar\/nova-descoberta-identifica-relacao-entre-neuronios-e-o-efeito-perdedor\/","og_site_name":"Correio Braziliense - Radar","article_published_time":"2025-10-17T15:35:00+00:00","og_image":[{"width":1280,"height":720,"url":"https:\/\/www.correiobraziliense.com.br\/cbradar\/wp-content\/uploads\/2025\/10\/neuronio_1760650495126.jpg","type":"image\/jpeg"}],"author":"Larissa Carvalho","twitter_card":"summary_large_image","twitter_misc":{"Escrito por":"Larissa Carvalho","Est. tempo de leitura":"4 minutos"},"schema":{"@context":"https:\/\/schema.org","@graph":[{"@type":"WebPage","@id":"https:\/\/www.correiobraziliense.com.br\/cbradar\/nova-descoberta-identifica-relacao-entre-neuronios-e-o-efeito-perdedor\/","url":"https:\/\/www.correiobraziliense.com.br\/cbradar\/nova-descoberta-identifica-relacao-entre-neuronios-e-o-efeito-perdedor\/","name":"Nova descoberta identifica rela\u00e7\u00e3o entre neur\u00f4nios e o 'efeito perdedor'","isPartOf":{"@id":"https:\/\/www.correiobraziliense.com.br\/cbradar\/#website"},"primaryImageOfPage":{"@id":"https:\/\/www.correiobraziliense.com.br\/cbradar\/nova-descoberta-identifica-relacao-entre-neuronios-e-o-efeito-perdedor\/#primaryimage"},"image":{"@id":"https:\/\/www.correiobraziliense.com.br\/cbradar\/nova-descoberta-identifica-relacao-entre-neuronios-e-o-efeito-perdedor\/#primaryimage"},"thumbnailUrl":"https:\/\/www.correiobraziliense.com.br\/cbradar\/wp-content\/uploads\/2025\/10\/neuronio_1760650495126.jpg","datePublished":"2025-10-17T15:35:00+00:00","author":{"@id":"https:\/\/www.correiobraziliense.com.br\/cbradar\/#\/schema\/person\/58422787644df994b53a19d3e56c1513"},"description":"Descubra como a elimina\u00e7\u00e3o de interneuronas colin\u00e9rgicas nos ratos desafia a hierarquia social, redefinindo o 'efeito perdedor'.","breadcrumb":{"@id":"https:\/\/www.correiobraziliense.com.br\/cbradar\/nova-descoberta-identifica-relacao-entre-neuronios-e-o-efeito-perdedor\/#breadcrumb"},"inLanguage":"pt-BR","potentialAction":[{"@type":"ReadAction","target":["https:\/\/www.correiobraziliense.com.br\/cbradar\/nova-descoberta-identifica-relacao-entre-neuronios-e-o-efeito-perdedor\/"]}]},{"@type":"ImageObject","inLanguage":"pt-BR","@id":"https:\/\/www.correiobraziliense.com.br\/cbradar\/nova-descoberta-identifica-relacao-entre-neuronios-e-o-efeito-perdedor\/#primaryimage","url":"https:\/\/www.correiobraziliense.com.br\/cbradar\/wp-content\/uploads\/2025\/10\/neuronio_1760650495126.jpg","contentUrl":"https:\/\/www.correiobraziliense.com.br\/cbradar\/wp-content\/uploads\/2025\/10\/neuronio_1760650495126.jpg","width":1280,"height":720,"caption":"Neur\u00f4nios presentes no c\u00e9rebro Cr\u00e9ditos: depositphotos.com \/ 100502500"},{"@type":"BreadcrumbList","@id":"https:\/\/www.correiobraziliense.com.br\/cbradar\/nova-descoberta-identifica-relacao-entre-neuronios-e-o-efeito-perdedor\/#breadcrumb","itemListElement":[{"@type":"ListItem","position":1,"name":"In\u00edcio","item":"https:\/\/www.correiobraziliense.com.br\/cbradar\/"},{"@type":"ListItem","position":2,"name":"Nova descoberta identifica rela\u00e7\u00e3o entre neur\u00f4nios e o &#8216;efeito perdedor&#8217;"}]},{"@type":"WebSite","@id":"https:\/\/www.correiobraziliense.com.br\/cbradar\/#website","url":"https:\/\/www.correiobraziliense.com.br\/cbradar\/","name":"Correio Braziliense - Radar","description":"Acompanhe as \u00faltimas not\u00edcias e fique bem informado sobre tudo o que acontece no Brasil e no mundo.","potentialAction":[{"@type":"SearchAction","target":{"@type":"EntryPoint","urlTemplate":"https:\/\/www.correiobraziliense.com.br\/cbradar\/?s={search_term_string}"},"query-input":{"@type":"PropertyValueSpecification","valueRequired":true,"valueName":"search_term_string"}}],"inLanguage":"pt-BR"},{"@type":"Person","@id":"https:\/\/www.correiobraziliense.com.br\/cbradar\/#\/schema\/person\/58422787644df994b53a19d3e56c1513","name":"Larissa Carvalho","image":{"@type":"ImageObject","inLanguage":"pt-BR","@id":"https:\/\/www.correiobraziliense.com.br\/cbradar\/#\/schema\/person\/image\/","url":"https:\/\/secure.gravatar.com\/avatar\/fe4f91a0de32b52a838d0d612abdc1aa?s=96&d=mm&r=g","contentUrl":"https:\/\/secure.gravatar.com\/avatar\/fe4f91a0de32b52a838d0d612abdc1aa?s=96&d=mm&r=g","caption":"Larissa Carvalho"},"url":"https:\/\/www.correiobraziliense.com.br\/cbradar\/author\/larissamyth\/"}]}},"_links":{"self":[{"href":"https:\/\/www.correiobraziliense.com.br\/cbradar\/wp-json\/wp\/v2\/posts\/120642","targetHints":{"allow":["GET"]}}],"collection":[{"href":"https:\/\/www.correiobraziliense.com.br\/cbradar\/wp-json\/wp\/v2\/posts"}],"about":[{"href":"https:\/\/www.correiobraziliense.com.br\/cbradar\/wp-json\/wp\/v2\/types\/post"}],"author":[{"embeddable":true,"href":"https:\/\/www.correiobraziliense.com.br\/cbradar\/wp-json\/wp\/v2\/users\/3"}],"replies":[{"embeddable":true,"href":"https:\/\/www.correiobraziliense.com.br\/cbradar\/wp-json\/wp\/v2\/comments?post=120642"}],"version-history":[{"count":4,"href":"https:\/\/www.correiobraziliense.com.br\/cbradar\/wp-json\/wp\/v2\/posts\/120642\/revisions"}],"predecessor-version":[{"id":120675,"href":"https:\/\/www.correiobraziliense.com.br\/cbradar\/wp-json\/wp\/v2\/posts\/120642\/revisions\/120675"}],"wp:featuredmedia":[{"embeddable":true,"href":"https:\/\/www.correiobraziliense.com.br\/cbradar\/wp-json\/wp\/v2\/media\/120662"}],"wp:attachment":[{"href":"https:\/\/www.correiobraziliense.com.br\/cbradar\/wp-json\/wp\/v2\/media?parent=120642"}],"wp:term":[{"taxonomy":"category","embeddable":true,"href":"https:\/\/www.correiobraziliense.com.br\/cbradar\/wp-json\/wp\/v2\/categories?post=120642"},{"taxonomy":"post_tag","embeddable":true,"href":"https:\/\/www.correiobraziliense.com.br\/cbradar\/wp-json\/wp\/v2\/tags?post=120642"}],"curies":[{"name":"wp","href":"https:\/\/api.w.org\/{rel}","templated":true}]}}