{"id":12069,"date":"2025-03-14T21:30:00","date_gmt":"2025-03-15T00:30:00","guid":{"rendered":"https:\/\/www.correiobraziliense.com.br\/cbradar\/?p=12069"},"modified":"2025-03-13T23:22:02","modified_gmt":"2025-03-14T02:22:02","slug":"conheca-a-cidade-onde-o-transporte-publico-e-gratuito-para-todos","status":"publish","type":"post","link":"https:\/\/www.correiobraziliense.com.br\/cbradar\/conheca-a-cidade-onde-o-transporte-publico-e-gratuito-para-todos\/","title":{"rendered":"Conhe\u00e7a a cidade onde o transporte p\u00fablico \u00e9 gratuito para todos"},"content":{"rendered":"\n<p>Em grande parte do mundo, o transporte p\u00fablico \u00e9 um servi\u00e7o pago, muitas vezes caro e inacess\u00edvel para parte da popula\u00e7\u00e3o. No entanto, existe uma cidade onde <strong>metr\u00f4s, \u00f4nibus e bondes podem ser usados sem custo algum<\/strong>. Esse lugar \u00e9 <strong>Tallinn, na Est\u00f4nia<\/strong>, a primeira capital europeia a oferecer <strong>transporte p\u00fablico gratuito para todos os seus moradores<\/strong>.<\/p>\n\n\n\n<p>A iniciativa, implementada em 2013, fez de Tallinn um exemplo global de mobilidade urbana. Al\u00e9m de facilitar a locomo\u00e7\u00e3o dos cidad\u00e3os, o projeto ajudou a reduzir o tr\u00e1fego de carros e a incentivar o uso de meios de transporte sustent\u00e1veis. Mas como essa medida foi poss\u00edvel? E quais foram os impactos para a cidade?<\/p>\n\n\n\n<h2 class=\"wp-block-heading\"><strong>O que levou Tallinn a adotar transporte gratuito?<\/strong><\/h2>\n\n\n\n<p>Antes de 2013, Tallinn enfrentava problemas comuns \u00e0s grandes cidades: congestionamentos crescentes, altos custos de transporte para os moradores e um sistema de mobilidade que precisava ser melhorado. Para resolver essas quest\u00f5es, a prefeitura decidiu realizar um referendo, perguntando aos cidad\u00e3os se gostariam de ter transporte gratuito financiado por impostos. A proposta foi aprovada por <strong>mais de 75% da popula\u00e7\u00e3o<\/strong>.<\/p>\n\n\n\n<p>A ideia principal era tornar a cidade mais acess\u00edvel para todos, especialmente para pessoas de baixa renda, idosos e estudantes. Al\u00e9m disso, a medida visava reduzir o n\u00famero de carros nas ruas, diminuindo o tr\u00e2nsito e a polui\u00e7\u00e3o do ar. Para viabilizar o projeto, a cidade passou a investir parte da arrecada\u00e7\u00e3o de impostos diretamente no transporte p\u00fablico, eliminando a necessidade de cobrar tarifas dos usu\u00e1rios.<\/p>\n\n\n\n<figure class=\"wp-block-image size-large\"><img decoding=\"async\" width=\"1024\" height=\"576\" src=\"https:\/\/www.correiobraziliense.com.br\/cbradar\/wp-content\/uploads\/2025\/03\/Tallinn_1741858234925-1024x576.jpg\" alt=\"Conhe\u00e7a a cidade onde o transporte p\u00fablico \u00e9 gratuito para todos\" class=\"wp-image-12071\" srcset=\"https:\/\/www.correiobraziliense.com.br\/cbradar\/wp-content\/uploads\/2025\/03\/Tallinn_1741858234925-1024x576.jpg 1024w, https:\/\/www.correiobraziliense.com.br\/cbradar\/wp-content\/uploads\/2025\/03\/Tallinn_1741858234925-300x169.jpg 300w, https:\/\/www.correiobraziliense.com.br\/cbradar\/wp-content\/uploads\/2025\/03\/Tallinn_1741858234925-768x432.jpg 768w, https:\/\/www.correiobraziliense.com.br\/cbradar\/wp-content\/uploads\/2025\/03\/Tallinn_1741858234925-750x422.jpg 750w, https:\/\/www.correiobraziliense.com.br\/cbradar\/wp-content\/uploads\/2025\/03\/Tallinn_1741858234925-1140x641.jpg 1140w, https:\/\/www.correiobraziliense.com.br\/cbradar\/wp-content\/uploads\/2025\/03\/Tallinn_1741858234925.jpg 1280w\" sizes=\"(max-width: 1024px) 100vw, 1024px\" \/><figcaption class=\"wp-element-caption\">Tallinn. Cr\u00e9ditos: depositphotos.com \/ Xantana<\/figcaption><\/figure>\n\n\n\n<h2 class=\"wp-block-heading\"><strong>Os impactos do transporte gratuito em Tallinn<\/strong><\/h2>\n\n\n\n<p>Ap\u00f3s a implementa\u00e7\u00e3o da medida, Tallinn observou diversas mudan\u00e7as na din\u00e2mica da cidade. O n\u00famero de passageiros no transporte p\u00fablico aumentou significativamente, enquanto o uso de carros particulares diminuiu, ajudando a reduzir os congestionamentos. Al\u00e9m disso, a iniciativa fortaleceu a economia local, pois tornou mais f\u00e1cil para os trabalhadores se deslocarem sem custos adicionais.<\/p>\n\n\n\n<p>Outro impacto positivo foi a melhoria da qualidade do ar. Com menos ve\u00edculos particulares circulando, houve uma redu\u00e7\u00e3o nas emiss\u00f5es de poluentes, contribuindo para um ambiente mais limpo e sustent\u00e1vel. Al\u00e9m disso, a medida inspirou outras cidades ao redor do mundo a considerar modelos semelhantes, tornando Tallinn uma refer\u00eancia global em mobilidade urbana gratuita.<\/p>\n\n\n\n<h2 class=\"wp-block-heading\"><strong>Curiosidades sobre o transporte gratuito em Tallinn<\/strong><\/h2>\n\n\n\n<ul class=\"wp-block-list\">\n<li>Tallinn foi a <strong>primeira capital da Uni\u00e3o Europeia<\/strong> a adotar transporte p\u00fablico gratuito para seus moradores.<\/li>\n\n\n\n<li>A gratuidade se aplica apenas a cidad\u00e3os registrados na cidade, incentivando mais pessoas a se tornarem residentes oficiais e aumentando a arrecada\u00e7\u00e3o de impostos.<\/li>\n\n\n\n<li>A cidade j\u00e1 possu\u00eda um sistema de transporte p\u00fablico bem estruturado, o que facilitou a implementa\u00e7\u00e3o do modelo gratuito.<\/li>\n\n\n\n<li>Outras cidades ao redor do mundo come\u00e7aram a testar vers\u00f5es similares, inspiradas no sucesso de Tallinn.<\/li>\n\n\n\n<li>Mesmo sem cobrar tarifas, a prefeitura conseguiu manter a qualidade dos servi\u00e7os e at\u00e9 expandir as linhas de \u00f4nibus e bondes.<\/li>\n<\/ul>\n\n\n\n<h2 class=\"wp-block-heading\"><strong>O modelo de Tallinn pode funcionar em outras cidades?<\/strong><\/h2>\n\n\n\n<p>O sucesso de Tallinn mostra que o transporte gratuito pode ser uma solu\u00e7\u00e3o vi\u00e1vel para melhorar a mobilidade urbana e a qualidade de vida da popula\u00e7\u00e3o. No entanto, sua aplica\u00e7\u00e3o em outras cidades depende de fatores como arrecada\u00e7\u00e3o de impostos, estrutura do transporte e pol\u00edticas p\u00fablicas eficientes.<\/p>\n\n\n\n<p>Embora nem todas as cidades possam seguir esse modelo imediatamente, a experi\u00eancia de Tallinn prova que alternativas inovadoras podem tornar o transporte mais acess\u00edvel e sustent\u00e1vel. Afinal, uma cidade onde todos podem se mover livremente sem pagar nada n\u00e3o \u00e9 apenas uma ideia ut\u00f3pica \u2013 j\u00e1 \u00e9 uma realidade na Est\u00f4nia.<\/p>\n","protected":false},"excerpt":{"rendered":"<p>Existe uma cidade onde \u00f4nibus, metr\u00f4s e bondes podem ser usados sem custo algum. Descubra como revolucionou o transporte p\u00fablico.<\/p>\n","protected":false},"author":3,"featured_media":12070,"comment_status":"open","ping_status":"open","sticky":false,"template":"","format":"standard","meta":{"_yoast_wpseo_focuskw":"cidade transporte gratuito","_yoast_wpseo_title":"%%title%%","_yoast_wpseo_metadesc":"Existe uma cidade onde \u00f4nibus, metr\u00f4s e bondes podem ser usados sem custo algum. Descubra como revolucionou o transporte p\u00fablico.","jnews-multi-image_gallery":[],"jnews_single_post":{"format":"standard"},"jnews_primary_category":[],"jnews_social_meta":[],"jnews_override_counter":[],"footnotes":""},"categories":[108],"post_tag":[109,1927],"class_list":["post-12069","post","type-post","status-publish","format-standard","has-post-thumbnail","hentry","category-cidades","tag-cidades","tag-transporte"],"yoast_head":"<!-- This site is optimized with the Yoast SEO plugin v24.6 - https:\/\/yoast.com\/wordpress\/plugins\/seo\/ -->\n<title>Conhe\u00e7a a cidade onde o transporte p\u00fablico \u00e9 gratuito para todos<\/title>\n<meta name=\"description\" content=\"Existe uma cidade onde \u00f4nibus, metr\u00f4s e bondes podem ser usados sem custo algum. Descubra como revolucionou o transporte p\u00fablico.\" \/>\n<meta name=\"robots\" content=\"index, follow, max-snippet:-1, max-image-preview:large, max-video-preview:-1\" \/>\n<link rel=\"canonical\" href=\"https:\/\/www.correiobraziliense.com.br\/cbradar\/conheca-a-cidade-onde-o-transporte-publico-e-gratuito-para-todos\/\" \/>\n<meta property=\"og:locale\" content=\"pt_BR\" \/>\n<meta property=\"og:type\" content=\"article\" \/>\n<meta property=\"og:title\" content=\"Conhe\u00e7a a cidade onde o transporte p\u00fablico \u00e9 gratuito para todos\" \/>\n<meta property=\"og:description\" content=\"Existe uma cidade onde \u00f4nibus, metr\u00f4s e bondes podem ser usados sem custo algum. Descubra como revolucionou o transporte p\u00fablico.\" \/>\n<meta property=\"og:url\" content=\"https:\/\/www.correiobraziliense.com.br\/cbradar\/conheca-a-cidade-onde-o-transporte-publico-e-gratuito-para-todos\/\" \/>\n<meta property=\"og:site_name\" content=\"Correio Braziliense - Radar\" \/>\n<meta property=\"article:published_time\" content=\"2025-03-15T00:30:00+00:00\" \/>\n<meta property=\"og:image\" content=\"https:\/\/www.correiobraziliense.com.br\/cbradar\/wp-content\/uploads\/2025\/03\/Tallinn_1741858147861.jpg\" \/>\n\t<meta property=\"og:image:width\" content=\"1280\" \/>\n\t<meta property=\"og:image:height\" content=\"720\" \/>\n\t<meta property=\"og:image:type\" content=\"image\/jpeg\" \/>\n<meta name=\"author\" content=\"Larissa Carvalho\" \/>\n<meta name=\"twitter:card\" content=\"summary_large_image\" \/>\n<meta name=\"twitter:label1\" content=\"Escrito por\" \/>\n\t<meta name=\"twitter:data1\" content=\"Larissa Carvalho\" \/>\n\t<meta name=\"twitter:label2\" content=\"Est. tempo de leitura\" \/>\n\t<meta name=\"twitter:data2\" content=\"4 minutos\" \/>\n<!-- \/ Yoast SEO plugin. -->","yoast_head_json":{"title":"Conhe\u00e7a a cidade onde o transporte p\u00fablico \u00e9 gratuito para todos","description":"Existe uma cidade onde \u00f4nibus, metr\u00f4s e bondes podem ser usados sem custo algum. Descubra como revolucionou o transporte p\u00fablico.","robots":{"index":"index","follow":"follow","max-snippet":"max-snippet:-1","max-image-preview":"max-image-preview:large","max-video-preview":"max-video-preview:-1"},"canonical":"https:\/\/www.correiobraziliense.com.br\/cbradar\/conheca-a-cidade-onde-o-transporte-publico-e-gratuito-para-todos\/","og_locale":"pt_BR","og_type":"article","og_title":"Conhe\u00e7a a cidade onde o transporte p\u00fablico \u00e9 gratuito para todos","og_description":"Existe uma cidade onde \u00f4nibus, metr\u00f4s e bondes podem ser usados sem custo algum. Descubra como revolucionou o transporte p\u00fablico.","og_url":"https:\/\/www.correiobraziliense.com.br\/cbradar\/conheca-a-cidade-onde-o-transporte-publico-e-gratuito-para-todos\/","og_site_name":"Correio Braziliense - Radar","article_published_time":"2025-03-15T00:30:00+00:00","og_image":[{"width":1280,"height":720,"url":"https:\/\/www.correiobraziliense.com.br\/cbradar\/wp-content\/uploads\/2025\/03\/Tallinn_1741858147861.jpg","type":"image\/jpeg"}],"author":"Larissa Carvalho","twitter_card":"summary_large_image","twitter_misc":{"Escrito por":"Larissa Carvalho","Est. tempo de leitura":"4 minutos"},"schema":{"@context":"https:\/\/schema.org","@graph":[{"@type":"WebPage","@id":"https:\/\/www.correiobraziliense.com.br\/cbradar\/conheca-a-cidade-onde-o-transporte-publico-e-gratuito-para-todos\/","url":"https:\/\/www.correiobraziliense.com.br\/cbradar\/conheca-a-cidade-onde-o-transporte-publico-e-gratuito-para-todos\/","name":"Conhe\u00e7a a cidade onde o transporte p\u00fablico \u00e9 gratuito para todos","isPartOf":{"@id":"https:\/\/www.correiobraziliense.com.br\/cbradar\/#website"},"primaryImageOfPage":{"@id":"https:\/\/www.correiobraziliense.com.br\/cbradar\/conheca-a-cidade-onde-o-transporte-publico-e-gratuito-para-todos\/#primaryimage"},"image":{"@id":"https:\/\/www.correiobraziliense.com.br\/cbradar\/conheca-a-cidade-onde-o-transporte-publico-e-gratuito-para-todos\/#primaryimage"},"thumbnailUrl":"https:\/\/www.correiobraziliense.com.br\/cbradar\/wp-content\/uploads\/2025\/03\/Tallinn_1741858147861.jpg","datePublished":"2025-03-15T00:30:00+00:00","author":{"@id":"https:\/\/www.correiobraziliense.com.br\/cbradar\/#\/schema\/person\/58422787644df994b53a19d3e56c1513"},"description":"Existe uma cidade onde \u00f4nibus, metr\u00f4s e bondes podem ser usados sem custo algum. Descubra como revolucionou o transporte p\u00fablico.","breadcrumb":{"@id":"https:\/\/www.correiobraziliense.com.br\/cbradar\/conheca-a-cidade-onde-o-transporte-publico-e-gratuito-para-todos\/#breadcrumb"},"inLanguage":"pt-BR","potentialAction":[{"@type":"ReadAction","target":["https:\/\/www.correiobraziliense.com.br\/cbradar\/conheca-a-cidade-onde-o-transporte-publico-e-gratuito-para-todos\/"]}]},{"@type":"ImageObject","inLanguage":"pt-BR","@id":"https:\/\/www.correiobraziliense.com.br\/cbradar\/conheca-a-cidade-onde-o-transporte-publico-e-gratuito-para-todos\/#primaryimage","url":"https:\/\/www.correiobraziliense.com.br\/cbradar\/wp-content\/uploads\/2025\/03\/Tallinn_1741858147861.jpg","contentUrl":"https:\/\/www.correiobraziliense.com.br\/cbradar\/wp-content\/uploads\/2025\/03\/Tallinn_1741858147861.jpg","width":1280,"height":720,"caption":"Tallinn. Cr\u00e9ditos: depositphotos.com \/ rudi1976"},{"@type":"BreadcrumbList","@id":"https:\/\/www.correiobraziliense.com.br\/cbradar\/conheca-a-cidade-onde-o-transporte-publico-e-gratuito-para-todos\/#breadcrumb","itemListElement":[{"@type":"ListItem","position":1,"name":"In\u00edcio","item":"https:\/\/www.correiobraziliense.com.br\/cbradar\/"},{"@type":"ListItem","position":2,"name":"Conhe\u00e7a a cidade onde o transporte p\u00fablico \u00e9 gratuito para todos"}]},{"@type":"WebSite","@id":"https:\/\/www.correiobraziliense.com.br\/cbradar\/#website","url":"https:\/\/www.correiobraziliense.com.br\/cbradar\/","name":"Correio Braziliense - Radar","description":"Acompanhe as \u00faltimas not\u00edcias e fique bem informado sobre tudo o que acontece no Brasil e no mundo.","potentialAction":[{"@type":"SearchAction","target":{"@type":"EntryPoint","urlTemplate":"https:\/\/www.correiobraziliense.com.br\/cbradar\/?s={search_term_string}"},"query-input":{"@type":"PropertyValueSpecification","valueRequired":true,"valueName":"search_term_string"}}],"inLanguage":"pt-BR"},{"@type":"Person","@id":"https:\/\/www.correiobraziliense.com.br\/cbradar\/#\/schema\/person\/58422787644df994b53a19d3e56c1513","name":"Larissa Carvalho","image":{"@type":"ImageObject","inLanguage":"pt-BR","@id":"https:\/\/www.correiobraziliense.com.br\/cbradar\/#\/schema\/person\/image\/","url":"https:\/\/secure.gravatar.com\/avatar\/fe4f91a0de32b52a838d0d612abdc1aa?s=96&d=mm&r=g","contentUrl":"https:\/\/secure.gravatar.com\/avatar\/fe4f91a0de32b52a838d0d612abdc1aa?s=96&d=mm&r=g","caption":"Larissa Carvalho"},"url":"https:\/\/www.correiobraziliense.com.br\/cbradar\/author\/larissamyth\/"}]}},"_links":{"self":[{"href":"https:\/\/www.correiobraziliense.com.br\/cbradar\/wp-json\/wp\/v2\/posts\/12069","targetHints":{"allow":["GET"]}}],"collection":[{"href":"https:\/\/www.correiobraziliense.com.br\/cbradar\/wp-json\/wp\/v2\/posts"}],"about":[{"href":"https:\/\/www.correiobraziliense.com.br\/cbradar\/wp-json\/wp\/v2\/types\/post"}],"author":[{"embeddable":true,"href":"https:\/\/www.correiobraziliense.com.br\/cbradar\/wp-json\/wp\/v2\/users\/3"}],"replies":[{"embeddable":true,"href":"https:\/\/www.correiobraziliense.com.br\/cbradar\/wp-json\/wp\/v2\/comments?post=12069"}],"version-history":[{"count":1,"href":"https:\/\/www.correiobraziliense.com.br\/cbradar\/wp-json\/wp\/v2\/posts\/12069\/revisions"}],"predecessor-version":[{"id":12072,"href":"https:\/\/www.correiobraziliense.com.br\/cbradar\/wp-json\/wp\/v2\/posts\/12069\/revisions\/12072"}],"wp:featuredmedia":[{"embeddable":true,"href":"https:\/\/www.correiobraziliense.com.br\/cbradar\/wp-json\/wp\/v2\/media\/12070"}],"wp:attachment":[{"href":"https:\/\/www.correiobraziliense.com.br\/cbradar\/wp-json\/wp\/v2\/media?parent=12069"}],"wp:term":[{"taxonomy":"category","embeddable":true,"href":"https:\/\/www.correiobraziliense.com.br\/cbradar\/wp-json\/wp\/v2\/categories?post=12069"},{"taxonomy":"post_tag","embeddable":true,"href":"https:\/\/www.correiobraziliense.com.br\/cbradar\/wp-json\/wp\/v2\/post_tag?post=12069"}],"curies":[{"name":"wp","href":"https:\/\/api.w.org\/{rel}","templated":true}]}}