{"id":120712,"date":"2025-10-18T07:25:42","date_gmt":"2025-10-18T10:25:42","guid":{"rendered":"https:\/\/www.correiobraziliense.com.br\/cbradar\/?p=120712"},"modified":"2025-10-17T11:38:27","modified_gmt":"2025-10-17T14:38:27","slug":"como-aproveitar-todos-os-nutrientes-das-sementes-de-abobora-no-dia-a-dia","status":"publish","type":"post","link":"https:\/\/www.correiobraziliense.com.br\/cbradar\/como-aproveitar-todos-os-nutrientes-das-sementes-de-abobora-no-dia-a-dia\/","title":{"rendered":"Como aproveitar todos os nutrientes das sementes de ab\u00f3bora no dia a dia"},"content":{"rendered":"\n<p>As <strong>sementes de ab\u00f3bora<\/strong>, ou <strong>pepitas<\/strong> como s\u00e3o comumente conhecidas, tornaram-se um alimento muito valorizado pelo seu alto teor nutricional. Essas pequenas sementes se destacam por sua versatilidade culin\u00e1ria e pelos benef\u00edcios comprovados para a <strong>sa\u00fade<\/strong>, colocando-as em destaque entre aqueles que buscam uma <strong>dieta equilibrada<\/strong> e saud\u00e1vel.<\/p>\n\n\n\n<p>A riqueza nutricional das <strong>sementes de ab\u00f3bora<\/strong> \u00e9 not\u00e1vel, gra\u00e7as \u00e0 sua alta quantidade de <strong>magn\u00e9sio<\/strong>, <strong>ferro<\/strong> e <strong>zinco<\/strong>. Esses <strong>nutrientes essenciais<\/strong> s\u00e3o fundamentais para diversas fun\u00e7\u00f5es corporais, desde o fortalecimento do <strong>sistema imunol\u00f3gico<\/strong> at\u00e9 a melhoria da <strong>sa\u00fade cardiovascular<\/strong>. Al\u00e9m disso, seu conte\u00fado de <strong>prote\u00ednas<\/strong> e <strong>gorduras insaturadas<\/strong> de alta qualidade, juntamente com antioxidantes como <strong>carotenoides<\/strong> e <strong>vitamina E<\/strong>, faz das pepitas uma excelente op\u00e7\u00e3o para manter a <strong>sa\u00fade em geral<\/strong>.<\/p>\n\n\n\n<h2 class=\"wp-block-heading\">Como as sementes de ab\u00f3bora se destacam na nutri\u00e7\u00e3o?<\/h2>\n\n\n\n<p>Cerca de 100 gramas de <strong>sementes de ab\u00f3bora<\/strong> fornecem aproximadamente <strong>559 calorias<\/strong>, <strong>49 gramas de gorduras<\/strong>, <strong>30 gramas de prote\u00ednas<\/strong> e <strong>6 gramas de fibras<\/strong>. Esse <strong>perfil nutricional<\/strong> as torna uma excelente fonte de <strong>energia<\/strong> e nutrientes essenciais. O <strong>magn\u00e9sio<\/strong> \u00e9 crucial para mais de <strong>600 rea\u00e7\u00f5es qu\u00edmicas<\/strong> no corpo, <a href=\"https:\/\/pmc.ncbi.nlm.nih.gov\/articles\/PMC10745813\/\" target=\"_blank\" rel=\"noreferrer noopener\">segundo pesquisas<\/a>, ele desempenha um papel vital na regula\u00e7\u00e3o do <strong>ritmo card\u00edaco<\/strong> e dos <strong>n\u00edveis de a\u00e7\u00facar no sangue<\/strong>.<\/p>\n\n\n\n<p>Por outro lado, o <strong>zinco<\/strong> \u00e9 fundamental para a produ\u00e7\u00e3o de <strong>prote\u00ednas<\/strong> e <strong>DNA<\/strong>, processos-chave para a fun\u00e7\u00e3o imunol\u00f3gica e a divis\u00e3o celular. Da mesma forma, o <strong>ferro<\/strong> presente nas sementes \u00e9 imprescind\u00edvel para a forma\u00e7\u00e3o de <strong>hemoglobina<\/strong>, o principal componente das hem\u00e1cias que transporta oxig\u00eanio no sangue.<\/p>\n\n\n\n<h2 class=\"wp-block-heading\">Quais os melhores m\u00e9todos para consumir sementes de ab\u00f3bora?<\/h2>\n\n\n\n<p>Para maximizar o aproveitamento dos seus <strong>nutrientes<\/strong>, especialistas sugerem consumir as <strong>sementes de ab\u00f3bora cruas<\/strong>. Embora tostar em baixa temperatura seja uma op\u00e7\u00e3o aceit\u00e1vel, o calor excessivo pode reduzir seu <strong>valor nutricional<\/strong>. Deixar as sementes de <strong>molho<\/strong> algumas horas contribui para eliminar <strong>inibidores de enzimas<\/strong>, facilitando a digest\u00e3o.<\/p>\n\n\n\n<ul class=\"wp-block-list\">\n<li>Adicionar <strong>sementes mo\u00eddas<\/strong> a <strong>vitaminas<\/strong> ou iogurtes para enriquec\u00ea-los com <strong>nutrientes essenciais<\/strong>.<\/li>\n\n\n\n<li>Utilizar o <strong>\u00f3leo de semente de ab\u00f3bora<\/strong> como tempero em <strong>saladas<\/strong>, evitando o calor para preservar sua integridade nutricional.<\/li>\n<\/ul>\n\n\n<div class=\"wp-block-image\">\n<figure class=\"aligncenter size-large\"><img decoding=\"async\" width=\"1024\" height=\"576\" src=\"https:\/\/www.correiobraziliense.com.br\/cbradar\/wp-content\/uploads\/2025\/07\/semente-de-abobora_1753484435774-1024x576.jpg\" alt=\"\" class=\"wp-image-75281\" srcset=\"https:\/\/www.correiobraziliense.com.br\/cbradar\/wp-content\/uploads\/2025\/07\/semente-de-abobora_1753484435774-1024x576.jpg 1024w, https:\/\/www.correiobraziliense.com.br\/cbradar\/wp-content\/uploads\/2025\/07\/semente-de-abobora_1753484435774-300x169.jpg 300w, https:\/\/www.correiobraziliense.com.br\/cbradar\/wp-content\/uploads\/2025\/07\/semente-de-abobora_1753484435774-768x432.jpg 768w, https:\/\/www.correiobraziliense.com.br\/cbradar\/wp-content\/uploads\/2025\/07\/semente-de-abobora_1753484435774-750x422.jpg 750w, https:\/\/www.correiobraziliense.com.br\/cbradar\/wp-content\/uploads\/2025\/07\/semente-de-abobora_1753484435774-1140x641.jpg 1140w, https:\/\/www.correiobraziliense.com.br\/cbradar\/wp-content\/uploads\/2025\/07\/semente-de-abobora_1753484435774.jpg 1280w\" sizes=\"(max-width: 1024px) 100vw, 1024px\" \/><figcaption class=\"wp-element-caption\">Efeito regulador metab\u00f3lico no controle glic\u00eamico e lip\u00eddico &#8211; Cr\u00e9ditos: depositphotos.com \/ monticello<\/figcaption><\/figure><\/div>\n\n\n<h2 class=\"wp-block-heading\">Quais os benef\u00edcios adicionais das sementes de ab\u00f3bora?<\/h2>\n\n\n\n<p>Al\u00e9m de seus benef\u00edcios nutricionais b\u00e1sicos, as <strong>sementes de ab\u00f3bora<\/strong> tamb\u00e9m cont\u00eam <strong>\u00e1cidos graxos \u00f4mega 3<\/strong>, reconhecidos por suas propriedades anti-inflamat\u00f3rias e benef\u00edcios \u00e0 sa\u00fade cardiovascular. Os <strong>antioxidantes<\/strong> presentes protegem as c\u00e9lulas do <strong>estresse oxidativo<\/strong> e podem reduzir o risco de certos tipos de c\u00e2ncer.<\/p>\n\n\n\n<p>Na <strong>medicina tradicional<\/strong>, as pepitas t\u00eam sido utilizadas devido \u00e0s suas propriedades <strong>antiparasit\u00e1rias<\/strong> e para aliviar problemas de <strong>pr\u00f3stata<\/strong>. Incluem compostos como <strong>zinco<\/strong> e <strong>cucurbitina<\/strong>, eficazes para reduzir sintomas de <strong>hiperplasia benigna da pr\u00f3stata<\/strong>.<\/p>\n\n\n\n<p>Leia tamb\u00e9m:<a href=\"https:\/\/www.correiobraziliense.com.br\/cbradar\/a-planta-medicinal-mais-poderosa-para-aliviar-a-garganta-irritada\/\" target=\"_blank\" rel=\"noreferrer noopener\"> A planta medicinal mais poderosa para aliviar a garganta irritada<\/a><\/p>\n\n\n\n<h2 class=\"wp-block-heading\">Qual a conclus\u00e3o sobre as sementes de ab\u00f3bora?<\/h2>\n\n\n\n<p> Resumindo, as <strong>sementes de ab\u00f3bora<\/strong> n\u00e3o s\u00e3o apenas uma adi\u00e7\u00e3o deliciosa \u00e0 dieta di\u00e1ria, mas tamb\u00e9m representam um <strong>investimento em sa\u00fade a longo prazo<\/strong>. Seu teor de <strong>nutrientes essenciais<\/strong>, como <strong>magn\u00e9sio<\/strong>, <strong>zinco<\/strong> e <strong>ferro<\/strong>, e a presen\u00e7a de <strong>compostos ben\u00e9ficos<\/strong>, as tornam um <strong>superalimento<\/strong> verdadeiramente funcional. Para obter os melhores resultados, recomenda-se incorpor\u00e1-las de forma <strong>equilibrada<\/strong> \u00e0 alimenta\u00e7\u00e3o, explorando as diferentes formas de preparo para aproveitar todas as suas <strong>vantagens nutricionais<\/strong>.<\/p>\n","protected":false},"excerpt":{"rendered":"<p>As sementes de ab\u00f3bora, ou pepitas como s\u00e3o comumente conhecidas, tornaram-se um alimento muito valorizado pelo seu alto teor nutricional. Essas pequenas sementes se destacam por sua versatilidade culin\u00e1ria e pelos benef\u00edcios comprovados para a sa\u00fade, colocando-as em destaque entre aqueles que buscam uma dieta equilibrada e saud\u00e1vel. A riqueza nutricional das sementes de ab\u00f3bora [&hellip;]<\/p>\n","protected":false},"author":9,"featured_media":75283,"comment_status":"open","ping_status":"open","sticky":false,"template":"","format":"standard","meta":{"_yoast_wpseo_focuskw":"sementes de ab\u00f3bora","_yoast_wpseo_title":"%%title%% %%page%%","_yoast_wpseo_metadesc":"Sementes de ab\u00f3bora fortalecem o corpo, regulam o a\u00e7\u00facar no sangue e melhoram a sa\u00fade do cora\u00e7\u00e3o com nutrientes essenciais e antioxidantes.","jnews-multi-image_gallery":[],"jnews_single_post":{"format":"standard"},"jnews_primary_category":[],"jnews_social_meta":[],"jnews_override_counter":[],"footnotes":""},"categories":[119,4404],"tags":[1273,565,801],"class_list":["post-120712","post","type-post","status-publish","format-standard","has-post-thumbnail","hentry","category-bem-estar","category-saude","tag-abobora","tag-saude","tag-sementes"],"yoast_head":"<!-- This site is optimized with the Yoast SEO plugin v24.6 - https:\/\/yoast.com\/wordpress\/plugins\/seo\/ -->\n<title>Como aproveitar todos os nutrientes das sementes de ab\u00f3bora no dia a dia<\/title>\n<meta name=\"description\" content=\"Sementes de ab\u00f3bora fortalecem o corpo, regulam o a\u00e7\u00facar no sangue e melhoram a sa\u00fade do cora\u00e7\u00e3o com nutrientes essenciais e antioxidantes.\" \/>\n<meta name=\"robots\" content=\"index, follow, max-snippet:-1, max-image-preview:large, max-video-preview:-1\" \/>\n<link rel=\"canonical\" href=\"https:\/\/www.correiobraziliense.com.br\/cbradar\/como-aproveitar-todos-os-nutrientes-das-sementes-de-abobora-no-dia-a-dia\/\" \/>\n<meta property=\"og:locale\" content=\"pt_BR\" \/>\n<meta property=\"og:type\" content=\"article\" \/>\n<meta property=\"og:title\" content=\"Como aproveitar todos os nutrientes das sementes de ab\u00f3bora no dia a dia\" \/>\n<meta property=\"og:description\" content=\"Sementes de ab\u00f3bora fortalecem o corpo, regulam o a\u00e7\u00facar no sangue e melhoram a sa\u00fade do cora\u00e7\u00e3o com nutrientes essenciais e antioxidantes.\" \/>\n<meta property=\"og:url\" content=\"https:\/\/www.correiobraziliense.com.br\/cbradar\/como-aproveitar-todos-os-nutrientes-das-sementes-de-abobora-no-dia-a-dia\/\" \/>\n<meta property=\"og:site_name\" content=\"Correio Braziliense - Radar\" \/>\n<meta property=\"article:published_time\" content=\"2025-10-18T10:25:42+00:00\" \/>\n<meta property=\"og:image\" content=\"https:\/\/www.correiobraziliense.com.br\/cbradar\/wp-content\/uploads\/2025\/07\/semente-de-abobora_1753484529885.jpg\" \/>\n\t<meta property=\"og:image:width\" content=\"1280\" \/>\n\t<meta property=\"og:image:height\" content=\"720\" \/>\n\t<meta property=\"og:image:type\" content=\"image\/jpeg\" \/>\n<meta name=\"author\" content=\"Daniely Cardoso\" \/>\n<meta name=\"twitter:card\" content=\"summary_large_image\" \/>\n<meta name=\"twitter:label1\" content=\"Escrito por\" \/>\n\t<meta name=\"twitter:data1\" content=\"Daniely Cardoso\" \/>\n\t<meta name=\"twitter:label2\" content=\"Est. tempo de leitura\" \/>\n\t<meta name=\"twitter:data2\" content=\"4 minutos\" \/>\n<!-- \/ Yoast SEO plugin. -->","yoast_head_json":{"title":"Como aproveitar todos os nutrientes das sementes de ab\u00f3bora no dia a dia","description":"Sementes de ab\u00f3bora fortalecem o corpo, regulam o a\u00e7\u00facar no sangue e melhoram a sa\u00fade do cora\u00e7\u00e3o com nutrientes essenciais e antioxidantes.","robots":{"index":"index","follow":"follow","max-snippet":"max-snippet:-1","max-image-preview":"max-image-preview:large","max-video-preview":"max-video-preview:-1"},"canonical":"https:\/\/www.correiobraziliense.com.br\/cbradar\/como-aproveitar-todos-os-nutrientes-das-sementes-de-abobora-no-dia-a-dia\/","og_locale":"pt_BR","og_type":"article","og_title":"Como aproveitar todos os nutrientes das sementes de ab\u00f3bora no dia a dia","og_description":"Sementes de ab\u00f3bora fortalecem o corpo, regulam o a\u00e7\u00facar no sangue e melhoram a sa\u00fade do cora\u00e7\u00e3o com nutrientes essenciais e antioxidantes.","og_url":"https:\/\/www.correiobraziliense.com.br\/cbradar\/como-aproveitar-todos-os-nutrientes-das-sementes-de-abobora-no-dia-a-dia\/","og_site_name":"Correio Braziliense - Radar","article_published_time":"2025-10-18T10:25:42+00:00","og_image":[{"width":1280,"height":720,"url":"https:\/\/www.correiobraziliense.com.br\/cbradar\/wp-content\/uploads\/2025\/07\/semente-de-abobora_1753484529885.jpg","type":"image\/jpeg"}],"author":"Daniely Cardoso","twitter_card":"summary_large_image","twitter_misc":{"Escrito por":"Daniely Cardoso","Est. tempo de leitura":"4 minutos"},"schema":{"@context":"https:\/\/schema.org","@graph":[{"@type":"WebPage","@id":"https:\/\/www.correiobraziliense.com.br\/cbradar\/como-aproveitar-todos-os-nutrientes-das-sementes-de-abobora-no-dia-a-dia\/","url":"https:\/\/www.correiobraziliense.com.br\/cbradar\/como-aproveitar-todos-os-nutrientes-das-sementes-de-abobora-no-dia-a-dia\/","name":"Como aproveitar todos os nutrientes das sementes de ab\u00f3bora no dia a dia","isPartOf":{"@id":"https:\/\/www.correiobraziliense.com.br\/cbradar\/#website"},"primaryImageOfPage":{"@id":"https:\/\/www.correiobraziliense.com.br\/cbradar\/como-aproveitar-todos-os-nutrientes-das-sementes-de-abobora-no-dia-a-dia\/#primaryimage"},"image":{"@id":"https:\/\/www.correiobraziliense.com.br\/cbradar\/como-aproveitar-todos-os-nutrientes-das-sementes-de-abobora-no-dia-a-dia\/#primaryimage"},"thumbnailUrl":"https:\/\/www.correiobraziliense.com.br\/cbradar\/wp-content\/uploads\/2025\/07\/semente-de-abobora_1753484529885.jpg","datePublished":"2025-10-18T10:25:42+00:00","author":{"@id":"https:\/\/www.correiobraziliense.com.br\/cbradar\/#\/schema\/person\/7356666e12ec0ee53f348ee5db227032"},"description":"Sementes de ab\u00f3bora fortalecem o corpo, regulam o a\u00e7\u00facar no sangue e melhoram a sa\u00fade do cora\u00e7\u00e3o com nutrientes essenciais e antioxidantes.","breadcrumb":{"@id":"https:\/\/www.correiobraziliense.com.br\/cbradar\/como-aproveitar-todos-os-nutrientes-das-sementes-de-abobora-no-dia-a-dia\/#breadcrumb"},"inLanguage":"pt-BR","potentialAction":[{"@type":"ReadAction","target":["https:\/\/www.correiobraziliense.com.br\/cbradar\/como-aproveitar-todos-os-nutrientes-das-sementes-de-abobora-no-dia-a-dia\/"]}]},{"@type":"ImageObject","inLanguage":"pt-BR","@id":"https:\/\/www.correiobraziliense.com.br\/cbradar\/como-aproveitar-todos-os-nutrientes-das-sementes-de-abobora-no-dia-a-dia\/#primaryimage","url":"https:\/\/www.correiobraziliense.com.br\/cbradar\/wp-content\/uploads\/2025\/07\/semente-de-abobora_1753484529885.jpg","contentUrl":"https:\/\/www.correiobraziliense.com.br\/cbradar\/wp-content\/uploads\/2025\/07\/semente-de-abobora_1753484529885.jpg","width":1280,"height":720,"caption":"A\u00e7\u00e3o antiparasit\u00e1ria proporcionada pelas cucurbitacinas presentes nas sementes - Cr\u00e9ditos: depositphotos.com \/ KostyaKlimenko"},{"@type":"BreadcrumbList","@id":"https:\/\/www.correiobraziliense.com.br\/cbradar\/como-aproveitar-todos-os-nutrientes-das-sementes-de-abobora-no-dia-a-dia\/#breadcrumb","itemListElement":[{"@type":"ListItem","position":1,"name":"In\u00edcio","item":"https:\/\/www.correiobraziliense.com.br\/cbradar\/"},{"@type":"ListItem","position":2,"name":"Como aproveitar todos os nutrientes das sementes de ab\u00f3bora no dia a dia"}]},{"@type":"WebSite","@id":"https:\/\/www.correiobraziliense.com.br\/cbradar\/#website","url":"https:\/\/www.correiobraziliense.com.br\/cbradar\/","name":"Correio Braziliense - Radar","description":"Acompanhe as \u00faltimas not\u00edcias e fique bem informado sobre tudo o que acontece no Brasil e no mundo.","potentialAction":[{"@type":"SearchAction","target":{"@type":"EntryPoint","urlTemplate":"https:\/\/www.correiobraziliense.com.br\/cbradar\/?s={search_term_string}"},"query-input":{"@type":"PropertyValueSpecification","valueRequired":true,"valueName":"search_term_string"}}],"inLanguage":"pt-BR"},{"@type":"Person","@id":"https:\/\/www.correiobraziliense.com.br\/cbradar\/#\/schema\/person\/7356666e12ec0ee53f348ee5db227032","name":"Daniely Cardoso","image":{"@type":"ImageObject","inLanguage":"pt-BR","@id":"https:\/\/www.correiobraziliense.com.br\/cbradar\/#\/schema\/person\/image\/","url":"https:\/\/secure.gravatar.com\/avatar\/4b80ddbd124d1f071b626d52d62e5dff?s=96&d=mm&r=g","contentUrl":"https:\/\/secure.gravatar.com\/avatar\/4b80ddbd124d1f071b626d52d62e5dff?s=96&d=mm&r=g","caption":"Daniely Cardoso"},"description":"Redatora nos portais CB Radar e EM Foco, formada pela Universidade Federal de Goi\u00e1s, em Goi\u00e2nia. Apaixonada por comunica\u00e7\u00e3o, arte, decora\u00e7\u00e3o e tend\u00eancias, atuo na produ\u00e7\u00e3o de conte\u00fados envolventes sobre curiosidades, moda, beleza e paisagismo, sempre com um olhar atento \u00e0s novidades do momento.","sameAs":["https:\/\/www.correiobraziliense.com.br\/cbradar"],"url":"https:\/\/www.correiobraziliense.com.br\/cbradar\/author\/danielymyth\/"}]}},"_links":{"self":[{"href":"https:\/\/www.correiobraziliense.com.br\/cbradar\/wp-json\/wp\/v2\/posts\/120712","targetHints":{"allow":["GET"]}}],"collection":[{"href":"https:\/\/www.correiobraziliense.com.br\/cbradar\/wp-json\/wp\/v2\/posts"}],"about":[{"href":"https:\/\/www.correiobraziliense.com.br\/cbradar\/wp-json\/wp\/v2\/types\/post"}],"author":[{"embeddable":true,"href":"https:\/\/www.correiobraziliense.com.br\/cbradar\/wp-json\/wp\/v2\/users\/9"}],"replies":[{"embeddable":true,"href":"https:\/\/www.correiobraziliense.com.br\/cbradar\/wp-json\/wp\/v2\/comments?post=120712"}],"version-history":[{"count":3,"href":"https:\/\/www.correiobraziliense.com.br\/cbradar\/wp-json\/wp\/v2\/posts\/120712\/revisions"}],"predecessor-version":[{"id":120937,"href":"https:\/\/www.correiobraziliense.com.br\/cbradar\/wp-json\/wp\/v2\/posts\/120712\/revisions\/120937"}],"wp:featuredmedia":[{"embeddable":true,"href":"https:\/\/www.correiobraziliense.com.br\/cbradar\/wp-json\/wp\/v2\/media\/75283"}],"wp:attachment":[{"href":"https:\/\/www.correiobraziliense.com.br\/cbradar\/wp-json\/wp\/v2\/media?parent=120712"}],"wp:term":[{"taxonomy":"category","embeddable":true,"href":"https:\/\/www.correiobraziliense.com.br\/cbradar\/wp-json\/wp\/v2\/categories?post=120712"},{"taxonomy":"post_tag","embeddable":true,"href":"https:\/\/www.correiobraziliense.com.br\/cbradar\/wp-json\/wp\/v2\/tags?post=120712"}],"curies":[{"name":"wp","href":"https:\/\/api.w.org\/{rel}","templated":true}]}}