{"id":12073,"date":"2025-03-14T22:50:00","date_gmt":"2025-03-15T01:50:00","guid":{"rendered":"https:\/\/www.correiobraziliense.com.br\/cbradar\/?p=12073"},"modified":"2025-03-13T23:22:18","modified_gmt":"2025-03-14T02:22:18","slug":"essa-cidade-foi-construida-para-ser-perfeita-mas-ninguem-quis-morar","status":"publish","type":"post","link":"https:\/\/www.correiobraziliense.com.br\/cbradar\/essa-cidade-foi-construida-para-ser-perfeita-mas-ninguem-quis-morar\/","title":{"rendered":"Essa cidade foi constru\u00edda para ser perfeita, mas ningu\u00e9m quis morar"},"content":{"rendered":"\n<p>No mundo, muitas cidades surgiram de forma org\u00e2nica, crescendo ao longo dos s\u00e9culos conforme a popula\u00e7\u00e3o aumentava. Mas algumas foram planejadas do zero para serem perfeitas. Esse \u00e9 o caso de <strong>Naypyidaw, a capital de Mianmar<\/strong>, que foi constru\u00edda para substituir <strong>Yangon <\/strong>como o centro pol\u00edtico do pa\u00eds.<\/p>\n\n\n\n<p>Projetada para ser uma metr\u00f3pole moderna e eficiente, a cidade possui largas avenidas, pr\u00e9dios governamentais imponentes e infraestrutura de ponta. No entanto, h\u00e1 um detalhe curioso: <strong>quase ningu\u00e9m mora l\u00e1<\/strong>. Ruas vazias, hot\u00e9is sem h\u00f3spedes e bairros desertos fazem de Naypyidaw uma das capitais mais estranhas do mundo. Mas por que essa cidade nunca foi realmente habitada?<\/p>\n\n\n\n<h2 class=\"wp-block-heading\"><strong>A cria\u00e7\u00e3o de uma capital perfeita<\/strong><\/h2>\n\n\n\n<p>Em 2005, o governo militar de Mianmar decidiu transferir a capital do pa\u00eds de Yangon para Naypyidaw, alegando raz\u00f5es estrat\u00e9gicas e log\u00edsticas. Localizada no centro do pa\u00eds, a nova capital foi planejada para oferecer seguran\u00e7a, organiza\u00e7\u00e3o e infraestrutura moderna.<\/p>\n\n\n\n<p>As avenidas foram constru\u00eddas com at\u00e9 <strong>20 faixas de largura<\/strong>, permitindo um tr\u00e1fego fluido. Pr\u00e9dios governamentais foram erguidos com design imponente, e bairros inteiros foram projetados para receber funcion\u00e1rios p\u00fablicos e suas fam\u00edlias. A cidade conta com parques, shoppings, hot\u00e9is de luxo e at\u00e9 mesmo um zool\u00f3gico. Tudo parecia perfeito \u2013 exceto por um detalhe: <strong>a popula\u00e7\u00e3o n\u00e3o quis se mudar para l\u00e1<\/strong>.<\/p>\n\n\n\n<figure class=\"wp-block-image size-large\"><img decoding=\"async\" width=\"1024\" height=\"576\" src=\"https:\/\/www.correiobraziliense.com.br\/cbradar\/wp-content\/uploads\/2025\/03\/Naypyidaw_1741858442591-1024x576.jpg\" alt=\"Essa cidade foi constru\u00edda para ser perfeita, mas ningu\u00e9m quis morar\" class=\"wp-image-12075\" srcset=\"https:\/\/www.correiobraziliense.com.br\/cbradar\/wp-content\/uploads\/2025\/03\/Naypyidaw_1741858442591-1024x576.jpg 1024w, https:\/\/www.correiobraziliense.com.br\/cbradar\/wp-content\/uploads\/2025\/03\/Naypyidaw_1741858442591-300x169.jpg 300w, https:\/\/www.correiobraziliense.com.br\/cbradar\/wp-content\/uploads\/2025\/03\/Naypyidaw_1741858442591-768x432.jpg 768w, https:\/\/www.correiobraziliense.com.br\/cbradar\/wp-content\/uploads\/2025\/03\/Naypyidaw_1741858442591-750x422.jpg 750w, https:\/\/www.correiobraziliense.com.br\/cbradar\/wp-content\/uploads\/2025\/03\/Naypyidaw_1741858442591-1140x641.jpg 1140w, https:\/\/www.correiobraziliense.com.br\/cbradar\/wp-content\/uploads\/2025\/03\/Naypyidaw_1741858442591.jpg 1280w\" sizes=\"(max-width: 1024px) 100vw, 1024px\" \/><figcaption class=\"wp-element-caption\">Naypyidaw. Cr\u00e9ditos: depositphotos.com \/ n.a.kelder@gmail.com<\/figcaption><\/figure>\n\n\n\n<h2 class=\"wp-block-heading\"><strong>Por que Naypyidaw continua vazia?<\/strong><\/h2>\n\n\n\n<p>Mesmo com toda a infraestrutura moderna, Naypyidaw nunca conseguiu atrair um grande n\u00famero de moradores. A localiza\u00e7\u00e3o remota \u00e9 um dos principais problemas, j\u00e1 que a cidade fica longe dos grandes centros urbanos e da vida econ\u00f4mica do pa\u00eds. Al\u00e9m disso, muitos cidad\u00e3os birmaneses ainda preferem viver em Yangon, que continua sendo o cora\u00e7\u00e3o comercial e cultural de Mianmar.<\/p>\n\n\n\n<p>Outro fator que contribui para o vazio da cidade \u00e9 a falta de vida urbana vibrante. Naypyidaw foi constru\u00edda para ser funcional, mas n\u00e3o para ser acolhedora. As dist\u00e2ncias entre os pr\u00e9dios s\u00e3o enormes, dificultando a circula\u00e7\u00e3o de pedestres. Com poucos restaurantes, mercados e locais de lazer, os habitantes n\u00e3o encontram raz\u00f5es para viver ali al\u00e9m do trabalho no governo.<\/p>\n\n\n\n<h2 class=\"wp-block-heading\"><strong>Curiosidades sobre Naypyidaw<\/strong><\/h2>\n\n\n\n<ul class=\"wp-block-list\">\n<li>As avenidas s\u00e3o t\u00e3o largas que dizem que poderiam permitir pousos de avi\u00f5es, mas raramente h\u00e1 carros circulando.<\/li>\n\n\n\n<li>A cidade \u00e9 cerca de <strong>cinco vezes maior que Nova York<\/strong>, mas sua popula\u00e7\u00e3o \u00e9 extremamente pequena em compara\u00e7\u00e3o.<\/li>\n\n\n\n<li>Muitos hot\u00e9is de luxo foram constru\u00eddos, mas a maioria permanece vazia, sem turistas ou eventos frequentes.<\/li>\n\n\n\n<li>Apesar do baixo n\u00famero de habitantes, Naypyidaw possui uma r\u00e9plica gigantesca do <strong>Templo de Shwedagon<\/strong>, o local mais sagrado de Mianmar.<\/li>\n\n\n\n<li>Relatos indicam que a cidade foi planejada com <strong>t\u00faneis subterr\u00e2neos e sistemas de seguran\u00e7a altamente sigilosos<\/strong>.<\/li>\n<\/ul>\n\n\n\n<h2 class=\"wp-block-heading\"><strong>Naypyidaw pode se tornar uma cidade habitada no futuro?<\/strong><\/h2>\n\n\n\n<p>Embora o governo continue incentivando a migra\u00e7\u00e3o para Naypyidaw, a cidade permanece com baixa densidade populacional. O alto custo de vida e a falta de oportunidades al\u00e9m da esfera governamental afastam potenciais moradores.<\/p>\n\n\n\n<p>O caso de Naypyidaw serve como um exemplo de que <strong>uma cidade n\u00e3o \u00e9 feita apenas de infraestrutura, mas tamb\u00e9m de pessoas e cultura<\/strong>. Sem vida urbana e sem popula\u00e7\u00e3o ativa, at\u00e9 mesmo a capital mais moderna pode acabar se tornando uma cidade fantasma.<\/p>\n","protected":false},"excerpt":{"rendered":"<p>Uma capital inteira foi constru\u00edda para ser perfeita, mas ningu\u00e9m quis morar l\u00e1. Descubra os mist\u00e9rios da cidade vazia.<\/p>\n","protected":false},"author":3,"featured_media":12074,"comment_status":"open","ping_status":"open","sticky":false,"template":"","format":"standard","meta":{"_yoast_wpseo_focuskw":"cidade ningu\u00e9m quis","_yoast_wpseo_title":"%%title%%","_yoast_wpseo_metadesc":"Uma capital inteira foi constru\u00edda para ser perfeita, mas ningu\u00e9m quis morar l\u00e1. Descubra os mist\u00e9rios da cidade vazia.","jnews-multi-image_gallery":[],"jnews_single_post":{"format":"standard"},"jnews_primary_category":[],"jnews_social_meta":[],"jnews_override_counter":[],"footnotes":""},"categories":[108],"post_tag":[109],"class_list":["post-12073","post","type-post","status-publish","format-standard","has-post-thumbnail","hentry","category-cidades","tag-cidades"],"yoast_head":"<!-- This site is optimized with the Yoast SEO plugin v24.6 - https:\/\/yoast.com\/wordpress\/plugins\/seo\/ -->\n<title>Essa cidade foi constru\u00edda para ser perfeita, mas ningu\u00e9m quis morar<\/title>\n<meta name=\"description\" content=\"Uma capital inteira foi constru\u00edda para ser perfeita, mas ningu\u00e9m quis morar l\u00e1. Descubra os mist\u00e9rios da cidade vazia.\" \/>\n<meta name=\"robots\" content=\"index, follow, max-snippet:-1, max-image-preview:large, max-video-preview:-1\" \/>\n<link rel=\"canonical\" href=\"https:\/\/www.correiobraziliense.com.br\/cbradar\/essa-cidade-foi-construida-para-ser-perfeita-mas-ninguem-quis-morar\/\" \/>\n<meta property=\"og:locale\" content=\"pt_BR\" \/>\n<meta property=\"og:type\" content=\"article\" \/>\n<meta property=\"og:title\" content=\"Essa cidade foi constru\u00edda para ser perfeita, mas ningu\u00e9m quis morar\" \/>\n<meta property=\"og:description\" content=\"Uma capital inteira foi constru\u00edda para ser perfeita, mas ningu\u00e9m quis morar l\u00e1. Descubra os mist\u00e9rios da cidade vazia.\" \/>\n<meta property=\"og:url\" content=\"https:\/\/www.correiobraziliense.com.br\/cbradar\/essa-cidade-foi-construida-para-ser-perfeita-mas-ninguem-quis-morar\/\" \/>\n<meta property=\"og:site_name\" content=\"Correio Braziliense - Radar\" \/>\n<meta property=\"article:published_time\" content=\"2025-03-15T01:50:00+00:00\" \/>\n<meta property=\"og:image\" content=\"https:\/\/www.correiobraziliense.com.br\/cbradar\/wp-content\/uploads\/2025\/03\/Naypyidaw_1741858326974.jpg\" \/>\n\t<meta property=\"og:image:width\" content=\"1280\" \/>\n\t<meta property=\"og:image:height\" content=\"720\" \/>\n\t<meta property=\"og:image:type\" content=\"image\/jpeg\" \/>\n<meta name=\"author\" content=\"Larissa Carvalho\" \/>\n<meta name=\"twitter:card\" content=\"summary_large_image\" \/>\n<meta name=\"twitter:label1\" content=\"Escrito por\" \/>\n\t<meta name=\"twitter:data1\" content=\"Larissa Carvalho\" \/>\n\t<meta name=\"twitter:label2\" content=\"Est. tempo de leitura\" \/>\n\t<meta name=\"twitter:data2\" content=\"4 minutos\" \/>\n<!-- \/ Yoast SEO plugin. -->","yoast_head_json":{"title":"Essa cidade foi constru\u00edda para ser perfeita, mas ningu\u00e9m quis morar","description":"Uma capital inteira foi constru\u00edda para ser perfeita, mas ningu\u00e9m quis morar l\u00e1. Descubra os mist\u00e9rios da cidade vazia.","robots":{"index":"index","follow":"follow","max-snippet":"max-snippet:-1","max-image-preview":"max-image-preview:large","max-video-preview":"max-video-preview:-1"},"canonical":"https:\/\/www.correiobraziliense.com.br\/cbradar\/essa-cidade-foi-construida-para-ser-perfeita-mas-ninguem-quis-morar\/","og_locale":"pt_BR","og_type":"article","og_title":"Essa cidade foi constru\u00edda para ser perfeita, mas ningu\u00e9m quis morar","og_description":"Uma capital inteira foi constru\u00edda para ser perfeita, mas ningu\u00e9m quis morar l\u00e1. Descubra os mist\u00e9rios da cidade vazia.","og_url":"https:\/\/www.correiobraziliense.com.br\/cbradar\/essa-cidade-foi-construida-para-ser-perfeita-mas-ninguem-quis-morar\/","og_site_name":"Correio Braziliense - Radar","article_published_time":"2025-03-15T01:50:00+00:00","og_image":[{"width":1280,"height":720,"url":"https:\/\/www.correiobraziliense.com.br\/cbradar\/wp-content\/uploads\/2025\/03\/Naypyidaw_1741858326974.jpg","type":"image\/jpeg"}],"author":"Larissa Carvalho","twitter_card":"summary_large_image","twitter_misc":{"Escrito por":"Larissa Carvalho","Est. tempo de leitura":"4 minutos"},"schema":{"@context":"https:\/\/schema.org","@graph":[{"@type":"WebPage","@id":"https:\/\/www.correiobraziliense.com.br\/cbradar\/essa-cidade-foi-construida-para-ser-perfeita-mas-ninguem-quis-morar\/","url":"https:\/\/www.correiobraziliense.com.br\/cbradar\/essa-cidade-foi-construida-para-ser-perfeita-mas-ninguem-quis-morar\/","name":"Essa cidade foi constru\u00edda para ser perfeita, mas ningu\u00e9m quis morar","isPartOf":{"@id":"https:\/\/www.correiobraziliense.com.br\/cbradar\/#website"},"primaryImageOfPage":{"@id":"https:\/\/www.correiobraziliense.com.br\/cbradar\/essa-cidade-foi-construida-para-ser-perfeita-mas-ninguem-quis-morar\/#primaryimage"},"image":{"@id":"https:\/\/www.correiobraziliense.com.br\/cbradar\/essa-cidade-foi-construida-para-ser-perfeita-mas-ninguem-quis-morar\/#primaryimage"},"thumbnailUrl":"https:\/\/www.correiobraziliense.com.br\/cbradar\/wp-content\/uploads\/2025\/03\/Naypyidaw_1741858326974.jpg","datePublished":"2025-03-15T01:50:00+00:00","author":{"@id":"https:\/\/www.correiobraziliense.com.br\/cbradar\/#\/schema\/person\/58422787644df994b53a19d3e56c1513"},"description":"Uma capital inteira foi constru\u00edda para ser perfeita, mas ningu\u00e9m quis morar l\u00e1. Descubra os mist\u00e9rios da cidade vazia.","breadcrumb":{"@id":"https:\/\/www.correiobraziliense.com.br\/cbradar\/essa-cidade-foi-construida-para-ser-perfeita-mas-ninguem-quis-morar\/#breadcrumb"},"inLanguage":"pt-BR","potentialAction":[{"@type":"ReadAction","target":["https:\/\/www.correiobraziliense.com.br\/cbradar\/essa-cidade-foi-construida-para-ser-perfeita-mas-ninguem-quis-morar\/"]}]},{"@type":"ImageObject","inLanguage":"pt-BR","@id":"https:\/\/www.correiobraziliense.com.br\/cbradar\/essa-cidade-foi-construida-para-ser-perfeita-mas-ninguem-quis-morar\/#primaryimage","url":"https:\/\/www.correiobraziliense.com.br\/cbradar\/wp-content\/uploads\/2025\/03\/Naypyidaw_1741858326974.jpg","contentUrl":"https:\/\/www.correiobraziliense.com.br\/cbradar\/wp-content\/uploads\/2025\/03\/Naypyidaw_1741858326974.jpg","width":1280,"height":720,"caption":"Naypyidaw. Cr\u00e9ditos: depositphotos.com \/ NadaK2"},{"@type":"BreadcrumbList","@id":"https:\/\/www.correiobraziliense.com.br\/cbradar\/essa-cidade-foi-construida-para-ser-perfeita-mas-ninguem-quis-morar\/#breadcrumb","itemListElement":[{"@type":"ListItem","position":1,"name":"In\u00edcio","item":"https:\/\/www.correiobraziliense.com.br\/cbradar\/"},{"@type":"ListItem","position":2,"name":"Essa cidade foi constru\u00edda para ser perfeita, mas ningu\u00e9m quis morar"}]},{"@type":"WebSite","@id":"https:\/\/www.correiobraziliense.com.br\/cbradar\/#website","url":"https:\/\/www.correiobraziliense.com.br\/cbradar\/","name":"Correio Braziliense - Radar","description":"Acompanhe as \u00faltimas not\u00edcias e fique bem informado sobre tudo o que acontece no Brasil e no mundo.","potentialAction":[{"@type":"SearchAction","target":{"@type":"EntryPoint","urlTemplate":"https:\/\/www.correiobraziliense.com.br\/cbradar\/?s={search_term_string}"},"query-input":{"@type":"PropertyValueSpecification","valueRequired":true,"valueName":"search_term_string"}}],"inLanguage":"pt-BR"},{"@type":"Person","@id":"https:\/\/www.correiobraziliense.com.br\/cbradar\/#\/schema\/person\/58422787644df994b53a19d3e56c1513","name":"Larissa Carvalho","image":{"@type":"ImageObject","inLanguage":"pt-BR","@id":"https:\/\/www.correiobraziliense.com.br\/cbradar\/#\/schema\/person\/image\/","url":"https:\/\/secure.gravatar.com\/avatar\/fe4f91a0de32b52a838d0d612abdc1aa?s=96&d=mm&r=g","contentUrl":"https:\/\/secure.gravatar.com\/avatar\/fe4f91a0de32b52a838d0d612abdc1aa?s=96&d=mm&r=g","caption":"Larissa Carvalho"},"url":"https:\/\/www.correiobraziliense.com.br\/cbradar\/author\/larissamyth\/"}]}},"_links":{"self":[{"href":"https:\/\/www.correiobraziliense.com.br\/cbradar\/wp-json\/wp\/v2\/posts\/12073","targetHints":{"allow":["GET"]}}],"collection":[{"href":"https:\/\/www.correiobraziliense.com.br\/cbradar\/wp-json\/wp\/v2\/posts"}],"about":[{"href":"https:\/\/www.correiobraziliense.com.br\/cbradar\/wp-json\/wp\/v2\/types\/post"}],"author":[{"embeddable":true,"href":"https:\/\/www.correiobraziliense.com.br\/cbradar\/wp-json\/wp\/v2\/users\/3"}],"replies":[{"embeddable":true,"href":"https:\/\/www.correiobraziliense.com.br\/cbradar\/wp-json\/wp\/v2\/comments?post=12073"}],"version-history":[{"count":1,"href":"https:\/\/www.correiobraziliense.com.br\/cbradar\/wp-json\/wp\/v2\/posts\/12073\/revisions"}],"predecessor-version":[{"id":12076,"href":"https:\/\/www.correiobraziliense.com.br\/cbradar\/wp-json\/wp\/v2\/posts\/12073\/revisions\/12076"}],"wp:featuredmedia":[{"embeddable":true,"href":"https:\/\/www.correiobraziliense.com.br\/cbradar\/wp-json\/wp\/v2\/media\/12074"}],"wp:attachment":[{"href":"https:\/\/www.correiobraziliense.com.br\/cbradar\/wp-json\/wp\/v2\/media?parent=12073"}],"wp:term":[{"taxonomy":"category","embeddable":true,"href":"https:\/\/www.correiobraziliense.com.br\/cbradar\/wp-json\/wp\/v2\/categories?post=12073"},{"taxonomy":"post_tag","embeddable":true,"href":"https:\/\/www.correiobraziliense.com.br\/cbradar\/wp-json\/wp\/v2\/post_tag?post=12073"}],"curies":[{"name":"wp","href":"https:\/\/api.w.org\/{rel}","templated":true}]}}