{"id":120757,"date":"2025-10-18T11:15:00","date_gmt":"2025-10-18T14:15:00","guid":{"rendered":"https:\/\/www.correiobraziliense.com.br\/cbradar\/?p=120757"},"modified":"2025-10-17T07:24:55","modified_gmt":"2025-10-17T10:24:55","slug":"por-que-as-pessoas-dao-sentimentos-humanos-a-objetos","status":"publish","type":"post","link":"https:\/\/www.correiobraziliense.com.br\/cbradar\/por-que-as-pessoas-dao-sentimentos-humanos-a-objetos\/","title":{"rendered":"Por que as pessoas d\u00e3o sentimentos humanos a objetos?"},"content":{"rendered":"\n<p>A <b>antropomorfiza\u00e7\u00e3o<\/b> \u00e9 a pr\u00e1tica de atribuir caracter\u00edsticas, comportamentos ou sentimentos humanos a animais ou objetos inanimados. Esse fen\u00f4meno desperta interesse entre especialistas por revelar como as pessoas percebem e se conectam com o mundo. Embora tais elementos n\u00e3o sintam emo\u00e7\u00f5es, a tend\u00eancia de humaniz\u00e1-los pode refletir o desejo humano de criar v\u00ednculos e encontrar sentido na rotina di\u00e1ria.<\/p>\n\n\n\n<h2 class=\"wp-block-heading\">O que leva as pessoas a antropomorfizar objetos<\/h2>\n\n\n\n<p>N\u00e3o h\u00e1 uma explica\u00e7\u00e3o \u00fanica para o porqu\u00ea das pessoas antropomorfizarem objetos, mas v\u00e1rios fatores influenciam esse comportamento. Muitas vezes, sentimentos em rela\u00e7\u00e3o a certas coisas est\u00e3o ligados \u00e0 <b>nostalgia<\/b> ou a lembran\u00e7as importantes associadas a esses itens.<\/p>\n\n\n\n<p>Esse fen\u00f4meno tamb\u00e9m pode ser uma maneira de lidar com a <b>solid\u00e3o<\/b> ou o isolamento emocional, projetando sentimentos em objetos que permanecem constantes na vida. Em algumas situa\u00e7\u00f5es, esse v\u00ednculo se torna uma forma de proporcionar conforto pessoal.<\/p>\n\n\n\n<h2 class=\"wp-block-heading\">Principais motivos para humanizar objetos do cotidiano<\/h2>\n\n\n\n<p>Para entender melhor as raz\u00f5es por tr\u00e1s da antropomorfiza\u00e7\u00e3o, \u00e9 \u00fatil analisar alguns fatores recorrentes. Eles explicam por que tanta gente se apega emocionalmente a objetos ao longo da vida:<\/p>\n\n\n\n<ul class=\"wp-block-list\">\n<li><b>Lembran\u00e7as<\/b> ligadas a brinquedos ou m\u00f3veis de inf\u00e2ncia<\/li>\n\n\n\n<li>Busca por conforto emocional em tempos de isolamento<\/li>\n\n\n\n<li>Proje\u00e7\u00e3o de experi\u00eancias e emo\u00e7\u00f5es passadas<\/li>\n\n\n\n<li>Mecanismos para lidar com perdas ou mudan\u00e7as<\/li>\n<\/ul>\n\n\n\n<figure class=\"wp-block-image size-large\"><img decoding=\"async\" width=\"1024\" height=\"576\" src=\"https:\/\/www.correiobraziliense.com.br\/cbradar\/wp-content\/uploads\/2025\/10\/carrinho-de-brinquedo_1760670859622-1024x576.jpg\" alt=\"Por que costuma-se antropomorfizar objetos para desenhos e filmes\" class=\"wp-image-120774\" srcset=\"https:\/\/www.correiobraziliense.com.br\/cbradar\/wp-content\/uploads\/2025\/10\/carrinho-de-brinquedo_1760670859622-1024x576.jpg 1024w, https:\/\/www.correiobraziliense.com.br\/cbradar\/wp-content\/uploads\/2025\/10\/carrinho-de-brinquedo_1760670859622-300x169.jpg 300w, https:\/\/www.correiobraziliense.com.br\/cbradar\/wp-content\/uploads\/2025\/10\/carrinho-de-brinquedo_1760670859622-768x432.jpg 768w, https:\/\/www.correiobraziliense.com.br\/cbradar\/wp-content\/uploads\/2025\/10\/carrinho-de-brinquedo_1760670859622-750x422.jpg 750w, https:\/\/www.correiobraziliense.com.br\/cbradar\/wp-content\/uploads\/2025\/10\/carrinho-de-brinquedo_1760670859622-1140x641.jpg 1140w, https:\/\/www.correiobraziliense.com.br\/cbradar\/wp-content\/uploads\/2025\/10\/carrinho-de-brinquedo_1760670859622.jpg 1280w\" sizes=\"(max-width: 1024px) 100vw, 1024px\" \/><figcaption class=\"wp-element-caption\">Caminh\u00e3o de brinquedo\nCr\u00e9ditos: depositphotos.com \/ Ale-ks<\/figcaption><\/figure>\n\n\n\n<h2 class=\"wp-block-heading\">Como a antropomorfiza\u00e7\u00e3o aparece em hist\u00f3rias e filmes<\/h2>\n\n\n\n<p>Filmes e narrativas populares atribuem caracter\u00edsticas humanas a objetos, como visto em &#8220;<b>Toy Story<\/b>&#8221; e &#8220;<b>A Bela e a Fera<\/b>&#8220;. Essas hist\u00f3rias ajudam o p\u00fablico a processar emo\u00e7\u00f5es e a desenvolver empatia conectando-se com personagens inusitados.<\/p>\n\n\n\n<p>Desde a inf\u00e2ncia, experi\u00eancias como assistir a esses filmes podem influenciar a maneira como se percebe o mundo, incentivando a pr\u00e1tica da antropomorfiza\u00e7\u00e3o at\u00e9 a vida adulta. Al\u00e9m disso, personagens de anima\u00e7\u00f5es recentes, como em &#8220;<b>Wall-E<\/b>&#8220;, ilustram como a conex\u00e3o emocional com m\u00e1quinas e objetos se aprofunda, tornando-se refer\u00eancia cultural para novas gera\u00e7\u00f5es.<\/p>\n\n\n\n<h2 class=\"wp-block-heading\">As novas fronteiras da empatia humana com rob\u00f4s e intelig\u00eancia artificial<\/h2>\n\n\n\n<p>Com o avan\u00e7o da tecnologia, a empatia humana se estende a <b>rob\u00f4s<\/b> e sistemas de <b>intelig\u00eancia artificial<\/b>. Por exemplo, muitas pessoas sentiram tristeza ap\u00f3s o encerramento da miss\u00e3o do rover <b>Opportunity<\/b> da <a href=\"https:\/\/www.nasa.gov\/\" target=\"_blank\" rel=\"noreferrer noopener\"><b>NASA<\/b> <\/a>em Marte, humanizando sua &#8220;morte&#8221;.<\/p>\n\n\n\n<p>Essas rea\u00e7\u00f5es mostram como as rela\u00e7\u00f5es com m\u00e1quinas se transformam, especialmente quando esses dispositivos come\u00e7am a apresentar tra\u00e7os humanos, como vozes e express\u00f5es faciais cada vez mais realistas. Recentemente, assistentes virtuais como <b>Siri<\/b> e <b>Alexa<\/b> tamb\u00e9m se tornaram exemplos de como o p\u00fablico projeta emo\u00e7\u00f5es e espera comportamentos sociais dessas tecnologias.<\/p>\n\n\n\n<p>Leia tamb\u00e9m: <a href=\"https:\/\/www.correiobraziliense.com.br\/cbradar\/a-psicologia-diz-que-as-pessoas-que-choram-durante-os-filmes-sao-mais-fortes-do-que-aquelas-que-nao-choram\/\" target=\"_blank\" rel=\"noreferrer noopener\">A psicologia diz que as pessoas que choram durante os filmes s\u00e3o mais fortes do que aquelas que n\u00e3o choram<\/a><\/p>\n\n\n\n<h2 class=\"wp-block-heading\">A antropomorfiza\u00e7\u00e3o pode ser ben\u00e9fica ou apresentar riscos<\/h2>\n\n\n\n<p>Em geral, antropomorfizar objetos e seres n\u00e3o humanos \u00e9 visto como uma express\u00e3o inofensiva de criatividade e empatia. No entanto, em casos em que isso interfere nas atividades cotidianas ou substitui rela\u00e7\u00f5es sociais humanas, pode ser importante buscar ajuda profissional.<\/p>\n\n\n\n<p>O fen\u00f4meno demonstra a not\u00e1vel capacidade humana de criar conex\u00f5es emocionais, enriquecendo experi\u00eancias e compreens\u00f5es do mundo, mas deve ser observado quando ultrapassa os limites do saud\u00e1vel.<\/p>\n\n\n\n<p><\/p>\n","protected":false},"excerpt":{"rendered":"<p>Descubra por que antropomorfizar objetos \u00e9 um comportamento humano comum e como essa pr\u00e1tica revela nossa busca por conex\u00f5es emocionais.<\/p>\n","protected":false},"author":3,"featured_media":120776,"comment_status":"open","ping_status":"open","sticky":false,"template":"","format":"standard","meta":{"_yoast_wpseo_focuskw":"Transformar objetos em pessoas","_yoast_wpseo_title":"%%title%%","_yoast_wpseo_metadesc":"Descubra por que antropomorfizar objetos \u00e9 um comportamento humano comum e como essa pr\u00e1tica revela nossa busca por conex\u00f5es emocionais.","jnews-multi-image_gallery":[],"jnews_single_post":{"format":"standard"},"jnews_primary_category":[],"jnews_social_meta":[],"jnews_override_counter":[],"footnotes":""},"categories":[112],"tags":[10881,8420],"class_list":["post-120757","post","type-post","status-publish","format-standard","has-post-thumbnail","hentry","category-curiosidades","tag-antropomorfizar","tag-objetos"],"yoast_head":"<!-- This site is optimized with the Yoast SEO plugin v24.6 - https:\/\/yoast.com\/wordpress\/plugins\/seo\/ -->\n<title>Por que as pessoas d\u00e3o sentimentos humanos a objetos?<\/title>\n<meta name=\"description\" content=\"Descubra por que antropomorfizar objetos \u00e9 um comportamento humano comum e como essa pr\u00e1tica revela nossa busca por conex\u00f5es emocionais.\" \/>\n<meta name=\"robots\" content=\"index, follow, max-snippet:-1, max-image-preview:large, max-video-preview:-1\" \/>\n<link rel=\"canonical\" href=\"https:\/\/www.correiobraziliense.com.br\/cbradar\/por-que-as-pessoas-dao-sentimentos-humanos-a-objetos\/\" \/>\n<meta property=\"og:locale\" content=\"pt_BR\" \/>\n<meta property=\"og:type\" content=\"article\" \/>\n<meta property=\"og:title\" content=\"Por que as pessoas d\u00e3o sentimentos humanos a objetos?\" \/>\n<meta property=\"og:description\" content=\"Descubra por que antropomorfizar objetos \u00e9 um comportamento humano comum e como essa pr\u00e1tica revela nossa busca por conex\u00f5es emocionais.\" \/>\n<meta property=\"og:url\" content=\"https:\/\/www.correiobraziliense.com.br\/cbradar\/por-que-as-pessoas-dao-sentimentos-humanos-a-objetos\/\" \/>\n<meta property=\"og:site_name\" content=\"Correio Braziliense - Radar\" \/>\n<meta property=\"article:published_time\" content=\"2025-10-18T14:15:00+00:00\" \/>\n<meta property=\"og:image\" content=\"https:\/\/www.correiobraziliense.com.br\/cbradar\/wp-content\/uploads\/2025\/10\/carrinho-de-brinquedo_1760670905187.jpg\" \/>\n\t<meta property=\"og:image:width\" content=\"1280\" \/>\n\t<meta property=\"og:image:height\" content=\"720\" \/>\n\t<meta property=\"og:image:type\" content=\"image\/jpeg\" \/>\n<meta name=\"author\" content=\"Larissa Carvalho\" \/>\n<meta name=\"twitter:card\" content=\"summary_large_image\" \/>\n<meta name=\"twitter:label1\" content=\"Escrito por\" \/>\n\t<meta name=\"twitter:data1\" content=\"Larissa Carvalho\" \/>\n\t<meta name=\"twitter:label2\" content=\"Est. tempo de leitura\" \/>\n\t<meta name=\"twitter:data2\" content=\"4 minutos\" \/>\n<!-- \/ Yoast SEO plugin. -->","yoast_head_json":{"title":"Por que as pessoas d\u00e3o sentimentos humanos a objetos?","description":"Descubra por que antropomorfizar objetos \u00e9 um comportamento humano comum e como essa pr\u00e1tica revela nossa busca por conex\u00f5es emocionais.","robots":{"index":"index","follow":"follow","max-snippet":"max-snippet:-1","max-image-preview":"max-image-preview:large","max-video-preview":"max-video-preview:-1"},"canonical":"https:\/\/www.correiobraziliense.com.br\/cbradar\/por-que-as-pessoas-dao-sentimentos-humanos-a-objetos\/","og_locale":"pt_BR","og_type":"article","og_title":"Por que as pessoas d\u00e3o sentimentos humanos a objetos?","og_description":"Descubra por que antropomorfizar objetos \u00e9 um comportamento humano comum e como essa pr\u00e1tica revela nossa busca por conex\u00f5es emocionais.","og_url":"https:\/\/www.correiobraziliense.com.br\/cbradar\/por-que-as-pessoas-dao-sentimentos-humanos-a-objetos\/","og_site_name":"Correio Braziliense - Radar","article_published_time":"2025-10-18T14:15:00+00:00","og_image":[{"width":1280,"height":720,"url":"https:\/\/www.correiobraziliense.com.br\/cbradar\/wp-content\/uploads\/2025\/10\/carrinho-de-brinquedo_1760670905187.jpg","type":"image\/jpeg"}],"author":"Larissa Carvalho","twitter_card":"summary_large_image","twitter_misc":{"Escrito por":"Larissa Carvalho","Est. tempo de leitura":"4 minutos"},"schema":{"@context":"https:\/\/schema.org","@graph":[{"@type":"WebPage","@id":"https:\/\/www.correiobraziliense.com.br\/cbradar\/por-que-as-pessoas-dao-sentimentos-humanos-a-objetos\/","url":"https:\/\/www.correiobraziliense.com.br\/cbradar\/por-que-as-pessoas-dao-sentimentos-humanos-a-objetos\/","name":"Por que as pessoas d\u00e3o sentimentos humanos a objetos?","isPartOf":{"@id":"https:\/\/www.correiobraziliense.com.br\/cbradar\/#website"},"primaryImageOfPage":{"@id":"https:\/\/www.correiobraziliense.com.br\/cbradar\/por-que-as-pessoas-dao-sentimentos-humanos-a-objetos\/#primaryimage"},"image":{"@id":"https:\/\/www.correiobraziliense.com.br\/cbradar\/por-que-as-pessoas-dao-sentimentos-humanos-a-objetos\/#primaryimage"},"thumbnailUrl":"https:\/\/www.correiobraziliense.com.br\/cbradar\/wp-content\/uploads\/2025\/10\/carrinho-de-brinquedo_1760670905187.jpg","datePublished":"2025-10-18T14:15:00+00:00","author":{"@id":"https:\/\/www.correiobraziliense.com.br\/cbradar\/#\/schema\/person\/58422787644df994b53a19d3e56c1513"},"description":"Descubra por que antropomorfizar objetos \u00e9 um comportamento humano comum e como essa pr\u00e1tica revela nossa busca por conex\u00f5es emocionais.","breadcrumb":{"@id":"https:\/\/www.correiobraziliense.com.br\/cbradar\/por-que-as-pessoas-dao-sentimentos-humanos-a-objetos\/#breadcrumb"},"inLanguage":"pt-BR","potentialAction":[{"@type":"ReadAction","target":["https:\/\/www.correiobraziliense.com.br\/cbradar\/por-que-as-pessoas-dao-sentimentos-humanos-a-objetos\/"]}]},{"@type":"ImageObject","inLanguage":"pt-BR","@id":"https:\/\/www.correiobraziliense.com.br\/cbradar\/por-que-as-pessoas-dao-sentimentos-humanos-a-objetos\/#primaryimage","url":"https:\/\/www.correiobraziliense.com.br\/cbradar\/wp-content\/uploads\/2025\/10\/carrinho-de-brinquedo_1760670905187.jpg","contentUrl":"https:\/\/www.correiobraziliense.com.br\/cbradar\/wp-content\/uploads\/2025\/10\/carrinho-de-brinquedo_1760670905187.jpg","width":1280,"height":720,"caption":"Carrinho de brinquedo amarelo Cr\u00e9ditos: depositphotos.com \/ Ro_Den"},{"@type":"BreadcrumbList","@id":"https:\/\/www.correiobraziliense.com.br\/cbradar\/por-que-as-pessoas-dao-sentimentos-humanos-a-objetos\/#breadcrumb","itemListElement":[{"@type":"ListItem","position":1,"name":"In\u00edcio","item":"https:\/\/www.correiobraziliense.com.br\/cbradar\/"},{"@type":"ListItem","position":2,"name":"Por que as pessoas d\u00e3o sentimentos humanos a objetos?"}]},{"@type":"WebSite","@id":"https:\/\/www.correiobraziliense.com.br\/cbradar\/#website","url":"https:\/\/www.correiobraziliense.com.br\/cbradar\/","name":"Correio Braziliense - Radar","description":"Acompanhe as \u00faltimas not\u00edcias e fique bem informado sobre tudo o que acontece no Brasil e no mundo.","potentialAction":[{"@type":"SearchAction","target":{"@type":"EntryPoint","urlTemplate":"https:\/\/www.correiobraziliense.com.br\/cbradar\/?s={search_term_string}"},"query-input":{"@type":"PropertyValueSpecification","valueRequired":true,"valueName":"search_term_string"}}],"inLanguage":"pt-BR"},{"@type":"Person","@id":"https:\/\/www.correiobraziliense.com.br\/cbradar\/#\/schema\/person\/58422787644df994b53a19d3e56c1513","name":"Larissa Carvalho","image":{"@type":"ImageObject","inLanguage":"pt-BR","@id":"https:\/\/www.correiobraziliense.com.br\/cbradar\/#\/schema\/person\/image\/","url":"https:\/\/secure.gravatar.com\/avatar\/fe4f91a0de32b52a838d0d612abdc1aa?s=96&d=mm&r=g","contentUrl":"https:\/\/secure.gravatar.com\/avatar\/fe4f91a0de32b52a838d0d612abdc1aa?s=96&d=mm&r=g","caption":"Larissa Carvalho"},"url":"https:\/\/www.correiobraziliense.com.br\/cbradar\/author\/larissamyth\/"}]}},"_links":{"self":[{"href":"https:\/\/www.correiobraziliense.com.br\/cbradar\/wp-json\/wp\/v2\/posts\/120757","targetHints":{"allow":["GET"]}}],"collection":[{"href":"https:\/\/www.correiobraziliense.com.br\/cbradar\/wp-json\/wp\/v2\/posts"}],"about":[{"href":"https:\/\/www.correiobraziliense.com.br\/cbradar\/wp-json\/wp\/v2\/types\/post"}],"author":[{"embeddable":true,"href":"https:\/\/www.correiobraziliense.com.br\/cbradar\/wp-json\/wp\/v2\/users\/3"}],"replies":[{"embeddable":true,"href":"https:\/\/www.correiobraziliense.com.br\/cbradar\/wp-json\/wp\/v2\/comments?post=120757"}],"version-history":[{"count":3,"href":"https:\/\/www.correiobraziliense.com.br\/cbradar\/wp-json\/wp\/v2\/posts\/120757\/revisions"}],"predecessor-version":[{"id":120864,"href":"https:\/\/www.correiobraziliense.com.br\/cbradar\/wp-json\/wp\/v2\/posts\/120757\/revisions\/120864"}],"wp:featuredmedia":[{"embeddable":true,"href":"https:\/\/www.correiobraziliense.com.br\/cbradar\/wp-json\/wp\/v2\/media\/120776"}],"wp:attachment":[{"href":"https:\/\/www.correiobraziliense.com.br\/cbradar\/wp-json\/wp\/v2\/media?parent=120757"}],"wp:term":[{"taxonomy":"category","embeddable":true,"href":"https:\/\/www.correiobraziliense.com.br\/cbradar\/wp-json\/wp\/v2\/categories?post=120757"},{"taxonomy":"post_tag","embeddable":true,"href":"https:\/\/www.correiobraziliense.com.br\/cbradar\/wp-json\/wp\/v2\/tags?post=120757"}],"curies":[{"name":"wp","href":"https:\/\/api.w.org\/{rel}","templated":true}]}}