{"id":12081,"date":"2025-03-15T09:30:00","date_gmt":"2025-03-15T12:30:00","guid":{"rendered":"https:\/\/www.correiobraziliense.com.br\/cbradar\/?p=12081"},"modified":"2025-03-14T13:54:25","modified_gmt":"2025-03-14T16:54:25","slug":"conheca-a-cidade-onde-a-agua-do-mar-e-rosa","status":"publish","type":"post","link":"https:\/\/www.correiobraziliense.com.br\/cbradar\/conheca-a-cidade-onde-a-agua-do-mar-e-rosa\/","title":{"rendered":"Conhe\u00e7a a cidade onde a \u00e1gua do mar \u00e9 rosa"},"content":{"rendered":"\n<p>No imagin\u00e1rio popular, o mar \u00e9 sempre azul ou verde, dependendo da luz e da profundidade da \u00e1gua. No entanto, existe um lugar onde o oceano <strong>assume uma tonalidade rosa vibrante<\/strong>, criando uma paisagem surreal. Esse lugar \u00e9 <strong>Las Coloradas<\/strong>, uma pequena cidade no litoral do M\u00e9xico, onde um fen\u00f4meno natural raro faz com que a \u00e1gua do mar tenha uma colora\u00e7\u00e3o \u00fanica.<\/p>\n\n\n\n<p>Esse espet\u00e1culo n\u00e3o \u00e9 resultado de polui\u00e7\u00e3o ou interven\u00e7\u00e3o humana, mas sim de processos biol\u00f3gicos e qu\u00edmicos naturais. Mas por que a \u00e1gua de Las Coloradas \u00e9 rosa? E como esse fen\u00f4meno se tornou uma das atra\u00e7\u00f5es mais impressionantes do M\u00e9xico?<\/p>\n\n\n\n<h2 class=\"wp-block-heading\"><strong>O que faz a \u00e1gua de Las Coloradas ser rosa?<\/strong><\/h2>\n\n\n\n<p>A tonalidade rosa intensa das \u00e1guas de Las Coloradas se deve \u00e0 <strong>alta concentra\u00e7\u00e3o de organismos microsc\u00f3picos e minerais na \u00e1gua<\/strong>. A regi\u00e3o abriga grandes salinas, e o ambiente extremamente salgado favorece a prolifera\u00e7\u00e3o de algas, pl\u00e2nctons e pequenos crust\u00e1ceos, como a <strong>Artemia salina<\/strong>.<\/p>\n\n\n\n<p>Esses organismos cont\u00eam <strong>pigmentos naturais chamados carotenoides<\/strong>, que refletem tons avermelhados e rosados quando expostos \u00e0 luz do sol. Quanto maior a concentra\u00e7\u00e3o de sal e organismos na \u00e1gua, mais forte e vibrante se torna a colora\u00e7\u00e3o rosa do mar. Esse mesmo processo \u00e9 o respons\u00e1vel pela colora\u00e7\u00e3o dos flamingos, que se alimentam desses crust\u00e1ceos e adquirem sua tonalidade rosada.<\/p>\n\n\n\n<p>Al\u00e9m disso, o clima seco e quente da Pen\u00ednsula de Yucat\u00e1n contribui para a evapora\u00e7\u00e3o da \u00e1gua, aumentando ainda mais a salinidade e intensificando a cor das lagoas e do oceano ao redor.<\/p>\n\n\n\n<figure class=\"wp-block-image size-large\"><img decoding=\"async\" width=\"1024\" height=\"576\" src=\"https:\/\/www.correiobraziliense.com.br\/cbradar\/wp-content\/uploads\/2025\/03\/mar-rosa_1741868169037-1024x576.jpg\" alt=\"Conhe\u00e7a a cidade onde a \u00e1gua do mar \u00e9 rosa\" class=\"wp-image-12083\" srcset=\"https:\/\/www.correiobraziliense.com.br\/cbradar\/wp-content\/uploads\/2025\/03\/mar-rosa_1741868169037-1024x576.jpg 1024w, https:\/\/www.correiobraziliense.com.br\/cbradar\/wp-content\/uploads\/2025\/03\/mar-rosa_1741868169037-300x169.jpg 300w, https:\/\/www.correiobraziliense.com.br\/cbradar\/wp-content\/uploads\/2025\/03\/mar-rosa_1741868169037-768x432.jpg 768w, https:\/\/www.correiobraziliense.com.br\/cbradar\/wp-content\/uploads\/2025\/03\/mar-rosa_1741868169037-750x422.jpg 750w, https:\/\/www.correiobraziliense.com.br\/cbradar\/wp-content\/uploads\/2025\/03\/mar-rosa_1741868169037-1140x641.jpg 1140w, https:\/\/www.correiobraziliense.com.br\/cbradar\/wp-content\/uploads\/2025\/03\/mar-rosa_1741868169037.jpg 1280w\" sizes=\"(max-width: 1024px) 100vw, 1024px\" \/><figcaption class=\"wp-element-caption\">Mar. Cr\u00e9ditos: depositphotos.com \/ EvaMargalef<\/figcaption><\/figure>\n\n\n\n<h2 class=\"wp-block-heading\"><strong>A experi\u00eancia de visitar Las Coloradas<\/strong><\/h2>\n\n\n\n<p>Las Coloradas se tornou um destino tur\u00edstico popular para quem deseja testemunhar esse fen\u00f4meno incomum. A pequena vila de pescadores, antes pouco conhecida, passou a atrair visitantes do mundo todo em busca de fotos impressionantes da \u00e1gua rosa.<\/p>\n\n\n\n<p>No entanto, para preservar o ecossistema local, <strong>n\u00e3o \u00e9 permitido nadar na \u00e1gua rosa<\/strong>, pois o contato humano poderia alterar a composi\u00e7\u00e3o qu\u00edmica do ambiente e afetar a vida microsc\u00f3pica respons\u00e1vel pela colora\u00e7\u00e3o. Mesmo assim, o espet\u00e1culo visual compensa qualquer restri\u00e7\u00e3o, e os visitantes podem explorar as margens da lagoa, admirar os flamingos e aproveitar o contraste entre o c\u00e9u azul e a \u00e1gua cor-de-rosa.<\/p>\n\n\n\n<h2 class=\"wp-block-heading\"><strong>Curiosidades sobre Las Coloradas<\/strong><\/h2>\n\n\n\n<ul class=\"wp-block-list\">\n<li>A \u00e1gua rosa de Las Coloradas <strong>n\u00e3o \u00e9 permanente<\/strong> \u2013 sua tonalidade muda ao longo do dia, ficando mais intensa ao meio-dia, quando o sol est\u00e1 mais forte.<\/li>\n\n\n\n<li>O mesmo fen\u00f4meno ocorre em outros lugares do mundo, como no <strong>Lago Hillier, na Austr\u00e1lia<\/strong>, mas Las Coloradas \u00e9 um dos poucos locais onde isso acontece em um ambiente mar\u00edtimo.<\/li>\n\n\n\n<li>Os flamingos que habitam a regi\u00e3o devem sua colora\u00e7\u00e3o \u00e0 alimenta\u00e7\u00e3o rica em pl\u00e2nctons e crust\u00e1ceos presentes na \u00e1gua rosa.<\/li>\n\n\n\n<li>A \u00e1rea faz parte da <strong>Reserva da Biosfera de R\u00eda Lagartos<\/strong>, protegida por leis ambientais para garantir a preserva\u00e7\u00e3o do ecossistema.<\/li>\n\n\n\n<li>As salinas de Las Coloradas s\u00e3o exploradas h\u00e1 s\u00e9culos e foram utilizadas pelos antigos maias para extrair sal, um recurso valioso na \u00e9poca.<\/li>\n<\/ul>\n\n\n\n<h2 class=\"wp-block-heading\"><strong>O encanto de um mar cor-de-rosa<\/strong><\/h2>\n\n\n\n<p>Las Coloradas \u00e9 a prova de que a natureza pode surpreender at\u00e9 mesmo nas formas mais inesperadas. A \u00e1gua rosa dessa pequena vila mexicana se tornou um fen\u00f4meno mundialmente conhecido, atraindo cientistas, fot\u00f3grafos e viajantes curiosos para testemunhar esse espet\u00e1culo natural.<\/p>\n\n\n\n<p>Embora o fen\u00f4meno tenha explica\u00e7\u00f5es cient\u00edficas, a paisagem continua parecendo m\u00e1gica, como se fosse um cen\u00e1rio sa\u00eddo de um conto de fadas. Afinal, quantos lugares no mundo podem dizer que t\u00eam um mar que brilha em tons de rosa?<\/p>\n","protected":false},"excerpt":{"rendered":"<p>Existe um lugar onde a \u00e1gua do mar \u00e9 rosa naturalmente, criando uma paisagem surreal. Descubra os mist\u00e9rios desse fen\u00f4meno \u00fanico.<\/p>\n","protected":false},"author":3,"featured_media":12082,"comment_status":"open","ping_status":"open","sticky":false,"template":"","format":"standard","meta":{"_yoast_wpseo_focuskw":"cidade \u00e1gua rosa","_yoast_wpseo_title":"%%title%%","_yoast_wpseo_metadesc":"Existe um lugar onde a \u00e1gua do mar \u00e9 rosa naturalmente, criando uma paisagem surreal. Descubra os mist\u00e9rios desse fen\u00f4meno \u00fanico.","jnews-multi-image_gallery":[],"jnews_single_post":{"format":"standard"},"jnews_primary_category":[],"jnews_social_meta":[],"jnews_override_counter":[],"footnotes":""},"categories":[108],"post_tag":[109],"class_list":["post-12081","post","type-post","status-publish","format-standard","has-post-thumbnail","hentry","category-cidades","tag-cidades"],"yoast_head":"<!-- This site is optimized with the Yoast SEO plugin v24.6 - https:\/\/yoast.com\/wordpress\/plugins\/seo\/ -->\n<title>Conhe\u00e7a a cidade onde a \u00e1gua do mar \u00e9 rosa<\/title>\n<meta name=\"description\" content=\"Existe um lugar onde a \u00e1gua do mar \u00e9 rosa naturalmente, criando uma paisagem surreal. Descubra os mist\u00e9rios desse fen\u00f4meno \u00fanico.\" \/>\n<meta name=\"robots\" content=\"index, follow, max-snippet:-1, max-image-preview:large, max-video-preview:-1\" \/>\n<link rel=\"canonical\" href=\"https:\/\/www.correiobraziliense.com.br\/cbradar\/conheca-a-cidade-onde-a-agua-do-mar-e-rosa\/\" \/>\n<meta property=\"og:locale\" content=\"pt_BR\" \/>\n<meta property=\"og:type\" content=\"article\" \/>\n<meta property=\"og:title\" content=\"Conhe\u00e7a a cidade onde a \u00e1gua do mar \u00e9 rosa\" \/>\n<meta property=\"og:description\" content=\"Existe um lugar onde a \u00e1gua do mar \u00e9 rosa naturalmente, criando uma paisagem surreal. Descubra os mist\u00e9rios desse fen\u00f4meno \u00fanico.\" \/>\n<meta property=\"og:url\" content=\"https:\/\/www.correiobraziliense.com.br\/cbradar\/conheca-a-cidade-onde-a-agua-do-mar-e-rosa\/\" \/>\n<meta property=\"og:site_name\" content=\"Correio Braziliense - Radar\" \/>\n<meta property=\"article:published_time\" content=\"2025-03-15T12:30:00+00:00\" \/>\n<meta property=\"og:image\" content=\"https:\/\/www.correiobraziliense.com.br\/cbradar\/wp-content\/uploads\/2025\/03\/mar-rosa_1741868137109.jpg\" \/>\n\t<meta property=\"og:image:width\" content=\"1280\" \/>\n\t<meta property=\"og:image:height\" content=\"720\" \/>\n\t<meta property=\"og:image:type\" content=\"image\/jpeg\" \/>\n<meta name=\"author\" content=\"Larissa Carvalho\" \/>\n<meta name=\"twitter:card\" content=\"summary_large_image\" \/>\n<meta name=\"twitter:label1\" content=\"Escrito por\" \/>\n\t<meta name=\"twitter:data1\" content=\"Larissa Carvalho\" \/>\n\t<meta name=\"twitter:label2\" content=\"Est. tempo de leitura\" \/>\n\t<meta name=\"twitter:data2\" content=\"4 minutos\" \/>\n<!-- \/ Yoast SEO plugin. -->","yoast_head_json":{"title":"Conhe\u00e7a a cidade onde a \u00e1gua do mar \u00e9 rosa","description":"Existe um lugar onde a \u00e1gua do mar \u00e9 rosa naturalmente, criando uma paisagem surreal. Descubra os mist\u00e9rios desse fen\u00f4meno \u00fanico.","robots":{"index":"index","follow":"follow","max-snippet":"max-snippet:-1","max-image-preview":"max-image-preview:large","max-video-preview":"max-video-preview:-1"},"canonical":"https:\/\/www.correiobraziliense.com.br\/cbradar\/conheca-a-cidade-onde-a-agua-do-mar-e-rosa\/","og_locale":"pt_BR","og_type":"article","og_title":"Conhe\u00e7a a cidade onde a \u00e1gua do mar \u00e9 rosa","og_description":"Existe um lugar onde a \u00e1gua do mar \u00e9 rosa naturalmente, criando uma paisagem surreal. Descubra os mist\u00e9rios desse fen\u00f4meno \u00fanico.","og_url":"https:\/\/www.correiobraziliense.com.br\/cbradar\/conheca-a-cidade-onde-a-agua-do-mar-e-rosa\/","og_site_name":"Correio Braziliense - Radar","article_published_time":"2025-03-15T12:30:00+00:00","og_image":[{"width":1280,"height":720,"url":"https:\/\/www.correiobraziliense.com.br\/cbradar\/wp-content\/uploads\/2025\/03\/mar-rosa_1741868137109.jpg","type":"image\/jpeg"}],"author":"Larissa Carvalho","twitter_card":"summary_large_image","twitter_misc":{"Escrito por":"Larissa Carvalho","Est. tempo de leitura":"4 minutos"},"schema":{"@context":"https:\/\/schema.org","@graph":[{"@type":"WebPage","@id":"https:\/\/www.correiobraziliense.com.br\/cbradar\/conheca-a-cidade-onde-a-agua-do-mar-e-rosa\/","url":"https:\/\/www.correiobraziliense.com.br\/cbradar\/conheca-a-cidade-onde-a-agua-do-mar-e-rosa\/","name":"Conhe\u00e7a a cidade onde a \u00e1gua do mar \u00e9 rosa","isPartOf":{"@id":"https:\/\/www.correiobraziliense.com.br\/cbradar\/#website"},"primaryImageOfPage":{"@id":"https:\/\/www.correiobraziliense.com.br\/cbradar\/conheca-a-cidade-onde-a-agua-do-mar-e-rosa\/#primaryimage"},"image":{"@id":"https:\/\/www.correiobraziliense.com.br\/cbradar\/conheca-a-cidade-onde-a-agua-do-mar-e-rosa\/#primaryimage"},"thumbnailUrl":"https:\/\/www.correiobraziliense.com.br\/cbradar\/wp-content\/uploads\/2025\/03\/mar-rosa_1741868137109.jpg","datePublished":"2025-03-15T12:30:00+00:00","author":{"@id":"https:\/\/www.correiobraziliense.com.br\/cbradar\/#\/schema\/person\/58422787644df994b53a19d3e56c1513"},"description":"Existe um lugar onde a \u00e1gua do mar \u00e9 rosa naturalmente, criando uma paisagem surreal. Descubra os mist\u00e9rios desse fen\u00f4meno \u00fanico.","breadcrumb":{"@id":"https:\/\/www.correiobraziliense.com.br\/cbradar\/conheca-a-cidade-onde-a-agua-do-mar-e-rosa\/#breadcrumb"},"inLanguage":"pt-BR","potentialAction":[{"@type":"ReadAction","target":["https:\/\/www.correiobraziliense.com.br\/cbradar\/conheca-a-cidade-onde-a-agua-do-mar-e-rosa\/"]}]},{"@type":"ImageObject","inLanguage":"pt-BR","@id":"https:\/\/www.correiobraziliense.com.br\/cbradar\/conheca-a-cidade-onde-a-agua-do-mar-e-rosa\/#primaryimage","url":"https:\/\/www.correiobraziliense.com.br\/cbradar\/wp-content\/uploads\/2025\/03\/mar-rosa_1741868137109.jpg","contentUrl":"https:\/\/www.correiobraziliense.com.br\/cbradar\/wp-content\/uploads\/2025\/03\/mar-rosa_1741868137109.jpg","width":1280,"height":720,"caption":"Mar rosa. Cr\u00e9ditos: depositphotos.com \/ camaralucida"},{"@type":"BreadcrumbList","@id":"https:\/\/www.correiobraziliense.com.br\/cbradar\/conheca-a-cidade-onde-a-agua-do-mar-e-rosa\/#breadcrumb","itemListElement":[{"@type":"ListItem","position":1,"name":"In\u00edcio","item":"https:\/\/www.correiobraziliense.com.br\/cbradar\/"},{"@type":"ListItem","position":2,"name":"Conhe\u00e7a a cidade onde a \u00e1gua do mar \u00e9 rosa"}]},{"@type":"WebSite","@id":"https:\/\/www.correiobraziliense.com.br\/cbradar\/#website","url":"https:\/\/www.correiobraziliense.com.br\/cbradar\/","name":"Correio Braziliense - Radar","description":"Acompanhe as \u00faltimas not\u00edcias e fique bem informado sobre tudo o que acontece no Brasil e no mundo.","potentialAction":[{"@type":"SearchAction","target":{"@type":"EntryPoint","urlTemplate":"https:\/\/www.correiobraziliense.com.br\/cbradar\/?s={search_term_string}"},"query-input":{"@type":"PropertyValueSpecification","valueRequired":true,"valueName":"search_term_string"}}],"inLanguage":"pt-BR"},{"@type":"Person","@id":"https:\/\/www.correiobraziliense.com.br\/cbradar\/#\/schema\/person\/58422787644df994b53a19d3e56c1513","name":"Larissa Carvalho","image":{"@type":"ImageObject","inLanguage":"pt-BR","@id":"https:\/\/www.correiobraziliense.com.br\/cbradar\/#\/schema\/person\/image\/","url":"https:\/\/secure.gravatar.com\/avatar\/fe4f91a0de32b52a838d0d612abdc1aa?s=96&d=mm&r=g","contentUrl":"https:\/\/secure.gravatar.com\/avatar\/fe4f91a0de32b52a838d0d612abdc1aa?s=96&d=mm&r=g","caption":"Larissa Carvalho"},"url":"https:\/\/www.correiobraziliense.com.br\/cbradar\/author\/larissamyth\/"}]}},"_links":{"self":[{"href":"https:\/\/www.correiobraziliense.com.br\/cbradar\/wp-json\/wp\/v2\/posts\/12081","targetHints":{"allow":["GET"]}}],"collection":[{"href":"https:\/\/www.correiobraziliense.com.br\/cbradar\/wp-json\/wp\/v2\/posts"}],"about":[{"href":"https:\/\/www.correiobraziliense.com.br\/cbradar\/wp-json\/wp\/v2\/types\/post"}],"author":[{"embeddable":true,"href":"https:\/\/www.correiobraziliense.com.br\/cbradar\/wp-json\/wp\/v2\/users\/3"}],"replies":[{"embeddable":true,"href":"https:\/\/www.correiobraziliense.com.br\/cbradar\/wp-json\/wp\/v2\/comments?post=12081"}],"version-history":[{"count":1,"href":"https:\/\/www.correiobraziliense.com.br\/cbradar\/wp-json\/wp\/v2\/posts\/12081\/revisions"}],"predecessor-version":[{"id":12084,"href":"https:\/\/www.correiobraziliense.com.br\/cbradar\/wp-json\/wp\/v2\/posts\/12081\/revisions\/12084"}],"wp:featuredmedia":[{"embeddable":true,"href":"https:\/\/www.correiobraziliense.com.br\/cbradar\/wp-json\/wp\/v2\/media\/12082"}],"wp:attachment":[{"href":"https:\/\/www.correiobraziliense.com.br\/cbradar\/wp-json\/wp\/v2\/media?parent=12081"}],"wp:term":[{"taxonomy":"category","embeddable":true,"href":"https:\/\/www.correiobraziliense.com.br\/cbradar\/wp-json\/wp\/v2\/categories?post=12081"},{"taxonomy":"post_tag","embeddable":true,"href":"https:\/\/www.correiobraziliense.com.br\/cbradar\/wp-json\/wp\/v2\/post_tag?post=12081"}],"curies":[{"name":"wp","href":"https:\/\/api.w.org\/{rel}","templated":true}]}}