{"id":12085,"date":"2025-03-15T18:30:00","date_gmt":"2025-03-15T21:30:00","guid":{"rendered":"https:\/\/www.correiobraziliense.com.br\/cbradar\/?p=12085"},"modified":"2025-03-14T13:56:09","modified_gmt":"2025-03-14T16:56:09","slug":"os-carros-sao-proibidos-nesta-cidade-ha-mais-de-um-seculo","status":"publish","type":"post","link":"https:\/\/www.correiobraziliense.com.br\/cbradar\/os-carros-sao-proibidos-nesta-cidade-ha-mais-de-um-seculo\/","title":{"rendered":"Os carros s\u00e3o proibidos nesta cidade h\u00e1 mais de um s\u00e9culo"},"content":{"rendered":"\n<p>No mundo moderno, \u00e9 dif\u00edcil imaginar uma cidade sem carros. Em quase todos os lugares, o tr\u00e1fego intenso e o barulho dos motores fazem parte da rotina di\u00e1ria. Mas existe um lugar onde <strong>os ve\u00edculos motorizados s\u00e3o proibidos h\u00e1 mais de um s\u00e9culo<\/strong>, e os moradores continuam a se locomover como se estivessem no s\u00e9culo XIX. Esse lugar \u00e9 <strong>Mackinac Island<\/strong>, nos Estados Unidos, onde a principal forma de transporte ainda \u00e9 o <strong>cavalo, a bicicleta e a caminhada<\/strong>.<\/p>\n\n\n\n<p>A proibi\u00e7\u00e3o dos carros, que come\u00e7ou em <strong>1898<\/strong>, permanece at\u00e9 hoje, fazendo da ilha um ref\u00fagio tranquilo e livre de polui\u00e7\u00e3o. Mas por que essa regra foi criada? E como os moradores e turistas conseguem viver sem autom\u00f3veis em pleno s\u00e9culo XXI?<\/p>\n\n\n\n<h2 class=\"wp-block-heading\"><strong>Por que Mackinac Island proibiu os carros?<\/strong><\/h2>\n\n\n\n<p>Quando os primeiros autom\u00f3veis chegaram \u00e0 ilha no final do s\u00e9culo XIX, os moradores rapidamente perceberam que eles causavam mais problemas do que benef\u00edcios. Os carros assustavam os cavalos, que eram o principal meio de transporte na \u00e9poca, e geravam um barulho inc\u00f4modo em uma comunidade acostumada \u00e0 tranquilidade.<\/p>\n\n\n\n<p>Em 1898, o conselho municipal decidiu simplesmente <strong>banir todos os ve\u00edculos motorizados da ilha<\/strong>, uma decis\u00e3o que foi mantida at\u00e9 hoje. Diferente de outras cidades que adotaram proibi\u00e7\u00f5es tempor\u00e1rias ou restri\u00e7\u00f5es em algumas \u00e1reas, <strong>Mackinac Island se tornou um dos \u00fanicos lugares no mundo onde carros s\u00e3o proibidos permanentemente<\/strong>.<\/p>\n\n\n\n<figure class=\"wp-block-image size-large\"><img decoding=\"async\" width=\"1024\" height=\"576\" src=\"https:\/\/www.correiobraziliense.com.br\/cbradar\/wp-content\/uploads\/2025\/03\/Mackinac-Island_1741868375821-1024x576.jpg\" alt=\"Os carros s\u00e3o proibidos nesta cidade h\u00e1 mais de um s\u00e9culo\" class=\"wp-image-12089\" srcset=\"https:\/\/www.correiobraziliense.com.br\/cbradar\/wp-content\/uploads\/2025\/03\/Mackinac-Island_1741868375821-1024x576.jpg 1024w, https:\/\/www.correiobraziliense.com.br\/cbradar\/wp-content\/uploads\/2025\/03\/Mackinac-Island_1741868375821-300x169.jpg 300w, https:\/\/www.correiobraziliense.com.br\/cbradar\/wp-content\/uploads\/2025\/03\/Mackinac-Island_1741868375821-768x432.jpg 768w, https:\/\/www.correiobraziliense.com.br\/cbradar\/wp-content\/uploads\/2025\/03\/Mackinac-Island_1741868375821-750x422.jpg 750w, https:\/\/www.correiobraziliense.com.br\/cbradar\/wp-content\/uploads\/2025\/03\/Mackinac-Island_1741868375821-1140x641.jpg 1140w, https:\/\/www.correiobraziliense.com.br\/cbradar\/wp-content\/uploads\/2025\/03\/Mackinac-Island_1741868375821.jpg 1280w\" sizes=\"(max-width: 1024px) 100vw, 1024px\" \/><figcaption class=\"wp-element-caption\">Mackinac Island. Cr\u00e9ditos: depositphotos.com \/ el_sirio<\/figcaption><\/figure>\n\n\n\n<h2 class=\"wp-block-heading\"><strong>Como as pessoas se locomovem na ilha?<\/strong><\/h2>\n\n\n\n<p>Sem carros, a rotina dos moradores e turistas em Mackinac Island funciona de maneira diferente. Para se deslocar, as op\u00e7\u00f5es s\u00e3o:<\/p>\n\n\n\n<ul class=\"wp-block-list\">\n<li><strong>Cavalos e charretes<\/strong>, que funcionam como t\u00e1xis e transportes p\u00fablicos.<\/li>\n\n\n\n<li><strong>Bicicletas<\/strong>, usadas tanto por moradores quanto por visitantes.<\/li>\n\n\n\n<li><strong>Caminhadas<\/strong>, j\u00e1 que a ilha \u00e9 pequena o suficiente para ser explorada a p\u00e9.<\/li>\n<\/ul>\n\n\n\n<p>At\u00e9 mesmo servi\u00e7os essenciais seguem essa regra. O lixo \u00e9 recolhido por carro\u00e7as puxadas por cavalos, e as entregas s\u00e3o feitas da mesma maneira. A \u00fanica exce\u00e7\u00e3o \u00e0 proibi\u00e7\u00e3o s\u00e3o ve\u00edculos de emerg\u00eancia, como ambul\u00e2ncias e caminh\u00f5es dos bombeiros, que podem circular quando necess\u00e1rio.<\/p>\n\n\n\n<h2 class=\"wp-block-heading\"><strong>Curiosidades sobre Mackinac Island<\/strong><\/h2>\n\n\n\n<ul class=\"wp-block-list\">\n<li>A ilha tem cerca de <strong>500 habitantes fixos<\/strong>, mas recebe mais de <strong>1 milh\u00e3o de turistas por ano<\/strong>, todos sem carros.<\/li>\n\n\n\n<li>O transporte de bagagens dos visitantes \u00e9 feito por <strong>charretes ou bicicletas de carga<\/strong>.<\/li>\n\n\n\n<li>A ilha j\u00e1 apareceu em diversos filmes e s\u00e9ries devido ao seu charme hist\u00f3rico e aus\u00eancia de autom\u00f3veis.<\/li>\n\n\n\n<li>Durante o inverno, quando o Lago Huron congela, muitos moradores utilizam <strong>snowmobiles<\/strong> para se locomover, sendo uma das poucas exce\u00e7\u00f5es \u00e0 proibi\u00e7\u00e3o de ve\u00edculos.<\/li>\n\n\n\n<li>Mackinac Island mant\u00e9m um ar do s\u00e9culo XIX, com pr\u00e9dios hist\u00f3ricos preservados e hot\u00e9is luxuosos que n\u00e3o mudaram muito desde sua inaugura\u00e7\u00e3o.<\/li>\n<\/ul>\n\n\n\n<h2 class=\"wp-block-heading\"><strong>Mackinac Island: um modelo para cidades sem carros?<\/strong><\/h2>\n\n\n\n<p>Enquanto muitas metr\u00f3poles tentam reduzir a depend\u00eancia dos autom\u00f3veis para combater a polui\u00e7\u00e3o e o tr\u00e2nsito ca\u00f3tico, Mackinac Island j\u00e1 vive dessa forma h\u00e1 mais de 100 anos. O sucesso da ilha mostra que \u00e9 poss\u00edvel criar uma comunidade funcional sem carros, priorizando meios de transporte mais sustent\u00e1veis.<\/p>\n\n\n\n<p>Para quem busca um ref\u00fagio tranquilo, onde o tempo parece ter parado e o som dos motores foi substitu\u00eddo pelo trote dos cavalos, <strong>Mackinac Island continua sendo um exemplo fascinante de um mundo sem carros<\/strong>.<\/p>\n","protected":false},"excerpt":{"rendered":"<p>Existe uma cidade nos EUA onde os carros s\u00e3o proibidos h\u00e1 mais de um s\u00e9culo, e o transporte \u00e9 feito por cavalos e bicicletas.<\/p>\n","protected":false},"author":3,"featured_media":12088,"comment_status":"open","ping_status":"open","sticky":false,"template":"","format":"standard","meta":{"_yoast_wpseo_focuskw":"cidade carros proibidos","_yoast_wpseo_title":"%%title%%","_yoast_wpseo_metadesc":"Existe uma cidade nos EUA onde os carros s\u00e3o proibidos h\u00e1 mais de um s\u00e9culo, e o transporte \u00e9 feito por cavalos e bicicletas.","jnews-multi-image_gallery":[],"jnews_single_post":{"format":"standard"},"jnews_primary_category":[],"jnews_social_meta":[],"jnews_override_counter":[],"footnotes":""},"categories":[108],"post_tag":[109],"class_list":["post-12085","post","type-post","status-publish","format-standard","has-post-thumbnail","hentry","category-cidades","tag-cidades"],"yoast_head":"<!-- This site is optimized with the Yoast SEO plugin v24.6 - https:\/\/yoast.com\/wordpress\/plugins\/seo\/ -->\n<title>Os carros s\u00e3o proibidos nesta cidade h\u00e1 mais de um s\u00e9culo<\/title>\n<meta name=\"description\" content=\"Existe uma cidade nos EUA onde os carros s\u00e3o proibidos h\u00e1 mais de um s\u00e9culo, e o transporte \u00e9 feito por cavalos e bicicletas.\" \/>\n<meta name=\"robots\" content=\"index, follow, max-snippet:-1, max-image-preview:large, max-video-preview:-1\" \/>\n<link rel=\"canonical\" href=\"https:\/\/www.correiobraziliense.com.br\/cbradar\/os-carros-sao-proibidos-nesta-cidade-ha-mais-de-um-seculo\/\" \/>\n<meta property=\"og:locale\" content=\"pt_BR\" \/>\n<meta property=\"og:type\" content=\"article\" \/>\n<meta property=\"og:title\" content=\"Os carros s\u00e3o proibidos nesta cidade h\u00e1 mais de um s\u00e9culo\" \/>\n<meta property=\"og:description\" content=\"Existe uma cidade nos EUA onde os carros s\u00e3o proibidos h\u00e1 mais de um s\u00e9culo, e o transporte \u00e9 feito por cavalos e bicicletas.\" \/>\n<meta property=\"og:url\" content=\"https:\/\/www.correiobraziliense.com.br\/cbradar\/os-carros-sao-proibidos-nesta-cidade-ha-mais-de-um-seculo\/\" \/>\n<meta property=\"og:site_name\" content=\"Correio Braziliense - Radar\" \/>\n<meta property=\"article:published_time\" content=\"2025-03-15T21:30:00+00:00\" \/>\n<meta property=\"og:image\" content=\"https:\/\/www.correiobraziliense.com.br\/cbradar\/wp-content\/uploads\/2025\/03\/Mackinac-Island_1741868318343-1.jpg\" \/>\n\t<meta property=\"og:image:width\" content=\"1280\" \/>\n\t<meta property=\"og:image:height\" content=\"720\" \/>\n\t<meta property=\"og:image:type\" content=\"image\/jpeg\" \/>\n<meta name=\"author\" content=\"Larissa Carvalho\" \/>\n<meta name=\"twitter:card\" content=\"summary_large_image\" \/>\n<meta name=\"twitter:label1\" content=\"Escrito por\" \/>\n\t<meta name=\"twitter:data1\" content=\"Larissa Carvalho\" \/>\n\t<meta name=\"twitter:label2\" content=\"Est. tempo de leitura\" \/>\n\t<meta name=\"twitter:data2\" content=\"4 minutos\" \/>\n<!-- \/ Yoast SEO plugin. -->","yoast_head_json":{"title":"Os carros s\u00e3o proibidos nesta cidade h\u00e1 mais de um s\u00e9culo","description":"Existe uma cidade nos EUA onde os carros s\u00e3o proibidos h\u00e1 mais de um s\u00e9culo, e o transporte \u00e9 feito por cavalos e bicicletas.","robots":{"index":"index","follow":"follow","max-snippet":"max-snippet:-1","max-image-preview":"max-image-preview:large","max-video-preview":"max-video-preview:-1"},"canonical":"https:\/\/www.correiobraziliense.com.br\/cbradar\/os-carros-sao-proibidos-nesta-cidade-ha-mais-de-um-seculo\/","og_locale":"pt_BR","og_type":"article","og_title":"Os carros s\u00e3o proibidos nesta cidade h\u00e1 mais de um s\u00e9culo","og_description":"Existe uma cidade nos EUA onde os carros s\u00e3o proibidos h\u00e1 mais de um s\u00e9culo, e o transporte \u00e9 feito por cavalos e bicicletas.","og_url":"https:\/\/www.correiobraziliense.com.br\/cbradar\/os-carros-sao-proibidos-nesta-cidade-ha-mais-de-um-seculo\/","og_site_name":"Correio Braziliense - Radar","article_published_time":"2025-03-15T21:30:00+00:00","og_image":[{"width":1280,"height":720,"url":"https:\/\/www.correiobraziliense.com.br\/cbradar\/wp-content\/uploads\/2025\/03\/Mackinac-Island_1741868318343-1.jpg","type":"image\/jpeg"}],"author":"Larissa Carvalho","twitter_card":"summary_large_image","twitter_misc":{"Escrito por":"Larissa Carvalho","Est. tempo de leitura":"4 minutos"},"schema":{"@context":"https:\/\/schema.org","@graph":[{"@type":"WebPage","@id":"https:\/\/www.correiobraziliense.com.br\/cbradar\/os-carros-sao-proibidos-nesta-cidade-ha-mais-de-um-seculo\/","url":"https:\/\/www.correiobraziliense.com.br\/cbradar\/os-carros-sao-proibidos-nesta-cidade-ha-mais-de-um-seculo\/","name":"Os carros s\u00e3o proibidos nesta cidade h\u00e1 mais de um s\u00e9culo","isPartOf":{"@id":"https:\/\/www.correiobraziliense.com.br\/cbradar\/#website"},"primaryImageOfPage":{"@id":"https:\/\/www.correiobraziliense.com.br\/cbradar\/os-carros-sao-proibidos-nesta-cidade-ha-mais-de-um-seculo\/#primaryimage"},"image":{"@id":"https:\/\/www.correiobraziliense.com.br\/cbradar\/os-carros-sao-proibidos-nesta-cidade-ha-mais-de-um-seculo\/#primaryimage"},"thumbnailUrl":"https:\/\/www.correiobraziliense.com.br\/cbradar\/wp-content\/uploads\/2025\/03\/Mackinac-Island_1741868318343-1.jpg","datePublished":"2025-03-15T21:30:00+00:00","author":{"@id":"https:\/\/www.correiobraziliense.com.br\/cbradar\/#\/schema\/person\/58422787644df994b53a19d3e56c1513"},"description":"Existe uma cidade nos EUA onde os carros s\u00e3o proibidos h\u00e1 mais de um s\u00e9culo, e o transporte \u00e9 feito por cavalos e bicicletas.","breadcrumb":{"@id":"https:\/\/www.correiobraziliense.com.br\/cbradar\/os-carros-sao-proibidos-nesta-cidade-ha-mais-de-um-seculo\/#breadcrumb"},"inLanguage":"pt-BR","potentialAction":[{"@type":"ReadAction","target":["https:\/\/www.correiobraziliense.com.br\/cbradar\/os-carros-sao-proibidos-nesta-cidade-ha-mais-de-um-seculo\/"]}]},{"@type":"ImageObject","inLanguage":"pt-BR","@id":"https:\/\/www.correiobraziliense.com.br\/cbradar\/os-carros-sao-proibidos-nesta-cidade-ha-mais-de-um-seculo\/#primaryimage","url":"https:\/\/www.correiobraziliense.com.br\/cbradar\/wp-content\/uploads\/2025\/03\/Mackinac-Island_1741868318343-1.jpg","contentUrl":"https:\/\/www.correiobraziliense.com.br\/cbradar\/wp-content\/uploads\/2025\/03\/Mackinac-Island_1741868318343-1.jpg","width":1280,"height":720,"caption":"Mackinac Island. Cr\u00e9ditos: depositphotos.com \/ mike.s.deemer@gmail.com"},{"@type":"BreadcrumbList","@id":"https:\/\/www.correiobraziliense.com.br\/cbradar\/os-carros-sao-proibidos-nesta-cidade-ha-mais-de-um-seculo\/#breadcrumb","itemListElement":[{"@type":"ListItem","position":1,"name":"In\u00edcio","item":"https:\/\/www.correiobraziliense.com.br\/cbradar\/"},{"@type":"ListItem","position":2,"name":"Os carros s\u00e3o proibidos nesta cidade h\u00e1 mais de um s\u00e9culo"}]},{"@type":"WebSite","@id":"https:\/\/www.correiobraziliense.com.br\/cbradar\/#website","url":"https:\/\/www.correiobraziliense.com.br\/cbradar\/","name":"Correio Braziliense - Radar","description":"Acompanhe as \u00faltimas not\u00edcias e fique bem informado sobre tudo o que acontece no Brasil e no mundo.","potentialAction":[{"@type":"SearchAction","target":{"@type":"EntryPoint","urlTemplate":"https:\/\/www.correiobraziliense.com.br\/cbradar\/?s={search_term_string}"},"query-input":{"@type":"PropertyValueSpecification","valueRequired":true,"valueName":"search_term_string"}}],"inLanguage":"pt-BR"},{"@type":"Person","@id":"https:\/\/www.correiobraziliense.com.br\/cbradar\/#\/schema\/person\/58422787644df994b53a19d3e56c1513","name":"Larissa Carvalho","image":{"@type":"ImageObject","inLanguage":"pt-BR","@id":"https:\/\/www.correiobraziliense.com.br\/cbradar\/#\/schema\/person\/image\/","url":"https:\/\/secure.gravatar.com\/avatar\/fe4f91a0de32b52a838d0d612abdc1aa?s=96&d=mm&r=g","contentUrl":"https:\/\/secure.gravatar.com\/avatar\/fe4f91a0de32b52a838d0d612abdc1aa?s=96&d=mm&r=g","caption":"Larissa Carvalho"},"url":"https:\/\/www.correiobraziliense.com.br\/cbradar\/author\/larissamyth\/"}]}},"_links":{"self":[{"href":"https:\/\/www.correiobraziliense.com.br\/cbradar\/wp-json\/wp\/v2\/posts\/12085","targetHints":{"allow":["GET"]}}],"collection":[{"href":"https:\/\/www.correiobraziliense.com.br\/cbradar\/wp-json\/wp\/v2\/posts"}],"about":[{"href":"https:\/\/www.correiobraziliense.com.br\/cbradar\/wp-json\/wp\/v2\/types\/post"}],"author":[{"embeddable":true,"href":"https:\/\/www.correiobraziliense.com.br\/cbradar\/wp-json\/wp\/v2\/users\/3"}],"replies":[{"embeddable":true,"href":"https:\/\/www.correiobraziliense.com.br\/cbradar\/wp-json\/wp\/v2\/comments?post=12085"}],"version-history":[{"count":1,"href":"https:\/\/www.correiobraziliense.com.br\/cbradar\/wp-json\/wp\/v2\/posts\/12085\/revisions"}],"predecessor-version":[{"id":12090,"href":"https:\/\/www.correiobraziliense.com.br\/cbradar\/wp-json\/wp\/v2\/posts\/12085\/revisions\/12090"}],"wp:featuredmedia":[{"embeddable":true,"href":"https:\/\/www.correiobraziliense.com.br\/cbradar\/wp-json\/wp\/v2\/media\/12088"}],"wp:attachment":[{"href":"https:\/\/www.correiobraziliense.com.br\/cbradar\/wp-json\/wp\/v2\/media?parent=12085"}],"wp:term":[{"taxonomy":"category","embeddable":true,"href":"https:\/\/www.correiobraziliense.com.br\/cbradar\/wp-json\/wp\/v2\/categories?post=12085"},{"taxonomy":"post_tag","embeddable":true,"href":"https:\/\/www.correiobraziliense.com.br\/cbradar\/wp-json\/wp\/v2\/post_tag?post=12085"}],"curies":[{"name":"wp","href":"https:\/\/api.w.org\/{rel}","templated":true}]}}