{"id":120911,"date":"2025-10-18T12:55:16","date_gmt":"2025-10-18T15:55:16","guid":{"rendered":"https:\/\/www.correiobraziliense.com.br\/cbradar\/?p=120911"},"modified":"2025-10-17T12:44:54","modified_gmt":"2025-10-17T15:44:54","slug":"a-planta-queridinha-que-colore-jardins-e-varandas-o-ano-todo","status":"publish","type":"post","link":"https:\/\/www.correiobraziliense.com.br\/cbradar\/a-planta-queridinha-que-colore-jardins-e-varandas-o-ano-todo\/","title":{"rendered":"A planta queridinha que colore jardins e varandas o ano todo"},"content":{"rendered":"\n<p>Com a chegada dos meses mais quentes do ano, surge a preocupa\u00e7\u00e3o de garantir o vigor das <strong>plantas<\/strong> no <strong>jardim<\/strong>. A <strong>Lagerstroemia indica<\/strong>, conhecida como <strong>murta chinesa<\/strong> ou <strong>\u00e1rvore de J\u00fapiter<\/strong>, \u00e9 uma op\u00e7\u00e3o vibrante e resistente para quem busca <strong>cor<\/strong> e <strong>beleza<\/strong> em varandas e jardins, destacando-se por suportar bem o <strong>calor<\/strong> e oferecer <strong>flores<\/strong> de tons diversos, entre <strong>rosa<\/strong> e <strong>branco<\/strong>, por boa parte do ano.<\/p>\n\n\n\n<h2 class=\"wp-block-heading\">Murta chinesa mostra-se ideal para espa\u00e7os pequenos e grandes<\/h2>\n\n\n\n<p>Vers\u00e1til, a murta chinesa&nbsp;adapta-se a diferentes <strong>ambientes<\/strong>, desde <strong>jardins amplos<\/strong> at\u00e9 <strong>varandas compactas<\/strong>, desde que tenha luz <strong>solar<\/strong> suficiente. Suas <strong>variedades an\u00e3s<\/strong> viabilizam o cultivo em <strong>vasos<\/strong> e pequenos recipientes, tornando-o perfeito para quem disp\u00f5e de pouco espa\u00e7o.<\/p>\n\n\n\n<p>Essa <strong>flexibilidade<\/strong> \u00e9 especialmente \u00fatil em \u00e1reas <strong>urbanas<\/strong>, como <strong>S\u00e3o Paulo<\/strong> e <strong>Rio de Janeiro<\/strong>, onde muita gente busca alternativas pr\u00e1ticas e de <strong>baixa manuten\u00e7\u00e3o<\/strong> para criar um ambiente mais <strong>natural<\/strong> em casa.<\/p>\n\n\n\n<h2 class=\"wp-block-heading\">Cuidados essenciais garantem sa\u00fade a murta chinesa<\/h2>\n\n\n\n<p>Apesar de sua <strong>resist\u00eancia<\/strong>, alguns cuidados b\u00e1sicos asseguram pleno desenvolvimento. <strong>Sol pleno<\/strong> \u00e9 indispens\u00e1vel para uma <strong>flora\u00e7\u00e3o<\/strong> abundante e, nos primeiros anos, as <strong>regas<\/strong> devem ser regulares para fortalecer a planta.<\/p>\n\n\n\n<p>Com o tempo, a <strong>murta chinesa&nbsp;<\/strong>se torna mais tolerante \u00e0 <strong>seca<\/strong>, mas aten\u00e7\u00e3o ao calend\u00e1rio de rega ajuda na adapta\u00e7\u00e3o. Confira os principais cuidados recomendados:<\/p>\n\n\n\n<ul class=\"wp-block-list\">\n<li>Expor a planta diretamente ao <strong>sol<\/strong> por v\u00e1rias horas di\u00e1rias;<\/li>\n\n\n\n<li>Regar de 2 a 3 vezes por semana na <strong>primavera<\/strong> e <strong>ver\u00e3o<\/strong>, e reduzir para 1 vez no <strong>outono<\/strong> e <strong>inverno<\/strong>;<\/li>\n\n\n\n<li>Evitar <a href=\"https:\/\/rehagro.com.br\/blog\/materia-organica-no-solo\/\" target=\"_blank\" rel=\"noreferrer noopener\">solos <\/a><strong>encharcados<\/strong>, priorizando <strong>drenagem eficiente<\/strong>.<\/li>\n<\/ul>\n\n\n<div class=\"wp-block-image\">\n<figure class=\"aligncenter size-large\"><img decoding=\"async\" width=\"1024\" height=\"576\" src=\"https:\/\/www.correiobraziliense.com.br\/cbradar\/wp-content\/uploads\/2025\/10\/Lagerstroemia-indica-planta_1760714464828-1024x576.jpg\" alt=\"\" class=\"wp-image-121028\" srcset=\"https:\/\/www.correiobraziliense.com.br\/cbradar\/wp-content\/uploads\/2025\/10\/Lagerstroemia-indica-planta_1760714464828-1024x576.jpg 1024w, https:\/\/www.correiobraziliense.com.br\/cbradar\/wp-content\/uploads\/2025\/10\/Lagerstroemia-indica-planta_1760714464828-300x169.jpg 300w, https:\/\/www.correiobraziliense.com.br\/cbradar\/wp-content\/uploads\/2025\/10\/Lagerstroemia-indica-planta_1760714464828-768x432.jpg 768w, https:\/\/www.correiobraziliense.com.br\/cbradar\/wp-content\/uploads\/2025\/10\/Lagerstroemia-indica-planta_1760714464828-750x422.jpg 750w, https:\/\/www.correiobraziliense.com.br\/cbradar\/wp-content\/uploads\/2025\/10\/Lagerstroemia-indica-planta_1760714464828-1140x641.jpg 1140w, https:\/\/www.correiobraziliense.com.br\/cbradar\/wp-content\/uploads\/2025\/10\/Lagerstroemia-indica-planta_1760714464828.jpg 1280w\" sizes=\"(max-width: 1024px) 100vw, 1024px\" \/><figcaption class=\"wp-element-caption\">A murta chinesa \u00e9 altamente valorizado em festivais urbanos &#8211; Cr\u00e9ditos: depositphotos.com \/ simonapavan<\/figcaption><\/figure><\/div>\n\n\n<h2 class=\"wp-block-heading\">Como potencializar a flora\u00e7\u00e3o da murta chinesa ao longo do ano<\/h2>\n\n\n\n<p>Para obter <strong>flores<\/strong> mais vivas e duradouras, \u00e9 indicado o uso de <strong>fertilizantes<\/strong> ricos em <strong>f\u00f3sforo<\/strong> e <strong>pot\u00e1ssio<\/strong>, al\u00e9m da <strong>poda anual<\/strong> durante o inverno. Essa <strong>manuten\u00e7\u00e3o<\/strong> simples estimula o <strong>crescimento equilibrado<\/strong> e remove galhos secos.<\/p>\n\n\n\n<p>De acordo com especialistas, esse manejo resulta em uma <strong>flora\u00e7\u00e3o<\/strong> mais <strong>abundante<\/strong> e prolongada, fazendo da murta chinesa&nbsp;uma excelente escolha para quem quer valorizar o <strong>visual<\/strong> do ambiente sem grandes esfor\u00e7os.<\/p>\n\n\n\n<p>Leia tamb\u00e9m: <a href=\"https:\/\/www.correiobraziliense.com.br\/cbradar\/a-planta-que-pode-crescer-em-uma-lata-e-da-frutos-o-ano-todo\/\" target=\"_blank\" rel=\"noopener\">A planta que pode crescer em uma lata e d\u00e1 frutos o ano todo<\/a><\/p>\n\n\n\n<h2 class=\"wp-block-heading\">Murta chinesa destaca-se em eventos e celebra\u00e7\u00f5es de jardinagem<\/h2>\n\n\n\n<p>A murta chinesa \u00e9 altamente valorizado em festivais urbanos como o <strong>Festival de Flores de Belo Horizonte<\/strong>, realizado em setembro, onde \u00e9 apresentado como uma das <strong>esp\u00e9cies<\/strong> mais <strong>vers\u00e1teis<\/strong> para espa\u00e7os urbanos e pequenos.<\/p>\n\n\n\n<p>Sua <strong>resist\u00eancia<\/strong>, facilidade de <strong>adapta\u00e7\u00e3o<\/strong> a diferentes recipientes e <strong>toler\u00e2ncia clim\u00e1tica<\/strong> mant\u00eam a planta em destaque nas tend\u00eancias de <strong>jardinagem urbana<\/strong> em todo o pa\u00eds, celebrando sua <strong>popularidade<\/strong> entre <strong>iniciantes<\/strong> e <strong>jardineiros experientes<\/strong>. Al\u00e9m disso, estudos recentes comprovam que a murta chinesa contribui para a melhoria da <strong>qualidade do ar<\/strong> nos grandes centros, refor\u00e7ando ainda mais a sua import\u00e2ncia nos projetos paisag\u00edsticos urbanos.<\/p>\n","protected":false},"excerpt":{"rendered":"<p>Com a chegada dos meses mais quentes do ano, surge a preocupa\u00e7\u00e3o de garantir o vigor das plantas no jardim. A Lagerstroemia indica, conhecida como murta chinesa ou \u00e1rvore de J\u00fapiter, \u00e9 uma op\u00e7\u00e3o vibrante e resistente para quem busca cor e beleza em varandas e jardins, destacando-se por suportar bem o calor e oferecer [&hellip;]<\/p>\n","protected":false},"author":9,"featured_media":121020,"comment_status":"open","ping_status":"open","sticky":false,"template":"","format":"standard","meta":{"_yoast_wpseo_focuskw":"Murta chinesa","_yoast_wpseo_title":"","_yoast_wpseo_metadesc":"Quer um jardim florido com pouca manuten\u00e7\u00e3o? Conhe\u00e7a a murta chinesa, a planta que ama o sol e floresce por quase todo o ano.","jnews-multi-image_gallery":[],"jnews_single_post":{"format":"standard"},"jnews_primary_category":[],"jnews_social_meta":[],"jnews_override_counter":[],"footnotes":""},"categories":[136],"tags":[1599,887,10889],"class_list":["post-120911","post","type-post","status-publish","format-standard","has-post-thumbnail","hentry","category-jardinagem","tag-arvore","tag-casa","tag-murta-chinesa"],"yoast_head":"<!-- This site is optimized with the Yoast SEO plugin v24.6 - https:\/\/yoast.com\/wordpress\/plugins\/seo\/ -->\n<title>A planta queridinha que colore jardins e varandas o ano todo - Correio Braziliense - Radar<\/title>\n<meta name=\"description\" content=\"Quer um jardim florido com pouca manuten\u00e7\u00e3o? Conhe\u00e7a a murta chinesa, a planta que ama o sol e floresce por quase todo o ano.\" \/>\n<meta name=\"robots\" content=\"index, follow, max-snippet:-1, max-image-preview:large, max-video-preview:-1\" \/>\n<link rel=\"canonical\" href=\"https:\/\/www.correiobraziliense.com.br\/cbradar\/a-planta-queridinha-que-colore-jardins-e-varandas-o-ano-todo\/\" \/>\n<meta property=\"og:locale\" content=\"pt_BR\" \/>\n<meta property=\"og:type\" content=\"article\" \/>\n<meta property=\"og:title\" content=\"A planta queridinha que colore jardins e varandas o ano todo - Correio Braziliense - Radar\" \/>\n<meta property=\"og:description\" content=\"Quer um jardim florido com pouca manuten\u00e7\u00e3o? Conhe\u00e7a a murta chinesa, a planta que ama o sol e floresce por quase todo o ano.\" \/>\n<meta property=\"og:url\" content=\"https:\/\/www.correiobraziliense.com.br\/cbradar\/a-planta-queridinha-que-colore-jardins-e-varandas-o-ano-todo\/\" \/>\n<meta property=\"og:site_name\" content=\"Correio Braziliense - Radar\" \/>\n<meta property=\"article:published_time\" content=\"2025-10-18T15:55:16+00:00\" \/>\n<meta property=\"og:image\" content=\"https:\/\/www.correiobraziliense.com.br\/cbradar\/wp-content\/uploads\/2025\/10\/Lagerstroemia-indica-planta_1760714423042.jpg\" \/>\n\t<meta property=\"og:image:width\" content=\"1280\" \/>\n\t<meta property=\"og:image:height\" content=\"720\" \/>\n\t<meta property=\"og:image:type\" content=\"image\/jpeg\" \/>\n<meta name=\"author\" content=\"Daniely Cardoso\" \/>\n<meta name=\"twitter:card\" content=\"summary_large_image\" \/>\n<meta name=\"twitter:label1\" content=\"Escrito por\" \/>\n\t<meta name=\"twitter:data1\" content=\"Daniely Cardoso\" \/>\n\t<meta name=\"twitter:label2\" content=\"Est. tempo de leitura\" \/>\n\t<meta name=\"twitter:data2\" content=\"3 minutos\" \/>\n<!-- \/ Yoast SEO plugin. -->","yoast_head_json":{"title":"A planta queridinha que colore jardins e varandas o ano todo - Correio Braziliense - Radar","description":"Quer um jardim florido com pouca manuten\u00e7\u00e3o? Conhe\u00e7a a murta chinesa, a planta que ama o sol e floresce por quase todo o ano.","robots":{"index":"index","follow":"follow","max-snippet":"max-snippet:-1","max-image-preview":"max-image-preview:large","max-video-preview":"max-video-preview:-1"},"canonical":"https:\/\/www.correiobraziliense.com.br\/cbradar\/a-planta-queridinha-que-colore-jardins-e-varandas-o-ano-todo\/","og_locale":"pt_BR","og_type":"article","og_title":"A planta queridinha que colore jardins e varandas o ano todo - Correio Braziliense - Radar","og_description":"Quer um jardim florido com pouca manuten\u00e7\u00e3o? Conhe\u00e7a a murta chinesa, a planta que ama o sol e floresce por quase todo o ano.","og_url":"https:\/\/www.correiobraziliense.com.br\/cbradar\/a-planta-queridinha-que-colore-jardins-e-varandas-o-ano-todo\/","og_site_name":"Correio Braziliense - Radar","article_published_time":"2025-10-18T15:55:16+00:00","og_image":[{"width":1280,"height":720,"url":"https:\/\/www.correiobraziliense.com.br\/cbradar\/wp-content\/uploads\/2025\/10\/Lagerstroemia-indica-planta_1760714423042.jpg","type":"image\/jpeg"}],"author":"Daniely Cardoso","twitter_card":"summary_large_image","twitter_misc":{"Escrito por":"Daniely Cardoso","Est. tempo de leitura":"3 minutos"},"schema":{"@context":"https:\/\/schema.org","@graph":[{"@type":"WebPage","@id":"https:\/\/www.correiobraziliense.com.br\/cbradar\/a-planta-queridinha-que-colore-jardins-e-varandas-o-ano-todo\/","url":"https:\/\/www.correiobraziliense.com.br\/cbradar\/a-planta-queridinha-que-colore-jardins-e-varandas-o-ano-todo\/","name":"A planta queridinha que colore jardins e varandas o ano todo - Correio Braziliense - Radar","isPartOf":{"@id":"https:\/\/www.correiobraziliense.com.br\/cbradar\/#website"},"primaryImageOfPage":{"@id":"https:\/\/www.correiobraziliense.com.br\/cbradar\/a-planta-queridinha-que-colore-jardins-e-varandas-o-ano-todo\/#primaryimage"},"image":{"@id":"https:\/\/www.correiobraziliense.com.br\/cbradar\/a-planta-queridinha-que-colore-jardins-e-varandas-o-ano-todo\/#primaryimage"},"thumbnailUrl":"https:\/\/www.correiobraziliense.com.br\/cbradar\/wp-content\/uploads\/2025\/10\/Lagerstroemia-indica-planta_1760714423042.jpg","datePublished":"2025-10-18T15:55:16+00:00","author":{"@id":"https:\/\/www.correiobraziliense.com.br\/cbradar\/#\/schema\/person\/7356666e12ec0ee53f348ee5db227032"},"description":"Quer um jardim florido com pouca manuten\u00e7\u00e3o? Conhe\u00e7a a murta chinesa, a planta que ama o sol e floresce por quase todo o ano.","breadcrumb":{"@id":"https:\/\/www.correiobraziliense.com.br\/cbradar\/a-planta-queridinha-que-colore-jardins-e-varandas-o-ano-todo\/#breadcrumb"},"inLanguage":"pt-BR","potentialAction":[{"@type":"ReadAction","target":["https:\/\/www.correiobraziliense.com.br\/cbradar\/a-planta-queridinha-que-colore-jardins-e-varandas-o-ano-todo\/"]}]},{"@type":"ImageObject","inLanguage":"pt-BR","@id":"https:\/\/www.correiobraziliense.com.br\/cbradar\/a-planta-queridinha-que-colore-jardins-e-varandas-o-ano-todo\/#primaryimage","url":"https:\/\/www.correiobraziliense.com.br\/cbradar\/wp-content\/uploads\/2025\/10\/Lagerstroemia-indica-planta_1760714423042.jpg","contentUrl":"https:\/\/www.correiobraziliense.com.br\/cbradar\/wp-content\/uploads\/2025\/10\/Lagerstroemia-indica-planta_1760714423042.jpg","width":1280,"height":720,"caption":"Apesar de sua resist\u00eancia, alguns cuidados b\u00e1sicos asseguram pleno desenvolvimento - Cr\u00e9ditos: depositphotos.com \/ simonapavan"},{"@type":"BreadcrumbList","@id":"https:\/\/www.correiobraziliense.com.br\/cbradar\/a-planta-queridinha-que-colore-jardins-e-varandas-o-ano-todo\/#breadcrumb","itemListElement":[{"@type":"ListItem","position":1,"name":"In\u00edcio","item":"https:\/\/www.correiobraziliense.com.br\/cbradar\/"},{"@type":"ListItem","position":2,"name":"A planta queridinha que colore jardins e varandas o ano todo"}]},{"@type":"WebSite","@id":"https:\/\/www.correiobraziliense.com.br\/cbradar\/#website","url":"https:\/\/www.correiobraziliense.com.br\/cbradar\/","name":"Correio Braziliense - Radar","description":"Acompanhe as \u00faltimas not\u00edcias e fique bem informado sobre tudo o que acontece no Brasil e no mundo.","potentialAction":[{"@type":"SearchAction","target":{"@type":"EntryPoint","urlTemplate":"https:\/\/www.correiobraziliense.com.br\/cbradar\/?s={search_term_string}"},"query-input":{"@type":"PropertyValueSpecification","valueRequired":true,"valueName":"search_term_string"}}],"inLanguage":"pt-BR"},{"@type":"Person","@id":"https:\/\/www.correiobraziliense.com.br\/cbradar\/#\/schema\/person\/7356666e12ec0ee53f348ee5db227032","name":"Daniely Cardoso","image":{"@type":"ImageObject","inLanguage":"pt-BR","@id":"https:\/\/www.correiobraziliense.com.br\/cbradar\/#\/schema\/person\/image\/","url":"https:\/\/secure.gravatar.com\/avatar\/4b80ddbd124d1f071b626d52d62e5dff?s=96&d=mm&r=g","contentUrl":"https:\/\/secure.gravatar.com\/avatar\/4b80ddbd124d1f071b626d52d62e5dff?s=96&d=mm&r=g","caption":"Daniely Cardoso"},"description":"Redatora nos portais CB Radar e EM Foco, formada pela Universidade Federal de Goi\u00e1s, em Goi\u00e2nia. Apaixonada por comunica\u00e7\u00e3o, arte, decora\u00e7\u00e3o e tend\u00eancias, atuo na produ\u00e7\u00e3o de conte\u00fados envolventes sobre curiosidades, moda, beleza e paisagismo, sempre com um olhar atento \u00e0s novidades do momento.","sameAs":["https:\/\/www.correiobraziliense.com.br\/cbradar"],"url":"https:\/\/www.correiobraziliense.com.br\/cbradar\/author\/danielymyth\/"}]}},"_links":{"self":[{"href":"https:\/\/www.correiobraziliense.com.br\/cbradar\/wp-json\/wp\/v2\/posts\/120911","targetHints":{"allow":["GET"]}}],"collection":[{"href":"https:\/\/www.correiobraziliense.com.br\/cbradar\/wp-json\/wp\/v2\/posts"}],"about":[{"href":"https:\/\/www.correiobraziliense.com.br\/cbradar\/wp-json\/wp\/v2\/types\/post"}],"author":[{"embeddable":true,"href":"https:\/\/www.correiobraziliense.com.br\/cbradar\/wp-json\/wp\/v2\/users\/9"}],"replies":[{"embeddable":true,"href":"https:\/\/www.correiobraziliense.com.br\/cbradar\/wp-json\/wp\/v2\/comments?post=120911"}],"version-history":[{"count":2,"href":"https:\/\/www.correiobraziliense.com.br\/cbradar\/wp-json\/wp\/v2\/posts\/120911\/revisions"}],"predecessor-version":[{"id":121047,"href":"https:\/\/www.correiobraziliense.com.br\/cbradar\/wp-json\/wp\/v2\/posts\/120911\/revisions\/121047"}],"wp:featuredmedia":[{"embeddable":true,"href":"https:\/\/www.correiobraziliense.com.br\/cbradar\/wp-json\/wp\/v2\/media\/121020"}],"wp:attachment":[{"href":"https:\/\/www.correiobraziliense.com.br\/cbradar\/wp-json\/wp\/v2\/media?parent=120911"}],"wp:term":[{"taxonomy":"category","embeddable":true,"href":"https:\/\/www.correiobraziliense.com.br\/cbradar\/wp-json\/wp\/v2\/categories?post=120911"},{"taxonomy":"post_tag","embeddable":true,"href":"https:\/\/www.correiobraziliense.com.br\/cbradar\/wp-json\/wp\/v2\/tags?post=120911"}],"curies":[{"name":"wp","href":"https:\/\/api.w.org\/{rel}","templated":true}]}}