{"id":12093,"date":"2025-03-14T13:30:00","date_gmt":"2025-03-14T16:30:00","guid":{"rendered":"https:\/\/www.correiobraziliense.com.br\/cbradar\/?p=12093"},"modified":"2025-03-13T22:05:55","modified_gmt":"2025-03-14T01:05:55","slug":"saiba-como-plantar-hortela-com-dicas-essenciais-para-um-cultivo-saudavel","status":"publish","type":"post","link":"https:\/\/www.correiobraziliense.com.br\/cbradar\/saiba-como-plantar-hortela-com-dicas-essenciais-para-um-cultivo-saudavel\/","title":{"rendered":"Saiba como plantar hortel\u00e3 com dicas essenciais para um cultivo saud\u00e1vel"},"content":{"rendered":"\n<p>A hortel\u00e3 \u00e9 uma das plantas mais populares e vers\u00e1teis, amplamente utilizada em receitas culin\u00e1rias e produtos de bem-estar. Cultivar hortel\u00e3 em casa pode ser uma experi\u00eancia gratificante, oferecendo uma fonte constante de folhas frescas para ch\u00e1s, temperos e rem\u00e9dios naturais. Este artigo apresenta um guia detalhado sobre como plantar hortel\u00e3, destacando seus benef\u00edcios para a sa\u00fade e as diferentes variedades dispon\u00edveis.<\/p>\n\n\n\n<p>Al\u00e9m de seu sabor refrescante, a hortel\u00e3 \u00e9 conhecida por suas propriedades medicinais. Ela possui efeitos desintoxicantes, anti-inflamat\u00f3rios e antiss\u00e9pticos, tornando-se uma aliada no al\u00edvio de sintomas de enxaquecas e doen\u00e7as respirat\u00f3rias. Aprender a cultivar hortel\u00e3 \u00e9 uma maneira eficaz de ter essa planta medicinal sempre \u00e0 disposi\u00e7\u00e3o.<\/p>\n\n\n\n<h2 class=\"wp-block-heading\"><strong>Quais s\u00e3o os benef\u00edcios da hortel\u00e3 para a sa\u00fade?<\/strong><\/h2>\n\n\n\n<p>A hortel\u00e3 oferece uma ampla gama de benef\u00edcios para a sa\u00fade. Suas propriedades anti-inflamat\u00f3rias ajudam a aliviar dores de cabe\u00e7a e sintomas de gripes e resfriados. O ch\u00e1 de hortel\u00e3 \u00e9 frequentemente utilizado para acalmar o sistema digestivo e aliviar desconfortos estomacais. Al\u00e9m disso, a inala\u00e7\u00e3o de infus\u00f5es de hortel\u00e3 pode auxiliar na expectora\u00e7\u00e3o e no al\u00edvio de congest\u00f5es nasais.<\/p>\n\n\n\n<figure class=\"wp-block-image size-large\"><img decoding=\"async\" width=\"1024\" height=\"576\" src=\"https:\/\/www.correiobraziliense.com.br\/cbradar\/wp-content\/uploads\/2025\/03\/hortela_1741868790877-1024x576.jpg\" alt=\"Saiba como plantar hortel\u00e3 com dicas essenciais para um cultivo saud\u00e1vel\" class=\"wp-image-12100\" srcset=\"https:\/\/www.correiobraziliense.com.br\/cbradar\/wp-content\/uploads\/2025\/03\/hortela_1741868790877-1024x576.jpg 1024w, https:\/\/www.correiobraziliense.com.br\/cbradar\/wp-content\/uploads\/2025\/03\/hortela_1741868790877-300x169.jpg 300w, https:\/\/www.correiobraziliense.com.br\/cbradar\/wp-content\/uploads\/2025\/03\/hortela_1741868790877-768x432.jpg 768w, https:\/\/www.correiobraziliense.com.br\/cbradar\/wp-content\/uploads\/2025\/03\/hortela_1741868790877-750x422.jpg 750w, https:\/\/www.correiobraziliense.com.br\/cbradar\/wp-content\/uploads\/2025\/03\/hortela_1741868790877-1140x642.jpg 1140w, https:\/\/www.correiobraziliense.com.br\/cbradar\/wp-content\/uploads\/2025\/03\/hortela_1741868790877.jpg 1279w\" sizes=\"(max-width: 1024px) 100vw, 1024px\" \/><figcaption class=\"wp-element-caption\">hortel\u00e3. Cr\u00e9ditos: depositphotos.com \/ v.ryabinina<\/figcaption><\/figure>\n\n\n\n<p>Outro benef\u00edcio not\u00e1vel da hortel\u00e3 \u00e9 seu efeito calmante. Aplicar folhas frescas na testa pode proporcionar al\u00edvio em casos de tens\u00e3o e enxaquecas. Com tantos benef\u00edcios, n\u00e3o \u00e9 de se admirar que a hortel\u00e3 seja uma escolha popular para cultivo dom\u00e9stico.<\/p>\n\n\n\n<h2 class=\"wp-block-heading\"><strong>Como plantar hortel\u00e3 em vaso?<\/strong><\/h2>\n\n\n\n<p>Plantar hortel\u00e3 em vaso \u00e9 uma maneira pr\u00e1tica de ter essa erva sempre \u00e0 m\u00e3o. Para come\u00e7ar, escolha um vaso com furos no fundo e pelo menos 20 cm de altura. Isso permitir\u00e1 que a planta se espalhe adequadamente. Siga os passos abaixo para garantir um cultivo bem-sucedido:<\/p>\n\n\n\n<ol class=\"wp-block-list\">\n<li>Coloque uma camada de juta no fundo do vaso para criar um filtro natural.<\/li>\n\n\n\n<li>Adicione uma camada de pedrinhas sobre a juta para evitar o ac\u00famulo de \u00e1gua.<\/li>\n\n\n\n<li>Preencha o vaso com substrato, que \u00e9 uma mistura de terra enriquecida com nutrientes essenciais.<\/li>\n\n\n\n<li>Plante a rama ou a semente de hortel\u00e3, cobrindo-a levemente com o substrato.<\/li>\n<\/ol>\n\n\n\n<p>Mantenha a terra \u00famida, regando duas vezes ao dia, mas evite encharcar. A hortel\u00e3 precisa de luz solar indireta e pode ser cultivada em qualquer esta\u00e7\u00e3o do ano.<\/p>\n\n\n\n<h2 class=\"wp-block-heading\"><strong>Quais s\u00e3o as diferentes formas de plantar hortel\u00e3?<\/strong><\/h2>\n\n\n\n<p>Al\u00e9m do cultivo em vasos, a hortel\u00e3 pode ser plantada diretamente no solo. Nesse caso, escolha um local que receba luz solar indireta. O processo de plantio \u00e9 semelhante ao do vaso, mas sem a necessidade de substratos adicionais. Outra op\u00e7\u00e3o \u00e9 cultivar hortel\u00e3 na \u00e1gua, mergulhando as ra\u00edzes das mudas em um copo com \u00e1gua at\u00e9 que estejam prontas para o transplante.<\/p>\n\n\n\n<h2 class=\"wp-block-heading\"><strong>Quando e como colher hortel\u00e3?<\/strong><\/h2>\n\n\n\n<p>A hortel\u00e3 pode ser colhida cerca de 20 dias ap\u00f3s o plantio. Para obter folhas mais saud\u00e1veis, arranque-as cuidadosamente, deixando o ramo principal intacto. A planta pode continuar a produzir folhas por anos, desde que bem cuidada.<\/p>\n\n\n\n<h2 class=\"wp-block-heading\"><strong>Quais s\u00e3o os tipos de hortel\u00e3 dispon\u00edveis?<\/strong><\/h2>\n\n\n\n<p>Existem v\u00e1rias variedades de hortel\u00e3, cada uma com caracter\u00edsticas \u00fanicas. A hortel\u00e3-comum \u00e9 a mais popular, com folhas arom\u00e1ticas e brilhantes. A hortel\u00e3-grosso possui folhas grandes e \u00e9 conhecida por seu aroma semelhante ao or\u00e9gano. J\u00e1 a hortel\u00e3-japonesa, ou hortel\u00e3 &#8220;vick&#8221;, \u00e9 valorizada por suas propriedades descongestionantes.<\/p>\n\n\n\n<p>Em resumo, cultivar hortel\u00e3 em casa \u00e9 uma maneira pr\u00e1tica de aproveitar seus in\u00fameros benef\u00edcios para a sa\u00fade e enriquecer suas receitas culin\u00e1rias. Com cuidados simples, \u00e9 poss\u00edvel manter essa planta vers\u00e1til sempre \u00e0 disposi\u00e7\u00e3o.<\/p>\n","protected":false},"excerpt":{"rendered":"<p>Aprenda a plantar hortel\u00e3 em vaso ou solo, descubra seus benef\u00edcios para a sa\u00fade e desfrute dessa erva medicinal em suas receitas.<\/p>\n","protected":false},"author":3,"featured_media":12096,"comment_status":"open","ping_status":"open","sticky":false,"template":"","format":"standard","meta":{"_yoast_wpseo_focuskw":"plantar hortel\u00e3","_yoast_wpseo_title":"%%title%%","_yoast_wpseo_metadesc":"Aprenda a plantar hortel\u00e3 em vaso ou solo, descubra seus benef\u00edcios para a sa\u00fade e desfrute dessa erva medicinal em suas receitas.","jnews-multi-image_gallery":[],"jnews_single_post":{"format":"standard"},"jnews_primary_category":[],"jnews_social_meta":[],"jnews_override_counter":[],"footnotes":""},"categories":[136],"post_tag":[137,625],"class_list":["post-12093","post","type-post","status-publish","format-standard","has-post-thumbnail","hentry","category-jardinagem","tag-como-plantar","tag-hortela"],"yoast_head":"<!-- This site is optimized with the Yoast SEO plugin v24.6 - https:\/\/yoast.com\/wordpress\/plugins\/seo\/ -->\n<title>Saiba como plantar hortel\u00e3 com dicas essenciais para um cultivo saud\u00e1vel<\/title>\n<meta name=\"description\" content=\"Aprenda a plantar hortel\u00e3 em vaso ou solo, descubra seus benef\u00edcios para a sa\u00fade e desfrute dessa erva medicinal em suas receitas.\" \/>\n<meta name=\"robots\" content=\"index, follow, max-snippet:-1, max-image-preview:large, max-video-preview:-1\" \/>\n<link rel=\"canonical\" href=\"https:\/\/www.correiobraziliense.com.br\/cbradar\/saiba-como-plantar-hortela-com-dicas-essenciais-para-um-cultivo-saudavel\/\" \/>\n<meta property=\"og:locale\" content=\"pt_BR\" \/>\n<meta property=\"og:type\" content=\"article\" \/>\n<meta property=\"og:title\" content=\"Saiba como plantar hortel\u00e3 com dicas essenciais para um cultivo saud\u00e1vel\" \/>\n<meta property=\"og:description\" content=\"Aprenda a plantar hortel\u00e3 em vaso ou solo, descubra seus benef\u00edcios para a sa\u00fade e desfrute dessa erva medicinal em suas receitas.\" \/>\n<meta property=\"og:url\" content=\"https:\/\/www.correiobraziliense.com.br\/cbradar\/saiba-como-plantar-hortela-com-dicas-essenciais-para-um-cultivo-saudavel\/\" \/>\n<meta property=\"og:site_name\" content=\"Correio Braziliense - Radar\" \/>\n<meta property=\"article:published_time\" content=\"2025-03-14T16:30:00+00:00\" \/>\n<meta property=\"og:image\" content=\"https:\/\/www.correiobraziliense.com.br\/cbradar\/wp-content\/uploads\/2025\/03\/hortela_1741868709480.jpg\" \/>\n\t<meta property=\"og:image:width\" content=\"1280\" \/>\n\t<meta property=\"og:image:height\" content=\"720\" \/>\n\t<meta property=\"og:image:type\" content=\"image\/jpeg\" \/>\n<meta name=\"author\" content=\"Larissa Carvalho\" \/>\n<meta name=\"twitter:card\" content=\"summary_large_image\" \/>\n<meta name=\"twitter:label1\" content=\"Escrito por\" \/>\n\t<meta name=\"twitter:data1\" content=\"Larissa Carvalho\" \/>\n\t<meta name=\"twitter:label2\" content=\"Est. tempo de leitura\" \/>\n\t<meta name=\"twitter:data2\" content=\"4 minutos\" \/>\n<!-- \/ Yoast SEO plugin. -->","yoast_head_json":{"title":"Saiba como plantar hortel\u00e3 com dicas essenciais para um cultivo saud\u00e1vel","description":"Aprenda a plantar hortel\u00e3 em vaso ou solo, descubra seus benef\u00edcios para a sa\u00fade e desfrute dessa erva medicinal em suas receitas.","robots":{"index":"index","follow":"follow","max-snippet":"max-snippet:-1","max-image-preview":"max-image-preview:large","max-video-preview":"max-video-preview:-1"},"canonical":"https:\/\/www.correiobraziliense.com.br\/cbradar\/saiba-como-plantar-hortela-com-dicas-essenciais-para-um-cultivo-saudavel\/","og_locale":"pt_BR","og_type":"article","og_title":"Saiba como plantar hortel\u00e3 com dicas essenciais para um cultivo saud\u00e1vel","og_description":"Aprenda a plantar hortel\u00e3 em vaso ou solo, descubra seus benef\u00edcios para a sa\u00fade e desfrute dessa erva medicinal em suas receitas.","og_url":"https:\/\/www.correiobraziliense.com.br\/cbradar\/saiba-como-plantar-hortela-com-dicas-essenciais-para-um-cultivo-saudavel\/","og_site_name":"Correio Braziliense - Radar","article_published_time":"2025-03-14T16:30:00+00:00","og_image":[{"width":1280,"height":720,"url":"https:\/\/www.correiobraziliense.com.br\/cbradar\/wp-content\/uploads\/2025\/03\/hortela_1741868709480.jpg","type":"image\/jpeg"}],"author":"Larissa Carvalho","twitter_card":"summary_large_image","twitter_misc":{"Escrito por":"Larissa Carvalho","Est. tempo de leitura":"4 minutos"},"schema":{"@context":"https:\/\/schema.org","@graph":[{"@type":"WebPage","@id":"https:\/\/www.correiobraziliense.com.br\/cbradar\/saiba-como-plantar-hortela-com-dicas-essenciais-para-um-cultivo-saudavel\/","url":"https:\/\/www.correiobraziliense.com.br\/cbradar\/saiba-como-plantar-hortela-com-dicas-essenciais-para-um-cultivo-saudavel\/","name":"Saiba como plantar hortel\u00e3 com dicas essenciais para um cultivo saud\u00e1vel","isPartOf":{"@id":"https:\/\/www.correiobraziliense.com.br\/cbradar\/#website"},"primaryImageOfPage":{"@id":"https:\/\/www.correiobraziliense.com.br\/cbradar\/saiba-como-plantar-hortela-com-dicas-essenciais-para-um-cultivo-saudavel\/#primaryimage"},"image":{"@id":"https:\/\/www.correiobraziliense.com.br\/cbradar\/saiba-como-plantar-hortela-com-dicas-essenciais-para-um-cultivo-saudavel\/#primaryimage"},"thumbnailUrl":"https:\/\/www.correiobraziliense.com.br\/cbradar\/wp-content\/uploads\/2025\/03\/hortela_1741868709480.jpg","datePublished":"2025-03-14T16:30:00+00:00","author":{"@id":"https:\/\/www.correiobraziliense.com.br\/cbradar\/#\/schema\/person\/58422787644df994b53a19d3e56c1513"},"description":"Aprenda a plantar hortel\u00e3 em vaso ou solo, descubra seus benef\u00edcios para a sa\u00fade e desfrute dessa erva medicinal em suas receitas.","breadcrumb":{"@id":"https:\/\/www.correiobraziliense.com.br\/cbradar\/saiba-como-plantar-hortela-com-dicas-essenciais-para-um-cultivo-saudavel\/#breadcrumb"},"inLanguage":"pt-BR","potentialAction":[{"@type":"ReadAction","target":["https:\/\/www.correiobraziliense.com.br\/cbradar\/saiba-como-plantar-hortela-com-dicas-essenciais-para-um-cultivo-saudavel\/"]}]},{"@type":"ImageObject","inLanguage":"pt-BR","@id":"https:\/\/www.correiobraziliense.com.br\/cbradar\/saiba-como-plantar-hortela-com-dicas-essenciais-para-um-cultivo-saudavel\/#primaryimage","url":"https:\/\/www.correiobraziliense.com.br\/cbradar\/wp-content\/uploads\/2025\/03\/hortela_1741868709480.jpg","contentUrl":"https:\/\/www.correiobraziliense.com.br\/cbradar\/wp-content\/uploads\/2025\/03\/hortela_1741868709480.jpg","width":1280,"height":720,"caption":"hortel\u00e3. Cr\u00e9ditos: depositphotos.com \/ Niko-2"},{"@type":"BreadcrumbList","@id":"https:\/\/www.correiobraziliense.com.br\/cbradar\/saiba-como-plantar-hortela-com-dicas-essenciais-para-um-cultivo-saudavel\/#breadcrumb","itemListElement":[{"@type":"ListItem","position":1,"name":"In\u00edcio","item":"https:\/\/www.correiobraziliense.com.br\/cbradar\/"},{"@type":"ListItem","position":2,"name":"Saiba como plantar hortel\u00e3 com dicas essenciais para um cultivo saud\u00e1vel"}]},{"@type":"WebSite","@id":"https:\/\/www.correiobraziliense.com.br\/cbradar\/#website","url":"https:\/\/www.correiobraziliense.com.br\/cbradar\/","name":"Correio Braziliense - Radar","description":"Acompanhe as \u00faltimas not\u00edcias e fique bem informado sobre tudo o que acontece no Brasil e no mundo.","potentialAction":[{"@type":"SearchAction","target":{"@type":"EntryPoint","urlTemplate":"https:\/\/www.correiobraziliense.com.br\/cbradar\/?s={search_term_string}"},"query-input":{"@type":"PropertyValueSpecification","valueRequired":true,"valueName":"search_term_string"}}],"inLanguage":"pt-BR"},{"@type":"Person","@id":"https:\/\/www.correiobraziliense.com.br\/cbradar\/#\/schema\/person\/58422787644df994b53a19d3e56c1513","name":"Larissa Carvalho","image":{"@type":"ImageObject","inLanguage":"pt-BR","@id":"https:\/\/www.correiobraziliense.com.br\/cbradar\/#\/schema\/person\/image\/","url":"https:\/\/secure.gravatar.com\/avatar\/fe4f91a0de32b52a838d0d612abdc1aa?s=96&d=mm&r=g","contentUrl":"https:\/\/secure.gravatar.com\/avatar\/fe4f91a0de32b52a838d0d612abdc1aa?s=96&d=mm&r=g","caption":"Larissa Carvalho"},"url":"https:\/\/www.correiobraziliense.com.br\/cbradar\/author\/larissamyth\/"}]}},"_links":{"self":[{"href":"https:\/\/www.correiobraziliense.com.br\/cbradar\/wp-json\/wp\/v2\/posts\/12093","targetHints":{"allow":["GET"]}}],"collection":[{"href":"https:\/\/www.correiobraziliense.com.br\/cbradar\/wp-json\/wp\/v2\/posts"}],"about":[{"href":"https:\/\/www.correiobraziliense.com.br\/cbradar\/wp-json\/wp\/v2\/types\/post"}],"author":[{"embeddable":true,"href":"https:\/\/www.correiobraziliense.com.br\/cbradar\/wp-json\/wp\/v2\/users\/3"}],"replies":[{"embeddable":true,"href":"https:\/\/www.correiobraziliense.com.br\/cbradar\/wp-json\/wp\/v2\/comments?post=12093"}],"version-history":[{"count":3,"href":"https:\/\/www.correiobraziliense.com.br\/cbradar\/wp-json\/wp\/v2\/posts\/12093\/revisions"}],"predecessor-version":[{"id":12215,"href":"https:\/\/www.correiobraziliense.com.br\/cbradar\/wp-json\/wp\/v2\/posts\/12093\/revisions\/12215"}],"wp:featuredmedia":[{"embeddable":true,"href":"https:\/\/www.correiobraziliense.com.br\/cbradar\/wp-json\/wp\/v2\/media\/12096"}],"wp:attachment":[{"href":"https:\/\/www.correiobraziliense.com.br\/cbradar\/wp-json\/wp\/v2\/media?parent=12093"}],"wp:term":[{"taxonomy":"category","embeddable":true,"href":"https:\/\/www.correiobraziliense.com.br\/cbradar\/wp-json\/wp\/v2\/categories?post=12093"},{"taxonomy":"post_tag","embeddable":true,"href":"https:\/\/www.correiobraziliense.com.br\/cbradar\/wp-json\/wp\/v2\/post_tag?post=12093"}],"curies":[{"name":"wp","href":"https:\/\/api.w.org\/{rel}","templated":true}]}}