{"id":120934,"date":"2025-10-18T09:55:00","date_gmt":"2025-10-18T12:55:00","guid":{"rendered":"https:\/\/www.correiobraziliense.com.br\/cbradar\/?p=120934"},"modified":"2025-10-17T11:36:57","modified_gmt":"2025-10-17T14:36:57","slug":"o-exercicio-que-a-ciencia-recomenda-para-combater-a-insonia-e-melhorar-a-saude-geral","status":"publish","type":"post","link":"https:\/\/www.correiobraziliense.com.br\/cbradar\/o-exercicio-que-a-ciencia-recomenda-para-combater-a-insonia-e-melhorar-a-saude-geral\/","title":{"rendered":"O exerc\u00edcio que a ci\u00eancia recomenda para combater a ins\u00f4nia e melhorar a sa\u00fade geral"},"content":{"rendered":"\n<p>O yoga tem se destacado como uma pr\u00e1tica que vai al\u00e9m de simples exerc\u00edcios f\u00edsicos, proporcionando um impacto significativo na sa\u00fade mental e emocional.&nbsp;Muitas pessoas que enfrentam dificuldades para dormir podem encontrar no yoga uma solu\u00e7\u00e3o natural e eficaz para melhorar o descanso noturno.&nbsp;A ci\u00eancia reconhece os efeitos ben\u00e9ficos da pr\u00e1tica regular de yoga no combate \u00e0 ins\u00f4nia, visto que ela contribui para relaxar o corpo, acalmar a mente e melhorar a qualidade do sono.<\/p>\n\n\n\n<p>Durante a pr\u00e1tica de yoga, ocorrem processos que ajudam a regular o sistema nervoso, reduzem tens\u00f5es f\u00edsicas e promovem uma respira\u00e7\u00e3o profunda e consciente.&nbsp;Essas a\u00e7\u00f5es s\u00e3o essenciais para diminuir a ansiedade e preparar o organismo para um descanso restaurador.&nbsp;Estudos recentes indicam que mesmo rotinas breves de yoga podem reduzir o tempo necess\u00e1rio para adormecer e aumentar a dura\u00e7\u00e3o do sono, favorecendo assim um estado de repouso mais eficaz.<\/p>\n\n\n\n<h2 class=\"wp-block-heading\">Como o yoga pode melhorar a sa\u00fade mental?<\/h2>\n\n\n\n<p>O yoga desenvolve uma consci\u00eancia interna que transcende os aspectos f\u00edsicos do corpo, ajudando a pessoa a focar em suas capacidades, mais do que na apar\u00eancia.&nbsp;Institui\u00e7\u00f5es renomadas, como a Harvard Medical School, apontam que praticantes de yoga apresentam maior aceita\u00e7\u00e3o corporal, fortalecimento da autoestima e s\u00e3o menos cr\u00edticos com eles mesmos.&nbsp;Essa pr\u00e1tica \u00e9 frequentemente utilizada como suporte no tratamento de transtornos alimentares e promo\u00e7\u00e3o de uma imagem corporal positiva.<\/p>\n\n\n\n<p>A rotina constante de yoga promove a aten\u00e7\u00e3o plena, uma habilidade que impacta positivamente na rela\u00e7\u00e3o com a alimenta\u00e7\u00e3o.&nbsp;Pesquisas mostram que praticantes desenvolvem uma conex\u00e3o mais consciente com os alimentos, observando o sabor, a textura e sinais de saciedade, o que auxilia a evitar padr\u00f5es de alimenta\u00e7\u00e3o emocional.&nbsp;Al\u00e9m disso, anos de pr\u00e1tica est\u00e3o associados a h\u00e1bitos alimentares mais saud\u00e1veis.<\/p>\n\n\n<div class=\"wp-block-image\">\n<figure class=\"aligncenter size-large\"><img decoding=\"async\" width=\"1024\" height=\"576\" src=\"https:\/\/www.correiobraziliense.com.br\/cbradar\/wp-content\/uploads\/2025\/03\/yoga_1741959544824-1024x576.jpg\" alt=\"O exerc\u00edcio que a ci\u00eancia recomenda para combater a ins\u00f4nia e melhorar a sa\u00fade geral\" class=\"wp-image-12605\" srcset=\"https:\/\/www.correiobraziliense.com.br\/cbradar\/wp-content\/uploads\/2025\/03\/yoga_1741959544824-1024x576.jpg 1024w, https:\/\/www.correiobraziliense.com.br\/cbradar\/wp-content\/uploads\/2025\/03\/yoga_1741959544824-300x169.jpg 300w, https:\/\/www.correiobraziliense.com.br\/cbradar\/wp-content\/uploads\/2025\/03\/yoga_1741959544824-768x432.jpg 768w, https:\/\/www.correiobraziliense.com.br\/cbradar\/wp-content\/uploads\/2025\/03\/yoga_1741959544824-750x422.jpg 750w, https:\/\/www.correiobraziliense.com.br\/cbradar\/wp-content\/uploads\/2025\/03\/yoga_1741959544824-1140x641.jpg 1140w, https:\/\/www.correiobraziliense.com.br\/cbradar\/wp-content\/uploads\/2025\/03\/yoga_1741959544824.jpg 1280w\" sizes=\"(max-width: 1024px) 100vw, 1024px\" \/><figcaption class=\"wp-element-caption\">Yoga &#8211; Cr\u00e9ditos: depositphotos.com \/ javiindy<\/figcaption><\/figure><\/div>\n\n\n<p>Leia tamb\u00e9m: <a href=\"https:\/\/www.correiobraziliense.com.br\/cbradar\/cancer-gastrico-como-reconhecer-os-sintomas-e-quais-mudancas-na-dieta-os-especialistas-aconselham\" target=\"_blank\" rel=\"noreferrer noopener\">Como reconhecer os sintomas de c\u00e2ncer g\u00e1strico e quais mudan\u00e7as na dieta os especialistas aconselham<\/a><\/p>\n\n\n\n<h2 class=\"wp-block-heading\">Quais s\u00e3o os benef\u00edcios f\u00edsicos do yoga?<\/h2>\n\n\n\n<p>Os <a href=\"https:\/\/www.saude.df.gov.br\/web\/guest\/w\/yoga-\u00e9-ferramenta-importante-para-alcan\u00e7ar-sa\u00fade-e-bem-estar\" target=\"_blank\" rel=\"noreferrer noopener\">benef\u00edcios do yoga<\/a> n\u00e3o se restringem \u00e0 melhora da sa\u00fade mental e emocional.\u00a0Ele tamb\u00e9m contribui significativamente para o fortalecimento muscular, incremento da resist\u00eancia, melhora da flexibilidade e da capacidade cardiorrespirat\u00f3ria.\u00a0Um estudo piloto observou melhorias not\u00e1veis em for\u00e7a, resist\u00eancia e flexibilidade em pessoas sedent\u00e1rias ap\u00f3s oito semanas de pr\u00e1tica de yoga, realizada duas vezes por semana.<\/p>\n\n\n\n<p>O yoga tamb\u00e9m \u00e9 reconhecido por sua capacidade de reduzir a press\u00e3o arterial em pessoas com hipertens\u00e3o, melhorar o perfil lip\u00eddico e reduzir os n\u00edveis de glicose em pessoas com diabetes tipo 2.&nbsp;Esses benef\u00edcios fazem com que o yoga seja cada vez mais inclu\u00eddo em programas de reabilita\u00e7\u00e3o card\u00edaca, dada a sua capacidade de diminuir o estresse e, portanto, reduzir o risco de doen\u00e7as card\u00edacas.<\/p>\n\n\n\n<p>Leia tamb\u00e9m: <a href=\"https:\/\/www.correiobraziliense.com.br\/cbradar\/cancer-colorretal-um-sintoma-que-nao-deve-ser-ignorado-para-detectar-a-doenca-foi-identificado\" target=\"_blank\" rel=\"noreferrer noopener\">O sintoma que n\u00e3o deve ser ignorado para detectar um tipo de c\u00e2ncer foi identificado<\/a><\/p>\n\n\n\n<h2 class=\"wp-block-heading\">Por que o yoga \u00e9 recomendado por especialistas?<\/h2>\n\n\n\n<p>Institui\u00e7\u00f5es l\u00edderes, como a Harvard Medical School, recomendam que, antes de iniciar novas rotinas de exerc\u00edcios, seja feita uma consulta com um profissional de sa\u00fade.&nbsp;O yoga \u00e9 considerado uma pr\u00e1tica vers\u00e1til e eficaz para promover uma vida equilibrada, consciente e saud\u00e1vel.&nbsp;Com aval da evid\u00eancia cient\u00edfica e estudos recentes, o yoga oferece benef\u00edcios profundos tanto f\u00edsicos quanto mentais e emocionais, transformando a vida cotidiana al\u00e9m da esteira.<\/p>\n\n\n\n<p>Cada vez mais consolidado como uma estrat\u00e9gia eficaz no combate \u00e0 ins\u00f4nia, o yoga transcende o tempo de pr\u00e1tica ao desenvolver habilidades de aten\u00e7\u00e3o plena e calma mental, refletindo em uma gest\u00e3o emocional mais eficiente e em rela\u00e7\u00f5es sociais equilibradas.&nbsp;Estudos suportam o uso do yoga como complemento no tratamento de depress\u00e3o, artrite e na assist\u00eancia a sobreviventes de c\u00e2ncer, destacando seu papel fundamental na promo\u00e7\u00e3o da sa\u00fade integral.<\/p>\n","protected":false},"excerpt":{"rendered":"<p>O yoga tem se destacado como uma pr\u00e1tica que vai al\u00e9m de simples exerc\u00edcios f\u00edsicos, proporcionando um impacto significativo na sa\u00fade mental e emocional.&nbsp;Muitas pessoas que enfrentam dificuldades para dormir podem encontrar no yoga uma solu\u00e7\u00e3o natural e eficaz para melhorar o descanso noturno.&nbsp;A ci\u00eancia reconhece os efeitos ben\u00e9ficos da pr\u00e1tica regular de yoga no [&hellip;]<\/p>\n","protected":false},"author":11,"featured_media":47411,"comment_status":"open","ping_status":"open","sticky":false,"template":"","format":"standard","meta":{"_yoast_wpseo_focuskw":"exerc\u00edcio combater a ins\u00f4nia e melhorar a sa\u00fade","_yoast_wpseo_title":"","_yoast_wpseo_metadesc":"Exerc\u00edcio recomendado pela ci\u00eancia que combate a ins\u00f4nia e melhora a sa\u00fade geral, promovendo sono reparador e bem-estar di\u00e1rio","jnews-multi-image_gallery":[],"jnews_single_post":{"format":"standard"},"jnews_primary_category":[],"jnews_social_meta":[],"jnews_override_counter":[],"footnotes":""},"categories":[119],"post_tag":[7149,2145,1318],"class_list":["post-120934","post","type-post","status-publish","format-standard","has-post-thumbnail","hentry","category-bem-estar","tag-exercicio-2","tag-insonia","tag-saude-2"],"yoast_head":"<!-- This site is optimized with the Yoast SEO plugin v24.6 - https:\/\/yoast.com\/wordpress\/plugins\/seo\/ -->\n<title>O exerc\u00edcio que a ci\u00eancia recomenda para combater a ins\u00f4nia e melhorar a sa\u00fade geral - Correio Braziliense - Radar<\/title>\n<meta name=\"description\" content=\"Exerc\u00edcio recomendado pela ci\u00eancia que combate a ins\u00f4nia e melhora a sa\u00fade geral, promovendo sono reparador e bem-estar di\u00e1rio\" \/>\n<meta name=\"robots\" content=\"index, follow, max-snippet:-1, max-image-preview:large, max-video-preview:-1\" \/>\n<link rel=\"canonical\" href=\"https:\/\/www.correiobraziliense.com.br\/cbradar\/o-exercicio-que-a-ciencia-recomenda-para-combater-a-insonia-e-melhorar-a-saude-geral\/\" \/>\n<meta property=\"og:locale\" content=\"pt_BR\" \/>\n<meta property=\"og:type\" content=\"article\" \/>\n<meta property=\"og:title\" content=\"O exerc\u00edcio que a ci\u00eancia recomenda para combater a ins\u00f4nia e melhorar a sa\u00fade geral - Correio Braziliense - Radar\" \/>\n<meta property=\"og:description\" content=\"Exerc\u00edcio recomendado pela ci\u00eancia que combate a ins\u00f4nia e melhora a sa\u00fade geral, promovendo sono reparador e bem-estar di\u00e1rio\" \/>\n<meta property=\"og:url\" content=\"https:\/\/www.correiobraziliense.com.br\/cbradar\/o-exercicio-que-a-ciencia-recomenda-para-combater-a-insonia-e-melhorar-a-saude-geral\/\" \/>\n<meta property=\"og:site_name\" content=\"Correio Braziliense - Radar\" \/>\n<meta property=\"article:published_time\" content=\"2025-10-18T12:55:00+00:00\" \/>\n<meta property=\"og:image\" content=\"https:\/\/www.correiobraziliense.com.br\/cbradar\/wp-content\/uploads\/2025\/06\/yoga_1748926105861.jpg\" \/>\n\t<meta property=\"og:image:width\" content=\"1280\" \/>\n\t<meta property=\"og:image:height\" content=\"720\" \/>\n\t<meta property=\"og:image:type\" content=\"image\/jpeg\" \/>\n<meta name=\"author\" content=\"Paulo Custodio\" \/>\n<meta name=\"twitter:card\" content=\"summary_large_image\" \/>\n<meta name=\"twitter:label1\" content=\"Escrito por\" \/>\n\t<meta name=\"twitter:data1\" content=\"Paulo Custodio\" \/>\n\t<meta name=\"twitter:label2\" content=\"Est. tempo de leitura\" \/>\n\t<meta name=\"twitter:data2\" content=\"4 minutos\" \/>\n<!-- \/ Yoast SEO plugin. -->","yoast_head_json":{"title":"O exerc\u00edcio que a ci\u00eancia recomenda para combater a ins\u00f4nia e melhorar a sa\u00fade geral - Correio Braziliense - Radar","description":"Exerc\u00edcio recomendado pela ci\u00eancia que combate a ins\u00f4nia e melhora a sa\u00fade geral, promovendo sono reparador e bem-estar di\u00e1rio","robots":{"index":"index","follow":"follow","max-snippet":"max-snippet:-1","max-image-preview":"max-image-preview:large","max-video-preview":"max-video-preview:-1"},"canonical":"https:\/\/www.correiobraziliense.com.br\/cbradar\/o-exercicio-que-a-ciencia-recomenda-para-combater-a-insonia-e-melhorar-a-saude-geral\/","og_locale":"pt_BR","og_type":"article","og_title":"O exerc\u00edcio que a ci\u00eancia recomenda para combater a ins\u00f4nia e melhorar a sa\u00fade geral - Correio Braziliense - Radar","og_description":"Exerc\u00edcio recomendado pela ci\u00eancia que combate a ins\u00f4nia e melhora a sa\u00fade geral, promovendo sono reparador e bem-estar di\u00e1rio","og_url":"https:\/\/www.correiobraziliense.com.br\/cbradar\/o-exercicio-que-a-ciencia-recomenda-para-combater-a-insonia-e-melhorar-a-saude-geral\/","og_site_name":"Correio Braziliense - Radar","article_published_time":"2025-10-18T12:55:00+00:00","og_image":[{"width":1280,"height":720,"url":"https:\/\/www.correiobraziliense.com.br\/cbradar\/wp-content\/uploads\/2025\/06\/yoga_1748926105861.jpg","type":"image\/jpeg"}],"author":"Paulo Custodio","twitter_card":"summary_large_image","twitter_misc":{"Escrito por":"Paulo Custodio","Est. tempo de leitura":"4 minutos"},"schema":{"@context":"https:\/\/schema.org","@graph":[{"@type":"WebPage","@id":"https:\/\/www.correiobraziliense.com.br\/cbradar\/o-exercicio-que-a-ciencia-recomenda-para-combater-a-insonia-e-melhorar-a-saude-geral\/","url":"https:\/\/www.correiobraziliense.com.br\/cbradar\/o-exercicio-que-a-ciencia-recomenda-para-combater-a-insonia-e-melhorar-a-saude-geral\/","name":"O exerc\u00edcio que a ci\u00eancia recomenda para combater a ins\u00f4nia e melhorar a sa\u00fade geral - Correio Braziliense - Radar","isPartOf":{"@id":"https:\/\/www.correiobraziliense.com.br\/cbradar\/#website"},"primaryImageOfPage":{"@id":"https:\/\/www.correiobraziliense.com.br\/cbradar\/o-exercicio-que-a-ciencia-recomenda-para-combater-a-insonia-e-melhorar-a-saude-geral\/#primaryimage"},"image":{"@id":"https:\/\/www.correiobraziliense.com.br\/cbradar\/o-exercicio-que-a-ciencia-recomenda-para-combater-a-insonia-e-melhorar-a-saude-geral\/#primaryimage"},"thumbnailUrl":"https:\/\/www.correiobraziliense.com.br\/cbradar\/wp-content\/uploads\/2025\/06\/yoga_1748926105861.jpg","datePublished":"2025-10-18T12:55:00+00:00","author":{"@id":"https:\/\/www.correiobraziliense.com.br\/cbradar\/#\/schema\/person\/4cec7857301a9a1a2ef249893cd908d3"},"description":"Exerc\u00edcio recomendado pela ci\u00eancia que combate a ins\u00f4nia e melhora a sa\u00fade geral, promovendo sono reparador e bem-estar di\u00e1rio","breadcrumb":{"@id":"https:\/\/www.correiobraziliense.com.br\/cbradar\/o-exercicio-que-a-ciencia-recomenda-para-combater-a-insonia-e-melhorar-a-saude-geral\/#breadcrumb"},"inLanguage":"pt-BR","potentialAction":[{"@type":"ReadAction","target":["https:\/\/www.correiobraziliense.com.br\/cbradar\/o-exercicio-que-a-ciencia-recomenda-para-combater-a-insonia-e-melhorar-a-saude-geral\/"]}]},{"@type":"ImageObject","inLanguage":"pt-BR","@id":"https:\/\/www.correiobraziliense.com.br\/cbradar\/o-exercicio-que-a-ciencia-recomenda-para-combater-a-insonia-e-melhorar-a-saude-geral\/#primaryimage","url":"https:\/\/www.correiobraziliense.com.br\/cbradar\/wp-content\/uploads\/2025\/06\/yoga_1748926105861.jpg","contentUrl":"https:\/\/www.correiobraziliense.com.br\/cbradar\/wp-content\/uploads\/2025\/06\/yoga_1748926105861.jpg","width":1280,"height":720,"caption":"Yoga - Cr\u00e9ditos: depositphotos.com \/ AntonLozovoy"},{"@type":"BreadcrumbList","@id":"https:\/\/www.correiobraziliense.com.br\/cbradar\/o-exercicio-que-a-ciencia-recomenda-para-combater-a-insonia-e-melhorar-a-saude-geral\/#breadcrumb","itemListElement":[{"@type":"ListItem","position":1,"name":"In\u00edcio","item":"https:\/\/www.correiobraziliense.com.br\/cbradar\/"},{"@type":"ListItem","position":2,"name":"O exerc\u00edcio que a ci\u00eancia recomenda para combater a ins\u00f4nia e melhorar a sa\u00fade geral"}]},{"@type":"WebSite","@id":"https:\/\/www.correiobraziliense.com.br\/cbradar\/#website","url":"https:\/\/www.correiobraziliense.com.br\/cbradar\/","name":"Correio Braziliense - Radar","description":"Acompanhe as \u00faltimas not\u00edcias e fique bem informado sobre tudo o que acontece no Brasil e no mundo.","potentialAction":[{"@type":"SearchAction","target":{"@type":"EntryPoint","urlTemplate":"https:\/\/www.correiobraziliense.com.br\/cbradar\/?s={search_term_string}"},"query-input":{"@type":"PropertyValueSpecification","valueRequired":true,"valueName":"search_term_string"}}],"inLanguage":"pt-BR"},{"@type":"Person","@id":"https:\/\/www.correiobraziliense.com.br\/cbradar\/#\/schema\/person\/4cec7857301a9a1a2ef249893cd908d3","name":"Paulo Custodio","image":{"@type":"ImageObject","inLanguage":"pt-BR","@id":"https:\/\/www.correiobraziliense.com.br\/cbradar\/#\/schema\/person\/image\/","url":"https:\/\/secure.gravatar.com\/avatar\/bcd67168d1534e8fcf4f45c726a87cea?s=96&d=mm&r=g","contentUrl":"https:\/\/secure.gravatar.com\/avatar\/bcd67168d1534e8fcf4f45c726a87cea?s=96&d=mm&r=g","caption":"Paulo Custodio"},"sameAs":["https:\/\/www.correiobraziliense.com.br\/cbradar"],"url":"https:\/\/www.correiobraziliense.com.br\/cbradar\/author\/paulomyth\/"}]}},"_links":{"self":[{"href":"https:\/\/www.correiobraziliense.com.br\/cbradar\/wp-json\/wp\/v2\/posts\/120934","targetHints":{"allow":["GET"]}}],"collection":[{"href":"https:\/\/www.correiobraziliense.com.br\/cbradar\/wp-json\/wp\/v2\/posts"}],"about":[{"href":"https:\/\/www.correiobraziliense.com.br\/cbradar\/wp-json\/wp\/v2\/types\/post"}],"author":[{"embeddable":true,"href":"https:\/\/www.correiobraziliense.com.br\/cbradar\/wp-json\/wp\/v2\/users\/11"}],"replies":[{"embeddable":true,"href":"https:\/\/www.correiobraziliense.com.br\/cbradar\/wp-json\/wp\/v2\/comments?post=120934"}],"version-history":[{"count":1,"href":"https:\/\/www.correiobraziliense.com.br\/cbradar\/wp-json\/wp\/v2\/posts\/120934\/revisions"}],"predecessor-version":[{"id":120935,"href":"https:\/\/www.correiobraziliense.com.br\/cbradar\/wp-json\/wp\/v2\/posts\/120934\/revisions\/120935"}],"wp:featuredmedia":[{"embeddable":true,"href":"https:\/\/www.correiobraziliense.com.br\/cbradar\/wp-json\/wp\/v2\/media\/47411"}],"wp:attachment":[{"href":"https:\/\/www.correiobraziliense.com.br\/cbradar\/wp-json\/wp\/v2\/media?parent=120934"}],"wp:term":[{"taxonomy":"category","embeddable":true,"href":"https:\/\/www.correiobraziliense.com.br\/cbradar\/wp-json\/wp\/v2\/categories?post=120934"},{"taxonomy":"post_tag","embeddable":true,"href":"https:\/\/www.correiobraziliense.com.br\/cbradar\/wp-json\/wp\/v2\/post_tag?post=120934"}],"curies":[{"name":"wp","href":"https:\/\/api.w.org\/{rel}","templated":true}]}}