{"id":12108,"date":"2025-03-15T22:50:00","date_gmt":"2025-03-16T01:50:00","guid":{"rendered":"https:\/\/www.correiobraziliense.com.br\/cbradar\/?p=12108"},"modified":"2025-03-14T13:57:43","modified_gmt":"2025-03-14T16:57:43","slug":"conheca-a-cidade-onde-os-relogios-nao-fazem-sentido","status":"publish","type":"post","link":"https:\/\/www.correiobraziliense.com.br\/cbradar\/conheca-a-cidade-onde-os-relogios-nao-fazem-sentido\/","title":{"rendered":"Conhe\u00e7a a cidade onde os rel\u00f3gios n\u00e3o fazem sentido"},"content":{"rendered":"\n<p>Em um mundo onde as horas e os minutos determinam nosso ritmo, existe um lugar onde o conceito de tempo se torna completamente relativo. Esse lugar \u00e9 <strong>Kiribati<\/strong>, um pequeno pa\u00eds insular localizado no <strong>Pac\u00edfico<\/strong>, onde a linha internacional de dados cria uma especificidade \u00fanica: o hor\u00e1rio muda dependendo da regi\u00e3o. Aqui, os rel\u00f3gios n\u00e3o fazem sentido da maneira tradicional, e o conceito de &#8220;hoje&#8221; e &#8220;amanh\u00e3&#8221; pode ser confuso para quem n\u00e3o est\u00e1 familiarizado com<\/p>\n\n\n\n<p><strong>Por que o hor\u00e1rio em Kiribati \u00e9 t\u00e3o peculiar?<\/strong><\/p>\n\n\n\n<p>A linha internacional de dados, que normalmente passa pelo meio do Pac\u00edfico, foi redesenhada para incluir Kiribati em um \u00fanico fuso hor\u00e1rio. Isso significa que as ilhas desse pa\u00eds, espalhadas por uma vasta \u00e1rea do oceano, est\u00e3o localizadas de<\/p>\n\n\n\n<p>Em 1995, Kiribati decidiu mover uma linha internacional de dados para o leste do pa\u00eds, o que fez com que as ilhas do arquip\u00e9lago ficassem no &#8220;futuro&#8221;, em termos de hor\u00e1rio, em rela\u00e7\u00e3o ao restante do mundo. A mudan\u00e7a foi feita para que todas as ilhas do pa\u00eds hospedassem no mesmo dia, facilitando a comunica\u00e7\u00e3o e a organiza\u00e7\u00e3o interna. Como resultado, Kiribati se tornou um lugar onde a diferen\u00e7a de hora pode ser maior do que em qualquer outro pa\u00eds, com algumas ilhas \u00e0 frente ou atr\u00e1s do resto do mundo em at\u00e9 24 horas.<\/p>\n\n\n\n<figure class=\"wp-block-image size-large\"><img decoding=\"async\" width=\"1024\" height=\"576\" src=\"https:\/\/www.correiobraziliense.com.br\/cbradar\/wp-content\/uploads\/2025\/03\/Kiribati_1741869667331-1024x576.jpg\" alt=\"Conhe\u00e7a a cidade onde os rel\u00f3gios n\u00e3o fazem sentido\" class=\"wp-image-12112\" srcset=\"https:\/\/www.correiobraziliense.com.br\/cbradar\/wp-content\/uploads\/2025\/03\/Kiribati_1741869667331-1024x576.jpg 1024w, https:\/\/www.correiobraziliense.com.br\/cbradar\/wp-content\/uploads\/2025\/03\/Kiribati_1741869667331-300x169.jpg 300w, https:\/\/www.correiobraziliense.com.br\/cbradar\/wp-content\/uploads\/2025\/03\/Kiribati_1741869667331-768x432.jpg 768w, https:\/\/www.correiobraziliense.com.br\/cbradar\/wp-content\/uploads\/2025\/03\/Kiribati_1741869667331-750x422.jpg 750w, https:\/\/www.correiobraziliense.com.br\/cbradar\/wp-content\/uploads\/2025\/03\/Kiribati_1741869667331-1140x641.jpg 1140w, https:\/\/www.correiobraziliense.com.br\/cbradar\/wp-content\/uploads\/2025\/03\/Kiribati_1741869667331.jpg 1280w\" sizes=\"(max-width: 1024px) 100vw, 1024px\" \/><figcaption class=\"wp-element-caption\">Kiribati. Cr\u00e9ditos: depositphotos.com \/ natanaelginting<\/figcaption><\/figure>\n\n\n\n<h2 class=\"wp-block-heading\"><strong>Como a linha internacional de dados relacionados ao cotidiano?<\/strong><\/h2>\n\n\n\n<p>Para quem vive em Kiribati, uma mudan\u00e7a na linha internacional de dados pode parecer algo natural, mas para visitantes ou pessoas de outras partes do mundo, pode ser desconcertante. Imagine estar em uma ilha e, ao atravessar para uma ilha vizinha, perceber que voc\u00ea entrou em um &#8220;outro dia&#8221; sem nem perceber. Isso acontece porque, enquanto em uma ilha pode ser domingo, na pr\u00f3xima pode j\u00e1 ser segunda-feira, embora a dist\u00e2ncia entre eles seja de apenas algumas dezenas de quil\u00f4metros.<\/p>\n\n\n\n<p>Esse assunto tem um impacto direto na vida cotidiana. A hora do dia n\u00e3o \u00e9 sempre a mesma em todo o pa\u00eds, e, dependendo de onde voc\u00ea estiver, o calend\u00e1rio pode mudar drasticamente de uma ilha para outra. Isso cria uma sensa\u00e7\u00e3o \u00fanica de atraso temporal, onde os rel\u00f3gios n\u00e3o seguem o mesmo ritmo.<\/p>\n\n\n\n<h2 class=\"wp-block-heading\"><strong>Curiosidades sobre Kiribati e a linha internacional de dados<\/strong><\/h2>\n\n\n\n<ul class=\"wp-block-list\">\n<li>Kiribati \u00e9 composto por 33 at\u00f3is e ilhas, espalhados por mais de 3,5 milh\u00f5es de quil\u00f4metros quadrados do Oceano Pac\u00edfico.<\/li>\n\n\n\n<li>A altera\u00e7\u00e3o da linha internacional de dados foi uma tentativa de manter a unidade nacional, j\u00e1 que o pa\u00eds est\u00e1 t\u00e3o espalhado geograficamente que as ilhas estavam em fusos hor\u00e1rios diferentes.<\/li>\n\n\n\n<li>Al\u00e9m de sua especializa\u00e7\u00e3o com o hor\u00e1rio, Kiribati enfrenta s\u00e9rios desafios \u00e0s mudan\u00e7as clim\u00e1ticas, j\u00e1 que suas ilhas est\u00e3o amea\u00e7adas pelo aumento do n\u00edvel do mar.<\/li>\n\n\n\n<li>O pa\u00eds \u00e9 uma das poucas na\u00e7\u00f5es que &#8220;vive no futuro&#8221;, com algumas de suas ilhas sendo as primeiras a celebrar o Ano Novo a cada novo ciclo de 365 dias.<\/li>\n<\/ul>\n\n\n\n<h2 class=\"wp-block-heading\"><strong>Kiribati: um reflexo das especializa\u00e7\u00f5es do tempo e do espa\u00e7o<\/strong><\/h2>\n\n\n\n<p>Enquanto a maioria dos pa\u00edses segue o ciclo do tempo de forma linear e previs\u00edvel, Kiribati apresenta uma perspectiva \u00fanica, onde a percep\u00e7\u00e3o do tempo \u00e9 moldada pela geografia e pela hist\u00f3ria. Aqui, o hor\u00e1rio pode variar radicalmente de uma ilha para outra, tornando a no\u00e7\u00e3o de &#8220;tempo&#8221; uma experi\u00eancia pessoal, mais do que uma conven\u00e7\u00e3o universal.<\/p>\n\n\n\n<p>Para quem busca explorar um lugar onde os rel\u00f3gios desafiam a l\u00f3gica, Kiribati \u00e9 um destino fascinante, onde a rela\u00e7\u00e3o com o tempo se torna uma experi\u00eancia \u00fanica e intrigante.<\/p>\n","protected":false},"excerpt":{"rendered":"<p>Em Kiribati, uma linha internacional de dados faz com que o hor\u00e1rio mude drasticamente de uma ilha para outra.<\/p>\n","protected":false},"author":3,"featured_media":12111,"comment_status":"open","ping_status":"open","sticky":false,"template":"","format":"standard","meta":{"_yoast_wpseo_focuskw":"cidade rel\u00f3gios","_yoast_wpseo_title":"%%title%%","_yoast_wpseo_metadesc":"Em Kiribati, uma linha internacional de dados faz com que o hor\u00e1rio mude drasticamente de uma ilha para outra.","jnews-multi-image_gallery":[],"jnews_single_post":{"format":"standard"},"jnews_primary_category":[],"jnews_social_meta":[],"jnews_override_counter":[],"footnotes":""},"categories":[108],"post_tag":[109],"class_list":["post-12108","post","type-post","status-publish","format-standard","has-post-thumbnail","hentry","category-cidades","tag-cidades"],"yoast_head":"<!-- This site is optimized with the Yoast SEO plugin v24.6 - https:\/\/yoast.com\/wordpress\/plugins\/seo\/ -->\n<title>Conhe\u00e7a a cidade onde os rel\u00f3gios n\u00e3o fazem sentido<\/title>\n<meta name=\"description\" content=\"Em Kiribati, uma linha internacional de dados faz com que o hor\u00e1rio mude drasticamente de uma ilha para outra.\" \/>\n<meta name=\"robots\" content=\"index, follow, max-snippet:-1, max-image-preview:large, max-video-preview:-1\" \/>\n<link rel=\"canonical\" href=\"https:\/\/www.correiobraziliense.com.br\/cbradar\/conheca-a-cidade-onde-os-relogios-nao-fazem-sentido\/\" \/>\n<meta property=\"og:locale\" content=\"pt_BR\" \/>\n<meta property=\"og:type\" content=\"article\" \/>\n<meta property=\"og:title\" content=\"Conhe\u00e7a a cidade onde os rel\u00f3gios n\u00e3o fazem sentido\" \/>\n<meta property=\"og:description\" content=\"Em Kiribati, uma linha internacional de dados faz com que o hor\u00e1rio mude drasticamente de uma ilha para outra.\" \/>\n<meta property=\"og:url\" content=\"https:\/\/www.correiobraziliense.com.br\/cbradar\/conheca-a-cidade-onde-os-relogios-nao-fazem-sentido\/\" \/>\n<meta property=\"og:site_name\" content=\"Correio Braziliense - Radar\" \/>\n<meta property=\"article:published_time\" content=\"2025-03-16T01:50:00+00:00\" \/>\n<meta property=\"og:image\" content=\"https:\/\/www.correiobraziliense.com.br\/cbradar\/wp-content\/uploads\/2025\/03\/Kiribati_1741869628240.jpg\" \/>\n\t<meta property=\"og:image:width\" content=\"1280\" \/>\n\t<meta property=\"og:image:height\" content=\"720\" \/>\n\t<meta property=\"og:image:type\" content=\"image\/jpeg\" \/>\n<meta name=\"author\" content=\"Larissa Carvalho\" \/>\n<meta name=\"twitter:card\" content=\"summary_large_image\" \/>\n<meta name=\"twitter:label1\" content=\"Escrito por\" \/>\n\t<meta name=\"twitter:data1\" content=\"Larissa Carvalho\" \/>\n\t<meta name=\"twitter:label2\" content=\"Est. tempo de leitura\" \/>\n\t<meta name=\"twitter:data2\" content=\"4 minutos\" \/>\n<!-- \/ Yoast SEO plugin. -->","yoast_head_json":{"title":"Conhe\u00e7a a cidade onde os rel\u00f3gios n\u00e3o fazem sentido","description":"Em Kiribati, uma linha internacional de dados faz com que o hor\u00e1rio mude drasticamente de uma ilha para outra.","robots":{"index":"index","follow":"follow","max-snippet":"max-snippet:-1","max-image-preview":"max-image-preview:large","max-video-preview":"max-video-preview:-1"},"canonical":"https:\/\/www.correiobraziliense.com.br\/cbradar\/conheca-a-cidade-onde-os-relogios-nao-fazem-sentido\/","og_locale":"pt_BR","og_type":"article","og_title":"Conhe\u00e7a a cidade onde os rel\u00f3gios n\u00e3o fazem sentido","og_description":"Em Kiribati, uma linha internacional de dados faz com que o hor\u00e1rio mude drasticamente de uma ilha para outra.","og_url":"https:\/\/www.correiobraziliense.com.br\/cbradar\/conheca-a-cidade-onde-os-relogios-nao-fazem-sentido\/","og_site_name":"Correio Braziliense - Radar","article_published_time":"2025-03-16T01:50:00+00:00","og_image":[{"width":1280,"height":720,"url":"https:\/\/www.correiobraziliense.com.br\/cbradar\/wp-content\/uploads\/2025\/03\/Kiribati_1741869628240.jpg","type":"image\/jpeg"}],"author":"Larissa Carvalho","twitter_card":"summary_large_image","twitter_misc":{"Escrito por":"Larissa Carvalho","Est. tempo de leitura":"4 minutos"},"schema":{"@context":"https:\/\/schema.org","@graph":[{"@type":"WebPage","@id":"https:\/\/www.correiobraziliense.com.br\/cbradar\/conheca-a-cidade-onde-os-relogios-nao-fazem-sentido\/","url":"https:\/\/www.correiobraziliense.com.br\/cbradar\/conheca-a-cidade-onde-os-relogios-nao-fazem-sentido\/","name":"Conhe\u00e7a a cidade onde os rel\u00f3gios n\u00e3o fazem sentido","isPartOf":{"@id":"https:\/\/www.correiobraziliense.com.br\/cbradar\/#website"},"primaryImageOfPage":{"@id":"https:\/\/www.correiobraziliense.com.br\/cbradar\/conheca-a-cidade-onde-os-relogios-nao-fazem-sentido\/#primaryimage"},"image":{"@id":"https:\/\/www.correiobraziliense.com.br\/cbradar\/conheca-a-cidade-onde-os-relogios-nao-fazem-sentido\/#primaryimage"},"thumbnailUrl":"https:\/\/www.correiobraziliense.com.br\/cbradar\/wp-content\/uploads\/2025\/03\/Kiribati_1741869628240.jpg","datePublished":"2025-03-16T01:50:00+00:00","author":{"@id":"https:\/\/www.correiobraziliense.com.br\/cbradar\/#\/schema\/person\/58422787644df994b53a19d3e56c1513"},"description":"Em Kiribati, uma linha internacional de dados faz com que o hor\u00e1rio mude drasticamente de uma ilha para outra.","breadcrumb":{"@id":"https:\/\/www.correiobraziliense.com.br\/cbradar\/conheca-a-cidade-onde-os-relogios-nao-fazem-sentido\/#breadcrumb"},"inLanguage":"pt-BR","potentialAction":[{"@type":"ReadAction","target":["https:\/\/www.correiobraziliense.com.br\/cbradar\/conheca-a-cidade-onde-os-relogios-nao-fazem-sentido\/"]}]},{"@type":"ImageObject","inLanguage":"pt-BR","@id":"https:\/\/www.correiobraziliense.com.br\/cbradar\/conheca-a-cidade-onde-os-relogios-nao-fazem-sentido\/#primaryimage","url":"https:\/\/www.correiobraziliense.com.br\/cbradar\/wp-content\/uploads\/2025\/03\/Kiribati_1741869628240.jpg","contentUrl":"https:\/\/www.correiobraziliense.com.br\/cbradar\/wp-content\/uploads\/2025\/03\/Kiribati_1741869628240.jpg","width":1280,"height":720,"caption":"Kiribati. Cr\u00e9ditos: depositphotos.com \/ trentinness@hotmail.com"},{"@type":"BreadcrumbList","@id":"https:\/\/www.correiobraziliense.com.br\/cbradar\/conheca-a-cidade-onde-os-relogios-nao-fazem-sentido\/#breadcrumb","itemListElement":[{"@type":"ListItem","position":1,"name":"In\u00edcio","item":"https:\/\/www.correiobraziliense.com.br\/cbradar\/"},{"@type":"ListItem","position":2,"name":"Conhe\u00e7a a cidade onde os rel\u00f3gios n\u00e3o fazem sentido"}]},{"@type":"WebSite","@id":"https:\/\/www.correiobraziliense.com.br\/cbradar\/#website","url":"https:\/\/www.correiobraziliense.com.br\/cbradar\/","name":"Correio Braziliense - Radar","description":"Acompanhe as \u00faltimas not\u00edcias e fique bem informado sobre tudo o que acontece no Brasil e no mundo.","potentialAction":[{"@type":"SearchAction","target":{"@type":"EntryPoint","urlTemplate":"https:\/\/www.correiobraziliense.com.br\/cbradar\/?s={search_term_string}"},"query-input":{"@type":"PropertyValueSpecification","valueRequired":true,"valueName":"search_term_string"}}],"inLanguage":"pt-BR"},{"@type":"Person","@id":"https:\/\/www.correiobraziliense.com.br\/cbradar\/#\/schema\/person\/58422787644df994b53a19d3e56c1513","name":"Larissa Carvalho","image":{"@type":"ImageObject","inLanguage":"pt-BR","@id":"https:\/\/www.correiobraziliense.com.br\/cbradar\/#\/schema\/person\/image\/","url":"https:\/\/secure.gravatar.com\/avatar\/fe4f91a0de32b52a838d0d612abdc1aa?s=96&d=mm&r=g","contentUrl":"https:\/\/secure.gravatar.com\/avatar\/fe4f91a0de32b52a838d0d612abdc1aa?s=96&d=mm&r=g","caption":"Larissa Carvalho"},"url":"https:\/\/www.correiobraziliense.com.br\/cbradar\/author\/larissamyth\/"}]}},"_links":{"self":[{"href":"https:\/\/www.correiobraziliense.com.br\/cbradar\/wp-json\/wp\/v2\/posts\/12108","targetHints":{"allow":["GET"]}}],"collection":[{"href":"https:\/\/www.correiobraziliense.com.br\/cbradar\/wp-json\/wp\/v2\/posts"}],"about":[{"href":"https:\/\/www.correiobraziliense.com.br\/cbradar\/wp-json\/wp\/v2\/types\/post"}],"author":[{"embeddable":true,"href":"https:\/\/www.correiobraziliense.com.br\/cbradar\/wp-json\/wp\/v2\/users\/3"}],"replies":[{"embeddable":true,"href":"https:\/\/www.correiobraziliense.com.br\/cbradar\/wp-json\/wp\/v2\/comments?post=12108"}],"version-history":[{"count":1,"href":"https:\/\/www.correiobraziliense.com.br\/cbradar\/wp-json\/wp\/v2\/posts\/12108\/revisions"}],"predecessor-version":[{"id":12113,"href":"https:\/\/www.correiobraziliense.com.br\/cbradar\/wp-json\/wp\/v2\/posts\/12108\/revisions\/12113"}],"wp:featuredmedia":[{"embeddable":true,"href":"https:\/\/www.correiobraziliense.com.br\/cbradar\/wp-json\/wp\/v2\/media\/12111"}],"wp:attachment":[{"href":"https:\/\/www.correiobraziliense.com.br\/cbradar\/wp-json\/wp\/v2\/media?parent=12108"}],"wp:term":[{"taxonomy":"category","embeddable":true,"href":"https:\/\/www.correiobraziliense.com.br\/cbradar\/wp-json\/wp\/v2\/categories?post=12108"},{"taxonomy":"post_tag","embeddable":true,"href":"https:\/\/www.correiobraziliense.com.br\/cbradar\/wp-json\/wp\/v2\/post_tag?post=12108"}],"curies":[{"name":"wp","href":"https:\/\/api.w.org\/{rel}","templated":true}]}}