{"id":121133,"date":"2025-10-18T06:25:00","date_gmt":"2025-10-18T09:25:00","guid":{"rendered":"https:\/\/www.correiobraziliense.com.br\/cbradar\/?p=121133"},"modified":"2025-10-17T15:15:56","modified_gmt":"2025-10-17T18:15:56","slug":"essa-fruta-doce-ajuda-na-digestao-e-fortalece-a-imunidade","status":"publish","type":"post","link":"https:\/\/www.correiobraziliense.com.br\/cbradar\/essa-fruta-doce-ajuda-na-digestao-e-fortalece-a-imunidade\/","title":{"rendered":"Essa fruta doce ajuda na digest\u00e3o e fortalece a imunidade"},"content":{"rendered":"\n<p>A <strong>N\u00easpera<\/strong>, conhecida cientificamente como\u00a0<em>Eriobotrya japonica<\/em>, \u00e9 uma fruta origin\u00e1ria da China que conquistou admiradores ao redor do mundo gra\u00e7as ao seu sabor doce e levemente \u00e1cido. Este fruto \u00e9 valorizado tanto por seu sabor distinto quanto por seu perfil nutricional, tornando-se uma escolha popular para quem busca enriquecer a dieta com nutrientes essenciais.<\/p>\n\n\n\n<p>Rica em vitamina C, a N\u00easpera funciona como um poderoso antioxidante, auxiliando na prote\u00e7\u00e3o do organismo contra diversas doen\u00e7as ao fortalecer o sistema imunol\u00f3gico. Al\u00e9m disso, ela \u00e9 uma excelente fonte de fibras, que desempenham um papel vital na promo\u00e7\u00e3o de uma digest\u00e3o saud\u00e1vel e ajudam a manter a sensa\u00e7\u00e3o de saciedade por mais tempo, influenciando positivamente o controle do peso.<\/p>\n\n\n\n<h2 class=\"wp-block-heading\">Como iniciar o cultivo de N\u00easpera em casa?<\/h2>\n\n\n\n<p>O cultivo de nespereiras em casa \u00e9 um projeto apaixonante para os amantes de jardinagem. Apesar de seu crescimento preferencial em climas quentes, a N\u00easpera pode ser cultivada em diversos ambientes com o manejo adequado. Escolher um espa\u00e7o que receba luz direta do sol \u00e9 crucial, pois \u00e9 sob a luz solar que a planta prospera e desenvolve frutos saud\u00e1veis.<\/p>\n\n\n\n<p>Preparar um solo nutritivo e bem drenado \u00e9 fundamental para o plantio. A nespereira necessita de solo que impe\u00e7a o excesso de ac\u00famulo de \u00e1gua, e a incorpora\u00e7\u00e3o de compostagem pode ajudar a enriquecer o terreno com os nutrientes necess\u00e1rios.<\/p>\n\n\n\n<h2 class=\"wp-block-heading\">Quais s\u00e3o os cuidados essenciais para o cultivo de n\u00easperas?<\/h2>\n\n\n\n<p>A irriga\u00e7\u00e3o \u00e9 um dos pontos chave no cuidado com a nespereira, devendo-se manter o solo constantemente \u00famido, mas n\u00e3o encharcado. Isso \u00e9 especialmente importante em regi\u00f5es que enfrentam longas secas. Em regi\u00f5es de clima mais frio e ventoso, oferecer prote\u00e7\u00e3o contra ventos fortes pode evitar danos estruturais \u00e0 planta.<\/p>\n\n\n<div class=\"wp-block-image\">\n<figure class=\"aligncenter size-large\"><img decoding=\"async\" width=\"1024\" height=\"576\" src=\"https:\/\/www.correiobraziliense.com.br\/cbradar\/wp-content\/uploads\/2025\/09\/loquat_1757288697693-1024x576.jpg\" alt=\"\" class=\"wp-image-100414\" srcset=\"https:\/\/www.correiobraziliense.com.br\/cbradar\/wp-content\/uploads\/2025\/09\/loquat_1757288697693-1024x576.jpg 1024w, https:\/\/www.correiobraziliense.com.br\/cbradar\/wp-content\/uploads\/2025\/09\/loquat_1757288697693-300x169.jpg 300w, https:\/\/www.correiobraziliense.com.br\/cbradar\/wp-content\/uploads\/2025\/09\/loquat_1757288697693-768x432.jpg 768w, https:\/\/www.correiobraziliense.com.br\/cbradar\/wp-content\/uploads\/2025\/09\/loquat_1757288697693-750x422.jpg 750w, https:\/\/www.correiobraziliense.com.br\/cbradar\/wp-content\/uploads\/2025\/09\/loquat_1757288697693-1140x641.jpg 1140w, https:\/\/www.correiobraziliense.com.br\/cbradar\/wp-content\/uploads\/2025\/09\/loquat_1757288697693.jpg 1280w\" sizes=\"(max-width: 1024px) 100vw, 1024px\" \/><figcaption class=\"wp-element-caption\">N\u00easpera &#8211; Cr\u00e9ditos: depositphotos.com \/ membio<\/figcaption><\/figure><\/div>\n\n\n<p>Outro cuidado essencial \u00e9 a remo\u00e7\u00e3o de ervas daninhas, que competem pelos mesmos nutrientes do solo, prejudicando o desenvolvimento da nespereira. Manter essa pr\u00e1tica garante que todos os recursos do solo sejam dirigidos exclusivamente para a planta, incentivando seu crescimento saud\u00e1vel.<\/p>\n\n\n\n<h2 class=\"wp-block-heading\">De que maneiras a N\u00easpera pode ser aproveitada na culin\u00e1ria?<\/h2>\n\n\n\n<p>Na cozinha, a N\u00easpera demonstra grande versatilidade, podendo ser apreciada diretamente ou em prepara\u00e7\u00f5es variadas. Compotas e geleias feitas com N\u00easpera oferecem um sabor doce e ex\u00f3tico que complementa bem diversas sobremesas. A fruta tamb\u00e9m pode ser incorporada em saladas, adicionado um toque inusitado a pratos principais, ou mesmo em bebidas, emprestando um sabor refrescante e distinto.<\/p>\n\n\n\n<p>Incluir N\u00easperas na dieta \u00e9 uma maneira eficaz de diversificar a alimenta\u00e7\u00e3o enquanto se usufrui de seus benef\u00edcios nutricionais, proporcionando novas experi\u00eancias gastron\u00f4micas que agradam at\u00e9 os paladares mais exigentes.<\/p>\n\n\n\n<h2 class=\"wp-block-heading\">Qual \u00e9 a experi\u00eancia de cultivar nespereiras em casa?<\/h2>\n\n\n\n<p>O ato de colher n\u00easperas do pr\u00f3prio quintal n\u00e3o s\u00f3 traz os benef\u00edcios de consumir uma fruta fresca, mas tamb\u00e9m proporciona uma conex\u00e3o \u00edntima com a natureza. Cuidar de uma nespereira \u00e9 mais do que um projeto de jardinagem; \u00e9 uma oportunidade de se envolver de forma mais profunda com o <a href=\"https:\/\/www.correiobraziliense.com.br\/cbradar\/a-moda-do-skincare-infantil-que-preocupa-dermatologistas\/\" target=\"_blank\" rel=\"noreferrer noopener\">ambiente<\/a>.<\/p>\n\n\n\n<p>Muitas pessoas que decidem cultivar nespereiras em casa relatam uma experi\u00eancia satisfat\u00f3ria, mencionando a beleza da \u00e1rvore e a satisfa\u00e7\u00e3o de poder saborear os frutos que cultivaram. Assim, a nespereira refor\u00e7a a ideia de um estilo de vida mais saud\u00e1vel e sustent\u00e1vel, combinado com o prazer de plantar algo com as pr\u00f3prias m\u00e3os.<\/p>\n\n\n<a href=\"https:\/\/www.instagram.com\/dra.annaluisabf\/\" target=\"_blank\" rel=\"noopener\" style=\"text-decoration: none; color: inherit;\">\n    <span style=\"display: inline-block; border: 1px solid #ccc; border-radius: 10px; padding: 15px; max-width: 550px; font-family: sans-serif; box-shadow: 0 2px 5px rgba(0,0,0,0.1); width: 100%;\">\n\n      <!-- T\u00edtulo -->\n      <span style=\"display: block; margin: 0 0 15px 0; font-weight: bold; color: #2c3e50; text-align: center;\">\n        Entre em contato:\n      <\/span>\n\n      <!-- Linha do perfil -->\n      <span style=\"display: flex; align-items: center; gap: 15px;\">\n        <img decoding=\"async\"\n          src=\"https:\/\/www.correiobraziliense.com.br\/cbradar\/wp-content\/uploads\/2025\/08\/dra_anna_luisa.jpeg\"\n          alt=\"Foto da Dra. Anna Lu\u00edsa\"\n          style=\"border-radius: 50%; width: 80px; height: 80px; object-fit: cover;\"\n        \/>\n        <span style=\"display: flex; flex-direction: column;\">\n          <span style=\"font-size: 18px; font-weight: 700; color: #2c3e50;\">Dra. Anna Lu\u00edsa Barbosa Fernandes<\/span>\n          <span style=\"color: #555;\">CRM-GO 33.271<\/span>\n        <\/span>\n      <\/span>\n\n      <!-- Redes -->\n      <span style=\"display: flex; align-items: center; gap: 10px; margin-top: 12px;\">\n        <img decoding=\"async\" src=\"https:\/\/cdn-icons-png.flaticon.com\/24\/1384\/1384063.png\" alt=\"Instagram\" width=\"24\" height=\"24\" \/>\n        <span style=\"text-decoration: underline; color: #2c3e50;\">@dra.annaluisabf<\/span>\n      <\/span>\n\n    <\/span>\n  <\/a>","protected":false},"excerpt":{"rendered":"<p>A N\u00easpera, conhecida cientificamente como\u00a0Eriobotrya japonica, \u00e9 uma fruta origin\u00e1ria da China que conquistou admiradores ao redor do mundo gra\u00e7as ao seu sabor doce e levemente \u00e1cido. Este fruto \u00e9 valorizado tanto por seu sabor distinto quanto por seu perfil nutricional, tornando-se uma escolha popular para quem busca enriquecer a dieta com nutrientes essenciais. Rica [&hellip;]<\/p>\n","protected":false},"author":14,"featured_media":92945,"comment_status":"open","ping_status":"open","sticky":false,"template":"","format":"standard","meta":{"_yoast_wpseo_focuskw":"N\u00easpera","_yoast_wpseo_title":"","_yoast_wpseo_metadesc":"A n\u00easpera \u00e9 rica em fibras e vitamina C, f\u00e1cil de cultivar e cheia de sabor. Veja como incluir essa fruta na sua rotina e no seu quintal","jnews-multi-image_gallery":[],"jnews_single_post":{"format":"standard"},"jnews_primary_category":[],"jnews_social_meta":[],"jnews_override_counter":[],"footnotes":""},"categories":[4404],"post_tag":[1423,120,1318],"class_list":["post-121133","post","type-post","status-publish","format-standard","has-post-thumbnail","hentry","category-saude","tag-alimentos","tag-bem-estar","tag-saude-2"],"yoast_head":"<!-- This site is optimized with the Yoast SEO plugin v24.6 - https:\/\/yoast.com\/wordpress\/plugins\/seo\/ -->\n<title>Essa fruta doce ajuda na digest\u00e3o e fortalece a imunidade - Correio Braziliense - Radar<\/title>\n<meta name=\"description\" content=\"A n\u00easpera \u00e9 rica em fibras e vitamina C, f\u00e1cil de cultivar e cheia de sabor. Veja como incluir essa fruta na sua rotina e no seu quintal\" \/>\n<meta name=\"robots\" content=\"index, follow, max-snippet:-1, max-image-preview:large, max-video-preview:-1\" \/>\n<link rel=\"canonical\" href=\"https:\/\/www.correiobraziliense.com.br\/cbradar\/essa-fruta-doce-ajuda-na-digestao-e-fortalece-a-imunidade\/\" \/>\n<meta property=\"og:locale\" content=\"pt_BR\" \/>\n<meta property=\"og:type\" content=\"article\" \/>\n<meta property=\"og:title\" content=\"Essa fruta doce ajuda na digest\u00e3o e fortalece a imunidade - Correio Braziliense - Radar\" \/>\n<meta property=\"og:description\" content=\"A n\u00easpera \u00e9 rica em fibras e vitamina C, f\u00e1cil de cultivar e cheia de sabor. Veja como incluir essa fruta na sua rotina e no seu quintal\" \/>\n<meta property=\"og:url\" content=\"https:\/\/www.correiobraziliense.com.br\/cbradar\/essa-fruta-doce-ajuda-na-digestao-e-fortalece-a-imunidade\/\" \/>\n<meta property=\"og:site_name\" content=\"Correio Braziliense - Radar\" \/>\n<meta property=\"article:published_time\" content=\"2025-10-18T09:25:00+00:00\" \/>\n<meta property=\"og:image\" content=\"https:\/\/www.correiobraziliense.com.br\/cbradar\/wp-content\/uploads\/2025\/08\/loquat_1756132379949.jpg\" \/>\n\t<meta property=\"og:image:width\" content=\"1280\" \/>\n\t<meta property=\"og:image:height\" content=\"720\" \/>\n\t<meta property=\"og:image:type\" content=\"image\/jpeg\" \/>\n<meta name=\"author\" content=\"guilherme_saude\" \/>\n<meta name=\"twitter:card\" content=\"summary_large_image\" \/>\n<meta name=\"twitter:label1\" content=\"Escrito por\" \/>\n\t<meta name=\"twitter:data1\" content=\"guilherme_saude\" \/>\n\t<meta name=\"twitter:label2\" content=\"Est. tempo de leitura\" \/>\n\t<meta name=\"twitter:data2\" content=\"4 minutos\" \/>\n<!-- \/ Yoast SEO plugin. -->","yoast_head_json":{"title":"Essa fruta doce ajuda na digest\u00e3o e fortalece a imunidade - Correio Braziliense - Radar","description":"A n\u00easpera \u00e9 rica em fibras e vitamina C, f\u00e1cil de cultivar e cheia de sabor. Veja como incluir essa fruta na sua rotina e no seu quintal","robots":{"index":"index","follow":"follow","max-snippet":"max-snippet:-1","max-image-preview":"max-image-preview:large","max-video-preview":"max-video-preview:-1"},"canonical":"https:\/\/www.correiobraziliense.com.br\/cbradar\/essa-fruta-doce-ajuda-na-digestao-e-fortalece-a-imunidade\/","og_locale":"pt_BR","og_type":"article","og_title":"Essa fruta doce ajuda na digest\u00e3o e fortalece a imunidade - Correio Braziliense - Radar","og_description":"A n\u00easpera \u00e9 rica em fibras e vitamina C, f\u00e1cil de cultivar e cheia de sabor. Veja como incluir essa fruta na sua rotina e no seu quintal","og_url":"https:\/\/www.correiobraziliense.com.br\/cbradar\/essa-fruta-doce-ajuda-na-digestao-e-fortalece-a-imunidade\/","og_site_name":"Correio Braziliense - Radar","article_published_time":"2025-10-18T09:25:00+00:00","og_image":[{"width":1280,"height":720,"url":"https:\/\/www.correiobraziliense.com.br\/cbradar\/wp-content\/uploads\/2025\/08\/loquat_1756132379949.jpg","type":"image\/jpeg"}],"author":"guilherme_saude","twitter_card":"summary_large_image","twitter_misc":{"Escrito por":"guilherme_saude","Est. tempo de leitura":"4 minutos"},"schema":{"@context":"https:\/\/schema.org","@graph":[{"@type":"WebPage","@id":"https:\/\/www.correiobraziliense.com.br\/cbradar\/essa-fruta-doce-ajuda-na-digestao-e-fortalece-a-imunidade\/","url":"https:\/\/www.correiobraziliense.com.br\/cbradar\/essa-fruta-doce-ajuda-na-digestao-e-fortalece-a-imunidade\/","name":"Essa fruta doce ajuda na digest\u00e3o e fortalece a imunidade - Correio Braziliense - Radar","isPartOf":{"@id":"https:\/\/www.correiobraziliense.com.br\/cbradar\/#website"},"primaryImageOfPage":{"@id":"https:\/\/www.correiobraziliense.com.br\/cbradar\/essa-fruta-doce-ajuda-na-digestao-e-fortalece-a-imunidade\/#primaryimage"},"image":{"@id":"https:\/\/www.correiobraziliense.com.br\/cbradar\/essa-fruta-doce-ajuda-na-digestao-e-fortalece-a-imunidade\/#primaryimage"},"thumbnailUrl":"https:\/\/www.correiobraziliense.com.br\/cbradar\/wp-content\/uploads\/2025\/08\/loquat_1756132379949.jpg","datePublished":"2025-10-18T09:25:00+00:00","author":{"@id":"https:\/\/www.correiobraziliense.com.br\/cbradar\/#\/schema\/person\/5aa4bf3c8fa699c267933611de12978b"},"description":"A n\u00easpera \u00e9 rica em fibras e vitamina C, f\u00e1cil de cultivar e cheia de sabor. Veja como incluir essa fruta na sua rotina e no seu quintal","breadcrumb":{"@id":"https:\/\/www.correiobraziliense.com.br\/cbradar\/essa-fruta-doce-ajuda-na-digestao-e-fortalece-a-imunidade\/#breadcrumb"},"inLanguage":"pt-BR","potentialAction":[{"@type":"ReadAction","target":["https:\/\/www.correiobraziliense.com.br\/cbradar\/essa-fruta-doce-ajuda-na-digestao-e-fortalece-a-imunidade\/"]}]},{"@type":"ImageObject","inLanguage":"pt-BR","@id":"https:\/\/www.correiobraziliense.com.br\/cbradar\/essa-fruta-doce-ajuda-na-digestao-e-fortalece-a-imunidade\/#primaryimage","url":"https:\/\/www.correiobraziliense.com.br\/cbradar\/wp-content\/uploads\/2025\/08\/loquat_1756132379949.jpg","contentUrl":"https:\/\/www.correiobraziliense.com.br\/cbradar\/wp-content\/uploads\/2025\/08\/loquat_1756132379949.jpg","width":1280,"height":720,"caption":"N\u00easpera - Cr\u00e9ditos: depositphotos.com \/ francescomoufotografo"},{"@type":"BreadcrumbList","@id":"https:\/\/www.correiobraziliense.com.br\/cbradar\/essa-fruta-doce-ajuda-na-digestao-e-fortalece-a-imunidade\/#breadcrumb","itemListElement":[{"@type":"ListItem","position":1,"name":"In\u00edcio","item":"https:\/\/www.correiobraziliense.com.br\/cbradar\/"},{"@type":"ListItem","position":2,"name":"Essa fruta doce ajuda na digest\u00e3o e fortalece a imunidade"}]},{"@type":"WebSite","@id":"https:\/\/www.correiobraziliense.com.br\/cbradar\/#website","url":"https:\/\/www.correiobraziliense.com.br\/cbradar\/","name":"Correio Braziliense - Radar","description":"Acompanhe as \u00faltimas not\u00edcias e fique bem informado sobre tudo o que acontece no Brasil e no mundo.","potentialAction":[{"@type":"SearchAction","target":{"@type":"EntryPoint","urlTemplate":"https:\/\/www.correiobraziliense.com.br\/cbradar\/?s={search_term_string}"},"query-input":{"@type":"PropertyValueSpecification","valueRequired":true,"valueName":"search_term_string"}}],"inLanguage":"pt-BR"},{"@type":"Person","@id":"https:\/\/www.correiobraziliense.com.br\/cbradar\/#\/schema\/person\/5aa4bf3c8fa699c267933611de12978b","name":"guilherme_saude","image":{"@type":"ImageObject","inLanguage":"pt-BR","@id":"https:\/\/www.correiobraziliense.com.br\/cbradar\/#\/schema\/person\/image\/","url":"https:\/\/secure.gravatar.com\/avatar\/df9adfb835d344bc0af109d41756253f?s=96&d=mm&r=g","contentUrl":"https:\/\/secure.gravatar.com\/avatar\/df9adfb835d344bc0af109d41756253f?s=96&d=mm&r=g","caption":"guilherme_saude"},"url":"https:\/\/www.correiobraziliense.com.br\/cbradar\/author\/guilherme_saude\/"}]}},"_links":{"self":[{"href":"https:\/\/www.correiobraziliense.com.br\/cbradar\/wp-json\/wp\/v2\/posts\/121133","targetHints":{"allow":["GET"]}}],"collection":[{"href":"https:\/\/www.correiobraziliense.com.br\/cbradar\/wp-json\/wp\/v2\/posts"}],"about":[{"href":"https:\/\/www.correiobraziliense.com.br\/cbradar\/wp-json\/wp\/v2\/types\/post"}],"author":[{"embeddable":true,"href":"https:\/\/www.correiobraziliense.com.br\/cbradar\/wp-json\/wp\/v2\/users\/14"}],"replies":[{"embeddable":true,"href":"https:\/\/www.correiobraziliense.com.br\/cbradar\/wp-json\/wp\/v2\/comments?post=121133"}],"version-history":[{"count":1,"href":"https:\/\/www.correiobraziliense.com.br\/cbradar\/wp-json\/wp\/v2\/posts\/121133\/revisions"}],"predecessor-version":[{"id":121159,"href":"https:\/\/www.correiobraziliense.com.br\/cbradar\/wp-json\/wp\/v2\/posts\/121133\/revisions\/121159"}],"wp:featuredmedia":[{"embeddable":true,"href":"https:\/\/www.correiobraziliense.com.br\/cbradar\/wp-json\/wp\/v2\/media\/92945"}],"wp:attachment":[{"href":"https:\/\/www.correiobraziliense.com.br\/cbradar\/wp-json\/wp\/v2\/media?parent=121133"}],"wp:term":[{"taxonomy":"category","embeddable":true,"href":"https:\/\/www.correiobraziliense.com.br\/cbradar\/wp-json\/wp\/v2\/categories?post=121133"},{"taxonomy":"post_tag","embeddable":true,"href":"https:\/\/www.correiobraziliense.com.br\/cbradar\/wp-json\/wp\/v2\/post_tag?post=121133"}],"curies":[{"name":"wp","href":"https:\/\/api.w.org\/{rel}","templated":true}]}}