{"id":121163,"date":"2025-10-18T11:05:00","date_gmt":"2025-10-18T14:05:00","guid":{"rendered":"https:\/\/www.correiobraziliense.com.br\/cbradar\/?p=121163"},"modified":"2025-10-17T15:29:49","modified_gmt":"2025-10-17T18:29:49","slug":"pomadas-para-picadas-que-aliviam-rapido-e-sem-riscos","status":"publish","type":"post","link":"https:\/\/www.correiobraziliense.com.br\/cbradar\/pomadas-para-picadas-que-aliviam-rapido-e-sem-riscos\/","title":{"rendered":"Pomadas para picadas que aliviam r\u00e1pido e sem riscos"},"content":{"rendered":"\n<p>Durante per\u00edodos de calor, a incid\u00eancia de <strong>Picadas de Insetos<\/strong> torna-se mais frequente, gerando desconforto que varia de leve irrita\u00e7\u00e3o a incha\u00e7os intensos. A utiliza\u00e7\u00e3o de pomadas espec\u00edficas \u00e9 uma estrat\u00e9gia comum para reduzir os sintomas associados a essas picadas, promovendo al\u00edvio eficaz por meio de compostos que possuem propriedades calmantes e anti-inflamat\u00f3rias.<\/p>\n\n\n\n<p>A diversidade de pomadas dispon\u00edveis no mercado varia desde produtos de venda livre at\u00e9 aqueles que demandam orienta\u00e7\u00e3o m\u00e9dica, algo essencial para tratar rea\u00e7\u00f5es mais significativas. Escolher o tratamento adequado para cada situa\u00e7\u00e3o depende das caracter\u00edsticas dos ingredientes e do perfil do usu\u00e1rio.<\/p>\n\n\n\n<h2 class=\"wp-block-heading\">Quais os componentes cl\u00e1ssicos presentes nas pomadas?<\/h2>\n\n\n\n<p>Ingredientes ativos s\u00e3o fundamentais na efic\u00e1cia das pomadas para controle de sintomas relacionados a Picadas de Insetos. Entre os mais utilizados est\u00e3o o maleato de dexclorfeniramina, conhecido por sua a\u00e7\u00e3o contra a coceira, e a dexametasona, que reduz a inflama\u00e7\u00e3o. Outros compostos, como a prometazina e o cloridrato de isotipendil, tamb\u00e9m s\u00e3o comuns e atuam em diferentes aspectos da resposta cut\u00e2nea.<\/p>\n\n\n\n<p>Cada um desses componentes desempenha um papel importante na mitiga\u00e7\u00e3o dos sintomas, permitindo que a pele recupere sua condi\u00e7\u00e3o normal sem o inc\u00f4modo provocado pelas picadas. No entanto, \u00e9 essencial utilizar essas pomadas conforme indicado e estar ciente de qualquer contraindica\u00e7\u00e3o.<\/p>\n\n\n\n<h2 class=\"wp-block-heading\">Como tomar cuidados especiais para a pele delicada de beb\u00eas?<\/h2>\n\n\n\n<p>Em crian\u00e7as pequenas, especialmente beb\u00eas, a escolha de uma pomada deve ser cuidadosa. Produtos \u00e0 base de azuleno, alfa-bisabolol ou calamina s\u00e3o preferidos devido \u00e0 sua formula\u00e7\u00e3o suave, que minimiza riscos de irrita\u00e7\u00e3o adicional. \u00c9 aconselh\u00e1vel evitar subst\u00e2ncias como c\u00e2nfora, potencialmente prejudiciais para essa faixa et\u00e1ria, e sempre considerar medidas adicionais como o uso de compressas frias.<\/p>\n\n\n<div class=\"wp-block-image\">\n<figure class=\"aligncenter size-large\"><img decoding=\"async\" width=\"1024\" height=\"576\" src=\"https:\/\/www.correiobraziliense.com.br\/cbradar\/wp-content\/uploads\/2025\/06\/Picadas-de-Insetos_1749387653863-1024x576.jpg\" alt=\"\" class=\"wp-image-50036\" srcset=\"https:\/\/www.correiobraziliense.com.br\/cbradar\/wp-content\/uploads\/2025\/06\/Picadas-de-Insetos_1749387653863-1024x576.jpg 1024w, https:\/\/www.correiobraziliense.com.br\/cbradar\/wp-content\/uploads\/2025\/06\/Picadas-de-Insetos_1749387653863-300x169.jpg 300w, https:\/\/www.correiobraziliense.com.br\/cbradar\/wp-content\/uploads\/2025\/06\/Picadas-de-Insetos_1749387653863-768x432.jpg 768w, https:\/\/www.correiobraziliense.com.br\/cbradar\/wp-content\/uploads\/2025\/06\/Picadas-de-Insetos_1749387653863-750x422.jpg 750w, https:\/\/www.correiobraziliense.com.br\/cbradar\/wp-content\/uploads\/2025\/06\/Picadas-de-Insetos_1749387653863-1140x641.jpg 1140w, https:\/\/www.correiobraziliense.com.br\/cbradar\/wp-content\/uploads\/2025\/06\/Picadas-de-Insetos_1749387653863.jpg 1280w\" sizes=\"(max-width: 1024px) 100vw, 1024px\" \/><figcaption class=\"wp-element-caption\">Picada de inseto &#8211; Cr\u00e9ditos: depositphotos.com \/ weerapat<\/figcaption><\/figure><\/div>\n\n\n<h2 class=\"wp-block-heading\">Como reconhecer sinais de rea\u00e7\u00f5es al\u00e9rgicas significativas?<\/h2>\n\n\n\n<p>Embora a maioria das Picadas de Insetos seja inofensiva, algumas podem levar a rea\u00e7\u00f5es al\u00e9rgicas mais s\u00e9rias, exigindo aten\u00e7\u00e3o m\u00e9dica imediata. Sintomas como dificuldade respirat\u00f3ria e incha\u00e7o exacerbado s\u00e3o sinais de alerta que necessitam de interven\u00e7\u00e3o urgente para evitar complica\u00e7\u00f5es maiores.<\/p>\n\n\n\n<p>Nessas situa\u00e7\u00f5es, \u00e9 crucial estar preparado para agir rapidamente, utilizando medica\u00e7\u00f5es espec\u00edficas sob supervis\u00e3o m\u00e9dica e seguindo as orienta\u00e7\u00f5es de um profissional de <a href=\"https:\/\/www.correiobraziliense.com.br\/cbradar\/a-moda-do-skincare-infantil-que-preocupa-dermatologistas\/\" target=\"_blank\" rel=\"noreferrer noopener\">sa\u00fade <\/a>experiente.<\/p>\n\n\n\n<h2 class=\"wp-block-heading\">Quais as estrat\u00e9gias para prevenir Picadas de Insetos?<\/h2>\n\n\n\n<p>A preven\u00e7\u00e3o continua sendo a maneira mais eficaz de lidar com Picadas de Insetos. Para isso, m\u00e9todos como a aplica\u00e7\u00e3o de repelentes, o uso de roupas adequadas e a instala\u00e7\u00e3o de barreiras f\u00edsicas s\u00e3o recomendados. Quando a preven\u00e7\u00e3o n\u00e3o \u00e9 poss\u00edvel, as pomadas eficazes se tornam uma aliada importante para aliviar o desconforto r\u00e1pido e seguramente.<\/p>\n\n\n\n<p>Compreender a composi\u00e7\u00e3o e o uso adequado das pomadas ajuda a garantir que o tratamento seja seguro e eficiente, prevenindo complica\u00e7\u00f5es e promovendo o bem-estar.<\/p>\n\n\n<a href=\"https:\/\/www.instagram.com\/dra.annaluisabf\/\" target=\"_blank\" rel=\"noopener\" style=\"text-decoration: none; color: inherit;\">\n    <span style=\"display: inline-block; border: 1px solid #ccc; border-radius: 10px; padding: 15px; max-width: 550px; font-family: sans-serif; box-shadow: 0 2px 5px rgba(0,0,0,0.1); width: 100%;\">\n\n      <!-- T\u00edtulo -->\n      <span style=\"display: block; margin: 0 0 15px 0; font-weight: bold; color: #2c3e50; text-align: center;\">\n        Entre em contato:\n      <\/span>\n\n      <!-- Linha do perfil -->\n      <span style=\"display: flex; align-items: center; gap: 15px;\">\n        <img decoding=\"async\"\n          src=\"https:\/\/www.correiobraziliense.com.br\/cbradar\/wp-content\/uploads\/2025\/08\/dra_anna_luisa.jpeg\"\n          alt=\"Foto da Dra. Anna Lu\u00edsa\"\n          style=\"border-radius: 50%; width: 80px; height: 80px; object-fit: cover;\"\n        \/>\n        <span style=\"display: flex; flex-direction: column;\">\n          <span style=\"font-size: 18px; font-weight: 700; color: #2c3e50;\">Dra. Anna Lu\u00edsa Barbosa Fernandes<\/span>\n          <span style=\"color: #555;\">CRM-GO 33.271<\/span>\n        <\/span>\n      <\/span>\n\n      <!-- Redes -->\n      <span style=\"display: flex; align-items: center; gap: 10px; margin-top: 12px;\">\n        <img decoding=\"async\" src=\"https:\/\/cdn-icons-png.flaticon.com\/24\/1384\/1384063.png\" alt=\"Instagram\" width=\"24\" height=\"24\" \/>\n        <span style=\"text-decoration: underline; color: #2c3e50;\">@dra.annaluisabf<\/span>\n      <\/span>\n\n    <\/span>\n  <\/a>","protected":false},"excerpt":{"rendered":"<p>Durante per\u00edodos de calor, a incid\u00eancia de Picadas de Insetos torna-se mais frequente, gerando desconforto que varia de leve irrita\u00e7\u00e3o a incha\u00e7os intensos. A utiliza\u00e7\u00e3o de pomadas espec\u00edficas \u00e9 uma estrat\u00e9gia comum para reduzir os sintomas associados a essas picadas, promovendo al\u00edvio eficaz por meio de compostos que possuem propriedades calmantes e anti-inflamat\u00f3rias. A diversidade [&hellip;]<\/p>\n","protected":false},"author":14,"featured_media":50037,"comment_status":"open","ping_status":"open","sticky":false,"template":"","format":"standard","meta":{"_yoast_wpseo_focuskw":"Picadas de Insetos","_yoast_wpseo_title":"","_yoast_wpseo_metadesc":"Picada de inseto incomodando? Veja quais pomadas usar, como agir em casos al\u00e9rgicos e como prevenir novas picadas com medidas simples.","jnews-multi-image_gallery":[],"jnews_single_post":{"format":"standard"},"jnews_primary_category":[],"jnews_social_meta":[],"jnews_override_counter":[],"footnotes":""},"categories":[4404],"post_tag":[120,1115,1318],"class_list":["post-121163","post","type-post","status-publish","format-standard","has-post-thumbnail","hentry","category-saude","tag-bem-estar","tag-insetos","tag-saude-2"],"yoast_head":"<!-- This site is optimized with the Yoast SEO plugin v24.6 - https:\/\/yoast.com\/wordpress\/plugins\/seo\/ -->\n<title>Pomadas para picadas que aliviam r\u00e1pido e sem riscos - Correio Braziliense - Radar<\/title>\n<meta name=\"description\" content=\"Picada de inseto incomodando? Veja quais pomadas usar, como agir em casos al\u00e9rgicos e como prevenir novas picadas com medidas simples.\" \/>\n<meta name=\"robots\" content=\"index, follow, max-snippet:-1, max-image-preview:large, max-video-preview:-1\" \/>\n<link rel=\"canonical\" href=\"https:\/\/www.correiobraziliense.com.br\/cbradar\/pomadas-para-picadas-que-aliviam-rapido-e-sem-riscos\/\" \/>\n<meta property=\"og:locale\" content=\"pt_BR\" \/>\n<meta property=\"og:type\" content=\"article\" \/>\n<meta property=\"og:title\" content=\"Pomadas para picadas que aliviam r\u00e1pido e sem riscos - Correio Braziliense - Radar\" \/>\n<meta property=\"og:description\" content=\"Picada de inseto incomodando? Veja quais pomadas usar, como agir em casos al\u00e9rgicos e como prevenir novas picadas com medidas simples.\" \/>\n<meta property=\"og:url\" content=\"https:\/\/www.correiobraziliense.com.br\/cbradar\/pomadas-para-picadas-que-aliviam-rapido-e-sem-riscos\/\" \/>\n<meta property=\"og:site_name\" content=\"Correio Braziliense - Radar\" \/>\n<meta property=\"article:published_time\" content=\"2025-10-18T14:05:00+00:00\" \/>\n<meta property=\"og:image\" content=\"https:\/\/www.correiobraziliense.com.br\/cbradar\/wp-content\/uploads\/2025\/06\/Picadas-de-Insetos_1749387767709.jpg\" \/>\n\t<meta property=\"og:image:width\" content=\"1280\" \/>\n\t<meta property=\"og:image:height\" content=\"720\" \/>\n\t<meta property=\"og:image:type\" content=\"image\/jpeg\" \/>\n<meta name=\"author\" content=\"guilherme_saude\" \/>\n<meta name=\"twitter:card\" content=\"summary_large_image\" \/>\n<meta name=\"twitter:label1\" content=\"Escrito por\" \/>\n\t<meta name=\"twitter:data1\" content=\"guilherme_saude\" \/>\n\t<meta name=\"twitter:label2\" content=\"Est. tempo de leitura\" \/>\n\t<meta name=\"twitter:data2\" content=\"4 minutos\" \/>\n<!-- \/ Yoast SEO plugin. -->","yoast_head_json":{"title":"Pomadas para picadas que aliviam r\u00e1pido e sem riscos - Correio Braziliense - Radar","description":"Picada de inseto incomodando? Veja quais pomadas usar, como agir em casos al\u00e9rgicos e como prevenir novas picadas com medidas simples.","robots":{"index":"index","follow":"follow","max-snippet":"max-snippet:-1","max-image-preview":"max-image-preview:large","max-video-preview":"max-video-preview:-1"},"canonical":"https:\/\/www.correiobraziliense.com.br\/cbradar\/pomadas-para-picadas-que-aliviam-rapido-e-sem-riscos\/","og_locale":"pt_BR","og_type":"article","og_title":"Pomadas para picadas que aliviam r\u00e1pido e sem riscos - Correio Braziliense - Radar","og_description":"Picada de inseto incomodando? Veja quais pomadas usar, como agir em casos al\u00e9rgicos e como prevenir novas picadas com medidas simples.","og_url":"https:\/\/www.correiobraziliense.com.br\/cbradar\/pomadas-para-picadas-que-aliviam-rapido-e-sem-riscos\/","og_site_name":"Correio Braziliense - Radar","article_published_time":"2025-10-18T14:05:00+00:00","og_image":[{"width":1280,"height":720,"url":"https:\/\/www.correiobraziliense.com.br\/cbradar\/wp-content\/uploads\/2025\/06\/Picadas-de-Insetos_1749387767709.jpg","type":"image\/jpeg"}],"author":"guilherme_saude","twitter_card":"summary_large_image","twitter_misc":{"Escrito por":"guilherme_saude","Est. tempo de leitura":"4 minutos"},"schema":{"@context":"https:\/\/schema.org","@graph":[{"@type":"WebPage","@id":"https:\/\/www.correiobraziliense.com.br\/cbradar\/pomadas-para-picadas-que-aliviam-rapido-e-sem-riscos\/","url":"https:\/\/www.correiobraziliense.com.br\/cbradar\/pomadas-para-picadas-que-aliviam-rapido-e-sem-riscos\/","name":"Pomadas para picadas que aliviam r\u00e1pido e sem riscos - Correio Braziliense - Radar","isPartOf":{"@id":"https:\/\/www.correiobraziliense.com.br\/cbradar\/#website"},"primaryImageOfPage":{"@id":"https:\/\/www.correiobraziliense.com.br\/cbradar\/pomadas-para-picadas-que-aliviam-rapido-e-sem-riscos\/#primaryimage"},"image":{"@id":"https:\/\/www.correiobraziliense.com.br\/cbradar\/pomadas-para-picadas-que-aliviam-rapido-e-sem-riscos\/#primaryimage"},"thumbnailUrl":"https:\/\/www.correiobraziliense.com.br\/cbradar\/wp-content\/uploads\/2025\/06\/Picadas-de-Insetos_1749387767709.jpg","datePublished":"2025-10-18T14:05:00+00:00","author":{"@id":"https:\/\/www.correiobraziliense.com.br\/cbradar\/#\/schema\/person\/5aa4bf3c8fa699c267933611de12978b"},"description":"Picada de inseto incomodando? Veja quais pomadas usar, como agir em casos al\u00e9rgicos e como prevenir novas picadas com medidas simples.","breadcrumb":{"@id":"https:\/\/www.correiobraziliense.com.br\/cbradar\/pomadas-para-picadas-que-aliviam-rapido-e-sem-riscos\/#breadcrumb"},"inLanguage":"pt-BR","potentialAction":[{"@type":"ReadAction","target":["https:\/\/www.correiobraziliense.com.br\/cbradar\/pomadas-para-picadas-que-aliviam-rapido-e-sem-riscos\/"]}]},{"@type":"ImageObject","inLanguage":"pt-BR","@id":"https:\/\/www.correiobraziliense.com.br\/cbradar\/pomadas-para-picadas-que-aliviam-rapido-e-sem-riscos\/#primaryimage","url":"https:\/\/www.correiobraziliense.com.br\/cbradar\/wp-content\/uploads\/2025\/06\/Picadas-de-Insetos_1749387767709.jpg","contentUrl":"https:\/\/www.correiobraziliense.com.br\/cbradar\/wp-content\/uploads\/2025\/06\/Picadas-de-Insetos_1749387767709.jpg","width":1280,"height":720,"caption":"Picada de insetos- Cr\u00e9ditos: depositphotos.com \/ zoeytoja"},{"@type":"BreadcrumbList","@id":"https:\/\/www.correiobraziliense.com.br\/cbradar\/pomadas-para-picadas-que-aliviam-rapido-e-sem-riscos\/#breadcrumb","itemListElement":[{"@type":"ListItem","position":1,"name":"In\u00edcio","item":"https:\/\/www.correiobraziliense.com.br\/cbradar\/"},{"@type":"ListItem","position":2,"name":"Pomadas para picadas que aliviam r\u00e1pido e sem riscos"}]},{"@type":"WebSite","@id":"https:\/\/www.correiobraziliense.com.br\/cbradar\/#website","url":"https:\/\/www.correiobraziliense.com.br\/cbradar\/","name":"Correio Braziliense - Radar","description":"Acompanhe as \u00faltimas not\u00edcias e fique bem informado sobre tudo o que acontece no Brasil e no mundo.","potentialAction":[{"@type":"SearchAction","target":{"@type":"EntryPoint","urlTemplate":"https:\/\/www.correiobraziliense.com.br\/cbradar\/?s={search_term_string}"},"query-input":{"@type":"PropertyValueSpecification","valueRequired":true,"valueName":"search_term_string"}}],"inLanguage":"pt-BR"},{"@type":"Person","@id":"https:\/\/www.correiobraziliense.com.br\/cbradar\/#\/schema\/person\/5aa4bf3c8fa699c267933611de12978b","name":"guilherme_saude","image":{"@type":"ImageObject","inLanguage":"pt-BR","@id":"https:\/\/www.correiobraziliense.com.br\/cbradar\/#\/schema\/person\/image\/","url":"https:\/\/secure.gravatar.com\/avatar\/df9adfb835d344bc0af109d41756253f?s=96&d=mm&r=g","contentUrl":"https:\/\/secure.gravatar.com\/avatar\/df9adfb835d344bc0af109d41756253f?s=96&d=mm&r=g","caption":"guilherme_saude"},"url":"https:\/\/www.correiobraziliense.com.br\/cbradar\/author\/guilherme_saude\/"}]}},"_links":{"self":[{"href":"https:\/\/www.correiobraziliense.com.br\/cbradar\/wp-json\/wp\/v2\/posts\/121163","targetHints":{"allow":["GET"]}}],"collection":[{"href":"https:\/\/www.correiobraziliense.com.br\/cbradar\/wp-json\/wp\/v2\/posts"}],"about":[{"href":"https:\/\/www.correiobraziliense.com.br\/cbradar\/wp-json\/wp\/v2\/types\/post"}],"author":[{"embeddable":true,"href":"https:\/\/www.correiobraziliense.com.br\/cbradar\/wp-json\/wp\/v2\/users\/14"}],"replies":[{"embeddable":true,"href":"https:\/\/www.correiobraziliense.com.br\/cbradar\/wp-json\/wp\/v2\/comments?post=121163"}],"version-history":[{"count":1,"href":"https:\/\/www.correiobraziliense.com.br\/cbradar\/wp-json\/wp\/v2\/posts\/121163\/revisions"}],"predecessor-version":[{"id":121166,"href":"https:\/\/www.correiobraziliense.com.br\/cbradar\/wp-json\/wp\/v2\/posts\/121163\/revisions\/121166"}],"wp:featuredmedia":[{"embeddable":true,"href":"https:\/\/www.correiobraziliense.com.br\/cbradar\/wp-json\/wp\/v2\/media\/50037"}],"wp:attachment":[{"href":"https:\/\/www.correiobraziliense.com.br\/cbradar\/wp-json\/wp\/v2\/media?parent=121163"}],"wp:term":[{"taxonomy":"category","embeddable":true,"href":"https:\/\/www.correiobraziliense.com.br\/cbradar\/wp-json\/wp\/v2\/categories?post=121163"},{"taxonomy":"post_tag","embeddable":true,"href":"https:\/\/www.correiobraziliense.com.br\/cbradar\/wp-json\/wp\/v2\/post_tag?post=121163"}],"curies":[{"name":"wp","href":"https:\/\/api.w.org\/{rel}","templated":true}]}}