{"id":121164,"date":"2025-10-18T15:25:00","date_gmt":"2025-10-18T18:25:00","guid":{"rendered":"https:\/\/www.correiobraziliense.com.br\/cbradar\/?p=121164"},"modified":"2025-10-17T16:57:41","modified_gmt":"2025-10-17T19:57:41","slug":"a-velocidade-que-voce-anda-com-seu-veiculo-pode-estar-gastando-mais-combustivel-que-o-normal","status":"publish","type":"post","link":"https:\/\/www.correiobraziliense.com.br\/cbradar\/a-velocidade-que-voce-anda-com-seu-veiculo-pode-estar-gastando-mais-combustivel-que-o-normal\/","title":{"rendered":"A velocidade que voc\u00ea anda com seu ve\u00edculo pode estar gastando mais combust\u00edvel que o normal"},"content":{"rendered":"\n<p>Manter uma <strong>velocidade constante<\/strong> ao dirigir \u00e9 fundamental em um cen\u00e1rio onde o <strong>consumo de combust\u00edvel<\/strong> e as quest\u00f5es ambientais ganham cada vez mais import\u00e2ncia. Al\u00e9m do impacto financeiro, o excesso de velocidade pode prejudicar o meio ambiente e reduzir a seguran\u00e7a, tornando essencial equilibrar desempenho, economia e bem-estar.<\/p>\n\n\n\n<h2 class=\"wp-block-heading\">Como a velocidade constante influencia o consumo de combust\u00edvel?<\/h2>\n\n\n\n<p>De acordo com a <strong><a href=\"https:\/\/www.epa.gov\/home\" target=\"_blank\" rel=\"noreferrer noopener\">Ag\u00eancia de Prote\u00e7\u00e3o Ambiental dos EUA (EPA<\/a>)<\/strong> e a <strong><a href=\"https:\/\/www.ocu.org\/\" target=\"_blank\" rel=\"noreferrer noopener\">Organiza\u00e7\u00e3o de Consumidores e Usu\u00e1rios<\/a> <a href=\"https:\/\/www.ocu.org\/\">(OCU)<\/a><\/strong>, pequenos aumentos de velocidade t\u00eam grande impacto no <strong>consumo<\/strong>. Por exemplo, acelerar 10 km\/h acima dos 100 km\/h pode elevar o consumo de combust\u00edvel entre 10% e 15%.<\/p>\n\n\n\n<p>Especialistas recomendam manter a velocidade entre <strong>90 e 110 km\/h<\/strong> para alcan\u00e7ar efici\u00eancia, conforto e seguran\u00e7a ideal. Esse cuidado, aliado \u00e0 aten\u00e7\u00e3o \u00e0s condi\u00e7\u00f5es de tr\u00e1fego, faz diferen\u00e7a na economia de cada trajeto.<\/p>\n\n\n\n<h2 class=\"wp-block-heading\">O tipo de ve\u00edculo altera a efici\u00eancia no consumo de combust\u00edvel?<\/h2>\n\n\n\n<p>Cada tipo de <strong>ve\u00edculo<\/strong> reage de maneira diferente quando se trata de efici\u00eancia e velocidade. Fatores como peso, aerodin\u00e2mica e carga influenciam diretamente o consumo ideal.<\/p>\n\n\n\n<p>Veja algumas recomenda\u00e7\u00f5es pr\u00e1ticas de acordo com a categoria do ve\u00edculo:<\/p>\n\n\n\n<ul class=\"wp-block-list\">\n<li><strong>Carros compactos<\/strong>: Efici\u00eancia maior ao rodar entre 90 e 100 km\/h.<\/li>\n\n\n\n<li><strong>SUVs<\/strong> ou <strong>caminhonetes<\/strong>: O consumo tende a ser melhor entre 100 e 110 km\/h.<\/li>\n\n\n\n<li><strong>Ve\u00edculos carregados<\/strong>: Melhor ajuste de efici\u00eancia em velocidades ligeiramente inferiores.<\/li>\n<\/ul>\n\n\n\n<figure class=\"wp-block-image size-large\"><img decoding=\"async\" width=\"1024\" height=\"576\" src=\"https:\/\/www.correiobraziliense.com.br\/cbradar\/wp-content\/uploads\/2025\/10\/carro-rapido_1760727162494-1024x576.jpg\" alt=\"A velocidade que voc\u00ea anda com seu ve\u00edculo pode estar gastando mais combust\u00edvel que o normal segundo especialistas\" class=\"wp-image-121194\" srcset=\"https:\/\/www.correiobraziliense.com.br\/cbradar\/wp-content\/uploads\/2025\/10\/carro-rapido_1760727162494-1024x576.jpg 1024w, https:\/\/www.correiobraziliense.com.br\/cbradar\/wp-content\/uploads\/2025\/10\/carro-rapido_1760727162494-300x169.jpg 300w, https:\/\/www.correiobraziliense.com.br\/cbradar\/wp-content\/uploads\/2025\/10\/carro-rapido_1760727162494-768x432.jpg 768w, https:\/\/www.correiobraziliense.com.br\/cbradar\/wp-content\/uploads\/2025\/10\/carro-rapido_1760727162494-750x422.jpg 750w, https:\/\/www.correiobraziliense.com.br\/cbradar\/wp-content\/uploads\/2025\/10\/carro-rapido_1760727162494-1140x641.jpg 1140w, https:\/\/www.correiobraziliense.com.br\/cbradar\/wp-content\/uploads\/2025\/10\/carro-rapido_1760727162494.jpg 1280w\" sizes=\"(max-width: 1024px) 100vw, 1024px\" \/><figcaption class=\"wp-element-caption\">Carro andando muito r\u00e1pido\nCr\u00e9ditos: depositphotos.com \/ papandreos<\/figcaption><\/figure>\n\n\n\n<h2 class=\"wp-block-heading\">Quais h\u00e1bitos ajudam a economizar combust\u00edvel no dia a dia?<\/h2>\n\n\n\n<p>Alguns comportamentos ao volante s\u00e3o fundamentais para melhorar a efici\u00eancia do ve\u00edculo e economizar combust\u00edvel. \u00c9 importante adotar pr\u00e1ticas simples e constantes, tornando a dire\u00e7\u00e3o mais econ\u00f4mica e sustent\u00e1vel.<\/p>\n\n\n\n<p>Entre os principais h\u00e1bitos recomendados, destacam-se os seguintes:<\/p>\n\n\n\n<ol class=\"wp-block-list\">\n<li><strong>Manterleve a press\u00e3o dos pneus<\/strong> conforme orienta\u00e7\u00e3o do fabricante, auxiliando na redu\u00e7\u00e3o do atrito e melhorando o consumo.<\/li>\n\n\n\n<li><strong>Evitar aceleradas e freadas bruscas<\/strong> no tr\u00e2nsito, pois essas a\u00e7\u00f5es aumentam significativamente o gasto de combust\u00edvel e o desgaste dos componentes do ve\u00edculo.<\/li>\n\n\n\n<li><strong>Utilizar marchas mais altas<\/strong> sempre que poss\u00edvel para reduzir o giro do motor e economizar combust\u00edvel, principalmente em percursos mais longos.<\/li>\n\n\n\n<li><strong>Desligar o ar-condicionado<\/strong> ao rodar em situa\u00e7\u00f5es desnecess\u00e1rias, j\u00e1 que esse equipamento pode elevar o consumo e sobrecarregar o sistema do autom\u00f3vel.<\/li>\n\n\n\n<li>Planejar rotas antes de sair, evitando congestionamentos e trajetos mais longos, contribui para um uso mais racional do combust\u00edvel.<\/li>\n\n\n\n<li>Realizar alinhamento e balanceamento regularmente para garantir estabilidade e menor resist\u00eancia ao rolamento.<\/li>\n<\/ol>\n\n\n\n<h2 class=\"wp-block-heading\">A rela\u00e7\u00e3o direta entre velocidade adequada e efici\u00eancia veicular<\/h2>\n\n\n\n<p>Unir velocidade controlada com h\u00e1bitos de dire\u00e7\u00e3o eficientes reduz o consumo de combust\u00edvel, prolonga a vida \u00fatil do <strong>carro<\/strong> e amplia a seguran\u00e7a. Adotar essas pr\u00e1ticas favorece o motorista, o bolso e o meio ambiente.<\/p>\n\n\n\n<p>Tamb\u00e9m \u00e9 recomend\u00e1vel investir em <strong>manuten\u00e7\u00e3o preventiva<\/strong>, pois pequenos cuidados peri\u00f3dicos contribuem para um desempenho ainda mais eficiente, refor\u00e7ando os benef\u00edcios de uma dire\u00e7\u00e3o consciente. Com estas a\u00e7\u00f5es, \u00e9 poss\u00edvel contribuir para a redu\u00e7\u00e3o das <strong>emiss\u00f5es de poluentes<\/strong> e promover uma mobilidade mais sustent\u00e1vel.<\/p>\n\n\n\n<p>Leia tamb\u00e9m: <a href=\"https:\/\/www.correiobraziliense.com.br\/cbradar\/qual-o-melhor-combustivel-para-o-seu-carro-descubra-agora\/\" target=\"_blank\" rel=\"noreferrer noopener\">Qual o melhor combust\u00edvel para o seu carro? Descubra agora!<\/a><\/p>\n","protected":false},"excerpt":{"rendered":"<p>Velocidade constante economiza combust\u00edvel e aumenta seguran\u00e7a. Como otimizar cada litro e proteger o ambiente com uma dire\u00e7\u00e3o eficiente.<\/p>\n","protected":false},"author":3,"featured_media":121192,"comment_status":"open","ping_status":"open","sticky":false,"template":"","format":"standard","meta":{"_yoast_wpseo_focuskw":"Velocidade gasta combust\u00edvel","_yoast_wpseo_title":"%%title%%","_yoast_wpseo_metadesc":"Velocidade constante economiza combust\u00edvel e aumenta seguran\u00e7a. Como otimizar cada litro e proteger o ambiente com uma dire\u00e7\u00e3o eficiente.","jnews-multi-image_gallery":[],"jnews_single_post":{"format":"standard"},"jnews_primary_category":[],"jnews_social_meta":[],"jnews_override_counter":[],"footnotes":""},"categories":[112],"post_tag":[772,6183],"class_list":["post-121164","post","type-post","status-publish","format-standard","has-post-thumbnail","hentry","category-curiosidades","tag-combustivel","tag-velocidade"],"yoast_head":"<!-- This site is optimized with the Yoast SEO plugin v24.6 - https:\/\/yoast.com\/wordpress\/plugins\/seo\/ -->\n<title>A velocidade que voc\u00ea anda com seu ve\u00edculo pode estar gastando mais combust\u00edvel que o normal<\/title>\n<meta name=\"description\" content=\"Velocidade constante economiza combust\u00edvel e aumenta seguran\u00e7a. Como otimizar cada litro e proteger o ambiente com uma dire\u00e7\u00e3o eficiente.\" \/>\n<meta name=\"robots\" content=\"index, follow, max-snippet:-1, max-image-preview:large, max-video-preview:-1\" \/>\n<link rel=\"canonical\" href=\"https:\/\/www.correiobraziliense.com.br\/cbradar\/a-velocidade-que-voce-anda-com-seu-veiculo-pode-estar-gastando-mais-combustivel-que-o-normal\/\" \/>\n<meta property=\"og:locale\" content=\"pt_BR\" \/>\n<meta property=\"og:type\" content=\"article\" \/>\n<meta property=\"og:title\" content=\"A velocidade que voc\u00ea anda com seu ve\u00edculo pode estar gastando mais combust\u00edvel que o normal\" \/>\n<meta property=\"og:description\" content=\"Velocidade constante economiza combust\u00edvel e aumenta seguran\u00e7a. Como otimizar cada litro e proteger o ambiente com uma dire\u00e7\u00e3o eficiente.\" \/>\n<meta property=\"og:url\" content=\"https:\/\/www.correiobraziliense.com.br\/cbradar\/a-velocidade-que-voce-anda-com-seu-veiculo-pode-estar-gastando-mais-combustivel-que-o-normal\/\" \/>\n<meta property=\"og:site_name\" content=\"Correio Braziliense - Radar\" \/>\n<meta property=\"article:published_time\" content=\"2025-10-18T18:25:00+00:00\" \/>\n<meta property=\"og:image\" content=\"https:\/\/www.correiobraziliense.com.br\/cbradar\/wp-content\/uploads\/2025\/10\/Combustivel_1760727126644.jpg\" \/>\n\t<meta property=\"og:image:width\" content=\"1280\" \/>\n\t<meta property=\"og:image:height\" content=\"720\" \/>\n\t<meta property=\"og:image:type\" content=\"image\/jpeg\" \/>\n<meta name=\"author\" content=\"Larissa Carvalho\" \/>\n<meta name=\"twitter:card\" content=\"summary_large_image\" \/>\n<meta name=\"twitter:label1\" content=\"Escrito por\" \/>\n\t<meta name=\"twitter:data1\" content=\"Larissa Carvalho\" \/>\n\t<meta name=\"twitter:label2\" content=\"Est. tempo de leitura\" \/>\n\t<meta name=\"twitter:data2\" content=\"4 minutos\" \/>\n<!-- \/ Yoast SEO plugin. -->","yoast_head_json":{"title":"A velocidade que voc\u00ea anda com seu ve\u00edculo pode estar gastando mais combust\u00edvel que o normal","description":"Velocidade constante economiza combust\u00edvel e aumenta seguran\u00e7a. Como otimizar cada litro e proteger o ambiente com uma dire\u00e7\u00e3o eficiente.","robots":{"index":"index","follow":"follow","max-snippet":"max-snippet:-1","max-image-preview":"max-image-preview:large","max-video-preview":"max-video-preview:-1"},"canonical":"https:\/\/www.correiobraziliense.com.br\/cbradar\/a-velocidade-que-voce-anda-com-seu-veiculo-pode-estar-gastando-mais-combustivel-que-o-normal\/","og_locale":"pt_BR","og_type":"article","og_title":"A velocidade que voc\u00ea anda com seu ve\u00edculo pode estar gastando mais combust\u00edvel que o normal","og_description":"Velocidade constante economiza combust\u00edvel e aumenta seguran\u00e7a. Como otimizar cada litro e proteger o ambiente com uma dire\u00e7\u00e3o eficiente.","og_url":"https:\/\/www.correiobraziliense.com.br\/cbradar\/a-velocidade-que-voce-anda-com-seu-veiculo-pode-estar-gastando-mais-combustivel-que-o-normal\/","og_site_name":"Correio Braziliense - Radar","article_published_time":"2025-10-18T18:25:00+00:00","og_image":[{"width":1280,"height":720,"url":"https:\/\/www.correiobraziliense.com.br\/cbradar\/wp-content\/uploads\/2025\/10\/Combustivel_1760727126644.jpg","type":"image\/jpeg"}],"author":"Larissa Carvalho","twitter_card":"summary_large_image","twitter_misc":{"Escrito por":"Larissa Carvalho","Est. tempo de leitura":"4 minutos"},"schema":{"@context":"https:\/\/schema.org","@graph":[{"@type":"WebPage","@id":"https:\/\/www.correiobraziliense.com.br\/cbradar\/a-velocidade-que-voce-anda-com-seu-veiculo-pode-estar-gastando-mais-combustivel-que-o-normal\/","url":"https:\/\/www.correiobraziliense.com.br\/cbradar\/a-velocidade-que-voce-anda-com-seu-veiculo-pode-estar-gastando-mais-combustivel-que-o-normal\/","name":"A velocidade que voc\u00ea anda com seu ve\u00edculo pode estar gastando mais combust\u00edvel que o normal","isPartOf":{"@id":"https:\/\/www.correiobraziliense.com.br\/cbradar\/#website"},"primaryImageOfPage":{"@id":"https:\/\/www.correiobraziliense.com.br\/cbradar\/a-velocidade-que-voce-anda-com-seu-veiculo-pode-estar-gastando-mais-combustivel-que-o-normal\/#primaryimage"},"image":{"@id":"https:\/\/www.correiobraziliense.com.br\/cbradar\/a-velocidade-que-voce-anda-com-seu-veiculo-pode-estar-gastando-mais-combustivel-que-o-normal\/#primaryimage"},"thumbnailUrl":"https:\/\/www.correiobraziliense.com.br\/cbradar\/wp-content\/uploads\/2025\/10\/Combustivel_1760727126644.jpg","datePublished":"2025-10-18T18:25:00+00:00","author":{"@id":"https:\/\/www.correiobraziliense.com.br\/cbradar\/#\/schema\/person\/58422787644df994b53a19d3e56c1513"},"description":"Velocidade constante economiza combust\u00edvel e aumenta seguran\u00e7a. Como otimizar cada litro e proteger o ambiente com uma dire\u00e7\u00e3o eficiente.","breadcrumb":{"@id":"https:\/\/www.correiobraziliense.com.br\/cbradar\/a-velocidade-que-voce-anda-com-seu-veiculo-pode-estar-gastando-mais-combustivel-que-o-normal\/#breadcrumb"},"inLanguage":"pt-BR","potentialAction":[{"@type":"ReadAction","target":["https:\/\/www.correiobraziliense.com.br\/cbradar\/a-velocidade-que-voce-anda-com-seu-veiculo-pode-estar-gastando-mais-combustivel-que-o-normal\/"]}]},{"@type":"ImageObject","inLanguage":"pt-BR","@id":"https:\/\/www.correiobraziliense.com.br\/cbradar\/a-velocidade-que-voce-anda-com-seu-veiculo-pode-estar-gastando-mais-combustivel-que-o-normal\/#primaryimage","url":"https:\/\/www.correiobraziliense.com.br\/cbradar\/wp-content\/uploads\/2025\/10\/Combustivel_1760727126644.jpg","contentUrl":"https:\/\/www.correiobraziliense.com.br\/cbradar\/wp-content\/uploads\/2025\/10\/Combustivel_1760727126644.jpg","width":1280,"height":720,"caption":"Carro sendo abastecido Cr\u00e9ditos: depositphotos.com \/ HayDmitriy"},{"@type":"BreadcrumbList","@id":"https:\/\/www.correiobraziliense.com.br\/cbradar\/a-velocidade-que-voce-anda-com-seu-veiculo-pode-estar-gastando-mais-combustivel-que-o-normal\/#breadcrumb","itemListElement":[{"@type":"ListItem","position":1,"name":"In\u00edcio","item":"https:\/\/www.correiobraziliense.com.br\/cbradar\/"},{"@type":"ListItem","position":2,"name":"A velocidade que voc\u00ea anda com seu ve\u00edculo pode estar gastando mais combust\u00edvel que o normal"}]},{"@type":"WebSite","@id":"https:\/\/www.correiobraziliense.com.br\/cbradar\/#website","url":"https:\/\/www.correiobraziliense.com.br\/cbradar\/","name":"Correio Braziliense - Radar","description":"Acompanhe as \u00faltimas not\u00edcias e fique bem informado sobre tudo o que acontece no Brasil e no mundo.","potentialAction":[{"@type":"SearchAction","target":{"@type":"EntryPoint","urlTemplate":"https:\/\/www.correiobraziliense.com.br\/cbradar\/?s={search_term_string}"},"query-input":{"@type":"PropertyValueSpecification","valueRequired":true,"valueName":"search_term_string"}}],"inLanguage":"pt-BR"},{"@type":"Person","@id":"https:\/\/www.correiobraziliense.com.br\/cbradar\/#\/schema\/person\/58422787644df994b53a19d3e56c1513","name":"Larissa Carvalho","image":{"@type":"ImageObject","inLanguage":"pt-BR","@id":"https:\/\/www.correiobraziliense.com.br\/cbradar\/#\/schema\/person\/image\/","url":"https:\/\/secure.gravatar.com\/avatar\/fe4f91a0de32b52a838d0d612abdc1aa?s=96&d=mm&r=g","contentUrl":"https:\/\/secure.gravatar.com\/avatar\/fe4f91a0de32b52a838d0d612abdc1aa?s=96&d=mm&r=g","caption":"Larissa Carvalho"},"url":"https:\/\/www.correiobraziliense.com.br\/cbradar\/author\/larissamyth\/"}]}},"_links":{"self":[{"href":"https:\/\/www.correiobraziliense.com.br\/cbradar\/wp-json\/wp\/v2\/posts\/121164","targetHints":{"allow":["GET"]}}],"collection":[{"href":"https:\/\/www.correiobraziliense.com.br\/cbradar\/wp-json\/wp\/v2\/posts"}],"about":[{"href":"https:\/\/www.correiobraziliense.com.br\/cbradar\/wp-json\/wp\/v2\/types\/post"}],"author":[{"embeddable":true,"href":"https:\/\/www.correiobraziliense.com.br\/cbradar\/wp-json\/wp\/v2\/users\/3"}],"replies":[{"embeddable":true,"href":"https:\/\/www.correiobraziliense.com.br\/cbradar\/wp-json\/wp\/v2\/comments?post=121164"}],"version-history":[{"count":4,"href":"https:\/\/www.correiobraziliense.com.br\/cbradar\/wp-json\/wp\/v2\/posts\/121164\/revisions"}],"predecessor-version":[{"id":121253,"href":"https:\/\/www.correiobraziliense.com.br\/cbradar\/wp-json\/wp\/v2\/posts\/121164\/revisions\/121253"}],"wp:featuredmedia":[{"embeddable":true,"href":"https:\/\/www.correiobraziliense.com.br\/cbradar\/wp-json\/wp\/v2\/media\/121192"}],"wp:attachment":[{"href":"https:\/\/www.correiobraziliense.com.br\/cbradar\/wp-json\/wp\/v2\/media?parent=121164"}],"wp:term":[{"taxonomy":"category","embeddable":true,"href":"https:\/\/www.correiobraziliense.com.br\/cbradar\/wp-json\/wp\/v2\/categories?post=121164"},{"taxonomy":"post_tag","embeddable":true,"href":"https:\/\/www.correiobraziliense.com.br\/cbradar\/wp-json\/wp\/v2\/post_tag?post=121164"}],"curies":[{"name":"wp","href":"https:\/\/api.w.org\/{rel}","templated":true}]}}