{"id":121187,"date":"2025-10-18T17:35:00","date_gmt":"2025-10-18T20:35:00","guid":{"rendered":"https:\/\/www.correiobraziliense.com.br\/cbradar\/?p=121187"},"modified":"2025-10-17T16:12:46","modified_gmt":"2025-10-17T19:12:46","slug":"dor-no-joelho-ao-subir-escadas-entenda-as-causas","status":"publish","type":"post","link":"https:\/\/www.correiobraziliense.com.br\/cbradar\/dor-no-joelho-ao-subir-escadas-entenda-as-causas\/","title":{"rendered":"Dor no joelho ao subir escadas? Entenda as causas"},"content":{"rendered":"\n<p><strong>Subir ou descer escadas<\/strong> pode ser uma atividade complicada para muitas pessoas que experimentam desconforto ou dor no joelho. Este tipo de dor pode se apresentar de forma leve ou indicar quest\u00f5es mais s\u00e9rias relacionadas \u00e0 articula\u00e7\u00e3o ou m\u00fasculos circundantes. O joelho desempenha um papel fundamental na locomo\u00e7\u00e3o, suportando a maior parte do peso corporal, o que explica a frequ\u00eancia do inc\u00f4modo ao usar escadas.<\/p>\n\n\n\n<p>V\u00e1rios fatores podem contribuir para essa dor, incluindo esfor\u00e7o muscular inadequado, desalinhamentos articulares ou condi\u00e7\u00f5es degenerativas como a condromal\u00e1cia patelar, que envolve o desgaste da cartilagem sob a patela. Al\u00e9m disso, inflama\u00e7\u00f5es cr\u00f4nicas, como a artrite, podem agravar a dor, tornando as atividades di\u00e1rias desafiadoras.<\/p>\n\n\n\n<h2 class=\"wp-block-heading\">Por que Subir Escadas \u00e9 uma tarefa dolorosa?<\/h2>\n\n\n\n<p>O movimento repetitivo realizado ao subir ou descer escadas coloca uma carga significativa sobre os joelhos. O peso corporal exerce press\u00e3o adicional sobre as articula\u00e7\u00f5es a cada passo. Se os padr\u00f5es de movimento n\u00e3o forem adequados, o risco de sobrecarga e dor aumenta. Al\u00e9m disso, o processo de envelhecimento acelera o desgaste das estruturas articulares, tornando o joelho mais suscet\u00edvel a dores.<\/p>\n\n\n\n<h2 class=\"wp-block-heading\">Qual \u00e9 o momento de buscar ajuda m\u00e9dica?<\/h2>\n\n\n<div class=\"wp-block-image\">\n<figure class=\"aligncenter size-large\"><img decoding=\"async\" width=\"1024\" height=\"576\" src=\"https:\/\/www.correiobraziliense.com.br\/cbradar\/wp-content\/uploads\/2025\/10\/Subir-Escadas_1760724885255-1024x576.jpg\" alt=\"\" class=\"wp-image-121217\" srcset=\"https:\/\/www.correiobraziliense.com.br\/cbradar\/wp-content\/uploads\/2025\/10\/Subir-Escadas_1760724885255-1024x576.jpg 1024w, https:\/\/www.correiobraziliense.com.br\/cbradar\/wp-content\/uploads\/2025\/10\/Subir-Escadas_1760724885255-300x169.jpg 300w, https:\/\/www.correiobraziliense.com.br\/cbradar\/wp-content\/uploads\/2025\/10\/Subir-Escadas_1760724885255-768x432.jpg 768w, https:\/\/www.correiobraziliense.com.br\/cbradar\/wp-content\/uploads\/2025\/10\/Subir-Escadas_1760724885255-750x422.jpg 750w, https:\/\/www.correiobraziliense.com.br\/cbradar\/wp-content\/uploads\/2025\/10\/Subir-Escadas_1760724885255-1140x641.jpg 1140w, https:\/\/www.correiobraziliense.com.br\/cbradar\/wp-content\/uploads\/2025\/10\/Subir-Escadas_1760724885255.jpg 1280w\" sizes=\"(max-width: 1024px) 100vw, 1024px\" \/><figcaption class=\"wp-element-caption\">Subir Escadas &#8211; Cr\u00e9ditos: depositphotos.com \/ HayDmitriy<\/figcaption><\/figure><\/div>\n\n\n<p>Embora nem toda dor no joelho seja motivo de preocupa\u00e7\u00e3o, alguns sintomas exigem aten\u00e7\u00e3o r\u00e1pida. Sinais como dor persistente, incha\u00e7o excessivo, rigidez e dificuldade em se movimentar s\u00e3o indicadores de que \u00e9 hora de procurar uma avalia\u00e7\u00e3o m\u00e9dica. Esses sintomas podem sinalizar problemas mais s\u00e9rios que necessitam de diagn\u00f3stico e tratamento adequados.<\/p>\n\n\n\n<ul class=\"wp-block-list\">\n<li>Presen\u00e7a de incha\u00e7o persistente.<\/li>\n\n\n\n<li>Dor que n\u00e3o diminui com repouso.<\/li>\n\n\n\n<li>Dificuldade expressiva em caminhar ou dobrar o joelho.<\/li>\n<\/ul>\n\n\n\n<h2 class=\"wp-block-heading\">Quais as medidas preventivas e terapias para o joelho?<\/h2>\n\n\n\n<p>Existem maneiras eficazes de prevenir e tratar a dor no joelho ao usar escadas. A pr\u00e1tica regular de exerc\u00edcios que fortalecem a musculatura ao redor do joelho \u00e9 fundamental. Manter um peso corporal saud\u00e1vel tamb\u00e9m \u00e9 essencial para reduzir a press\u00e3o sobre as articula\u00e7\u00f5es.<\/p>\n\n\n\n<ol class=\"wp-block-list\">\n<li>Fortalecimento dos m\u00fasculos com exerc\u00edcios espec\u00edficos.<\/li>\n\n\n\n<li>Escolher cal\u00e7ados que ofere\u00e7am bom suporte e absor\u00e7\u00e3o de impacto.<\/li>\n\n\n\n<li>Aprender e praticar t\u00e9cnicas corretas ao <strong>Subir Escadas<\/strong>.<\/li>\n<\/ol>\n\n\n\n<p>A fisioterapia \u00e9 uma abordagem popular para tratamento, proporcionando al\u00edvio e recupera\u00e7\u00e3o por meio de exerc\u00edcios e t\u00e9cnicas especializadas. Nos casos mais graves, pode ser necess\u00e1rio o uso de medicamentos anti-inflamat\u00f3rios ou analg\u00e9sicos, al\u00e9m de interven\u00e7\u00f5es m\u00e9dicas especificadas por ortopedistas.<\/p>\n\n\n\n<h2 class=\"wp-block-heading\">Qual o caminho para o bem-estar articular?<\/h2>\n\n\n\n<p>Garantir a <a href=\"https:\/\/www.correiobraziliense.com.br\/cbradar\/a-moda-do-skincare-infantil-que-preocupa-dermatologistas\/\" target=\"_blank\" rel=\"noreferrer noopener\">sa\u00fade <\/a>dos joelhos \u00e9 um processo cont\u00ednuo que envolve tanto a preven\u00e7\u00e3o quanto o tratamento adequado. Caso os sintomas persistam, \u00e9 crucial buscar orienta\u00e7\u00e3o m\u00e9dica para garantir o tratamento correto e a continuidade das atividades di\u00e1rias com conforto e seguran\u00e7a.<\/p>\n\n\n<a href=\"https:\/\/www.instagram.com\/dra.annaluisabf\/\" target=\"_blank\" rel=\"noopener\" style=\"text-decoration: none; color: inherit;\">\n    <span style=\"display: inline-block; border: 1px solid #ccc; border-radius: 10px; padding: 15px; max-width: 550px; font-family: sans-serif; box-shadow: 0 2px 5px rgba(0,0,0,0.1); width: 100%;\">\n\n      <!-- T\u00edtulo -->\n      <span style=\"display: block; margin: 0 0 15px 0; font-weight: bold; color: #2c3e50; text-align: center;\">\n        Entre em contato:\n      <\/span>\n\n      <!-- Linha do perfil -->\n      <span style=\"display: flex; align-items: center; gap: 15px;\">\n        <img decoding=\"async\"\n          src=\"https:\/\/www.correiobraziliense.com.br\/cbradar\/wp-content\/uploads\/2025\/08\/dra_anna_luisa.jpeg\"\n          alt=\"Foto da Dra. Anna Lu\u00edsa\"\n          style=\"border-radius: 50%; width: 80px; height: 80px; object-fit: cover;\"\n        \/>\n        <span style=\"display: flex; flex-direction: column;\">\n          <span style=\"font-size: 18px; font-weight: 700; color: #2c3e50;\">Dra. Anna Lu\u00edsa Barbosa Fernandes<\/span>\n          <span style=\"color: #555;\">CRM-GO 33.271<\/span>\n        <\/span>\n      <\/span>\n\n      <!-- Redes -->\n      <span style=\"display: flex; align-items: center; gap: 10px; margin-top: 12px;\">\n        <img decoding=\"async\" src=\"https:\/\/cdn-icons-png.flaticon.com\/24\/1384\/1384063.png\" alt=\"Instagram\" width=\"24\" height=\"24\" \/>\n        <span style=\"text-decoration: underline; color: #2c3e50;\">@dra.annaluisabf<\/span>\n      <\/span>\n\n    <\/span>\n  <\/a>","protected":false},"excerpt":{"rendered":"<p>Subir ou descer escadas pode ser uma atividade complicada para muitas pessoas que experimentam desconforto ou dor no joelho. Este tipo de dor pode se apresentar de forma leve ou indicar quest\u00f5es mais s\u00e9rias relacionadas \u00e0 articula\u00e7\u00e3o ou m\u00fasculos circundantes. O joelho desempenha um papel fundamental na locomo\u00e7\u00e3o, suportando a maior parte do peso corporal, [&hellip;]<\/p>\n","protected":false},"author":14,"featured_media":121216,"comment_status":"open","ping_status":"open","sticky":false,"template":"","format":"standard","meta":{"_yoast_wpseo_focuskw":"Subir Escadas","_yoast_wpseo_title":"","_yoast_wpseo_metadesc":"Dor no joelho ao subir escadas pode indicar desgaste, desalinhamento ou inflama\u00e7\u00e3o. Veja quando buscar ajuda e como prevenir o problema.","jnews-multi-image_gallery":[],"jnews_single_post":{"format":"standard"},"jnews_primary_category":[],"jnews_social_meta":[],"jnews_override_counter":[],"footnotes":""},"categories":[1],"post_tag":[120,6578,1318],"class_list":["post-121187","post","type-post","status-publish","format-standard","has-post-thumbnail","hentry","category-uncategorized","tag-bem-estar","tag-joelho","tag-saude-2"],"yoast_head":"<!-- This site is optimized with the Yoast SEO plugin v24.6 - https:\/\/yoast.com\/wordpress\/plugins\/seo\/ -->\n<title>Dor no joelho ao subir escadas? Entenda as causas - Correio Braziliense - Radar<\/title>\n<meta name=\"description\" content=\"Dor no joelho ao subir escadas pode indicar desgaste, desalinhamento ou inflama\u00e7\u00e3o. Veja quando buscar ajuda e como prevenir o problema.\" \/>\n<meta name=\"robots\" content=\"index, follow, max-snippet:-1, max-image-preview:large, max-video-preview:-1\" \/>\n<link rel=\"canonical\" href=\"https:\/\/www.correiobraziliense.com.br\/cbradar\/dor-no-joelho-ao-subir-escadas-entenda-as-causas\/\" \/>\n<meta property=\"og:locale\" content=\"pt_BR\" \/>\n<meta property=\"og:type\" content=\"article\" \/>\n<meta property=\"og:title\" content=\"Dor no joelho ao subir escadas? Entenda as causas - Correio Braziliense - Radar\" \/>\n<meta property=\"og:description\" content=\"Dor no joelho ao subir escadas pode indicar desgaste, desalinhamento ou inflama\u00e7\u00e3o. Veja quando buscar ajuda e como prevenir o problema.\" \/>\n<meta property=\"og:url\" content=\"https:\/\/www.correiobraziliense.com.br\/cbradar\/dor-no-joelho-ao-subir-escadas-entenda-as-causas\/\" \/>\n<meta property=\"og:site_name\" content=\"Correio Braziliense - Radar\" \/>\n<meta property=\"article:published_time\" content=\"2025-10-18T20:35:00+00:00\" \/>\n<meta property=\"og:image\" content=\"https:\/\/www.correiobraziliense.com.br\/cbradar\/wp-content\/uploads\/2025\/10\/Subir-Escadas_1760724812155.jpg\" \/>\n\t<meta property=\"og:image:width\" content=\"1280\" \/>\n\t<meta property=\"og:image:height\" content=\"720\" \/>\n\t<meta property=\"og:image:type\" content=\"image\/jpeg\" \/>\n<meta name=\"author\" content=\"guilherme_saude\" \/>\n<meta name=\"twitter:card\" content=\"summary_large_image\" \/>\n<meta name=\"twitter:label1\" content=\"Escrito por\" \/>\n\t<meta name=\"twitter:data1\" content=\"guilherme_saude\" \/>\n\t<meta name=\"twitter:label2\" content=\"Est. tempo de leitura\" \/>\n\t<meta name=\"twitter:data2\" content=\"4 minutos\" \/>\n<!-- \/ Yoast SEO plugin. -->","yoast_head_json":{"title":"Dor no joelho ao subir escadas? Entenda as causas - Correio Braziliense - Radar","description":"Dor no joelho ao subir escadas pode indicar desgaste, desalinhamento ou inflama\u00e7\u00e3o. Veja quando buscar ajuda e como prevenir o problema.","robots":{"index":"index","follow":"follow","max-snippet":"max-snippet:-1","max-image-preview":"max-image-preview:large","max-video-preview":"max-video-preview:-1"},"canonical":"https:\/\/www.correiobraziliense.com.br\/cbradar\/dor-no-joelho-ao-subir-escadas-entenda-as-causas\/","og_locale":"pt_BR","og_type":"article","og_title":"Dor no joelho ao subir escadas? Entenda as causas - Correio Braziliense - Radar","og_description":"Dor no joelho ao subir escadas pode indicar desgaste, desalinhamento ou inflama\u00e7\u00e3o. Veja quando buscar ajuda e como prevenir o problema.","og_url":"https:\/\/www.correiobraziliense.com.br\/cbradar\/dor-no-joelho-ao-subir-escadas-entenda-as-causas\/","og_site_name":"Correio Braziliense - Radar","article_published_time":"2025-10-18T20:35:00+00:00","og_image":[{"width":1280,"height":720,"url":"https:\/\/www.correiobraziliense.com.br\/cbradar\/wp-content\/uploads\/2025\/10\/Subir-Escadas_1760724812155.jpg","type":"image\/jpeg"}],"author":"guilherme_saude","twitter_card":"summary_large_image","twitter_misc":{"Escrito por":"guilherme_saude","Est. tempo de leitura":"4 minutos"},"schema":{"@context":"https:\/\/schema.org","@graph":[{"@type":"WebPage","@id":"https:\/\/www.correiobraziliense.com.br\/cbradar\/dor-no-joelho-ao-subir-escadas-entenda-as-causas\/","url":"https:\/\/www.correiobraziliense.com.br\/cbradar\/dor-no-joelho-ao-subir-escadas-entenda-as-causas\/","name":"Dor no joelho ao subir escadas? Entenda as causas - Correio Braziliense - Radar","isPartOf":{"@id":"https:\/\/www.correiobraziliense.com.br\/cbradar\/#website"},"primaryImageOfPage":{"@id":"https:\/\/www.correiobraziliense.com.br\/cbradar\/dor-no-joelho-ao-subir-escadas-entenda-as-causas\/#primaryimage"},"image":{"@id":"https:\/\/www.correiobraziliense.com.br\/cbradar\/dor-no-joelho-ao-subir-escadas-entenda-as-causas\/#primaryimage"},"thumbnailUrl":"https:\/\/www.correiobraziliense.com.br\/cbradar\/wp-content\/uploads\/2025\/10\/Subir-Escadas_1760724812155.jpg","datePublished":"2025-10-18T20:35:00+00:00","author":{"@id":"https:\/\/www.correiobraziliense.com.br\/cbradar\/#\/schema\/person\/5aa4bf3c8fa699c267933611de12978b"},"description":"Dor no joelho ao subir escadas pode indicar desgaste, desalinhamento ou inflama\u00e7\u00e3o. Veja quando buscar ajuda e como prevenir o problema.","breadcrumb":{"@id":"https:\/\/www.correiobraziliense.com.br\/cbradar\/dor-no-joelho-ao-subir-escadas-entenda-as-causas\/#breadcrumb"},"inLanguage":"pt-BR","potentialAction":[{"@type":"ReadAction","target":["https:\/\/www.correiobraziliense.com.br\/cbradar\/dor-no-joelho-ao-subir-escadas-entenda-as-causas\/"]}]},{"@type":"ImageObject","inLanguage":"pt-BR","@id":"https:\/\/www.correiobraziliense.com.br\/cbradar\/dor-no-joelho-ao-subir-escadas-entenda-as-causas\/#primaryimage","url":"https:\/\/www.correiobraziliense.com.br\/cbradar\/wp-content\/uploads\/2025\/10\/Subir-Escadas_1760724812155.jpg","contentUrl":"https:\/\/www.correiobraziliense.com.br\/cbradar\/wp-content\/uploads\/2025\/10\/Subir-Escadas_1760724812155.jpg","width":1280,"height":720,"caption":"Subir Escadas - Cr\u00e9ditos: depositphotos.com \/ HayDmitriy"},{"@type":"BreadcrumbList","@id":"https:\/\/www.correiobraziliense.com.br\/cbradar\/dor-no-joelho-ao-subir-escadas-entenda-as-causas\/#breadcrumb","itemListElement":[{"@type":"ListItem","position":1,"name":"In\u00edcio","item":"https:\/\/www.correiobraziliense.com.br\/cbradar\/"},{"@type":"ListItem","position":2,"name":"Dor no joelho ao subir escadas? Entenda as causas"}]},{"@type":"WebSite","@id":"https:\/\/www.correiobraziliense.com.br\/cbradar\/#website","url":"https:\/\/www.correiobraziliense.com.br\/cbradar\/","name":"Correio Braziliense - Radar","description":"Acompanhe as \u00faltimas not\u00edcias e fique bem informado sobre tudo o que acontece no Brasil e no mundo.","potentialAction":[{"@type":"SearchAction","target":{"@type":"EntryPoint","urlTemplate":"https:\/\/www.correiobraziliense.com.br\/cbradar\/?s={search_term_string}"},"query-input":{"@type":"PropertyValueSpecification","valueRequired":true,"valueName":"search_term_string"}}],"inLanguage":"pt-BR"},{"@type":"Person","@id":"https:\/\/www.correiobraziliense.com.br\/cbradar\/#\/schema\/person\/5aa4bf3c8fa699c267933611de12978b","name":"guilherme_saude","image":{"@type":"ImageObject","inLanguage":"pt-BR","@id":"https:\/\/www.correiobraziliense.com.br\/cbradar\/#\/schema\/person\/image\/","url":"https:\/\/secure.gravatar.com\/avatar\/df9adfb835d344bc0af109d41756253f?s=96&d=mm&r=g","contentUrl":"https:\/\/secure.gravatar.com\/avatar\/df9adfb835d344bc0af109d41756253f?s=96&d=mm&r=g","caption":"guilherme_saude"},"url":"https:\/\/www.correiobraziliense.com.br\/cbradar\/author\/guilherme_saude\/"}]}},"_links":{"self":[{"href":"https:\/\/www.correiobraziliense.com.br\/cbradar\/wp-json\/wp\/v2\/posts\/121187","targetHints":{"allow":["GET"]}}],"collection":[{"href":"https:\/\/www.correiobraziliense.com.br\/cbradar\/wp-json\/wp\/v2\/posts"}],"about":[{"href":"https:\/\/www.correiobraziliense.com.br\/cbradar\/wp-json\/wp\/v2\/types\/post"}],"author":[{"embeddable":true,"href":"https:\/\/www.correiobraziliense.com.br\/cbradar\/wp-json\/wp\/v2\/users\/14"}],"replies":[{"embeddable":true,"href":"https:\/\/www.correiobraziliense.com.br\/cbradar\/wp-json\/wp\/v2\/comments?post=121187"}],"version-history":[{"count":1,"href":"https:\/\/www.correiobraziliense.com.br\/cbradar\/wp-json\/wp\/v2\/posts\/121187\/revisions"}],"predecessor-version":[{"id":121218,"href":"https:\/\/www.correiobraziliense.com.br\/cbradar\/wp-json\/wp\/v2\/posts\/121187\/revisions\/121218"}],"wp:featuredmedia":[{"embeddable":true,"href":"https:\/\/www.correiobraziliense.com.br\/cbradar\/wp-json\/wp\/v2\/media\/121216"}],"wp:attachment":[{"href":"https:\/\/www.correiobraziliense.com.br\/cbradar\/wp-json\/wp\/v2\/media?parent=121187"}],"wp:term":[{"taxonomy":"category","embeddable":true,"href":"https:\/\/www.correiobraziliense.com.br\/cbradar\/wp-json\/wp\/v2\/categories?post=121187"},{"taxonomy":"post_tag","embeddable":true,"href":"https:\/\/www.correiobraziliense.com.br\/cbradar\/wp-json\/wp\/v2\/post_tag?post=121187"}],"curies":[{"name":"wp","href":"https:\/\/api.w.org\/{rel}","templated":true}]}}