{"id":121229,"date":"2025-10-18T19:05:00","date_gmt":"2025-10-18T22:05:00","guid":{"rendered":"https:\/\/www.correiobraziliense.com.br\/cbradar\/?p=121229"},"modified":"2025-10-17T16:38:06","modified_gmt":"2025-10-17T19:38:06","slug":"estudo-revela-dieta-ideal-para-evitar-diabetes-tipo-2","status":"publish","type":"post","link":"https:\/\/www.correiobraziliense.com.br\/cbradar\/estudo-revela-dieta-ideal-para-evitar-diabetes-tipo-2\/","title":{"rendered":"Estudo revela dieta ideal para evitar diabetes tipo 2"},"content":{"rendered":"\n<p>Nos \u00faltimos anos, a <strong>Dieta Mediterr\u00e2nea<\/strong> tem se destacado como um estilo alimentar ben\u00e9fico, amplamente reconhecido por suas propriedades saud\u00e1veis e pela capacidade de reduzir riscos de doen\u00e7as metab\u00f3licas, incluindo o diabetes tipo 2. Esse padr\u00e3o alimentar destaca-se pelo consumo abundante de frutas, vegetais, gr\u00e3os integrais e azeite extravirgem, enquanto limita o consumo de carne vermelha e alimentos processados. Um estudo recente sugere que uma vers\u00e3o hipocal\u00f3rica dessa dieta pode ser especialmente eficaz na preven\u00e7\u00e3o do diabetes tipo 2, quando combinada com um estilo de vida ativo.<\/p>\n\n\n\n<p>A pesquisa, conduzida na Espanha, envolveu mais de 4.700 adultos entre 55 e 75 anos de idade, todos em situa\u00e7\u00e3o de risco elevado para diabetes tipo 2 devido a fatores como sobrepeso e obesidade, mas sem diagn\u00f3sticos pr\u00e9vios de doen\u00e7as cardiovasculares. A proposta foi uma abordagem dual, combinando mudan\u00e7as diet\u00e9ticas e aumento da atividade f\u00edsica, para avaliar o impacto na preven\u00e7\u00e3o do diabetes ao longo dos anos.<\/p>\n\n\n\n<h2 class=\"wp-block-heading\">Como a Dieta Mediterr\u00e2nea hipocal\u00f3rica se diferencia?<\/h2>\n\n\n\n<p>O elemento distintivo desta pesquisa foi o foco em uma Dieta Mediterr\u00e2nea com redu\u00e7\u00e3o cal\u00f3rica. Os participantes do grupo de interven\u00e7\u00e3o seguiram um plano alimentar com 30% menos calorias, enfatizando o alto consumo de nozes e azeite extravirgem, em detrimento de carnes, bebidas a\u00e7ucaradas e outros alimentos ultraprocessados. Paralelamente, foi implantado um programa de estilo de vida intensivo, promovendo a pr\u00e1tica de atividades f\u00edsicas di\u00e1rias, como caminhadas de 45 minutos di\u00e1rios, aliado ao estabelecimento de metas de perda de peso com suporte comportamental.<\/p>\n\n\n\n<figure class=\"wp-block-image aligncenter size-large\"><img decoding=\"async\" width=\"1024\" height=\"576\" src=\"https:\/\/www.correiobraziliense.com.br\/cbradar\/wp-content\/uploads\/2025\/05\/dieta_1747008031054-1024x576.jpg\" alt=\"\" class=\"wp-image-35605\" srcset=\"https:\/\/www.correiobraziliense.com.br\/cbradar\/wp-content\/uploads\/2025\/05\/dieta_1747008031054-1024x576.jpg 1024w, https:\/\/www.correiobraziliense.com.br\/cbradar\/wp-content\/uploads\/2025\/05\/dieta_1747008031054-300x169.jpg 300w, https:\/\/www.correiobraziliense.com.br\/cbradar\/wp-content\/uploads\/2025\/05\/dieta_1747008031054-768x432.jpg 768w, https:\/\/www.correiobraziliense.com.br\/cbradar\/wp-content\/uploads\/2025\/05\/dieta_1747008031054-750x422.jpg 750w, https:\/\/www.correiobraziliense.com.br\/cbradar\/wp-content\/uploads\/2025\/05\/dieta_1747008031054-1140x641.jpg 1140w, https:\/\/www.correiobraziliense.com.br\/cbradar\/wp-content\/uploads\/2025\/05\/dieta_1747008031054.jpg 1280w\" sizes=\"(max-width: 1024px) 100vw, 1024px\" \/><figcaption class=\"wp-element-caption\">Dieta &#8211; Cr\u00e9ditos: depositphotos.com \/ beats1\n\n<\/figcaption><\/figure>\n\n\n\n<h2 class=\"wp-block-heading\">Quais foram os achados do estudo?<\/h2>\n\n\n\n<p>Ap\u00f3s um per\u00edodo de seis anos de acompanhamento, os resultados demonstraram uma diminui\u00e7\u00e3o de 31% na incid\u00eancia de diabetes tipo 2 no grupo submetido \u00e0 dieta hipocal\u00f3rica, em compara\u00e7\u00e3o com o grupo controle, que seguiu uma Dieta Mediterr\u00e2nea &#8220;ad libitum&#8221;, sem restri\u00e7\u00f5es cal\u00f3ricas. Al\u00e9m disso, os participantes do grupo de interven\u00e7\u00e3o apresentaram uma redu\u00e7\u00e3o m\u00e9dia de peso corporal de 3,7% e uma diminui\u00e7\u00e3o de 3,6 cent\u00edmetros na circunfer\u00eancia da cintura, ressaltando a efic\u00e1cia da combina\u00e7\u00e3o de dieta controlada e exerc\u00edcios f\u00edsicos regulares.<\/p>\n\n\n\n<h2 class=\"wp-block-heading\">Qual \u00e9 o papel da atividade f\u00edsica neste contexto?<\/h2>\n\n\n\n<p>A inclus\u00e3o de um programa estruturado de atividade f\u00edsica foi crucial para potencializar os efeitos ben\u00e9ficos da Dieta Mediterr\u00e2nea. O incentivo a pr\u00e1ticas de exerc\u00edcios simples, como caminhar, foi um componente essencial para melhorar a <a href=\"https:\/\/www.correiobraziliense.com.br\/cbradar\/a-moda-do-skincare-infantil-que-preocupa-dermatologistas\/\" target=\"_blank\" rel=\"noreferrer noopener\">sa\u00fade <\/a>metab\u00f3lica dos participantes, contribuindo para a redu\u00e7\u00e3o de peso e mitigando o risco de desenvolvimento de diabetes tipo 2. Essa abordagem alinha-se \u00e0 compreens\u00e3o atual de que, para uma vida saud\u00e1vel, a conjuga\u00e7\u00e3o entre alimenta\u00e7\u00e3o balanceada e atividade f\u00edsica \u00e9 imprescind\u00edvel.<\/p>\n\n\n\n<h2 class=\"wp-block-heading\">A Dieta Mediterr\u00e2nea \u00e9 o caminho para a preven\u00e7\u00e3o do diabetes?<\/h2>\n\n\n\n<p>Embora este estudo ofere\u00e7a evid\u00eancias promissoras quanto \u00e0 efic\u00e1cia de uma Dieta Mediterr\u00e2nea ajustada na preven\u00e7\u00e3o do diabetes tipo 2, \u00e9 importante destacar que tais mudan\u00e7as alimentares devem ser parte de um estilo de vida mais abrangente. O sucesso do programa n\u00e3o reside apenas na escolha dos alimentos, mas na mudan\u00e7a comportamental integral que inclui nutri\u00e7\u00e3o, atividade f\u00edsica e suporte cont\u00ednuo. Esta pesquisa refor\u00e7a a relev\u00e2ncia de abordagens hol\u00edsticas e personalizadas na promo\u00e7\u00e3o da sa\u00fade e preven\u00e7\u00e3o de doen\u00e7as metab\u00f3licas.<\/p>\n\n\n<a href=\"https:\/\/www.instagram.com\/dra.annaluisabf\/\" target=\"_blank\" rel=\"noopener\" style=\"text-decoration: none; color: inherit;\">\n    <span style=\"display: inline-block; border: 1px solid #ccc; border-radius: 10px; padding: 15px; max-width: 550px; font-family: sans-serif; box-shadow: 0 2px 5px rgba(0,0,0,0.1); width: 100%;\">\n\n      <!-- T\u00edtulo -->\n      <span style=\"display: block; margin: 0 0 15px 0; font-weight: bold; color: #2c3e50; text-align: center;\">\n        Entre em contato:\n      <\/span>\n\n      <!-- Linha do perfil -->\n      <span style=\"display: flex; align-items: center; gap: 15px;\">\n        <img decoding=\"async\"\n          src=\"https:\/\/www.correiobraziliense.com.br\/cbradar\/wp-content\/uploads\/2025\/08\/dra_anna_luisa.jpeg\"\n          alt=\"Foto da Dra. Anna Lu\u00edsa\"\n          style=\"border-radius: 50%; width: 80px; height: 80px; object-fit: cover;\"\n        \/>\n        <span style=\"display: flex; flex-direction: column;\">\n          <span style=\"font-size: 18px; font-weight: 700; color: #2c3e50;\">Dra. Anna Lu\u00edsa Barbosa Fernandes<\/span>\n          <span style=\"color: #555;\">CRM-GO 33.271<\/span>\n        <\/span>\n      <\/span>\n\n      <!-- Redes -->\n      <span style=\"display: flex; align-items: center; gap: 10px; margin-top: 12px;\">\n        <img decoding=\"async\" src=\"https:\/\/cdn-icons-png.flaticon.com\/24\/1384\/1384063.png\" alt=\"Instagram\" width=\"24\" height=\"24\" \/>\n        <span style=\"text-decoration: underline; color: #2c3e50;\">@dra.annaluisabf<\/span>\n      <\/span>\n\n    <\/span>\n  <\/a>","protected":false},"excerpt":{"rendered":"<p>Nos \u00faltimos anos, a Dieta Mediterr\u00e2nea tem se destacado como um estilo alimentar ben\u00e9fico, amplamente reconhecido por suas propriedades saud\u00e1veis e pela capacidade de reduzir riscos de doen\u00e7as metab\u00f3licas, incluindo o diabetes tipo 2. Esse padr\u00e3o alimentar destaca-se pelo consumo abundante de frutas, vegetais, gr\u00e3os integrais e azeite extravirgem, enquanto limita o consumo de carne [&hellip;]<\/p>\n","protected":false},"author":14,"featured_media":35604,"comment_status":"open","ping_status":"open","sticky":false,"template":"","format":"standard","meta":{"_yoast_wpseo_focuskw":"Dieta Mediterr\u00e2nea","_yoast_wpseo_title":"","_yoast_wpseo_metadesc":"Com menos calorias e foco em alimentos naturais, dieta mediterr\u00e2nea ajuda a prevenir o diabetes tipo 2. Estudo aponta queda expressiva no risco.","jnews-multi-image_gallery":[],"jnews_single_post":{"format":"standard"},"jnews_primary_category":[],"jnews_social_meta":[],"jnews_override_counter":[],"footnotes":""},"categories":[4404],"post_tag":[281,1423,120,1318],"class_list":["post-121229","post","type-post","status-publish","format-standard","has-post-thumbnail","hentry","category-saude","tag-alimentacao","tag-alimentos","tag-bem-estar","tag-saude-2"],"yoast_head":"<!-- This site is optimized with the Yoast SEO plugin v24.6 - https:\/\/yoast.com\/wordpress\/plugins\/seo\/ -->\n<title>Estudo revela dieta ideal para evitar diabetes tipo 2 - Correio Braziliense - Radar<\/title>\n<meta name=\"description\" content=\"Com menos calorias e foco em alimentos naturais, dieta mediterr\u00e2nea ajuda a prevenir o diabetes tipo 2. Estudo aponta queda expressiva no risco.\" \/>\n<meta name=\"robots\" content=\"index, follow, max-snippet:-1, max-image-preview:large, max-video-preview:-1\" \/>\n<link rel=\"canonical\" href=\"https:\/\/www.correiobraziliense.com.br\/cbradar\/estudo-revela-dieta-ideal-para-evitar-diabetes-tipo-2\/\" \/>\n<meta property=\"og:locale\" content=\"pt_BR\" \/>\n<meta property=\"og:type\" content=\"article\" \/>\n<meta property=\"og:title\" content=\"Estudo revela dieta ideal para evitar diabetes tipo 2 - Correio Braziliense - Radar\" \/>\n<meta property=\"og:description\" content=\"Com menos calorias e foco em alimentos naturais, dieta mediterr\u00e2nea ajuda a prevenir o diabetes tipo 2. Estudo aponta queda expressiva no risco.\" \/>\n<meta property=\"og:url\" content=\"https:\/\/www.correiobraziliense.com.br\/cbradar\/estudo-revela-dieta-ideal-para-evitar-diabetes-tipo-2\/\" \/>\n<meta property=\"og:site_name\" content=\"Correio Braziliense - Radar\" \/>\n<meta property=\"article:published_time\" content=\"2025-10-18T22:05:00+00:00\" \/>\n<meta property=\"og:image\" content=\"https:\/\/www.correiobraziliense.com.br\/cbradar\/wp-content\/uploads\/2025\/05\/dieta-mediterranea_1743605354448.jpg\" \/>\n\t<meta property=\"og:image:width\" content=\"1279\" \/>\n\t<meta property=\"og:image:height\" content=\"720\" \/>\n\t<meta property=\"og:image:type\" content=\"image\/jpeg\" \/>\n<meta name=\"author\" content=\"guilherme_saude\" \/>\n<meta name=\"twitter:card\" content=\"summary_large_image\" \/>\n<meta name=\"twitter:label1\" content=\"Escrito por\" \/>\n\t<meta name=\"twitter:data1\" content=\"guilherme_saude\" \/>\n\t<meta name=\"twitter:label2\" content=\"Est. tempo de leitura\" \/>\n\t<meta name=\"twitter:data2\" content=\"4 minutos\" \/>\n<!-- \/ Yoast SEO plugin. -->","yoast_head_json":{"title":"Estudo revela dieta ideal para evitar diabetes tipo 2 - Correio Braziliense - Radar","description":"Com menos calorias e foco em alimentos naturais, dieta mediterr\u00e2nea ajuda a prevenir o diabetes tipo 2. Estudo aponta queda expressiva no risco.","robots":{"index":"index","follow":"follow","max-snippet":"max-snippet:-1","max-image-preview":"max-image-preview:large","max-video-preview":"max-video-preview:-1"},"canonical":"https:\/\/www.correiobraziliense.com.br\/cbradar\/estudo-revela-dieta-ideal-para-evitar-diabetes-tipo-2\/","og_locale":"pt_BR","og_type":"article","og_title":"Estudo revela dieta ideal para evitar diabetes tipo 2 - Correio Braziliense - Radar","og_description":"Com menos calorias e foco em alimentos naturais, dieta mediterr\u00e2nea ajuda a prevenir o diabetes tipo 2. Estudo aponta queda expressiva no risco.","og_url":"https:\/\/www.correiobraziliense.com.br\/cbradar\/estudo-revela-dieta-ideal-para-evitar-diabetes-tipo-2\/","og_site_name":"Correio Braziliense - Radar","article_published_time":"2025-10-18T22:05:00+00:00","og_image":[{"width":1279,"height":720,"url":"https:\/\/www.correiobraziliense.com.br\/cbradar\/wp-content\/uploads\/2025\/05\/dieta-mediterranea_1743605354448.jpg","type":"image\/jpeg"}],"author":"guilherme_saude","twitter_card":"summary_large_image","twitter_misc":{"Escrito por":"guilherme_saude","Est. tempo de leitura":"4 minutos"},"schema":{"@context":"https:\/\/schema.org","@graph":[{"@type":"WebPage","@id":"https:\/\/www.correiobraziliense.com.br\/cbradar\/estudo-revela-dieta-ideal-para-evitar-diabetes-tipo-2\/","url":"https:\/\/www.correiobraziliense.com.br\/cbradar\/estudo-revela-dieta-ideal-para-evitar-diabetes-tipo-2\/","name":"Estudo revela dieta ideal para evitar diabetes tipo 2 - Correio Braziliense - Radar","isPartOf":{"@id":"https:\/\/www.correiobraziliense.com.br\/cbradar\/#website"},"primaryImageOfPage":{"@id":"https:\/\/www.correiobraziliense.com.br\/cbradar\/estudo-revela-dieta-ideal-para-evitar-diabetes-tipo-2\/#primaryimage"},"image":{"@id":"https:\/\/www.correiobraziliense.com.br\/cbradar\/estudo-revela-dieta-ideal-para-evitar-diabetes-tipo-2\/#primaryimage"},"thumbnailUrl":"https:\/\/www.correiobraziliense.com.br\/cbradar\/wp-content\/uploads\/2025\/05\/dieta-mediterranea_1743605354448.jpg","datePublished":"2025-10-18T22:05:00+00:00","author":{"@id":"https:\/\/www.correiobraziliense.com.br\/cbradar\/#\/schema\/person\/5aa4bf3c8fa699c267933611de12978b"},"description":"Com menos calorias e foco em alimentos naturais, dieta mediterr\u00e2nea ajuda a prevenir o diabetes tipo 2. Estudo aponta queda expressiva no risco.","breadcrumb":{"@id":"https:\/\/www.correiobraziliense.com.br\/cbradar\/estudo-revela-dieta-ideal-para-evitar-diabetes-tipo-2\/#breadcrumb"},"inLanguage":"pt-BR","potentialAction":[{"@type":"ReadAction","target":["https:\/\/www.correiobraziliense.com.br\/cbradar\/estudo-revela-dieta-ideal-para-evitar-diabetes-tipo-2\/"]}]},{"@type":"ImageObject","inLanguage":"pt-BR","@id":"https:\/\/www.correiobraziliense.com.br\/cbradar\/estudo-revela-dieta-ideal-para-evitar-diabetes-tipo-2\/#primaryimage","url":"https:\/\/www.correiobraziliense.com.br\/cbradar\/wp-content\/uploads\/2025\/05\/dieta-mediterranea_1743605354448.jpg","contentUrl":"https:\/\/www.correiobraziliense.com.br\/cbradar\/wp-content\/uploads\/2025\/05\/dieta-mediterranea_1743605354448.jpg","width":1279,"height":720,"caption":"alimentos - Cr\u00e9ditos: depositphotos.com \/ fuzullhanum"},{"@type":"BreadcrumbList","@id":"https:\/\/www.correiobraziliense.com.br\/cbradar\/estudo-revela-dieta-ideal-para-evitar-diabetes-tipo-2\/#breadcrumb","itemListElement":[{"@type":"ListItem","position":1,"name":"In\u00edcio","item":"https:\/\/www.correiobraziliense.com.br\/cbradar\/"},{"@type":"ListItem","position":2,"name":"Estudo revela dieta ideal para evitar diabetes tipo 2"}]},{"@type":"WebSite","@id":"https:\/\/www.correiobraziliense.com.br\/cbradar\/#website","url":"https:\/\/www.correiobraziliense.com.br\/cbradar\/","name":"Correio Braziliense - Radar","description":"Acompanhe as \u00faltimas not\u00edcias e fique bem informado sobre tudo o que acontece no Brasil e no mundo.","potentialAction":[{"@type":"SearchAction","target":{"@type":"EntryPoint","urlTemplate":"https:\/\/www.correiobraziliense.com.br\/cbradar\/?s={search_term_string}"},"query-input":{"@type":"PropertyValueSpecification","valueRequired":true,"valueName":"search_term_string"}}],"inLanguage":"pt-BR"},{"@type":"Person","@id":"https:\/\/www.correiobraziliense.com.br\/cbradar\/#\/schema\/person\/5aa4bf3c8fa699c267933611de12978b","name":"guilherme_saude","image":{"@type":"ImageObject","inLanguage":"pt-BR","@id":"https:\/\/www.correiobraziliense.com.br\/cbradar\/#\/schema\/person\/image\/","url":"https:\/\/secure.gravatar.com\/avatar\/df9adfb835d344bc0af109d41756253f?s=96&d=mm&r=g","contentUrl":"https:\/\/secure.gravatar.com\/avatar\/df9adfb835d344bc0af109d41756253f?s=96&d=mm&r=g","caption":"guilherme_saude"},"url":"https:\/\/www.correiobraziliense.com.br\/cbradar\/author\/guilherme_saude\/"}]}},"_links":{"self":[{"href":"https:\/\/www.correiobraziliense.com.br\/cbradar\/wp-json\/wp\/v2\/posts\/121229","targetHints":{"allow":["GET"]}}],"collection":[{"href":"https:\/\/www.correiobraziliense.com.br\/cbradar\/wp-json\/wp\/v2\/posts"}],"about":[{"href":"https:\/\/www.correiobraziliense.com.br\/cbradar\/wp-json\/wp\/v2\/types\/post"}],"author":[{"embeddable":true,"href":"https:\/\/www.correiobraziliense.com.br\/cbradar\/wp-json\/wp\/v2\/users\/14"}],"replies":[{"embeddable":true,"href":"https:\/\/www.correiobraziliense.com.br\/cbradar\/wp-json\/wp\/v2\/comments?post=121229"}],"version-history":[{"count":1,"href":"https:\/\/www.correiobraziliense.com.br\/cbradar\/wp-json\/wp\/v2\/posts\/121229\/revisions"}],"predecessor-version":[{"id":121238,"href":"https:\/\/www.correiobraziliense.com.br\/cbradar\/wp-json\/wp\/v2\/posts\/121229\/revisions\/121238"}],"wp:featuredmedia":[{"embeddable":true,"href":"https:\/\/www.correiobraziliense.com.br\/cbradar\/wp-json\/wp\/v2\/media\/35604"}],"wp:attachment":[{"href":"https:\/\/www.correiobraziliense.com.br\/cbradar\/wp-json\/wp\/v2\/media?parent=121229"}],"wp:term":[{"taxonomy":"category","embeddable":true,"href":"https:\/\/www.correiobraziliense.com.br\/cbradar\/wp-json\/wp\/v2\/categories?post=121229"},{"taxonomy":"post_tag","embeddable":true,"href":"https:\/\/www.correiobraziliense.com.br\/cbradar\/wp-json\/wp\/v2\/post_tag?post=121229"}],"curies":[{"name":"wp","href":"https:\/\/api.w.org\/{rel}","templated":true}]}}