{"id":121379,"date":"2025-10-19T18:15:00","date_gmt":"2025-10-19T21:15:00","guid":{"rendered":"https:\/\/www.correiobraziliense.com.br\/cbradar\/?p=121379"},"modified":"2025-10-18T09:20:23","modified_gmt":"2025-10-18T12:20:23","slug":"o-simples-habito-de-ser-grato-pode-transformar-sua-saude-mental","status":"publish","type":"post","link":"https:\/\/www.correiobraziliense.com.br\/cbradar\/o-simples-habito-de-ser-grato-pode-transformar-sua-saude-mental\/","title":{"rendered":"O simples h\u00e1bito de ser grato pode transformar sua sa\u00fade mental"},"content":{"rendered":"\n<p>O h\u00e1bito da <b>queixa<\/b> \u00e9 uma constante na vida de muitas pessoas, indo das pequenas inconveni\u00eancias di\u00e1rias at\u00e9 grandes frustra\u00e7\u00f5es; embora tenha um papel evolutivo na detec\u00e7\u00e3o de amea\u00e7as, hoje o &#8220;<b>radar defensivo<\/b>&#8221; funciona frequentemente mesmo sem um perigo real, enquanto a <b>gratid\u00e3o<\/b> surge como alternativa comprovada para equilibrar a sa\u00fade mental e emocional.<\/p>\n\n\n\n<h2 class=\"wp-block-heading\">Quais s\u00e3o os efeitos neurol\u00f3gicos da pr\u00e1tica de gratid\u00e3o?<\/h2>\n\n\n\n<p>A pr\u00e1tica da <b>gratid\u00e3o<\/b> ativa \u00e1reas cerebrais como a <b>corteza prefrontal medial<\/b>, que regula emo\u00e7\u00f5es e auxilia na tomada de perspectiva. Al\u00e9m disso, ela reduz rea\u00e7\u00f5es de medo e ansiedade ao controlar a atua\u00e7\u00e3o da <b>am\u00edgdala<\/b> e beneficia a <b>corteza cingulada anterior<\/b>, relacionada \u00e0 empatia.<\/p>\n\n\n\n<p>Estruturas do circuito de recompensa, como o <b>n\u00facleo accumbens<\/b> e o <b>estriado ventral<\/b>, tamb\u00e9m s\u00e3o estimuladas, fortalecendo h\u00e1bitos positivos e ajudando a interromper ciclos de rumina\u00e7\u00e3o e estresse. Estudos recentes em <b>neuroci\u00eancia<\/b> mostram que a pr\u00e1tica regular da gratid\u00e3o aumenta a libera\u00e7\u00e3o de neurotransmissores como <b>dopamina<\/b> e <b>serotonina<\/b>, refor\u00e7ando sensa\u00e7\u00f5es de bem-estar.<\/p>\n\n\n\n<h2 class=\"wp-block-heading\">Entenda como a gratid\u00e3o impacta a sa\u00fade mental e emocional<\/h2>\n\n\n\n<p>O cultivo regular da <b>gratid\u00e3o<\/b> est\u00e1 associado \u00e0 redu\u00e7\u00e3o de sintomas de ansiedade e depress\u00e3o, al\u00e9m de aumentar a satisfa\u00e7\u00e3o com a vida. Esse h\u00e1bito tamb\u00e9m altera a predisposi\u00e7\u00e3o para emo\u00e7\u00f5es negativas, tornando mais acess\u00edveis estados afetivos positivos.<\/p>\n\n\n\n<p>Como resultado, as pessoas ganham <b>resili\u00eancia emocional<\/b>, enfrentando adversidades do cotidiano com mais efic\u00e1cia e equil\u00edbrio psicol\u00f3gico. <a href=\"https:\/\/forbes.com.br\/forbessaude\/2024\/05\/por-que-praticar-a-gratidao-e-indispensavel-segundo-a-neurociencia\/\" target=\"_blank\" rel=\"noreferrer noopener\">Pesquisas da <b>Universidade da Calif\u00f3rnia<\/b><\/a> apontam ainda que pr\u00e1ticas de gratid\u00e3o contribuem para maior otimismo e bem-estar a longo prazo.<\/p>\n\n\n\n<figure class=\"wp-block-image size-large\"><img decoding=\"async\" width=\"1024\" height=\"576\" src=\"https:\/\/www.correiobraziliense.com.br\/cbradar\/wp-content\/uploads\/2025\/10\/gratidao_1760786619449-1024x576.jpg\" alt=\"O simples h\u00e1bito de ser grato pode transformar sua sa\u00fade mental\" class=\"wp-image-121395\" srcset=\"https:\/\/www.correiobraziliense.com.br\/cbradar\/wp-content\/uploads\/2025\/10\/gratidao_1760786619449-1024x576.jpg 1024w, https:\/\/www.correiobraziliense.com.br\/cbradar\/wp-content\/uploads\/2025\/10\/gratidao_1760786619449-300x169.jpg 300w, https:\/\/www.correiobraziliense.com.br\/cbradar\/wp-content\/uploads\/2025\/10\/gratidao_1760786619449-768x432.jpg 768w, https:\/\/www.correiobraziliense.com.br\/cbradar\/wp-content\/uploads\/2025\/10\/gratidao_1760786619449-750x422.jpg 750w, https:\/\/www.correiobraziliense.com.br\/cbradar\/wp-content\/uploads\/2025\/10\/gratidao_1760786619449-1140x641.jpg 1140w, https:\/\/www.correiobraziliense.com.br\/cbradar\/wp-content\/uploads\/2025\/10\/gratidao_1760786619449.jpg 1280w\" sizes=\"(max-width: 1024px) 100vw, 1024px\" \/><figcaption class=\"wp-element-caption\">Mulher sendo grata \u00e0 natureza\nCr\u00e9ditos: depositphotos.com \/ tutye<\/figcaption><\/figure>\n\n\n\n<h2 class=\"wp-block-heading\">Descubra benef\u00edcios fisiol\u00f3gicos que a gratid\u00e3o pode proporcionar<\/h2>\n\n\n\n<p>A <b>gratid\u00e3o<\/b> traz benef\u00edcios al\u00e9m do psicol\u00f3gico, influenciando positivamente a sa\u00fade f\u00edsica. A <b>ci\u00eancia<\/b> mostra impactos no sistema imunol\u00f3gico, frequ\u00eancia card\u00edaca e n\u00edveis de inflama\u00e7\u00e3o, al\u00e9m de melhorias na qualidade do sono.<\/p>\n\n\n\n<p>Entre os efeitos observados na fisiologia de quem pratica <b>gratid\u00e3o<\/b>, destacam-se:<\/p>\n\n\n\n<ul class=\"wp-block-list\">\n<li><b>Aumento da atividade das c\u00e9lulas de defesa imunol\u00f3gica<\/b><\/li>\n\n\n\n<li><b>Diminui\u00e7\u00e3o dos n\u00edveis de cortisol<\/b> e de inflama\u00e7\u00e3o<\/li>\n\n\n\n<li><b>Melhora na variabilidade da frequ\u00eancia card\u00edaca<\/b><\/li>\n\n\n\n<li><b>Maior facilidade para atingir sono profundo<\/b><\/li>\n<\/ul>\n\n\n\n<h2 class=\"wp-block-heading\">De que forma a gratid\u00e3o fortalece rela\u00e7\u00f5es interpessoais<\/h2>\n\n\n\n<p>No \u00e2mbito das rela\u00e7\u00f5es, a <b>gratid\u00e3o<\/b> fortalece v\u00ednculos, incentivando a intimidade e a confian\u00e7a. Em ambientes profissionais, esse comportamento melhora a comunica\u00e7\u00e3o e reduz tens\u00f5es.<\/p>\n\n\n\n<p>Expressar agradecimento de maneira genu\u00edna torna as <b>conex\u00f5es sociais<\/b> mais s\u00f3lidas, essenciais para o bem-estar geral e a coopera\u00e7\u00e3o m\u00fatua. <a href=\"https:\/\/www.health.harvard.edu\/blog\/gratitude-enhances-health-brings-happiness-and-may-even-lengthen-lives-202409113071\" target=\"_blank\" rel=\"noreferrer noopener\">Pesquisas conduzidas pela <b>Universidade de Harvard<\/b><\/a> revelam que equipes que praticam gratid\u00e3o regularmente desenvolvem mais confian\u00e7a e colabora\u00e7\u00e3o no ambiente de trabalho.<\/p>\n\n\n\n<p>Leia tamb\u00e9m: <a href=\"https:\/\/www.correiobraziliense.com.br\/cbradar\/os-alimentos-que-fortalecem-sua-memoria-todos-os-dias\/\" target=\"_blank\" rel=\"noreferrer noopener\">Os alimentos que fortalecem sua mem\u00f3ria todos os dias<\/a><\/p>\n\n\n\n<h2 class=\"wp-block-heading\">Como incorporar a gratid\u00e3o na rotina di\u00e1ria com atitudes simples<\/h2>\n\n\n\n<p>Para quem deseja come\u00e7ar, pequenas a\u00e7\u00f5es podem fazer diferen\u00e7a significativa. Pr\u00e1ticas cotidianas ajudam a reorientar o foco, sem ignorar sentimentos negativos, mas oferecendo um novo enquadramento para eles.<\/p>\n\n\n\n<p>Aqui est\u00e3o algumas sugest\u00f5es eficazes para inserir a <b>gratid\u00e3o<\/b> no dia a dia:<\/p>\n\n\n\n<ul class=\"wp-block-list\">\n<li><b>Anotar tr\u00eas aspectos positivos do dia todas as noites<\/b><\/li>\n\n\n\n<li><b>Compartilhar agradecimentos sinceros com amigos<\/b>, familiares ou colegas<\/li>\n\n\n\n<li><b>Praticar a medita\u00e7\u00e3o da gratid\u00e3o<\/b>, focando em experi\u00eancias recentes<\/li>\n<\/ul>\n\n\n\n<p>Em resumo, a <b>gratid\u00e3o<\/b> deve coexistir com a consci\u00eancia das dificuldades, evitando que a <b>queixa<\/b> prevale\u00e7a e promovendo uma escolha proativa para o bem-estar integral.<\/p>\n","protected":false},"excerpt":{"rendered":"<p>Descubra o poder transformador da gratid\u00e3o na sa\u00fade mental e f\u00edsica e aprenda a cultivar uma vida mais plena e otimista.<\/p>\n","protected":false},"author":3,"featured_media":121394,"comment_status":"open","ping_status":"open","sticky":false,"template":"","format":"standard","meta":{"_yoast_wpseo_focuskw":"h\u00e1bito transformar sa\u00fade mental","_yoast_wpseo_title":"%%title%%","_yoast_wpseo_metadesc":"Descubra o poder transformador da gratid\u00e3o na sa\u00fade mental e f\u00edsica e aprenda a cultivar uma vida mais plena e otimista.","jnews-multi-image_gallery":[],"jnews_single_post":{"format":"standard"},"jnews_primary_category":[],"jnews_social_meta":[],"jnews_override_counter":[],"footnotes":""},"categories":[112],"tags":[10741,10905],"class_list":["post-121379","post","type-post","status-publish","format-standard","has-post-thumbnail","hentry","category-curiosidades","tag-neurologia","tag-psicolofia"],"yoast_head":"<!-- This site is optimized with the Yoast SEO plugin v24.6 - https:\/\/yoast.com\/wordpress\/plugins\/seo\/ -->\n<title>O simples h\u00e1bito de ser grato pode transformar sua sa\u00fade mental<\/title>\n<meta name=\"description\" content=\"Descubra o poder transformador da gratid\u00e3o na sa\u00fade mental e f\u00edsica e aprenda a cultivar uma vida mais plena e otimista.\" \/>\n<meta name=\"robots\" content=\"index, follow, max-snippet:-1, max-image-preview:large, max-video-preview:-1\" \/>\n<link rel=\"canonical\" href=\"https:\/\/www.correiobraziliense.com.br\/cbradar\/o-simples-habito-de-ser-grato-pode-transformar-sua-saude-mental\/\" \/>\n<meta property=\"og:locale\" content=\"pt_BR\" \/>\n<meta property=\"og:type\" content=\"article\" \/>\n<meta property=\"og:title\" content=\"O simples h\u00e1bito de ser grato pode transformar sua sa\u00fade mental\" \/>\n<meta property=\"og:description\" content=\"Descubra o poder transformador da gratid\u00e3o na sa\u00fade mental e f\u00edsica e aprenda a cultivar uma vida mais plena e otimista.\" \/>\n<meta property=\"og:url\" content=\"https:\/\/www.correiobraziliense.com.br\/cbradar\/o-simples-habito-de-ser-grato-pode-transformar-sua-saude-mental\/\" \/>\n<meta property=\"og:site_name\" content=\"Correio Braziliense - Radar\" \/>\n<meta property=\"article:published_time\" content=\"2025-10-19T21:15:00+00:00\" \/>\n<meta property=\"og:image\" content=\"https:\/\/www.correiobraziliense.com.br\/cbradar\/wp-content\/uploads\/2025\/10\/gratidao_1760786593387.jpg\" \/>\n\t<meta property=\"og:image:width\" content=\"1280\" \/>\n\t<meta property=\"og:image:height\" content=\"720\" \/>\n\t<meta property=\"og:image:type\" content=\"image\/jpeg\" \/>\n<meta name=\"author\" content=\"Larissa Carvalho\" \/>\n<meta name=\"twitter:card\" content=\"summary_large_image\" \/>\n<meta name=\"twitter:label1\" content=\"Escrito por\" \/>\n\t<meta name=\"twitter:data1\" content=\"Larissa Carvalho\" \/>\n\t<meta name=\"twitter:label2\" content=\"Est. tempo de leitura\" \/>\n\t<meta name=\"twitter:data2\" content=\"4 minutos\" \/>\n<!-- \/ Yoast SEO plugin. -->","yoast_head_json":{"title":"O simples h\u00e1bito de ser grato pode transformar sua sa\u00fade mental","description":"Descubra o poder transformador da gratid\u00e3o na sa\u00fade mental e f\u00edsica e aprenda a cultivar uma vida mais plena e otimista.","robots":{"index":"index","follow":"follow","max-snippet":"max-snippet:-1","max-image-preview":"max-image-preview:large","max-video-preview":"max-video-preview:-1"},"canonical":"https:\/\/www.correiobraziliense.com.br\/cbradar\/o-simples-habito-de-ser-grato-pode-transformar-sua-saude-mental\/","og_locale":"pt_BR","og_type":"article","og_title":"O simples h\u00e1bito de ser grato pode transformar sua sa\u00fade mental","og_description":"Descubra o poder transformador da gratid\u00e3o na sa\u00fade mental e f\u00edsica e aprenda a cultivar uma vida mais plena e otimista.","og_url":"https:\/\/www.correiobraziliense.com.br\/cbradar\/o-simples-habito-de-ser-grato-pode-transformar-sua-saude-mental\/","og_site_name":"Correio Braziliense - Radar","article_published_time":"2025-10-19T21:15:00+00:00","og_image":[{"width":1280,"height":720,"url":"https:\/\/www.correiobraziliense.com.br\/cbradar\/wp-content\/uploads\/2025\/10\/gratidao_1760786593387.jpg","type":"image\/jpeg"}],"author":"Larissa Carvalho","twitter_card":"summary_large_image","twitter_misc":{"Escrito por":"Larissa Carvalho","Est. tempo de leitura":"4 minutos"},"schema":{"@context":"https:\/\/schema.org","@graph":[{"@type":"WebPage","@id":"https:\/\/www.correiobraziliense.com.br\/cbradar\/o-simples-habito-de-ser-grato-pode-transformar-sua-saude-mental\/","url":"https:\/\/www.correiobraziliense.com.br\/cbradar\/o-simples-habito-de-ser-grato-pode-transformar-sua-saude-mental\/","name":"O simples h\u00e1bito de ser grato pode transformar sua sa\u00fade mental","isPartOf":{"@id":"https:\/\/www.correiobraziliense.com.br\/cbradar\/#website"},"primaryImageOfPage":{"@id":"https:\/\/www.correiobraziliense.com.br\/cbradar\/o-simples-habito-de-ser-grato-pode-transformar-sua-saude-mental\/#primaryimage"},"image":{"@id":"https:\/\/www.correiobraziliense.com.br\/cbradar\/o-simples-habito-de-ser-grato-pode-transformar-sua-saude-mental\/#primaryimage"},"thumbnailUrl":"https:\/\/www.correiobraziliense.com.br\/cbradar\/wp-content\/uploads\/2025\/10\/gratidao_1760786593387.jpg","datePublished":"2025-10-19T21:15:00+00:00","author":{"@id":"https:\/\/www.correiobraziliense.com.br\/cbradar\/#\/schema\/person\/58422787644df994b53a19d3e56c1513"},"description":"Descubra o poder transformador da gratid\u00e3o na sa\u00fade mental e f\u00edsica e aprenda a cultivar uma vida mais plena e otimista.","breadcrumb":{"@id":"https:\/\/www.correiobraziliense.com.br\/cbradar\/o-simples-habito-de-ser-grato-pode-transformar-sua-saude-mental\/#breadcrumb"},"inLanguage":"pt-BR","potentialAction":[{"@type":"ReadAction","target":["https:\/\/www.correiobraziliense.com.br\/cbradar\/o-simples-habito-de-ser-grato-pode-transformar-sua-saude-mental\/"]}]},{"@type":"ImageObject","inLanguage":"pt-BR","@id":"https:\/\/www.correiobraziliense.com.br\/cbradar\/o-simples-habito-de-ser-grato-pode-transformar-sua-saude-mental\/#primaryimage","url":"https:\/\/www.correiobraziliense.com.br\/cbradar\/wp-content\/uploads\/2025\/10\/gratidao_1760786593387.jpg","contentUrl":"https:\/\/www.correiobraziliense.com.br\/cbradar\/wp-content\/uploads\/2025\/10\/gratidao_1760786593387.jpg","width":1280,"height":720,"caption":"Mulher sendo grata Cr\u00e9ditos: depositphotos.com \/ info.michaelheim-photographer.com"},{"@type":"BreadcrumbList","@id":"https:\/\/www.correiobraziliense.com.br\/cbradar\/o-simples-habito-de-ser-grato-pode-transformar-sua-saude-mental\/#breadcrumb","itemListElement":[{"@type":"ListItem","position":1,"name":"In\u00edcio","item":"https:\/\/www.correiobraziliense.com.br\/cbradar\/"},{"@type":"ListItem","position":2,"name":"O simples h\u00e1bito de ser grato pode transformar sua sa\u00fade mental"}]},{"@type":"WebSite","@id":"https:\/\/www.correiobraziliense.com.br\/cbradar\/#website","url":"https:\/\/www.correiobraziliense.com.br\/cbradar\/","name":"Correio Braziliense - Radar","description":"Acompanhe as \u00faltimas not\u00edcias e fique bem informado sobre tudo o que acontece no Brasil e no mundo.","potentialAction":[{"@type":"SearchAction","target":{"@type":"EntryPoint","urlTemplate":"https:\/\/www.correiobraziliense.com.br\/cbradar\/?s={search_term_string}"},"query-input":{"@type":"PropertyValueSpecification","valueRequired":true,"valueName":"search_term_string"}}],"inLanguage":"pt-BR"},{"@type":"Person","@id":"https:\/\/www.correiobraziliense.com.br\/cbradar\/#\/schema\/person\/58422787644df994b53a19d3e56c1513","name":"Larissa Carvalho","image":{"@type":"ImageObject","inLanguage":"pt-BR","@id":"https:\/\/www.correiobraziliense.com.br\/cbradar\/#\/schema\/person\/image\/","url":"https:\/\/secure.gravatar.com\/avatar\/fe4f91a0de32b52a838d0d612abdc1aa?s=96&d=mm&r=g","contentUrl":"https:\/\/secure.gravatar.com\/avatar\/fe4f91a0de32b52a838d0d612abdc1aa?s=96&d=mm&r=g","caption":"Larissa Carvalho"},"url":"https:\/\/www.correiobraziliense.com.br\/cbradar\/author\/larissamyth\/"}]}},"_links":{"self":[{"href":"https:\/\/www.correiobraziliense.com.br\/cbradar\/wp-json\/wp\/v2\/posts\/121379","targetHints":{"allow":["GET"]}}],"collection":[{"href":"https:\/\/www.correiobraziliense.com.br\/cbradar\/wp-json\/wp\/v2\/posts"}],"about":[{"href":"https:\/\/www.correiobraziliense.com.br\/cbradar\/wp-json\/wp\/v2\/types\/post"}],"author":[{"embeddable":true,"href":"https:\/\/www.correiobraziliense.com.br\/cbradar\/wp-json\/wp\/v2\/users\/3"}],"replies":[{"embeddable":true,"href":"https:\/\/www.correiobraziliense.com.br\/cbradar\/wp-json\/wp\/v2\/comments?post=121379"}],"version-history":[{"count":3,"href":"https:\/\/www.correiobraziliense.com.br\/cbradar\/wp-json\/wp\/v2\/posts\/121379\/revisions"}],"predecessor-version":[{"id":121437,"href":"https:\/\/www.correiobraziliense.com.br\/cbradar\/wp-json\/wp\/v2\/posts\/121379\/revisions\/121437"}],"wp:featuredmedia":[{"embeddable":true,"href":"https:\/\/www.correiobraziliense.com.br\/cbradar\/wp-json\/wp\/v2\/media\/121394"}],"wp:attachment":[{"href":"https:\/\/www.correiobraziliense.com.br\/cbradar\/wp-json\/wp\/v2\/media?parent=121379"}],"wp:term":[{"taxonomy":"category","embeddable":true,"href":"https:\/\/www.correiobraziliense.com.br\/cbradar\/wp-json\/wp\/v2\/categories?post=121379"},{"taxonomy":"post_tag","embeddable":true,"href":"https:\/\/www.correiobraziliense.com.br\/cbradar\/wp-json\/wp\/v2\/tags?post=121379"}],"curies":[{"name":"wp","href":"https:\/\/api.w.org\/{rel}","templated":true}]}}