{"id":12144,"date":"2025-03-14T12:50:00","date_gmt":"2025-03-14T15:50:00","guid":{"rendered":"https:\/\/www.correiobraziliense.com.br\/cbradar\/?p=12144"},"modified":"2025-03-13T22:05:44","modified_gmt":"2025-03-14T01:05:44","slug":"essas-sao-as-melhores-dicas-para-economizar-combustivel","status":"publish","type":"post","link":"https:\/\/www.correiobraziliense.com.br\/cbradar\/essas-sao-as-melhores-dicas-para-economizar-combustivel\/","title":{"rendered":"Essas s\u00e3o as melhores dicas para economizar combust\u00edvel"},"content":{"rendered":"\n<p>Em 2025, os brasileiros enfrentam mais um desafio econ\u00f4mico com o recente aumento nos pre\u00e7os dos combust\u00edveis. A partir do dia 1\u00ba de janeiro, o valor do <strong>ICMS <\/strong>sobre a gasolina e o diesel foi reajustado. Essa mudan\u00e7a reflete n\u00e3o apenas no custo de vida, mas tamb\u00e9m nas estrat\u00e9gias que os motoristas precisam adotar para economizar combust\u00edvel.<\/p>\n\n\n\n<p>O reajuste no ICMS elevou o pre\u00e7o da gasolina em R$ 0,10 por litro, passando de R$ 1,37 para R$ 1,47. O diesel tamb\u00e9m sofreu um aumento, subindo R$ 0,06 por litro, totalizando R$ 1,12. Esses acr\u00e9scimos podem parecer pequenos \u00e0 primeira vista, mas representam um impacto significativo no or\u00e7amento mensal de quem depende do carro para suas atividades di\u00e1rias.<\/p>\n\n\n\n<h2 class=\"wp-block-heading\"><strong>Como economizar combust\u00edvel de forma eficiente?<\/strong><\/h2>\n\n\n\n<p>Economizar combust\u00edvel \u00e9 uma preocupa\u00e7\u00e3o crescente entre os motoristas, especialmente em tempos de aumento de pre\u00e7os. De acordo com especialistas, como Ant\u00f4nio Jorge Martins, coordenador de MBAs da FGV, a chave para gastar menos est\u00e1 no uso correto do ve\u00edculo e na manuten\u00e7\u00e3o adequada. Seguir as recomenda\u00e7\u00f5es do fabricante pode fazer uma grande diferen\u00e7a no consumo.<\/p>\n\n\n\n<figure class=\"wp-block-image size-large\"><img decoding=\"async\" width=\"1024\" height=\"576\" src=\"https:\/\/www.correiobraziliense.com.br\/cbradar\/wp-content\/uploads\/2025\/03\/combustiveis_1741873483593-1024x576.jpg\" alt=\"Essas s\u00e3o as melhores dicas para economizar combust\u00edvel\" class=\"wp-image-12146\" srcset=\"https:\/\/www.correiobraziliense.com.br\/cbradar\/wp-content\/uploads\/2025\/03\/combustiveis_1741873483593-1024x576.jpg 1024w, https:\/\/www.correiobraziliense.com.br\/cbradar\/wp-content\/uploads\/2025\/03\/combustiveis_1741873483593-300x169.jpg 300w, https:\/\/www.correiobraziliense.com.br\/cbradar\/wp-content\/uploads\/2025\/03\/combustiveis_1741873483593-768x432.jpg 768w, https:\/\/www.correiobraziliense.com.br\/cbradar\/wp-content\/uploads\/2025\/03\/combustiveis_1741873483593-750x422.jpg 750w, https:\/\/www.correiobraziliense.com.br\/cbradar\/wp-content\/uploads\/2025\/03\/combustiveis_1741873483593-1140x641.jpg 1140w, https:\/\/www.correiobraziliense.com.br\/cbradar\/wp-content\/uploads\/2025\/03\/combustiveis_1741873483593.jpg 1280w\" sizes=\"(max-width: 1024px) 100vw, 1024px\" \/><figcaption class=\"wp-element-caption\">combust\u00edveis.Cr\u00e9ditos: depositphotos.com \/ jacek_kadaj<\/figcaption><\/figure>\n\n\n\n<p>Manter os pneus na calibragem correta \u00e9 essencial para garantir a efici\u00eancia do ve\u00edculo. Al\u00e9m disso, dirigir em velocidades moderadas, conforme indicado pela marca, pode contribuir para uma economia significativa. A manuten\u00e7\u00e3o regular do carro, incluindo a troca de filtros de ar, \u00f3leo e combust\u00edvel, tamb\u00e9m \u00e9 crucial para evitar o aumento no consumo.<\/p>\n\n\n\n<h2 class=\"wp-block-heading\"><strong>Quais componentes do ve\u00edculo afetam o consumo?<\/strong><\/h2>\n\n\n\n<p>V\u00e1rios componentes do ve\u00edculo podem influenciar diretamente o consumo de combust\u00edvel. Filtros de ar, \u00f3leo e combust\u00edvel, quando sujos ou desgastados, comprometem o desempenho do carro. Velas de igni\u00e7\u00e3o em mau estado podem resultar em uma queima inadequada do combust\u00edvel, aumentando o consumo. Portanto, a manuten\u00e7\u00e3o preventiva \u00e9 uma pr\u00e1tica recomendada para evitar gastos desnecess\u00e1rios.<\/p>\n\n\n\n<p>Al\u00e9m disso, a forma como o motorista troca as marchas e utiliza o ar-condicionado tamb\u00e9m pode impactar o consumo. Trocar as marchas corretamente e usar o ar-condicionado com modera\u00e7\u00e3o s\u00e3o pr\u00e1ticas que ajudam a economizar combust\u00edvel.<\/p>\n\n\n\n<h2 class=\"wp-block-heading\"><strong>Quais s\u00e3o as dicas para reduzir o consumo de combust\u00edvel?<\/strong><\/h2>\n\n\n\n<ol class=\"wp-block-list\">\n<li>Troque as marchas corretamente.<\/li>\n\n\n\n<li>Realize manuten\u00e7\u00e3o regular do ve\u00edculo.<\/li>\n\n\n\n<li>Use o ar-condicionado com modera\u00e7\u00e3o.<\/li>\n\n\n\n<li>Evite aquecer o motor com o carro parado.<\/li>\n\n\n\n<li>Reduza o peso do ve\u00edculo.<\/li>\n\n\n\n<li>Cheque regularmente a calibragem dos pneus.<\/li>\n\n\n\n<li>Considere reduzir o uso do carro particular.<\/li>\n<\/ol>\n\n\n\n<h2 class=\"wp-block-heading\"><strong>Programas de vantagem em postos de combust\u00edveis<\/strong><\/h2>\n\n\n\n<p>Uma alternativa para lidar com o aumento dos pre\u00e7os \u00e9 aproveitar os programas de vantagens oferecidos por postos de combust\u00edveis. Esses programas podem oferecer descontos ou pontos que podem ser trocados por produtos e servi\u00e7os. No entanto, \u00e9 importante que os motoristas avaliem cuidadosamente como esses programas funcionam para garantir que realmente oferecem benef\u00edcios.<\/p>\n\n\n\n<p>O professor de finan\u00e7as da FGV EAESP, Schiozer, destaca a import\u00e2ncia de entender os termos e condi\u00e7\u00f5es desses programas para maximizar os benef\u00edcios e evitar surpresas desagrad\u00e1veis. Com planejamento e estrat\u00e9gias adequadas, \u00e9 poss\u00edvel mitigar o impacto do aumento dos combust\u00edveis no or\u00e7amento familiar.<\/p>\n","protected":false},"excerpt":{"rendered":"<p>O guia completo sobre o impacto do aumento de combust\u00edveis em 2025 e dicas pr\u00e1ticas para motoristas economizarem combust\u00edvel.<\/p>\n","protected":false},"author":3,"featured_media":12145,"comment_status":"open","ping_status":"open","sticky":false,"template":"","format":"standard","meta":{"_yoast_wpseo_focuskw":"economizar combust\u00edvel","_yoast_wpseo_title":"%%title%%","_yoast_wpseo_metadesc":"O guia completo sobre o impacto do aumento de combust\u00edveis em 2025 e dicas pr\u00e1ticas para motoristas economizarem combust\u00edvel.","jnews-multi-image_gallery":[],"jnews_single_post":{"format":"standard"},"jnews_primary_category":[],"jnews_social_meta":[],"jnews_override_counter":[],"footnotes":""},"categories":[122],"post_tag":[772,1920],"class_list":["post-12144","post","type-post","status-publish","format-standard","has-post-thumbnail","hentry","category-automobilismo","tag-combustivel","tag-economizar-combustivel"],"yoast_head":"<!-- This site is optimized with the Yoast SEO plugin v24.6 - https:\/\/yoast.com\/wordpress\/plugins\/seo\/ -->\n<title>Essas s\u00e3o as melhores dicas para economizar combust\u00edvel<\/title>\n<meta name=\"description\" content=\"O guia completo sobre o impacto do aumento de combust\u00edveis em 2025 e dicas pr\u00e1ticas para motoristas economizarem combust\u00edvel.\" \/>\n<meta name=\"robots\" content=\"index, follow, max-snippet:-1, max-image-preview:large, max-video-preview:-1\" \/>\n<link rel=\"canonical\" href=\"https:\/\/www.correiobraziliense.com.br\/cbradar\/essas-sao-as-melhores-dicas-para-economizar-combustivel\/\" \/>\n<meta property=\"og:locale\" content=\"pt_BR\" \/>\n<meta property=\"og:type\" content=\"article\" \/>\n<meta property=\"og:title\" content=\"Essas s\u00e3o as melhores dicas para economizar combust\u00edvel\" \/>\n<meta property=\"og:description\" content=\"O guia completo sobre o impacto do aumento de combust\u00edveis em 2025 e dicas pr\u00e1ticas para motoristas economizarem combust\u00edvel.\" \/>\n<meta property=\"og:url\" content=\"https:\/\/www.correiobraziliense.com.br\/cbradar\/essas-sao-as-melhores-dicas-para-economizar-combustivel\/\" \/>\n<meta property=\"og:site_name\" content=\"Correio Braziliense - Radar\" \/>\n<meta property=\"article:published_time\" content=\"2025-03-14T15:50:00+00:00\" \/>\n<meta property=\"og:image\" content=\"https:\/\/www.correiobraziliense.com.br\/cbradar\/wp-content\/uploads\/2025\/03\/combustiveis_1741873425542.jpg\" \/>\n\t<meta property=\"og:image:width\" content=\"1280\" \/>\n\t<meta property=\"og:image:height\" content=\"720\" \/>\n\t<meta property=\"og:image:type\" content=\"image\/jpeg\" \/>\n<meta name=\"author\" content=\"Larissa Carvalho\" \/>\n<meta name=\"twitter:card\" content=\"summary_large_image\" \/>\n<meta name=\"twitter:label1\" content=\"Escrito por\" \/>\n\t<meta name=\"twitter:data1\" content=\"Larissa Carvalho\" \/>\n\t<meta name=\"twitter:label2\" content=\"Est. tempo de leitura\" \/>\n\t<meta name=\"twitter:data2\" content=\"4 minutos\" \/>\n<!-- \/ Yoast SEO plugin. -->","yoast_head_json":{"title":"Essas s\u00e3o as melhores dicas para economizar combust\u00edvel","description":"O guia completo sobre o impacto do aumento de combust\u00edveis em 2025 e dicas pr\u00e1ticas para motoristas economizarem combust\u00edvel.","robots":{"index":"index","follow":"follow","max-snippet":"max-snippet:-1","max-image-preview":"max-image-preview:large","max-video-preview":"max-video-preview:-1"},"canonical":"https:\/\/www.correiobraziliense.com.br\/cbradar\/essas-sao-as-melhores-dicas-para-economizar-combustivel\/","og_locale":"pt_BR","og_type":"article","og_title":"Essas s\u00e3o as melhores dicas para economizar combust\u00edvel","og_description":"O guia completo sobre o impacto do aumento de combust\u00edveis em 2025 e dicas pr\u00e1ticas para motoristas economizarem combust\u00edvel.","og_url":"https:\/\/www.correiobraziliense.com.br\/cbradar\/essas-sao-as-melhores-dicas-para-economizar-combustivel\/","og_site_name":"Correio Braziliense - Radar","article_published_time":"2025-03-14T15:50:00+00:00","og_image":[{"width":1280,"height":720,"url":"https:\/\/www.correiobraziliense.com.br\/cbradar\/wp-content\/uploads\/2025\/03\/combustiveis_1741873425542.jpg","type":"image\/jpeg"}],"author":"Larissa Carvalho","twitter_card":"summary_large_image","twitter_misc":{"Escrito por":"Larissa Carvalho","Est. tempo de leitura":"4 minutos"},"schema":{"@context":"https:\/\/schema.org","@graph":[{"@type":"WebPage","@id":"https:\/\/www.correiobraziliense.com.br\/cbradar\/essas-sao-as-melhores-dicas-para-economizar-combustivel\/","url":"https:\/\/www.correiobraziliense.com.br\/cbradar\/essas-sao-as-melhores-dicas-para-economizar-combustivel\/","name":"Essas s\u00e3o as melhores dicas para economizar combust\u00edvel","isPartOf":{"@id":"https:\/\/www.correiobraziliense.com.br\/cbradar\/#website"},"primaryImageOfPage":{"@id":"https:\/\/www.correiobraziliense.com.br\/cbradar\/essas-sao-as-melhores-dicas-para-economizar-combustivel\/#primaryimage"},"image":{"@id":"https:\/\/www.correiobraziliense.com.br\/cbradar\/essas-sao-as-melhores-dicas-para-economizar-combustivel\/#primaryimage"},"thumbnailUrl":"https:\/\/www.correiobraziliense.com.br\/cbradar\/wp-content\/uploads\/2025\/03\/combustiveis_1741873425542.jpg","datePublished":"2025-03-14T15:50:00+00:00","author":{"@id":"https:\/\/www.correiobraziliense.com.br\/cbradar\/#\/schema\/person\/58422787644df994b53a19d3e56c1513"},"description":"O guia completo sobre o impacto do aumento de combust\u00edveis em 2025 e dicas pr\u00e1ticas para motoristas economizarem combust\u00edvel.","breadcrumb":{"@id":"https:\/\/www.correiobraziliense.com.br\/cbradar\/essas-sao-as-melhores-dicas-para-economizar-combustivel\/#breadcrumb"},"inLanguage":"pt-BR","potentialAction":[{"@type":"ReadAction","target":["https:\/\/www.correiobraziliense.com.br\/cbradar\/essas-sao-as-melhores-dicas-para-economizar-combustivel\/"]}]},{"@type":"ImageObject","inLanguage":"pt-BR","@id":"https:\/\/www.correiobraziliense.com.br\/cbradar\/essas-sao-as-melhores-dicas-para-economizar-combustivel\/#primaryimage","url":"https:\/\/www.correiobraziliense.com.br\/cbradar\/wp-content\/uploads\/2025\/03\/combustiveis_1741873425542.jpg","contentUrl":"https:\/\/www.correiobraziliense.com.br\/cbradar\/wp-content\/uploads\/2025\/03\/combustiveis_1741873425542.jpg","width":1280,"height":720,"caption":"combust\u00edveis.Cr\u00e9ditos: depositphotos.com \/ REDPIXEL"},{"@type":"BreadcrumbList","@id":"https:\/\/www.correiobraziliense.com.br\/cbradar\/essas-sao-as-melhores-dicas-para-economizar-combustivel\/#breadcrumb","itemListElement":[{"@type":"ListItem","position":1,"name":"In\u00edcio","item":"https:\/\/www.correiobraziliense.com.br\/cbradar\/"},{"@type":"ListItem","position":2,"name":"Essas s\u00e3o as melhores dicas para economizar combust\u00edvel"}]},{"@type":"WebSite","@id":"https:\/\/www.correiobraziliense.com.br\/cbradar\/#website","url":"https:\/\/www.correiobraziliense.com.br\/cbradar\/","name":"Correio Braziliense - Radar","description":"Acompanhe as \u00faltimas not\u00edcias e fique bem informado sobre tudo o que acontece no Brasil e no mundo.","potentialAction":[{"@type":"SearchAction","target":{"@type":"EntryPoint","urlTemplate":"https:\/\/www.correiobraziliense.com.br\/cbradar\/?s={search_term_string}"},"query-input":{"@type":"PropertyValueSpecification","valueRequired":true,"valueName":"search_term_string"}}],"inLanguage":"pt-BR"},{"@type":"Person","@id":"https:\/\/www.correiobraziliense.com.br\/cbradar\/#\/schema\/person\/58422787644df994b53a19d3e56c1513","name":"Larissa Carvalho","image":{"@type":"ImageObject","inLanguage":"pt-BR","@id":"https:\/\/www.correiobraziliense.com.br\/cbradar\/#\/schema\/person\/image\/","url":"https:\/\/secure.gravatar.com\/avatar\/fe4f91a0de32b52a838d0d612abdc1aa?s=96&d=mm&r=g","contentUrl":"https:\/\/secure.gravatar.com\/avatar\/fe4f91a0de32b52a838d0d612abdc1aa?s=96&d=mm&r=g","caption":"Larissa Carvalho"},"url":"https:\/\/www.correiobraziliense.com.br\/cbradar\/author\/larissamyth\/"}]}},"_links":{"self":[{"href":"https:\/\/www.correiobraziliense.com.br\/cbradar\/wp-json\/wp\/v2\/posts\/12144","targetHints":{"allow":["GET"]}}],"collection":[{"href":"https:\/\/www.correiobraziliense.com.br\/cbradar\/wp-json\/wp\/v2\/posts"}],"about":[{"href":"https:\/\/www.correiobraziliense.com.br\/cbradar\/wp-json\/wp\/v2\/types\/post"}],"author":[{"embeddable":true,"href":"https:\/\/www.correiobraziliense.com.br\/cbradar\/wp-json\/wp\/v2\/users\/3"}],"replies":[{"embeddable":true,"href":"https:\/\/www.correiobraziliense.com.br\/cbradar\/wp-json\/wp\/v2\/comments?post=12144"}],"version-history":[{"count":2,"href":"https:\/\/www.correiobraziliense.com.br\/cbradar\/wp-json\/wp\/v2\/posts\/12144\/revisions"}],"predecessor-version":[{"id":12224,"href":"https:\/\/www.correiobraziliense.com.br\/cbradar\/wp-json\/wp\/v2\/posts\/12144\/revisions\/12224"}],"wp:featuredmedia":[{"embeddable":true,"href":"https:\/\/www.correiobraziliense.com.br\/cbradar\/wp-json\/wp\/v2\/media\/12145"}],"wp:attachment":[{"href":"https:\/\/www.correiobraziliense.com.br\/cbradar\/wp-json\/wp\/v2\/media?parent=12144"}],"wp:term":[{"taxonomy":"category","embeddable":true,"href":"https:\/\/www.correiobraziliense.com.br\/cbradar\/wp-json\/wp\/v2\/categories?post=12144"},{"taxonomy":"post_tag","embeddable":true,"href":"https:\/\/www.correiobraziliense.com.br\/cbradar\/wp-json\/wp\/v2\/post_tag?post=12144"}],"curies":[{"name":"wp","href":"https:\/\/api.w.org\/{rel}","templated":true}]}}