{"id":121777,"date":"2025-10-19T13:25:00","date_gmt":"2025-10-19T16:25:00","guid":{"rendered":"https:\/\/www.correiobraziliense.com.br\/cbradar\/?p=121777"},"modified":"2025-10-18T18:41:53","modified_gmt":"2025-10-18T21:41:53","slug":"5-bebidas-para-substituir-o-refrigerante-com-saude","status":"publish","type":"post","link":"https:\/\/www.correiobraziliense.com.br\/cbradar\/5-bebidas-para-substituir-o-refrigerante-com-saude\/","title":{"rendered":"5 bebidas para substituir o refrigerante com sa\u00fade"},"content":{"rendered":"\n<p>O consumo regular de <strong>Refrigerantes <\/strong>\u00e9 um h\u00e1bito comum em muitas culturas ao redor do mundo. Essas bebidas s\u00e3o frequentemente associadas a momentos de socializa\u00e7\u00e3o e lazer, adquirindo popularidade devido ao seu sabor doce e refrescante. No entanto, a ingest\u00e3o constante dessas bebidas pode trazer problemas de sa\u00fade, estimulando uma busca por alternativas mais saud\u00e1veis e equilibradas.<\/p>\n\n\n\n<p>Substituir os Refrigerantes n\u00e3o significa abrir m\u00e3o de bebidas saborosas e prazerosas. Existem v\u00e1rias op\u00e7\u00f5es que podem ser incorporadas ao cotidiano, oferecendo hidrata\u00e7\u00e3o e satisfazendo o paladar. Al\u00e9m de contribu\u00edrem para uma dieta mais saud\u00e1vel, essas alternativas promovem o uso de ingredientes frescos e minimizam o consumo de aditivos artificiais.<\/p>\n\n\n\n<h2 class=\"wp-block-heading\">Por que abandonar o refrigerante?<\/h2>\n\n\n\n<p>Muitas raz\u00f5es justificam a redu\u00e7\u00e3o ou elimina\u00e7\u00e3o do consumo de Refrigerantes. Em primeiro lugar, essas bebidas cont\u00eam um alto teor de a\u00e7\u00facar e aditivos, fatores que podem contribuir para o ganho de peso e o aumento do risco de doen\u00e7as cr\u00f4nicas, como diabetes tipo 2 e hipertens\u00e3o. Al\u00e9m disso, os refrigerantes s\u00e3o ricos em corantes e conservantes que, consumidos em excesso, podem prejudicar o organismo.<\/p>\n\n\n\n<p>Outra preocupa\u00e7\u00e3o \u00e9 a desmineraliza\u00e7\u00e3o \u00f3ssea associada ao consumo de \u00e1cido fosf\u00f3rico presente em muitos Refrigerantes. Este composto tamb\u00e9m pode afetar negativamente o esmalte dental, tornando os dentes mais suscet\u00edveis a c\u00e1ries. Considerando esses fatores, substitui\u00e7\u00f5es ben\u00e9ficas ao refrigerante podem oferecer vantagens nutricionais consider\u00e1veis.<\/p>\n\n\n\n<h2 class=\"wp-block-heading\">Quais alternativas s\u00e3o recomendadas?<\/h2>\n\n\n\n<p>H\u00e1 v\u00e1rias bebidas que podem substituir o refrigerante sem sacrificar o sabor e a satisfa\u00e7\u00e3o durante as refei\u00e7\u00f5es. Entre as mais populares est\u00e3o:<\/p>\n\n\n<div class=\"wp-block-image\">\n<figure class=\"aligncenter size-large\"><img decoding=\"async\" width=\"1024\" height=\"576\" src=\"https:\/\/www.correiobraziliense.com.br\/cbradar\/wp-content\/uploads\/2025\/08\/Agua-com-Gas_1754495052868-1024x576.jpg\" alt=\"\" class=\"wp-image-81868\" srcset=\"https:\/\/www.correiobraziliense.com.br\/cbradar\/wp-content\/uploads\/2025\/08\/Agua-com-Gas_1754495052868-1024x576.jpg 1024w, https:\/\/www.correiobraziliense.com.br\/cbradar\/wp-content\/uploads\/2025\/08\/Agua-com-Gas_1754495052868-300x169.jpg 300w, https:\/\/www.correiobraziliense.com.br\/cbradar\/wp-content\/uploads\/2025\/08\/Agua-com-Gas_1754495052868-768x432.jpg 768w, https:\/\/www.correiobraziliense.com.br\/cbradar\/wp-content\/uploads\/2025\/08\/Agua-com-Gas_1754495052868-750x422.jpg 750w, https:\/\/www.correiobraziliense.com.br\/cbradar\/wp-content\/uploads\/2025\/08\/Agua-com-Gas_1754495052868-1140x641.jpg 1140w, https:\/\/www.correiobraziliense.com.br\/cbradar\/wp-content\/uploads\/2025\/08\/Agua-com-Gas_1754495052868.jpg 1280w\" sizes=\"(max-width: 1024px) 100vw, 1024px\" \/><figcaption class=\"wp-element-caption\">\u00c1gua com G\u00e1s &#8211; Cr\u00e9ditos: depositphotos.com \/ danilum<\/figcaption><\/figure><\/div>\n\n\n<ul class=\"wp-block-list\">\n<li><strong>\u00c1gua com g\u00e1s e lim\u00e3o:<\/strong>\u00a0Esta combina\u00e7\u00e3o proporciona frescor e efervesc\u00eancia, sem adi\u00e7\u00e3o de a\u00e7\u00facares.<\/li>\n\n\n\n<li><strong>Ch\u00e1s gelados naturais:<\/strong>\u00a0Ch\u00e1s preto e verde podem ser preparados em casa, ado\u00e7ados levemente com mel ou consumidos sem a\u00e7\u00facar.<\/li>\n\n\n\n<li><strong>Sucos de frutas naturais:<\/strong>\u00a0Quando feitos sem a\u00e7\u00facar, esses sucos s\u00e3o ricos em vitaminas e minerais essenciais.<\/li>\n\n\n\n<li><strong>\u00c1gua saborizada:<\/strong>\u00a0Infundir \u00e1gua com fatias de frutas, hortel\u00e3 ou gengibre cria op\u00e7\u00f5es aromatizadas e refrescantes.<\/li>\n<\/ul>\n\n\n\n<p>Essas varia\u00e7\u00f5es permitem a inova\u00e7\u00e3o na busca por sabores novos, incentivando o uso de ingredientes naturais na prepara\u00e7\u00e3o das bebidas.<\/p>\n\n\n\n<h2 class=\"wp-block-heading\">Como tornar a mudan\u00e7a um h\u00e1bito di\u00e1rio?<\/h2>\n\n\n\n<p>Modificar h\u00e1bitos arraigados, como o consumo de Refrigerantes, pode ser um desafio. No entanto, algumas estrat\u00e9gias podem facilitar essa transi\u00e7\u00e3o:<\/p>\n\n\n\n<ol class=\"wp-block-list\">\n<li><strong>Redu\u00e7\u00e3o gradual:<\/strong>\u00a0Diminua lentamente o consumo de Refrigerantes, come\u00e7ando por substitu\u00ed-los em uma refei\u00e7\u00e3o di\u00e1ria.<\/li>\n\n\n\n<li><strong>Planejamento:<\/strong>\u00a0Mantenha sempre dispon\u00edveis alternativas saud\u00e1veis no trabalho e em casa para evitar reca\u00eddas.<\/li>\n\n\n\n<li><strong>Explora\u00e7\u00e3o de sabores:<\/strong>\u00a0Experimente diferentes op\u00e7\u00f5es para descobrir quais mais agradam.<\/li>\n\n\n\n<li><strong>Envolvimento familiar:<\/strong>\u00a0Incluir a fam\u00edlia no processo pode torn\u00e1-lo mais divertido e motivador.<\/li>\n<\/ol>\n\n\n\n<p>Adotar essas pr\u00e1ticas permite que a troca do refrigerante se torne parte da rotina, promovendo <a href=\"https:\/\/www.correiobraziliense.com.br\/cbradar\/dor-no-joelho-ao-subir-escadas-entenda-as-causas\/\" target=\"_blank\" rel=\"noreferrer noopener\">sa\u00fade <\/a>e equil\u00edbrio nutricional.<\/p>\n\n\n\n<h2 class=\"wp-block-heading\">Quais cuidados ao escolher bebidas substitutas?<\/h2>\n\n\n\n<p>A escolha de substitutos para Refrigerantes deve considerar o impacto na sa\u00fade. Mesmo alternativas mais naturais podem conter a\u00e7\u00facares em excesso, como alguns sucos e ch\u00e1s prontos. Optar por vers\u00f5es caseiras e frescas \u00e9 sempre melhor, evitando ado\u00e7antes artificiais e focando na hidrata\u00e7\u00e3o com \u00e1gua pura.<\/p>\n\n\n\n<p>Ao melhorar a alimenta\u00e7\u00e3o com substitui\u00e7\u00f5es simples e criativas, utilizando ingredientes frescos, n\u00e3o s\u00f3 se transforma a dieta di\u00e1ria, mas tamb\u00e9m se investe na sa\u00fade e no bem-estar a longo prazo. Essas pequenas mudan\u00e7as podem ter um impacto significativo na vitalidade e no equil\u00edbrio alimentar.<\/p>\n\n\n<a href=\"https:\/\/www.instagram.com\/dra.annaluisabf\/\" target=\"_blank\" rel=\"noopener\" style=\"text-decoration: none; color: inherit;\">\n    <span style=\"display: inline-block; border: 1px solid #ccc; border-radius: 10px; padding: 15px; max-width: 550px; font-family: sans-serif; box-shadow: 0 2px 5px rgba(0,0,0,0.1); width: 100%;\">\n\n      <!-- T\u00edtulo -->\n      <span style=\"display: block; margin: 0 0 15px 0; font-weight: bold; color: #2c3e50; text-align: center;\">\n        Entre em contato:\n      <\/span>\n\n      <!-- Linha do perfil -->\n      <span style=\"display: flex; align-items: center; gap: 15px;\">\n        <img decoding=\"async\"\n          src=\"https:\/\/www.correiobraziliense.com.br\/cbradar\/wp-content\/uploads\/2025\/08\/dra_anna_luisa.jpeg\"\n          alt=\"Foto da Dra. Anna Lu\u00edsa\"\n          style=\"border-radius: 50%; width: 80px; height: 80px; object-fit: cover;\"\n        \/>\n        <span style=\"display: flex; flex-direction: column;\">\n          <span style=\"font-size: 18px; font-weight: 700; color: #2c3e50;\">Dra. Anna Lu\u00edsa Barbosa Fernandes<\/span>\n          <span style=\"color: #555;\">CRM-GO 33.271<\/span>\n        <\/span>\n      <\/span>\n\n      <!-- Redes -->\n      <span style=\"display: flex; align-items: center; gap: 10px; margin-top: 12px;\">\n        <img decoding=\"async\" src=\"https:\/\/cdn-icons-png.flaticon.com\/24\/1384\/1384063.png\" alt=\"Instagram\" width=\"24\" height=\"24\" \/>\n        <span style=\"text-decoration: underline; color: #2c3e50;\">@dra.annaluisabf<\/span>\n      <\/span>\n\n    <\/span>\n  <\/a>","protected":false},"excerpt":{"rendered":"<p>O consumo regular de Refrigerantes \u00e9 um h\u00e1bito comum em muitas culturas ao redor do mundo. Essas bebidas s\u00e3o frequentemente associadas a momentos de socializa\u00e7\u00e3o e lazer, adquirindo popularidade devido ao seu sabor doce e refrescante. No entanto, a ingest\u00e3o constante dessas bebidas pode trazer problemas de sa\u00fade, estimulando uma busca por alternativas mais saud\u00e1veis [&hellip;]<\/p>\n","protected":false},"author":14,"featured_media":100426,"comment_status":"open","ping_status":"open","sticky":false,"template":"","format":"standard","meta":{"_yoast_wpseo_focuskw":"Refrigerantes","_yoast_wpseo_title":"","_yoast_wpseo_metadesc":"Refrigerante pode prejudicar ossos, dentes e o cora\u00e7\u00e3o. Veja o que beber no lugar e como tornar essa mudan\u00e7a parte da sua rotina.","jnews-multi-image_gallery":[],"jnews_single_post":{"format":"standard"},"jnews_primary_category":[],"jnews_social_meta":[],"jnews_override_counter":[],"footnotes":""},"categories":[4404],"tags":[281,1423,120,1318],"class_list":["post-121777","post","type-post","status-publish","format-standard","has-post-thumbnail","hentry","category-saude","tag-alimentacao","tag-alimentos","tag-bem-estar","tag-saude-2"],"yoast_head":"<!-- This site is optimized with the Yoast SEO plugin v24.6 - https:\/\/yoast.com\/wordpress\/plugins\/seo\/ -->\n<title>5 bebidas para substituir o refrigerante com sa\u00fade - Correio Braziliense - Radar<\/title>\n<meta name=\"description\" content=\"Refrigerante pode prejudicar ossos, dentes e o cora\u00e7\u00e3o. Veja o que beber no lugar e como tornar essa mudan\u00e7a parte da sua rotina.\" \/>\n<meta name=\"robots\" content=\"index, follow, max-snippet:-1, max-image-preview:large, max-video-preview:-1\" \/>\n<link rel=\"canonical\" href=\"https:\/\/www.correiobraziliense.com.br\/cbradar\/5-bebidas-para-substituir-o-refrigerante-com-saude\/\" \/>\n<meta property=\"og:locale\" content=\"pt_BR\" \/>\n<meta property=\"og:type\" content=\"article\" \/>\n<meta property=\"og:title\" content=\"5 bebidas para substituir o refrigerante com sa\u00fade - Correio Braziliense - Radar\" \/>\n<meta property=\"og:description\" content=\"Refrigerante pode prejudicar ossos, dentes e o cora\u00e7\u00e3o. Veja o que beber no lugar e como tornar essa mudan\u00e7a parte da sua rotina.\" \/>\n<meta property=\"og:url\" content=\"https:\/\/www.correiobraziliense.com.br\/cbradar\/5-bebidas-para-substituir-o-refrigerante-com-saude\/\" \/>\n<meta property=\"og:site_name\" content=\"Correio Braziliense - Radar\" \/>\n<meta property=\"article:published_time\" content=\"2025-10-19T16:25:00+00:00\" \/>\n<meta property=\"og:image\" content=\"https:\/\/www.correiobraziliense.com.br\/cbradar\/wp-content\/uploads\/2025\/09\/refrigerante_1757289846523.jpg\" \/>\n\t<meta property=\"og:image:width\" content=\"1280\" \/>\n\t<meta property=\"og:image:height\" content=\"720\" \/>\n\t<meta property=\"og:image:type\" content=\"image\/jpeg\" \/>\n<meta name=\"author\" content=\"guilherme_saude\" \/>\n<meta name=\"twitter:card\" content=\"summary_large_image\" \/>\n<meta name=\"twitter:label1\" content=\"Escrito por\" \/>\n\t<meta name=\"twitter:data1\" content=\"guilherme_saude\" \/>\n\t<meta name=\"twitter:label2\" content=\"Est. tempo de leitura\" \/>\n\t<meta name=\"twitter:data2\" content=\"4 minutos\" \/>\n<!-- \/ Yoast SEO plugin. -->","yoast_head_json":{"title":"5 bebidas para substituir o refrigerante com sa\u00fade - Correio Braziliense - Radar","description":"Refrigerante pode prejudicar ossos, dentes e o cora\u00e7\u00e3o. Veja o que beber no lugar e como tornar essa mudan\u00e7a parte da sua rotina.","robots":{"index":"index","follow":"follow","max-snippet":"max-snippet:-1","max-image-preview":"max-image-preview:large","max-video-preview":"max-video-preview:-1"},"canonical":"https:\/\/www.correiobraziliense.com.br\/cbradar\/5-bebidas-para-substituir-o-refrigerante-com-saude\/","og_locale":"pt_BR","og_type":"article","og_title":"5 bebidas para substituir o refrigerante com sa\u00fade - Correio Braziliense - Radar","og_description":"Refrigerante pode prejudicar ossos, dentes e o cora\u00e7\u00e3o. Veja o que beber no lugar e como tornar essa mudan\u00e7a parte da sua rotina.","og_url":"https:\/\/www.correiobraziliense.com.br\/cbradar\/5-bebidas-para-substituir-o-refrigerante-com-saude\/","og_site_name":"Correio Braziliense - Radar","article_published_time":"2025-10-19T16:25:00+00:00","og_image":[{"width":1280,"height":720,"url":"https:\/\/www.correiobraziliense.com.br\/cbradar\/wp-content\/uploads\/2025\/09\/refrigerante_1757289846523.jpg","type":"image\/jpeg"}],"author":"guilherme_saude","twitter_card":"summary_large_image","twitter_misc":{"Escrito por":"guilherme_saude","Est. tempo de leitura":"4 minutos"},"schema":{"@context":"https:\/\/schema.org","@graph":[{"@type":"WebPage","@id":"https:\/\/www.correiobraziliense.com.br\/cbradar\/5-bebidas-para-substituir-o-refrigerante-com-saude\/","url":"https:\/\/www.correiobraziliense.com.br\/cbradar\/5-bebidas-para-substituir-o-refrigerante-com-saude\/","name":"5 bebidas para substituir o refrigerante com sa\u00fade - Correio Braziliense - Radar","isPartOf":{"@id":"https:\/\/www.correiobraziliense.com.br\/cbradar\/#website"},"primaryImageOfPage":{"@id":"https:\/\/www.correiobraziliense.com.br\/cbradar\/5-bebidas-para-substituir-o-refrigerante-com-saude\/#primaryimage"},"image":{"@id":"https:\/\/www.correiobraziliense.com.br\/cbradar\/5-bebidas-para-substituir-o-refrigerante-com-saude\/#primaryimage"},"thumbnailUrl":"https:\/\/www.correiobraziliense.com.br\/cbradar\/wp-content\/uploads\/2025\/09\/refrigerante_1757289846523.jpg","datePublished":"2025-10-19T16:25:00+00:00","author":{"@id":"https:\/\/www.correiobraziliense.com.br\/cbradar\/#\/schema\/person\/5aa4bf3c8fa699c267933611de12978b"},"description":"Refrigerante pode prejudicar ossos, dentes e o cora\u00e7\u00e3o. Veja o que beber no lugar e como tornar essa mudan\u00e7a parte da sua rotina.","breadcrumb":{"@id":"https:\/\/www.correiobraziliense.com.br\/cbradar\/5-bebidas-para-substituir-o-refrigerante-com-saude\/#breadcrumb"},"inLanguage":"pt-BR","potentialAction":[{"@type":"ReadAction","target":["https:\/\/www.correiobraziliense.com.br\/cbradar\/5-bebidas-para-substituir-o-refrigerante-com-saude\/"]}]},{"@type":"ImageObject","inLanguage":"pt-BR","@id":"https:\/\/www.correiobraziliense.com.br\/cbradar\/5-bebidas-para-substituir-o-refrigerante-com-saude\/#primaryimage","url":"https:\/\/www.correiobraziliense.com.br\/cbradar\/wp-content\/uploads\/2025\/09\/refrigerante_1757289846523.jpg","contentUrl":"https:\/\/www.correiobraziliense.com.br\/cbradar\/wp-content\/uploads\/2025\/09\/refrigerante_1757289846523.jpg","width":1280,"height":720,"caption":"Refrigerante - Cr\u00e9ditos: depositphotos.com \/ SergeBlack"},{"@type":"BreadcrumbList","@id":"https:\/\/www.correiobraziliense.com.br\/cbradar\/5-bebidas-para-substituir-o-refrigerante-com-saude\/#breadcrumb","itemListElement":[{"@type":"ListItem","position":1,"name":"In\u00edcio","item":"https:\/\/www.correiobraziliense.com.br\/cbradar\/"},{"@type":"ListItem","position":2,"name":"5 bebidas para substituir o refrigerante com sa\u00fade"}]},{"@type":"WebSite","@id":"https:\/\/www.correiobraziliense.com.br\/cbradar\/#website","url":"https:\/\/www.correiobraziliense.com.br\/cbradar\/","name":"Correio Braziliense - Radar","description":"Acompanhe as \u00faltimas not\u00edcias e fique bem informado sobre tudo o que acontece no Brasil e no mundo.","potentialAction":[{"@type":"SearchAction","target":{"@type":"EntryPoint","urlTemplate":"https:\/\/www.correiobraziliense.com.br\/cbradar\/?s={search_term_string}"},"query-input":{"@type":"PropertyValueSpecification","valueRequired":true,"valueName":"search_term_string"}}],"inLanguage":"pt-BR"},{"@type":"Person","@id":"https:\/\/www.correiobraziliense.com.br\/cbradar\/#\/schema\/person\/5aa4bf3c8fa699c267933611de12978b","name":"guilherme_saude","image":{"@type":"ImageObject","inLanguage":"pt-BR","@id":"https:\/\/www.correiobraziliense.com.br\/cbradar\/#\/schema\/person\/image\/","url":"https:\/\/secure.gravatar.com\/avatar\/df9adfb835d344bc0af109d41756253f?s=96&d=mm&r=g","contentUrl":"https:\/\/secure.gravatar.com\/avatar\/df9adfb835d344bc0af109d41756253f?s=96&d=mm&r=g","caption":"guilherme_saude"},"url":"https:\/\/www.correiobraziliense.com.br\/cbradar\/author\/guilherme_saude\/"}]}},"_links":{"self":[{"href":"https:\/\/www.correiobraziliense.com.br\/cbradar\/wp-json\/wp\/v2\/posts\/121777","targetHints":{"allow":["GET"]}}],"collection":[{"href":"https:\/\/www.correiobraziliense.com.br\/cbradar\/wp-json\/wp\/v2\/posts"}],"about":[{"href":"https:\/\/www.correiobraziliense.com.br\/cbradar\/wp-json\/wp\/v2\/types\/post"}],"author":[{"embeddable":true,"href":"https:\/\/www.correiobraziliense.com.br\/cbradar\/wp-json\/wp\/v2\/users\/14"}],"replies":[{"embeddable":true,"href":"https:\/\/www.correiobraziliense.com.br\/cbradar\/wp-json\/wp\/v2\/comments?post=121777"}],"version-history":[{"count":1,"href":"https:\/\/www.correiobraziliense.com.br\/cbradar\/wp-json\/wp\/v2\/posts\/121777\/revisions"}],"predecessor-version":[{"id":121778,"href":"https:\/\/www.correiobraziliense.com.br\/cbradar\/wp-json\/wp\/v2\/posts\/121777\/revisions\/121778"}],"wp:featuredmedia":[{"embeddable":true,"href":"https:\/\/www.correiobraziliense.com.br\/cbradar\/wp-json\/wp\/v2\/media\/100426"}],"wp:attachment":[{"href":"https:\/\/www.correiobraziliense.com.br\/cbradar\/wp-json\/wp\/v2\/media?parent=121777"}],"wp:term":[{"taxonomy":"category","embeddable":true,"href":"https:\/\/www.correiobraziliense.com.br\/cbradar\/wp-json\/wp\/v2\/categories?post=121777"},{"taxonomy":"post_tag","embeddable":true,"href":"https:\/\/www.correiobraziliense.com.br\/cbradar\/wp-json\/wp\/v2\/tags?post=121777"}],"curies":[{"name":"wp","href":"https:\/\/api.w.org\/{rel}","templated":true}]}}