{"id":121781,"date":"2025-10-19T15:55:00","date_gmt":"2025-10-19T18:55:00","guid":{"rendered":"https:\/\/www.correiobraziliense.com.br\/cbradar\/?p=121781"},"modified":"2025-10-18T18:47:12","modified_gmt":"2025-10-18T21:47:12","slug":"omega-3-reduz-cravos-e-espinhas-entenda-o-efeito-na-pele","status":"publish","type":"post","link":"https:\/\/www.correiobraziliense.com.br\/cbradar\/omega-3-reduz-cravos-e-espinhas-entenda-o-efeito-na-pele\/","title":{"rendered":"\u00d4mega-3 reduz cravos e espinhas, entenda o efeito na pele"},"content":{"rendered":"\n<p>A <strong>Acne <\/strong>\u00e9 uma condi\u00e7\u00e3o de pele comum caracterizada pelo surgimento de cravos e espinhas, sendo um problema multifatorial que afeta in\u00fameras pessoas. Ao integrar a dieta mediterr\u00e2nea com suplementa\u00e7\u00e3o de \u00f4mega-3, \u00e9 poss\u00edvel observar melhorias significativas nos sintomas da Acne, especialmente em casos leves e moderados. Este enfoque diet\u00e9tico foi alvo de um estudo explorat\u00f3rio publicado no Journal of Cosmetic Dermatology.<\/p>\n\n\n\n<p>A pesquisa procurou entender como a eleva\u00e7\u00e3o dos n\u00edveis de EPA (\u00c1cido eicosapentaenoico) e DHA (\u00c1cido docosahexaenoico), componentes fundamentais do \u00f4mega-3, influencia positivamente na redu\u00e7\u00e3o de les\u00f5es inflamadas e n\u00e3o inflamadas causadas pela Acne. A metodologia abrangeu uma interven\u00e7\u00e3o alimentar espec\u00edfica e a administra\u00e7\u00e3o de suplementos ricos nessas subst\u00e2ncias.<\/p>\n\n\n\n<h2 class=\"wp-block-heading\">Como o \u00f4mega-3 atua na pele?<\/h2>\n\n\n\n<p>O \u00f4mega-3, composto por \u00e1cidos graxos essenciais, desempenha fun\u00e7\u00f5es biol\u00f3gicas vitais que v\u00e3o al\u00e9m da <a href=\"https:\/\/www.correiobraziliense.com.br\/cbradar\/dor-no-joelho-ao-subir-escadas-entenda-as-causas\/\" target=\"_blank\" rel=\"noreferrer noopener\">sa\u00fade <\/a>cardiovascular. Na pele, estes \u00e1cidos combatem processos inflamat\u00f3rios, contribuindo para a diminui\u00e7\u00e3o das les\u00f5es causadas pela Acne. Conforme o estudo, a ades\u00e3o a uma dieta rica em \u00f4mega-3 por 16 semanas resultou em melhorias vis\u00edveis na pele dos participantes.<\/p>\n\n\n<div class=\"wp-block-image\">\n<figure class=\"aligncenter size-large\"><img decoding=\"async\" width=\"1024\" height=\"576\" src=\"https:\/\/www.correiobraziliense.com.br\/cbradar\/wp-content\/uploads\/2025\/07\/omega-3_1751983306720-1024x576.jpg\" alt=\"\" class=\"wp-image-66618\" srcset=\"https:\/\/www.correiobraziliense.com.br\/cbradar\/wp-content\/uploads\/2025\/07\/omega-3_1751983306720-1024x576.jpg 1024w, https:\/\/www.correiobraziliense.com.br\/cbradar\/wp-content\/uploads\/2025\/07\/omega-3_1751983306720-300x169.jpg 300w, https:\/\/www.correiobraziliense.com.br\/cbradar\/wp-content\/uploads\/2025\/07\/omega-3_1751983306720-768x432.jpg 768w, https:\/\/www.correiobraziliense.com.br\/cbradar\/wp-content\/uploads\/2025\/07\/omega-3_1751983306720-750x422.jpg 750w, https:\/\/www.correiobraziliense.com.br\/cbradar\/wp-content\/uploads\/2025\/07\/omega-3_1751983306720-1140x641.jpg 1140w, https:\/\/www.correiobraziliense.com.br\/cbradar\/wp-content\/uploads\/2025\/07\/omega-3_1751983306720.jpg 1280w\" sizes=\"(max-width: 1024px) 100vw, 1024px\" \/><figcaption class=\"wp-element-caption\">Omega 3 &#8211; Cr\u00e9ditos: depositphotos.com \/ VadimVasenin<\/figcaption><\/figure><\/div>\n\n\n<h2 class=\"wp-block-heading\">Quais alimentos s\u00e3o ricos em \u00f4mega-3?<\/h2>\n\n\n\n<p>A dieta mediterr\u00e2nea, rica em peixes como salm\u00e3o e sardinha, al\u00e9m de nozes e sementes de linha\u00e7a, \u00e9 uma excelente fonte de \u00f4mega-3. Estes alimentos n\u00e3o apenas potencializam a sa\u00fade cut\u00e2nea, mas tamb\u00e9m oferecem uma gama de benef\u00edcios \u00e0 sa\u00fade geral, refor\u00e7ando o sistema imunol\u00f3gico e melhorando a fun\u00e7\u00e3o cerebral. O estudo destacou a import\u00e2ncia de inserir esses alimentos regularmente na dieta para observar resultados positivos.<\/p>\n\n\n\n<h2 class=\"wp-block-heading\">Quais s\u00e3o as quantidades di\u00e1rias recomendadas?<\/h2>\n\n\n\n<p>As necessidades di\u00e1rias de \u00f4mega-3 variam conforme idade, sexo e condi\u00e7\u00f5es espec\u00edficas como gravidez. Segundo especialistas, a quantidade ideal pode ser alcan\u00e7ada tanto por meio da dieta quanto por suplementa\u00e7\u00e3o. Para adultos, recomenda-se a ingest\u00e3o de pelo menos 250 a 500 mg de EPA e DHA por dia. No entanto, \u00e9 aconselh\u00e1vel buscar orienta\u00e7\u00e3o profissional para ajustar estas dosagens de acordo com as particularidades de cada indiv\u00edduo.<\/p>\n\n\n\n<h2 class=\"wp-block-heading\">A corretividade da interven\u00e7\u00e3o diet\u00e9tica<\/h2>\n\n\n\n<p>A interven\u00e7\u00e3o diet\u00e9tica aposta em nutrientes que podem aliviar a intensidade da Acne, posicionando-se como uma op\u00e7\u00e3o adjuvante promissora no tratamento. A dermatologista Dra. Claudia Mar\u00e7al enfatiza que as propriedades anti-inflamat\u00f3rias dos \u00e1cidos graxos \u00f4mega-3 fazem deles aliados poderosos no tratamento cut\u00e2neo, refor\u00e7ando a integridade da pele de dentro para fora.<\/p>\n\n\n\n<p>Em suma, a incorpora\u00e7\u00e3o do \u00f4mega-3 na dieta, mediante alimentos ou suplementos, constitui uma abordagem relevante no cuidado da Acne. Os impactos positivos observados no estudo sublinham a efic\u00e1cia desta estrat\u00e9gia diet\u00e9tica, delineando um caminho potencial para tratamentos complementares, sem os efeitos colaterais das terapias convencionais. Al\u00e9m disso, o \u00f4mega-3 \u00e9 um componente vers\u00e1til que beneficia in\u00fameras fun\u00e7\u00f5es biol\u00f3gicas, tornando-se uma inclus\u00e3o valiosa no cotidiano alimentar.<\/p>\n\n\n<a href=\"https:\/\/www.instagram.com\/dra.annaluisabf\/\" target=\"_blank\" rel=\"noopener\" style=\"text-decoration: none; color: inherit;\">\n    <span style=\"display: inline-block; border: 1px solid #ccc; border-radius: 10px; padding: 15px; max-width: 550px; font-family: sans-serif; box-shadow: 0 2px 5px rgba(0,0,0,0.1); width: 100%;\">\n\n      <!-- T\u00edtulo -->\n      <span style=\"display: block; margin: 0 0 15px 0; font-weight: bold; color: #2c3e50; text-align: center;\">\n        Entre em contato:\n      <\/span>\n\n      <!-- Linha do perfil -->\n      <span style=\"display: flex; align-items: center; gap: 15px;\">\n        <img decoding=\"async\"\n          src=\"https:\/\/www.correiobraziliense.com.br\/cbradar\/wp-content\/uploads\/2025\/08\/dra_anna_luisa.jpeg\"\n          alt=\"Foto da Dra. Anna Lu\u00edsa\"\n          style=\"border-radius: 50%; width: 80px; height: 80px; object-fit: cover;\"\n        \/>\n        <span style=\"display: flex; flex-direction: column;\">\n          <span style=\"font-size: 18px; font-weight: 700; color: #2c3e50;\">Dra. Anna Lu\u00edsa Barbosa Fernandes<\/span>\n          <span style=\"color: #555;\">CRM-GO 33.271<\/span>\n        <\/span>\n      <\/span>\n\n      <!-- Redes -->\n      <span style=\"display: flex; align-items: center; gap: 10px; margin-top: 12px;\">\n        <img decoding=\"async\" src=\"https:\/\/cdn-icons-png.flaticon.com\/24\/1384\/1384063.png\" alt=\"Instagram\" width=\"24\" height=\"24\" \/>\n        <span style=\"text-decoration: underline; color: #2c3e50;\">@dra.annaluisabf<\/span>\n      <\/span>\n\n    <\/span>\n  <\/a>","protected":false},"excerpt":{"rendered":"<p>A Acne \u00e9 uma condi\u00e7\u00e3o de pele comum caracterizada pelo surgimento de cravos e espinhas, sendo um problema multifatorial que afeta in\u00fameras pessoas. Ao integrar a dieta mediterr\u00e2nea com suplementa\u00e7\u00e3o de \u00f4mega-3, \u00e9 poss\u00edvel observar melhorias significativas nos sintomas da Acne, especialmente em casos leves e moderados. Este enfoque diet\u00e9tico foi alvo de um estudo [&hellip;]<\/p>\n","protected":false},"author":14,"featured_media":38721,"comment_status":"open","ping_status":"open","sticky":false,"template":"","format":"standard","meta":{"_yoast_wpseo_focuskw":"Acne","_yoast_wpseo_title":"","_yoast_wpseo_metadesc":"Suplementa\u00e7\u00e3o com \u00f4mega-3 e dieta mediterr\u00e2nea reduzem inflama\u00e7\u00f5es da acne. Veja o que revelou um estudo recente sobre os benef\u00edcios.","jnews-multi-image_gallery":[],"jnews_single_post":{"format":"standard"},"jnews_primary_category":[],"jnews_social_meta":[],"jnews_override_counter":[],"footnotes":""},"categories":[4404],"post_tag":[281,120,1318],"class_list":["post-121781","post","type-post","status-publish","format-standard","has-post-thumbnail","hentry","category-saude","tag-alimentacao","tag-bem-estar","tag-saude-2"],"yoast_head":"<!-- This site is optimized with the Yoast SEO plugin v24.6 - https:\/\/yoast.com\/wordpress\/plugins\/seo\/ -->\n<title>\u00d4mega-3 reduz cravos e espinhas, entenda o efeito na pele - Correio Braziliense - Radar<\/title>\n<meta name=\"description\" content=\"Suplementa\u00e7\u00e3o com \u00f4mega-3 e dieta mediterr\u00e2nea reduzem inflama\u00e7\u00f5es da acne. Veja o que revelou um estudo recente sobre os benef\u00edcios.\" \/>\n<meta name=\"robots\" content=\"index, follow, max-snippet:-1, max-image-preview:large, max-video-preview:-1\" \/>\n<link rel=\"canonical\" href=\"https:\/\/www.correiobraziliense.com.br\/cbradar\/omega-3-reduz-cravos-e-espinhas-entenda-o-efeito-na-pele\/\" \/>\n<meta property=\"og:locale\" content=\"pt_BR\" \/>\n<meta property=\"og:type\" content=\"article\" \/>\n<meta property=\"og:title\" content=\"\u00d4mega-3 reduz cravos e espinhas, entenda o efeito na pele - Correio Braziliense - Radar\" \/>\n<meta property=\"og:description\" content=\"Suplementa\u00e7\u00e3o com \u00f4mega-3 e dieta mediterr\u00e2nea reduzem inflama\u00e7\u00f5es da acne. Veja o que revelou um estudo recente sobre os benef\u00edcios.\" \/>\n<meta property=\"og:url\" content=\"https:\/\/www.correiobraziliense.com.br\/cbradar\/omega-3-reduz-cravos-e-espinhas-entenda-o-efeito-na-pele\/\" \/>\n<meta property=\"og:site_name\" content=\"Correio Braziliense - Radar\" \/>\n<meta property=\"article:published_time\" content=\"2025-10-19T18:55:00+00:00\" \/>\n<meta property=\"og:image\" content=\"https:\/\/www.correiobraziliense.com.br\/cbradar\/wp-content\/uploads\/2025\/05\/acne_1747508363077.jpg\" \/>\n\t<meta property=\"og:image:width\" content=\"1280\" \/>\n\t<meta property=\"og:image:height\" content=\"720\" \/>\n\t<meta property=\"og:image:type\" content=\"image\/jpeg\" \/>\n<meta name=\"author\" content=\"guilherme_saude\" \/>\n<meta name=\"twitter:card\" content=\"summary_large_image\" \/>\n<meta name=\"twitter:label1\" content=\"Escrito por\" \/>\n\t<meta name=\"twitter:data1\" content=\"guilherme_saude\" \/>\n\t<meta name=\"twitter:label2\" content=\"Est. tempo de leitura\" \/>\n\t<meta name=\"twitter:data2\" content=\"4 minutos\" \/>\n<!-- \/ Yoast SEO plugin. -->","yoast_head_json":{"title":"\u00d4mega-3 reduz cravos e espinhas, entenda o efeito na pele - Correio Braziliense - Radar","description":"Suplementa\u00e7\u00e3o com \u00f4mega-3 e dieta mediterr\u00e2nea reduzem inflama\u00e7\u00f5es da acne. Veja o que revelou um estudo recente sobre os benef\u00edcios.","robots":{"index":"index","follow":"follow","max-snippet":"max-snippet:-1","max-image-preview":"max-image-preview:large","max-video-preview":"max-video-preview:-1"},"canonical":"https:\/\/www.correiobraziliense.com.br\/cbradar\/omega-3-reduz-cravos-e-espinhas-entenda-o-efeito-na-pele\/","og_locale":"pt_BR","og_type":"article","og_title":"\u00d4mega-3 reduz cravos e espinhas, entenda o efeito na pele - Correio Braziliense - Radar","og_description":"Suplementa\u00e7\u00e3o com \u00f4mega-3 e dieta mediterr\u00e2nea reduzem inflama\u00e7\u00f5es da acne. Veja o que revelou um estudo recente sobre os benef\u00edcios.","og_url":"https:\/\/www.correiobraziliense.com.br\/cbradar\/omega-3-reduz-cravos-e-espinhas-entenda-o-efeito-na-pele\/","og_site_name":"Correio Braziliense - Radar","article_published_time":"2025-10-19T18:55:00+00:00","og_image":[{"width":1280,"height":720,"url":"https:\/\/www.correiobraziliense.com.br\/cbradar\/wp-content\/uploads\/2025\/05\/acne_1747508363077.jpg","type":"image\/jpeg"}],"author":"guilherme_saude","twitter_card":"summary_large_image","twitter_misc":{"Escrito por":"guilherme_saude","Est. tempo de leitura":"4 minutos"},"schema":{"@context":"https:\/\/schema.org","@graph":[{"@type":"WebPage","@id":"https:\/\/www.correiobraziliense.com.br\/cbradar\/omega-3-reduz-cravos-e-espinhas-entenda-o-efeito-na-pele\/","url":"https:\/\/www.correiobraziliense.com.br\/cbradar\/omega-3-reduz-cravos-e-espinhas-entenda-o-efeito-na-pele\/","name":"\u00d4mega-3 reduz cravos e espinhas, entenda o efeito na pele - Correio Braziliense - Radar","isPartOf":{"@id":"https:\/\/www.correiobraziliense.com.br\/cbradar\/#website"},"primaryImageOfPage":{"@id":"https:\/\/www.correiobraziliense.com.br\/cbradar\/omega-3-reduz-cravos-e-espinhas-entenda-o-efeito-na-pele\/#primaryimage"},"image":{"@id":"https:\/\/www.correiobraziliense.com.br\/cbradar\/omega-3-reduz-cravos-e-espinhas-entenda-o-efeito-na-pele\/#primaryimage"},"thumbnailUrl":"https:\/\/www.correiobraziliense.com.br\/cbradar\/wp-content\/uploads\/2025\/05\/acne_1747508363077.jpg","datePublished":"2025-10-19T18:55:00+00:00","author":{"@id":"https:\/\/www.correiobraziliense.com.br\/cbradar\/#\/schema\/person\/5aa4bf3c8fa699c267933611de12978b"},"description":"Suplementa\u00e7\u00e3o com \u00f4mega-3 e dieta mediterr\u00e2nea reduzem inflama\u00e7\u00f5es da acne. Veja o que revelou um estudo recente sobre os benef\u00edcios.","breadcrumb":{"@id":"https:\/\/www.correiobraziliense.com.br\/cbradar\/omega-3-reduz-cravos-e-espinhas-entenda-o-efeito-na-pele\/#breadcrumb"},"inLanguage":"pt-BR","potentialAction":[{"@type":"ReadAction","target":["https:\/\/www.correiobraziliense.com.br\/cbradar\/omega-3-reduz-cravos-e-espinhas-entenda-o-efeito-na-pele\/"]}]},{"@type":"ImageObject","inLanguage":"pt-BR","@id":"https:\/\/www.correiobraziliense.com.br\/cbradar\/omega-3-reduz-cravos-e-espinhas-entenda-o-efeito-na-pele\/#primaryimage","url":"https:\/\/www.correiobraziliense.com.br\/cbradar\/wp-content\/uploads\/2025\/05\/acne_1747508363077.jpg","contentUrl":"https:\/\/www.correiobraziliense.com.br\/cbradar\/wp-content\/uploads\/2025\/05\/acne_1747508363077.jpg","width":1280,"height":720,"caption":"Acne - Cr\u00e9ditos: depositphotos.com \/ IgorVetushko"},{"@type":"BreadcrumbList","@id":"https:\/\/www.correiobraziliense.com.br\/cbradar\/omega-3-reduz-cravos-e-espinhas-entenda-o-efeito-na-pele\/#breadcrumb","itemListElement":[{"@type":"ListItem","position":1,"name":"In\u00edcio","item":"https:\/\/www.correiobraziliense.com.br\/cbradar\/"},{"@type":"ListItem","position":2,"name":"\u00d4mega-3 reduz cravos e espinhas, entenda o efeito na pele"}]},{"@type":"WebSite","@id":"https:\/\/www.correiobraziliense.com.br\/cbradar\/#website","url":"https:\/\/www.correiobraziliense.com.br\/cbradar\/","name":"Correio Braziliense - Radar","description":"Acompanhe as \u00faltimas not\u00edcias e fique bem informado sobre tudo o que acontece no Brasil e no mundo.","potentialAction":[{"@type":"SearchAction","target":{"@type":"EntryPoint","urlTemplate":"https:\/\/www.correiobraziliense.com.br\/cbradar\/?s={search_term_string}"},"query-input":{"@type":"PropertyValueSpecification","valueRequired":true,"valueName":"search_term_string"}}],"inLanguage":"pt-BR"},{"@type":"Person","@id":"https:\/\/www.correiobraziliense.com.br\/cbradar\/#\/schema\/person\/5aa4bf3c8fa699c267933611de12978b","name":"guilherme_saude","image":{"@type":"ImageObject","inLanguage":"pt-BR","@id":"https:\/\/www.correiobraziliense.com.br\/cbradar\/#\/schema\/person\/image\/","url":"https:\/\/secure.gravatar.com\/avatar\/df9adfb835d344bc0af109d41756253f?s=96&d=mm&r=g","contentUrl":"https:\/\/secure.gravatar.com\/avatar\/df9adfb835d344bc0af109d41756253f?s=96&d=mm&r=g","caption":"guilherme_saude"},"url":"https:\/\/www.correiobraziliense.com.br\/cbradar\/author\/guilherme_saude\/"}]}},"_links":{"self":[{"href":"https:\/\/www.correiobraziliense.com.br\/cbradar\/wp-json\/wp\/v2\/posts\/121781","targetHints":{"allow":["GET"]}}],"collection":[{"href":"https:\/\/www.correiobraziliense.com.br\/cbradar\/wp-json\/wp\/v2\/posts"}],"about":[{"href":"https:\/\/www.correiobraziliense.com.br\/cbradar\/wp-json\/wp\/v2\/types\/post"}],"author":[{"embeddable":true,"href":"https:\/\/www.correiobraziliense.com.br\/cbradar\/wp-json\/wp\/v2\/users\/14"}],"replies":[{"embeddable":true,"href":"https:\/\/www.correiobraziliense.com.br\/cbradar\/wp-json\/wp\/v2\/comments?post=121781"}],"version-history":[{"count":1,"href":"https:\/\/www.correiobraziliense.com.br\/cbradar\/wp-json\/wp\/v2\/posts\/121781\/revisions"}],"predecessor-version":[{"id":121783,"href":"https:\/\/www.correiobraziliense.com.br\/cbradar\/wp-json\/wp\/v2\/posts\/121781\/revisions\/121783"}],"wp:featuredmedia":[{"embeddable":true,"href":"https:\/\/www.correiobraziliense.com.br\/cbradar\/wp-json\/wp\/v2\/media\/38721"}],"wp:attachment":[{"href":"https:\/\/www.correiobraziliense.com.br\/cbradar\/wp-json\/wp\/v2\/media?parent=121781"}],"wp:term":[{"taxonomy":"category","embeddable":true,"href":"https:\/\/www.correiobraziliense.com.br\/cbradar\/wp-json\/wp\/v2\/categories?post=121781"},{"taxonomy":"post_tag","embeddable":true,"href":"https:\/\/www.correiobraziliense.com.br\/cbradar\/wp-json\/wp\/v2\/post_tag?post=121781"}],"curies":[{"name":"wp","href":"https:\/\/api.w.org\/{rel}","templated":true}]}}