{"id":12201,"date":"2025-03-14T18:10:00","date_gmt":"2025-03-14T21:10:00","guid":{"rendered":"https:\/\/www.correiobraziliense.com.br\/cbradar\/?p=12201"},"modified":"2025-03-13T23:18:01","modified_gmt":"2025-03-14T02:18:01","slug":"martin-scorsese-elege-seus-10-filmes-preferidos-veja-nomes","status":"publish","type":"post","link":"https:\/\/www.correiobraziliense.com.br\/cbradar\/martin-scorsese-elege-seus-10-filmes-preferidos-veja-nomes\/","title":{"rendered":"Martin Scorsese elege seus 10 filmes preferidos, veja nomes"},"content":{"rendered":"\n<p><strong>Martin Scorsese<\/strong>, renomado diretor norte-americano, \u00e9 conhecido por sua vasta contribui\u00e7\u00e3o ao cinema com obras como &#8220;<strong>Touro Indom\u00e1vel<\/strong>&#8221; e &#8220;<strong>Os Infiltrados<\/strong>&#8220;. Em 2022, ele participou de uma vota\u00e7\u00e3o promovida pela revista brit\u00e2nica Sight and Sound, onde elegeu os dez melhores filmes de todos os tempos. Esta lista reflete n\u00e3o apenas suas prefer\u00eancias pessoais, mas tamb\u00e9m sua vis\u00e3o sobre a evolu\u00e7\u00e3o e o impacto do cinema ao longo das d\u00e9cadas.<\/p>\n\n\n\n<p>A cada d\u00e9cada, a Sight and Sound organiza uma vota\u00e7\u00e3o que re\u00fane opini\u00f5es de cr\u00edticos e cineastas. Scorsese, aos 82 anos, contribuiu para a lista dos diretores, destacando filmes que, segundo ele, marcaram a hist\u00f3ria do cinema. Vamos explorar os filmes que comp\u00f5em essa sele\u00e7\u00e3o e entender o que os torna t\u00e3o especiais para Scorsese.<\/p>\n\n\n\n<h2 class=\"wp-block-heading\"><strong>Quais s\u00e3o os filmes favoritos de Martin Scorsese?<\/strong><\/h2>\n\n\n\n<p>O primeiro lugar na lista de Scorsese \u00e9 ocupado por &#8220;<strong>2001: Uma Odisseia no Espa\u00e7o<\/strong>&#8220;, dirigido por <strong>Stanley Kubrick<\/strong> em 1968. Este cl\u00e1ssico da fic\u00e7\u00e3o cient\u00edfica \u00e9 conhecido por seus efeitos visuais inovadores e trilha sonora marcante. Inspirado no conto &#8220;<strong>The Sentinel<\/strong>&#8221; de <strong>Arthur C. Clarke,<\/strong> o filme se destacou por prever a chegada do homem \u00e0 Lua e por sua abordagem filos\u00f3fica sobre a evolu\u00e7\u00e3o humana.<\/p>\n\n\n\n<iframe loading=\"lazy\" width=\"560\" height=\"315\" src=\"https:\/\/www.youtube.com\/embed\/7E9CD3Hucws?si=AqHHuehu25mK9Nhh\" title=\"YouTube video player\" frameborder=\"0\" allow=\"accelerometer; autoplay; clipboard-write; encrypted-media; gyroscope; picture-in-picture; web-share\" referrerpolicy=\"strict-origin-when-cross-origin\" allowfullscreen><\/iframe>\n\n\n\n<p>Outro destaque \u00e9 &#8220;<strong>Oito e Meio<\/strong>&#8220;, de <strong>Federico Fellini<\/strong>, lan\u00e7ado em 1963. Esta com\u00e9dia dram\u00e1tica aborda o bloqueio criativo de um diretor de cinema, interpretado por <strong>Marcello Mastroianni<\/strong>. O filme \u00e9 um dos favoritos de Scorsese, que o revisita anualmente. A obra \u00e9 celebrada por sua narrativa introspectiva e visualmente rica.<\/p>\n\n\n\n<iframe loading=\"lazy\" width=\"560\" height=\"315\" src=\"https:\/\/www.youtube.com\/embed\/8j7d1iO_KCs?si=rxoL8p4kxesFJbE7\" title=\"YouTube video player\" frameborder=\"0\" allow=\"accelerometer; autoplay; clipboard-write; encrypted-media; gyroscope; picture-in-picture; web-share\" referrerpolicy=\"strict-origin-when-cross-origin\" allowfullscreen><\/iframe>\n\n\n\n<h2 class=\"wp-block-heading\"><strong>Por que esses filmes s\u00e3o t\u00e3o significativos?<\/strong><\/h2>\n\n\n\n<p>&#8220;<strong>Cinzas e Diamantes<\/strong>&#8220;, dirigido por <strong>Andrzej Wajda<\/strong> em 1958, \u00e9 um filme polon\u00eas que encerra a &#8220;<strong>Trilogia da Guerra<\/strong>&#8221; do diretor. A hist\u00f3ria gira em torno de um jovem rebelde durante o final da Segunda Guerra Mundial, enfrentando dilemas morais e pessoais. A profundidade emocional e o contexto hist\u00f3rico tornam este filme uma escolha marcante na lista de Scorsese.<\/p>\n\n\n\n<iframe loading=\"lazy\" width=\"560\" height=\"315\" src=\"https:\/\/www.youtube.com\/embed\/764TDsM5sqU?si=3QwCzzBC4imnImLR\" title=\"YouTube video player\" frameborder=\"0\" allow=\"accelerometer; autoplay; clipboard-write; encrypted-media; gyroscope; picture-in-picture; web-share\" referrerpolicy=\"strict-origin-when-cross-origin\" allowfullscreen><\/iframe>\n\n\n\n<p>&#8220;<strong>Cidad\u00e3o Kane<\/strong>&#8220;, de Orson Welles, \u00e9 amplamente reconhecido como uma obra-prima do cinema. Lan\u00e7ado em 1941, o filme inovou com sua estrutura narrativa e t\u00e9cnica cinematogr\u00e1fica. A hist\u00f3ria de <strong>Charles Foster Kane<\/strong>, um magnata da imprensa, continua a influenciar cineastas at\u00e9 hoje.<\/p>\n\n\n\n<iframe loading=\"lazy\" width=\"560\" height=\"315\" src=\"https:\/\/www.youtube.com\/embed\/m92KNBe1Nks?si=bRPFqe6HdHrG9vTe\" title=\"YouTube video player\" frameborder=\"0\" allow=\"accelerometer; autoplay; clipboard-write; encrypted-media; gyroscope; picture-in-picture; web-share\" referrerpolicy=\"strict-origin-when-cross-origin\" allowfullscreen><\/iframe>\n\n\n\n<h2 class=\"wp-block-heading\"><strong>Como esses filmes influenciaram o cinema?<\/strong><\/h2>\n\n\n\n<p>O impacto desses filmes na ind\u00fastria cinematogr\u00e1fica \u00e9 ineg\u00e1vel. &#8220;<strong>Di\u00e1rio de um Padre<\/strong>&#8220;, de Robert Bresson, e &#8220;<strong>Viver<\/strong>&#8220;, de <strong>Akira Kurosawa<\/strong>, s\u00e3o exemplos de obras que exploram temas existenciais e espirituais, desafiando o p\u00fablico a refletir sobre a vida e a morte. Esses filmes influenciaram n\u00e3o apenas Scorsese, mas tamb\u00e9m outros cineastas renomados como Steven Spielberg.<\/p>\n\n\n\n<iframe loading=\"lazy\" width=\"560\" height=\"315\" src=\"https:\/\/www.youtube.com\/embed\/RaqDhEDowHs?si=2Zgd8SJSmlLvLj-B\" title=\"YouTube video player\" frameborder=\"0\" allow=\"accelerometer; autoplay; clipboard-write; encrypted-media; gyroscope; picture-in-picture; web-share\" referrerpolicy=\"strict-origin-when-cross-origin\" allowfullscreen><\/iframe>\n\n\n\n<p>O neorrealismo italiano \u00e9 representado por &#8220;<strong>Pais\u00e0<\/strong>&#8220;, de <strong>Roberto Rossellini<\/strong>, que narra a rela\u00e7\u00e3o entre italianos e norte-americanos durante a <strong>Segunda Guerra Mundial<\/strong>. Este estilo cinematogr\u00e1fico, caracterizado por sua abordagem realista e humanista, deixou uma marca duradoura no cinema mundial.<\/p>\n\n\n\n<iframe loading=\"lazy\" width=\"560\" height=\"315\" src=\"https:\/\/www.youtube.com\/embed\/nrsQKXYjaYk?si=h06KX-x9wOiK76OP\" title=\"YouTube video player\" frameborder=\"0\" allow=\"accelerometer; autoplay; clipboard-write; encrypted-media; gyroscope; picture-in-picture; web-share\" referrerpolicy=\"strict-origin-when-cross-origin\" allowfullscreen><\/iframe>\n\n\n\n<p>Por fim, &#8220;<strong>Os Sapatinhos Vermelhos<\/strong>&#8220;, de <strong>Michael Powell<\/strong> e <strong>Emeric Pressburger,<\/strong> \u00e9 um exemplo de como o cinema pode combinar m\u00fasica, dan\u00e7a e narrativa para criar uma experi\u00eancia emocionalmente envolvente. A dedica\u00e7\u00e3o de Scorsese \u00e0 restaura\u00e7\u00e3o deste filme demonstra seu apre\u00e7o pela preserva\u00e7\u00e3o da hist\u00f3ria do cinema.<\/p>\n\n\n\n<iframe loading=\"lazy\" width=\"560\" height=\"315\" src=\"https:\/\/www.youtube.com\/embed\/IwsCjBrH1BY?si=eHxmACLoB3B-Ew3w\" title=\"YouTube video player\" frameborder=\"0\" allow=\"accelerometer; autoplay; clipboard-write; encrypted-media; gyroscope; picture-in-picture; web-share\" referrerpolicy=\"strict-origin-when-cross-origin\" allowfullscreen><\/iframe>\n\n\n\n<figure class=\"wp-block-image size-large\"><img decoding=\"async\" width=\"1024\" height=\"576\" src=\"https:\/\/www.correiobraziliense.com.br\/cbradar\/wp-content\/uploads\/2025\/03\/Martin-Scorsese_1741886704749-1024x576.jpg\" alt=\"Martin Scorsese elege seus 10 filmes preferidos, veja nomes\" class=\"wp-image-12206\" srcset=\"https:\/\/www.correiobraziliense.com.br\/cbradar\/wp-content\/uploads\/2025\/03\/Martin-Scorsese_1741886704749-1024x576.jpg 1024w, https:\/\/www.correiobraziliense.com.br\/cbradar\/wp-content\/uploads\/2025\/03\/Martin-Scorsese_1741886704749-300x169.jpg 300w, https:\/\/www.correiobraziliense.com.br\/cbradar\/wp-content\/uploads\/2025\/03\/Martin-Scorsese_1741886704749-768x432.jpg 768w, https:\/\/www.correiobraziliense.com.br\/cbradar\/wp-content\/uploads\/2025\/03\/Martin-Scorsese_1741886704749-750x422.jpg 750w, https:\/\/www.correiobraziliense.com.br\/cbradar\/wp-content\/uploads\/2025\/03\/Martin-Scorsese_1741886704749-1140x641.jpg 1140w, https:\/\/www.correiobraziliense.com.br\/cbradar\/wp-content\/uploads\/2025\/03\/Martin-Scorsese_1741886704749.jpg 1280w\" sizes=\"(max-width: 1024px) 100vw, 1024px\" \/><figcaption class=\"wp-element-caption\">Martin Scorsese. Cr\u00e9ditos: depositphotos.com \/ Polifoto<\/figcaption><\/figure>\n\n\n\n<p>Esses filmes, escolhidos por Martin Scorsese, n\u00e3o apenas refletem suas prefer\u00eancias pessoais, mas tamb\u00e9m destacam obras que moldaram a hist\u00f3ria do cinema, influenciando gera\u00e7\u00f5es de cineastas e espectadores ao redor do mundo.<\/p>\n","protected":false},"excerpt":{"rendered":"<p>Descubra os 10 melhores filmes de todos os tempos eleitos por Martin Scorsese, incluindo cl\u00e1ssicos como &#8220;2001: Uma Odisseia no Espa\u00e7o&#8221;.<\/p>\n","protected":false},"author":3,"featured_media":12205,"comment_status":"open","ping_status":"open","sticky":false,"template":"","format":"standard","meta":{"_yoast_wpseo_focuskw":"Martin Scorsese","_yoast_wpseo_title":"","_yoast_wpseo_metadesc":"Descubra os 10 melhores filmes de todos os tempos eleitos por Martin Scorsese, incluindo cl\u00e1ssicos como \"2001: Uma Odisseia no Espa\u00e7o\".","jnews-multi-image_gallery":[],"jnews_single_post":{"format":"standard"},"jnews_primary_category":[],"jnews_social_meta":[],"jnews_override_counter":[],"footnotes":""},"categories":[140],"post_tag":[176,1018],"class_list":["post-12201","post","type-post","status-publish","format-standard","has-post-thumbnail","hentry","category-entretenimento","tag-filmes","tag-martin-scorsese"],"yoast_head":"<!-- This site is optimized with the Yoast SEO plugin v24.6 - https:\/\/yoast.com\/wordpress\/plugins\/seo\/ -->\n<title>Martin Scorsese elege seus 10 filmes preferidos, veja nomes - Correio Braziliense - Radar<\/title>\n<meta name=\"description\" content=\"Descubra os 10 melhores filmes de todos os tempos eleitos por Martin Scorsese, incluindo cl\u00e1ssicos como &quot;2001: Uma Odisseia no Espa\u00e7o&quot;.\" \/>\n<meta name=\"robots\" content=\"index, follow, max-snippet:-1, max-image-preview:large, max-video-preview:-1\" \/>\n<link rel=\"canonical\" href=\"https:\/\/www.correiobraziliense.com.br\/cbradar\/martin-scorsese-elege-seus-10-filmes-preferidos-veja-nomes\/\" \/>\n<meta property=\"og:locale\" content=\"pt_BR\" \/>\n<meta property=\"og:type\" content=\"article\" \/>\n<meta property=\"og:title\" content=\"Martin Scorsese elege seus 10 filmes preferidos, veja nomes - Correio Braziliense - Radar\" \/>\n<meta property=\"og:description\" content=\"Descubra os 10 melhores filmes de todos os tempos eleitos por Martin Scorsese, incluindo cl\u00e1ssicos como &quot;2001: Uma Odisseia no Espa\u00e7o&quot;.\" \/>\n<meta property=\"og:url\" content=\"https:\/\/www.correiobraziliense.com.br\/cbradar\/martin-scorsese-elege-seus-10-filmes-preferidos-veja-nomes\/\" \/>\n<meta property=\"og:site_name\" content=\"Correio Braziliense - Radar\" \/>\n<meta property=\"article:published_time\" content=\"2025-03-14T21:10:00+00:00\" \/>\n<meta property=\"og:image\" content=\"https:\/\/www.correiobraziliense.com.br\/cbradar\/wp-content\/uploads\/2025\/03\/Martin-Scorsese_1741886667892.jpg\" \/>\n\t<meta property=\"og:image:width\" content=\"1280\" \/>\n\t<meta property=\"og:image:height\" content=\"720\" \/>\n\t<meta property=\"og:image:type\" content=\"image\/jpeg\" \/>\n<meta name=\"author\" content=\"Larissa Carvalho\" \/>\n<meta name=\"twitter:card\" content=\"summary_large_image\" \/>\n<meta name=\"twitter:label1\" content=\"Escrito por\" \/>\n\t<meta name=\"twitter:data1\" content=\"Larissa Carvalho\" \/>\n\t<meta name=\"twitter:label2\" content=\"Est. tempo de leitura\" \/>\n\t<meta name=\"twitter:data2\" content=\"4 minutos\" \/>\n<!-- \/ Yoast SEO plugin. -->","yoast_head_json":{"title":"Martin Scorsese elege seus 10 filmes preferidos, veja nomes - Correio Braziliense - Radar","description":"Descubra os 10 melhores filmes de todos os tempos eleitos por Martin Scorsese, incluindo cl\u00e1ssicos como \"2001: Uma Odisseia no Espa\u00e7o\".","robots":{"index":"index","follow":"follow","max-snippet":"max-snippet:-1","max-image-preview":"max-image-preview:large","max-video-preview":"max-video-preview:-1"},"canonical":"https:\/\/www.correiobraziliense.com.br\/cbradar\/martin-scorsese-elege-seus-10-filmes-preferidos-veja-nomes\/","og_locale":"pt_BR","og_type":"article","og_title":"Martin Scorsese elege seus 10 filmes preferidos, veja nomes - Correio Braziliense - Radar","og_description":"Descubra os 10 melhores filmes de todos os tempos eleitos por Martin Scorsese, incluindo cl\u00e1ssicos como \"2001: Uma Odisseia no Espa\u00e7o\".","og_url":"https:\/\/www.correiobraziliense.com.br\/cbradar\/martin-scorsese-elege-seus-10-filmes-preferidos-veja-nomes\/","og_site_name":"Correio Braziliense - Radar","article_published_time":"2025-03-14T21:10:00+00:00","og_image":[{"width":1280,"height":720,"url":"https:\/\/www.correiobraziliense.com.br\/cbradar\/wp-content\/uploads\/2025\/03\/Martin-Scorsese_1741886667892.jpg","type":"image\/jpeg"}],"author":"Larissa Carvalho","twitter_card":"summary_large_image","twitter_misc":{"Escrito por":"Larissa Carvalho","Est. tempo de leitura":"4 minutos"},"schema":{"@context":"https:\/\/schema.org","@graph":[{"@type":"WebPage","@id":"https:\/\/www.correiobraziliense.com.br\/cbradar\/martin-scorsese-elege-seus-10-filmes-preferidos-veja-nomes\/","url":"https:\/\/www.correiobraziliense.com.br\/cbradar\/martin-scorsese-elege-seus-10-filmes-preferidos-veja-nomes\/","name":"Martin Scorsese elege seus 10 filmes preferidos, veja nomes - Correio Braziliense - Radar","isPartOf":{"@id":"https:\/\/www.correiobraziliense.com.br\/cbradar\/#website"},"primaryImageOfPage":{"@id":"https:\/\/www.correiobraziliense.com.br\/cbradar\/martin-scorsese-elege-seus-10-filmes-preferidos-veja-nomes\/#primaryimage"},"image":{"@id":"https:\/\/www.correiobraziliense.com.br\/cbradar\/martin-scorsese-elege-seus-10-filmes-preferidos-veja-nomes\/#primaryimage"},"thumbnailUrl":"https:\/\/www.correiobraziliense.com.br\/cbradar\/wp-content\/uploads\/2025\/03\/Martin-Scorsese_1741886667892.jpg","datePublished":"2025-03-14T21:10:00+00:00","author":{"@id":"https:\/\/www.correiobraziliense.com.br\/cbradar\/#\/schema\/person\/58422787644df994b53a19d3e56c1513"},"description":"Descubra os 10 melhores filmes de todos os tempos eleitos por Martin Scorsese, incluindo cl\u00e1ssicos como \"2001: Uma Odisseia no Espa\u00e7o\".","breadcrumb":{"@id":"https:\/\/www.correiobraziliense.com.br\/cbradar\/martin-scorsese-elege-seus-10-filmes-preferidos-veja-nomes\/#breadcrumb"},"inLanguage":"pt-BR","potentialAction":[{"@type":"ReadAction","target":["https:\/\/www.correiobraziliense.com.br\/cbradar\/martin-scorsese-elege-seus-10-filmes-preferidos-veja-nomes\/"]}]},{"@type":"ImageObject","inLanguage":"pt-BR","@id":"https:\/\/www.correiobraziliense.com.br\/cbradar\/martin-scorsese-elege-seus-10-filmes-preferidos-veja-nomes\/#primaryimage","url":"https:\/\/www.correiobraziliense.com.br\/cbradar\/wp-content\/uploads\/2025\/03\/Martin-Scorsese_1741886667892.jpg","contentUrl":"https:\/\/www.correiobraziliense.com.br\/cbradar\/wp-content\/uploads\/2025\/03\/Martin-Scorsese_1741886667892.jpg","width":1280,"height":720,"caption":"Martin Scorsese. Cr\u00e9ditos: depositphotos.com \/ tanka_v"},{"@type":"BreadcrumbList","@id":"https:\/\/www.correiobraziliense.com.br\/cbradar\/martin-scorsese-elege-seus-10-filmes-preferidos-veja-nomes\/#breadcrumb","itemListElement":[{"@type":"ListItem","position":1,"name":"In\u00edcio","item":"https:\/\/www.correiobraziliense.com.br\/cbradar\/"},{"@type":"ListItem","position":2,"name":"Martin Scorsese elege seus 10 filmes preferidos, veja nomes"}]},{"@type":"WebSite","@id":"https:\/\/www.correiobraziliense.com.br\/cbradar\/#website","url":"https:\/\/www.correiobraziliense.com.br\/cbradar\/","name":"Correio Braziliense - Radar","description":"Acompanhe as \u00faltimas not\u00edcias e fique bem informado sobre tudo o que acontece no Brasil e no mundo.","potentialAction":[{"@type":"SearchAction","target":{"@type":"EntryPoint","urlTemplate":"https:\/\/www.correiobraziliense.com.br\/cbradar\/?s={search_term_string}"},"query-input":{"@type":"PropertyValueSpecification","valueRequired":true,"valueName":"search_term_string"}}],"inLanguage":"pt-BR"},{"@type":"Person","@id":"https:\/\/www.correiobraziliense.com.br\/cbradar\/#\/schema\/person\/58422787644df994b53a19d3e56c1513","name":"Larissa Carvalho","image":{"@type":"ImageObject","inLanguage":"pt-BR","@id":"https:\/\/www.correiobraziliense.com.br\/cbradar\/#\/schema\/person\/image\/","url":"https:\/\/secure.gravatar.com\/avatar\/fe4f91a0de32b52a838d0d612abdc1aa?s=96&d=mm&r=g","contentUrl":"https:\/\/secure.gravatar.com\/avatar\/fe4f91a0de32b52a838d0d612abdc1aa?s=96&d=mm&r=g","caption":"Larissa Carvalho"},"url":"https:\/\/www.correiobraziliense.com.br\/cbradar\/author\/larissamyth\/"}]}},"_links":{"self":[{"href":"https:\/\/www.correiobraziliense.com.br\/cbradar\/wp-json\/wp\/v2\/posts\/12201","targetHints":{"allow":["GET"]}}],"collection":[{"href":"https:\/\/www.correiobraziliense.com.br\/cbradar\/wp-json\/wp\/v2\/posts"}],"about":[{"href":"https:\/\/www.correiobraziliense.com.br\/cbradar\/wp-json\/wp\/v2\/types\/post"}],"author":[{"embeddable":true,"href":"https:\/\/www.correiobraziliense.com.br\/cbradar\/wp-json\/wp\/v2\/users\/3"}],"replies":[{"embeddable":true,"href":"https:\/\/www.correiobraziliense.com.br\/cbradar\/wp-json\/wp\/v2\/comments?post=12201"}],"version-history":[{"count":1,"href":"https:\/\/www.correiobraziliense.com.br\/cbradar\/wp-json\/wp\/v2\/posts\/12201\/revisions"}],"predecessor-version":[{"id":12207,"href":"https:\/\/www.correiobraziliense.com.br\/cbradar\/wp-json\/wp\/v2\/posts\/12201\/revisions\/12207"}],"wp:featuredmedia":[{"embeddable":true,"href":"https:\/\/www.correiobraziliense.com.br\/cbradar\/wp-json\/wp\/v2\/media\/12205"}],"wp:attachment":[{"href":"https:\/\/www.correiobraziliense.com.br\/cbradar\/wp-json\/wp\/v2\/media?parent=12201"}],"wp:term":[{"taxonomy":"category","embeddable":true,"href":"https:\/\/www.correiobraziliense.com.br\/cbradar\/wp-json\/wp\/v2\/categories?post=12201"},{"taxonomy":"post_tag","embeddable":true,"href":"https:\/\/www.correiobraziliense.com.br\/cbradar\/wp-json\/wp\/v2\/post_tag?post=12201"}],"curies":[{"name":"wp","href":"https:\/\/api.w.org\/{rel}","templated":true}]}}