{"id":122310,"date":"2025-10-20T22:05:00","date_gmt":"2025-10-21T01:05:00","guid":{"rendered":"https:\/\/www.correiobraziliense.com.br\/cbradar\/?p=122310"},"modified":"2025-10-19T17:23:29","modified_gmt":"2025-10-19T20:23:29","slug":"o-erro-que-todos-cometem-ao-lavar-o-rosto-segundo-dermatologistas","status":"publish","type":"post","link":"https:\/\/www.correiobraziliense.com.br\/cbradar\/o-erro-que-todos-cometem-ao-lavar-o-rosto-segundo-dermatologistas\/","title":{"rendered":"O erro que todos cometem ao lavar o rosto, segundo dermatologistas"},"content":{"rendered":"\n<p>Lavar o rosto parece uma das tarefas mais simples do dia, mas, segundo dermatologistas, <strong>a maioria das pessoas faz isso da forma errada sem perceber<\/strong>. O que deveria ser um gesto de cuidado pode acabar prejudicando a barreira natural da pele, favorecendo o ressecamento, a oleosidade excessiva e at\u00e9 o envelhecimento precoce.<\/p>\n\n\n\n<p>A boa not\u00edcia \u00e9 que pequenas mudan\u00e7as na rotina j\u00e1 fazem toda a diferen\u00e7a. Entender o que est\u00e1 por tr\u00e1s desse erro comum \u00e9 o primeiro passo para uma pele mais saud\u00e1vel e equilibrada.<\/p>\n\n\n\n<h2 class=\"wp-block-heading\">O erro mais comum na limpeza facial<\/h2>\n\n\n\n<p>De acordo com especialistas, <strong>o erro mais comum \u00e9 lavar o rosto mais vezes do que o necess\u00e1rio ou usar produtos inadequados ao tipo de pele<\/strong>. Muitas pessoas acreditam que quanto mais espuma, mais limpa a pele ficar\u00e1 \u2014 o que n\u00e3o \u00e9 verdade.<\/p>\n\n\n\n<p>O excesso de limpeza remove o manto hidropir\u00eddico natural, respons\u00e1vel por proteger contra microrganismos e manter a hidrata\u00e7\u00e3o. Como resposta, o corpo produz mais sebo, criando um ciclo de oleosidade e irrita\u00e7\u00e3o.<\/p>\n\n\n<div class=\"wp-block-image\">\n<figure class=\"aligncenter size-large\"><img decoding=\"async\" width=\"1024\" height=\"576\" src=\"https:\/\/www.correiobraziliense.com.br\/cbradar\/wp-content\/uploads\/2025\/10\/skincare_1760904855235-1024x576.jpg\" alt=\"O erro que todos cometem ao lavar o rosto, segundo dermatologistas\" class=\"wp-image-122316\" srcset=\"https:\/\/www.correiobraziliense.com.br\/cbradar\/wp-content\/uploads\/2025\/10\/skincare_1760904855235-1024x576.jpg 1024w, https:\/\/www.correiobraziliense.com.br\/cbradar\/wp-content\/uploads\/2025\/10\/skincare_1760904855235-300x169.jpg 300w, https:\/\/www.correiobraziliense.com.br\/cbradar\/wp-content\/uploads\/2025\/10\/skincare_1760904855235-768x432.jpg 768w, https:\/\/www.correiobraziliense.com.br\/cbradar\/wp-content\/uploads\/2025\/10\/skincare_1760904855235-750x422.jpg 750w, https:\/\/www.correiobraziliense.com.br\/cbradar\/wp-content\/uploads\/2025\/10\/skincare_1760904855235-1140x641.jpg 1140w, https:\/\/www.correiobraziliense.com.br\/cbradar\/wp-content\/uploads\/2025\/10\/skincare_1760904855235.jpg 1280w\" sizes=\"(max-width: 1024px) 100vw, 1024px\" \/><figcaption class=\"wp-element-caption\">Skincare \/\/ Cr\u00e9ditos: depositphotos.com \/ Milkos<\/figcaption><\/figure><\/div>\n\n\n<h2 class=\"wp-block-heading\">Como identificar se voc\u00ea est\u00e1 lavando demais?<\/h2>\n\n\n\n<p>Pele repuxada, vermelhid\u00e3o e sensa\u00e7\u00e3o de ard\u00eancia ap\u00f3s o uso de sabonetes indicam que algo est\u00e1 errado. <strong>Esses sinais significam que a barreira cut\u00e2nea foi danificada<\/strong>, tornando a pele mais sens\u00edvel e propensa a inflama\u00e7\u00f5es.<\/p>\n\n\n\n<p>Dermatologistas recomendam que o rosto seja lavado somente <strong>duas vezes por dia<\/strong> \u2014 pela manh\u00e3 e \u00e0 noite \u2014 e que o produto usado seja suave, com pH equilibrado e sem \u00e1lcool.<\/p>\n\n\n\n<p><strong>Leia tamb\u00e9m: <a href=\"https:\/\/www.correiobraziliense.com.br\/cbradar\/o-que-a-psicologia-fala-sobre-ouvir-a-mesma-musica-varias-vezes\/\" target=\"_blank\" rel=\"noreferrer noopener\">O que a psicologia fala sobre ouvir a mesma m\u00fasica varias vezes<\/a><\/strong><\/p>\n\n\n\n<h2 class=\"wp-block-heading\">Os produtos que devem ser evitados<\/h2>\n\n\n\n<p>Existem produtos que podem prejudicar sua pele, esses s\u00e3o:<\/p>\n\n\n\n<ul class=\"wp-block-list\">\n<li>Sabonetes corporais comuns<\/li>\n\n\n\n<li>Produtos com \u00e1lcool, sulfatos ou fragr\u00e2ncias fortes<\/li>\n\n\n\n<li>Esfoliantes di\u00e1rios ou com gr\u00e2nulos agressivos<\/li>\n\n\n\n<li>\u00c1gua muito quente<\/li>\n<\/ul>\n\n\n\n<p>Esses itens retiram a camada protetora da pele e provocam desequil\u00edbrio no microbioma facial.<\/p>\n\n\n\n<h2 class=\"wp-block-heading\">Passo a passo da limpeza correta<\/h2>\n\n\n\n<p>Uma limpeza correta \u00e9 essencial, veja o passo a passo:<\/p>\n\n\n\n<ol class=\"wp-block-list\">\n<li>Umede\u00e7a o rosto com \u00e1gua morna.<\/li>\n\n\n\n<li>Aplique um sabonete facial adequado ao seu tipo de pele.<\/li>\n\n\n\n<li>Massageie suavemente em movimentos circulares por 30 segundos.<\/li>\n\n\n\n<li>Enx\u00e1gue com \u00e1gua fria.<\/li>\n\n\n\n<li>Finalize com hidratante e protetor solar.<\/li>\n<\/ol>\n\n\n\n<p><strong>Lavar o rosto corretamente \u00e9 um gesto de autocuidado que mant\u00e9m a pele saud\u00e1vel e protegida.<\/strong><\/p>\n\n\n\n<p>O segredo n\u00e3o est\u00e1 em limpar demais, mas em respeitar os limites da pele. Ao adotar uma rotina simples e consistente, \u00e9 poss\u00edvel reduzir cravos, espinhas e irrita\u00e7\u00f5es, mantendo o brilho natural do rosto. A limpeza ideal \u00e9 aquela que remove impurezas sem agredir \u2014 e a pele agradece por isso todos os dias.<\/p>\n","protected":false},"excerpt":{"rendered":"<p>Lavar o rosto parece uma das tarefas mais simples do dia, mas, segundo dermatologistas, a maioria das pessoas faz isso da forma errada sem perceber. O que deveria ser um gesto de cuidado pode acabar prejudicando a barreira natural da pele, favorecendo o ressecamento, a oleosidade excessiva e at\u00e9 o envelhecimento precoce. A boa not\u00edcia [&hellip;]<\/p>\n","protected":false},"author":8,"featured_media":122318,"comment_status":"open","ping_status":"open","sticky":false,"template":"","format":"standard","meta":{"_yoast_wpseo_focuskw":"lavar o rosto","_yoast_wpseo_title":"","_yoast_wpseo_metadesc":"Dermatologistas explicam o erro que a maioria comete ao lavar o rosto e que pode prejudicar a sa\u00fade da pele. Saiba como evitar.","jnews-multi-image_gallery":[],"jnews_single_post":{"format":"standard"},"jnews_primary_category":[],"jnews_social_meta":[],"jnews_override_counter":[],"footnotes":""},"categories":[112],"tags":[8645,10954],"class_list":["post-122310","post","type-post","status-publish","format-standard","has-post-thumbnail","hentry","category-curiosidades","tag-lavar-o-rosto","tag-limpeza-facial"],"yoast_head":"<!-- This site is optimized with the Yoast SEO plugin v24.6 - https:\/\/yoast.com\/wordpress\/plugins\/seo\/ -->\n<title>O erro que todos cometem ao lavar o rosto, segundo dermatologistas - Correio Braziliense - Radar<\/title>\n<meta name=\"description\" content=\"Dermatologistas explicam o erro que a maioria comete ao lavar o rosto e que pode prejudicar a sa\u00fade da pele. Saiba como evitar.\" \/>\n<meta name=\"robots\" content=\"index, follow, max-snippet:-1, max-image-preview:large, max-video-preview:-1\" \/>\n<link rel=\"canonical\" href=\"https:\/\/www.correiobraziliense.com.br\/cbradar\/o-erro-que-todos-cometem-ao-lavar-o-rosto-segundo-dermatologistas\/\" \/>\n<meta property=\"og:locale\" content=\"pt_BR\" \/>\n<meta property=\"og:type\" content=\"article\" \/>\n<meta property=\"og:title\" content=\"O erro que todos cometem ao lavar o rosto, segundo dermatologistas - Correio Braziliense - Radar\" \/>\n<meta property=\"og:description\" content=\"Dermatologistas explicam o erro que a maioria comete ao lavar o rosto e que pode prejudicar a sa\u00fade da pele. Saiba como evitar.\" \/>\n<meta property=\"og:url\" content=\"https:\/\/www.correiobraziliense.com.br\/cbradar\/o-erro-que-todos-cometem-ao-lavar-o-rosto-segundo-dermatologistas\/\" \/>\n<meta property=\"og:site_name\" content=\"Correio Braziliense - Radar\" \/>\n<meta property=\"article:published_time\" content=\"2025-10-21T01:05:00+00:00\" \/>\n<meta property=\"og:image\" content=\"https:\/\/www.correiobraziliense.com.br\/cbradar\/wp-content\/uploads\/2025\/10\/skincare_1760904864253.jpg\" \/>\n\t<meta property=\"og:image:width\" content=\"1280\" \/>\n\t<meta property=\"og:image:height\" content=\"720\" \/>\n\t<meta property=\"og:image:type\" content=\"image\/jpeg\" \/>\n<meta name=\"author\" content=\"Maura Pereira\" \/>\n<meta name=\"twitter:card\" content=\"summary_large_image\" \/>\n<meta name=\"twitter:label1\" content=\"Escrito por\" \/>\n\t<meta name=\"twitter:data1\" content=\"Maura Pereira\" \/>\n\t<meta name=\"twitter:label2\" content=\"Est. tempo de leitura\" \/>\n\t<meta name=\"twitter:data2\" content=\"3 minutos\" \/>\n<!-- \/ Yoast SEO plugin. -->","yoast_head_json":{"title":"O erro que todos cometem ao lavar o rosto, segundo dermatologistas - Correio Braziliense - Radar","description":"Dermatologistas explicam o erro que a maioria comete ao lavar o rosto e que pode prejudicar a sa\u00fade da pele. Saiba como evitar.","robots":{"index":"index","follow":"follow","max-snippet":"max-snippet:-1","max-image-preview":"max-image-preview:large","max-video-preview":"max-video-preview:-1"},"canonical":"https:\/\/www.correiobraziliense.com.br\/cbradar\/o-erro-que-todos-cometem-ao-lavar-o-rosto-segundo-dermatologistas\/","og_locale":"pt_BR","og_type":"article","og_title":"O erro que todos cometem ao lavar o rosto, segundo dermatologistas - Correio Braziliense - Radar","og_description":"Dermatologistas explicam o erro que a maioria comete ao lavar o rosto e que pode prejudicar a sa\u00fade da pele. Saiba como evitar.","og_url":"https:\/\/www.correiobraziliense.com.br\/cbradar\/o-erro-que-todos-cometem-ao-lavar-o-rosto-segundo-dermatologistas\/","og_site_name":"Correio Braziliense - Radar","article_published_time":"2025-10-21T01:05:00+00:00","og_image":[{"width":1280,"height":720,"url":"https:\/\/www.correiobraziliense.com.br\/cbradar\/wp-content\/uploads\/2025\/10\/skincare_1760904864253.jpg","type":"image\/jpeg"}],"author":"Maura Pereira","twitter_card":"summary_large_image","twitter_misc":{"Escrito por":"Maura Pereira","Est. tempo de leitura":"3 minutos"},"schema":{"@context":"https:\/\/schema.org","@graph":[{"@type":"WebPage","@id":"https:\/\/www.correiobraziliense.com.br\/cbradar\/o-erro-que-todos-cometem-ao-lavar-o-rosto-segundo-dermatologistas\/","url":"https:\/\/www.correiobraziliense.com.br\/cbradar\/o-erro-que-todos-cometem-ao-lavar-o-rosto-segundo-dermatologistas\/","name":"O erro que todos cometem ao lavar o rosto, segundo dermatologistas - Correio Braziliense - Radar","isPartOf":{"@id":"https:\/\/www.correiobraziliense.com.br\/cbradar\/#website"},"primaryImageOfPage":{"@id":"https:\/\/www.correiobraziliense.com.br\/cbradar\/o-erro-que-todos-cometem-ao-lavar-o-rosto-segundo-dermatologistas\/#primaryimage"},"image":{"@id":"https:\/\/www.correiobraziliense.com.br\/cbradar\/o-erro-que-todos-cometem-ao-lavar-o-rosto-segundo-dermatologistas\/#primaryimage"},"thumbnailUrl":"https:\/\/www.correiobraziliense.com.br\/cbradar\/wp-content\/uploads\/2025\/10\/skincare_1760904864253.jpg","datePublished":"2025-10-21T01:05:00+00:00","author":{"@id":"https:\/\/www.correiobraziliense.com.br\/cbradar\/#\/schema\/person\/4053c651a9bfc785afc6f4cbc9032fd3"},"description":"Dermatologistas explicam o erro que a maioria comete ao lavar o rosto e que pode prejudicar a sa\u00fade da pele. Saiba como evitar.","breadcrumb":{"@id":"https:\/\/www.correiobraziliense.com.br\/cbradar\/o-erro-que-todos-cometem-ao-lavar-o-rosto-segundo-dermatologistas\/#breadcrumb"},"inLanguage":"pt-BR","potentialAction":[{"@type":"ReadAction","target":["https:\/\/www.correiobraziliense.com.br\/cbradar\/o-erro-que-todos-cometem-ao-lavar-o-rosto-segundo-dermatologistas\/"]}]},{"@type":"ImageObject","inLanguage":"pt-BR","@id":"https:\/\/www.correiobraziliense.com.br\/cbradar\/o-erro-que-todos-cometem-ao-lavar-o-rosto-segundo-dermatologistas\/#primaryimage","url":"https:\/\/www.correiobraziliense.com.br\/cbradar\/wp-content\/uploads\/2025\/10\/skincare_1760904864253.jpg","contentUrl":"https:\/\/www.correiobraziliense.com.br\/cbradar\/wp-content\/uploads\/2025\/10\/skincare_1760904864253.jpg","width":1280,"height":720,"caption":"Skincare \/\/ Cr\u00e9ditos: depositphotos.com \/ vitcom"},{"@type":"BreadcrumbList","@id":"https:\/\/www.correiobraziliense.com.br\/cbradar\/o-erro-que-todos-cometem-ao-lavar-o-rosto-segundo-dermatologistas\/#breadcrumb","itemListElement":[{"@type":"ListItem","position":1,"name":"In\u00edcio","item":"https:\/\/www.correiobraziliense.com.br\/cbradar\/"},{"@type":"ListItem","position":2,"name":"O erro que todos cometem ao lavar o rosto, segundo dermatologistas"}]},{"@type":"WebSite","@id":"https:\/\/www.correiobraziliense.com.br\/cbradar\/#website","url":"https:\/\/www.correiobraziliense.com.br\/cbradar\/","name":"Correio Braziliense - Radar","description":"Acompanhe as \u00faltimas not\u00edcias e fique bem informado sobre tudo o que acontece no Brasil e no mundo.","potentialAction":[{"@type":"SearchAction","target":{"@type":"EntryPoint","urlTemplate":"https:\/\/www.correiobraziliense.com.br\/cbradar\/?s={search_term_string}"},"query-input":{"@type":"PropertyValueSpecification","valueRequired":true,"valueName":"search_term_string"}}],"inLanguage":"pt-BR"},{"@type":"Person","@id":"https:\/\/www.correiobraziliense.com.br\/cbradar\/#\/schema\/person\/4053c651a9bfc785afc6f4cbc9032fd3","name":"Maura Pereira","image":{"@type":"ImageObject","inLanguage":"pt-BR","@id":"https:\/\/www.correiobraziliense.com.br\/cbradar\/#\/schema\/person\/image\/","url":"https:\/\/secure.gravatar.com\/avatar\/3effd6bdadfa447f15089c7f7144eaa6?s=96&d=mm&r=g","contentUrl":"https:\/\/secure.gravatar.com\/avatar\/3effd6bdadfa447f15089c7f7144eaa6?s=96&d=mm&r=g","caption":"Maura Pereira"},"sameAs":["https:\/\/www.correiobraziliense.com.br\/"],"url":"https:\/\/www.correiobraziliense.com.br\/cbradar\/author\/mauramyth\/"}]}},"_links":{"self":[{"href":"https:\/\/www.correiobraziliense.com.br\/cbradar\/wp-json\/wp\/v2\/posts\/122310","targetHints":{"allow":["GET"]}}],"collection":[{"href":"https:\/\/www.correiobraziliense.com.br\/cbradar\/wp-json\/wp\/v2\/posts"}],"about":[{"href":"https:\/\/www.correiobraziliense.com.br\/cbradar\/wp-json\/wp\/v2\/types\/post"}],"author":[{"embeddable":true,"href":"https:\/\/www.correiobraziliense.com.br\/cbradar\/wp-json\/wp\/v2\/users\/8"}],"replies":[{"embeddable":true,"href":"https:\/\/www.correiobraziliense.com.br\/cbradar\/wp-json\/wp\/v2\/comments?post=122310"}],"version-history":[{"count":10,"href":"https:\/\/www.correiobraziliense.com.br\/cbradar\/wp-json\/wp\/v2\/posts\/122310\/revisions"}],"predecessor-version":[{"id":122329,"href":"https:\/\/www.correiobraziliense.com.br\/cbradar\/wp-json\/wp\/v2\/posts\/122310\/revisions\/122329"}],"wp:featuredmedia":[{"embeddable":true,"href":"https:\/\/www.correiobraziliense.com.br\/cbradar\/wp-json\/wp\/v2\/media\/122318"}],"wp:attachment":[{"href":"https:\/\/www.correiobraziliense.com.br\/cbradar\/wp-json\/wp\/v2\/media?parent=122310"}],"wp:term":[{"taxonomy":"category","embeddable":true,"href":"https:\/\/www.correiobraziliense.com.br\/cbradar\/wp-json\/wp\/v2\/categories?post=122310"},{"taxonomy":"post_tag","embeddable":true,"href":"https:\/\/www.correiobraziliense.com.br\/cbradar\/wp-json\/wp\/v2\/tags?post=122310"}],"curies":[{"name":"wp","href":"https:\/\/api.w.org\/{rel}","templated":true}]}}